{"id":36399,"date":"2019-07-15T12:39:10","date_gmt":"2019-07-15T17:39:10","guid":{"rendered":"http:\/\/www.grieta.org.mx\/?p=36399"},"modified":"2019-07-16T12:57:35","modified_gmt":"2019-07-16T17:57:35","slug":"recortes-presupuestales-a-conafor-complican-control-de-fuego-en-sian-kaan-proteccion-civil-de-q-roo","status":"publish","type":"post","link":"https:\/\/www.grieta.org.mx\/index.php\/2019\/07\/15\/recortes-presupuestales-a-conafor-complican-control-de-fuego-en-sian-kaan-proteccion-civil-de-q-roo\/","title":{"rendered":"Recortes presupuestales a Conafor complican control de fuego en Sian Ka\u2019an: Protecci\u00f3n Civil de Q Roo"},"content":{"rendered":"<p><img loading=\"lazy\" decoding=\"async\" data-attachment-id=\"36400\" data-permalink=\"https:\/\/www.grieta.org.mx\/index.php\/2019\/07\/15\/recortes-presupuestales-a-conafor-complican-control-de-fuego-en-sian-kaan-proteccion-civil-de-q-roo\/incendio-e1563198542362\/\" data-orig-file=\"https:\/\/www.grieta.org.mx\/wp-content\/uploads\/2019\/07\/incendio-e1563198542362.jpg\" data-orig-size=\"680,353\" data-comments-opened=\"0\" data-image-meta=\"{&quot;aperture&quot;:&quot;0&quot;,&quot;credit&quot;:&quot;&quot;,&quot;camera&quot;:&quot;&quot;,&quot;caption&quot;:&quot;&quot;,&quot;created_timestamp&quot;:&quot;0&quot;,&quot;copyright&quot;:&quot;&quot;,&quot;focal_length&quot;:&quot;0&quot;,&quot;iso&quot;:&quot;0&quot;,&quot;shutter_speed&quot;:&quot;0&quot;,&quot;title&quot;:&quot;&quot;,&quot;orientation&quot;:&quot;0&quot;}\" data-image-title=\"incendio-e1563198542362\" data-image-description=\"\" data-image-caption=\"\" data-medium-file=\"https:\/\/www.grieta.org.mx\/wp-content\/uploads\/2019\/07\/incendio-e1563198542362-300x156.jpg\" data-large-file=\"https:\/\/www.grieta.org.mx\/wp-content\/uploads\/2019\/07\/incendio-e1563198542362.jpg\" src=\"http:\/\/www.grieta.org.mx\/wp-content\/uploads\/2019\/07\/incendio-e1563198542362.jpg\" alt=\"\" width=\"680\" height=\"353\" class=\"alignleft size-full wp-image-36400\" srcset=\"https:\/\/www.grieta.org.mx\/wp-content\/uploads\/2019\/07\/incendio-e1563198542362.jpg 680w, https:\/\/www.grieta.org.mx\/wp-content\/uploads\/2019\/07\/incendio-e1563198542362-300x156.jpg 300w\" sizes=\"auto, (max-width: 680px) 100vw, 680px\" \/><br \/>\nRedacci\u00f3n\/Animal Pol\u00edtico<br \/>\nEl control del incendios forestal en la reserva ecol\u00f3gica de la biosfera de Sian Ka\u2019an, en Quintana Roo, que ha consumido 600 hect\u00e1reas de pastizales, se ha complicado por la falta de personal para combatir este tipo de en la Comisi\u00f3n Nacional Forestal (Conafor), derivada de los recortes presupuestales federales. <\/p>\n<p>En el caso de Quintana Roo, dichos recortes han afectado directamente a la Coordinaci\u00f3n Estatal de Protecci\u00f3n Civil (Coeproc), asegura su titular, Adri\u00e1n Mart\u00ednez Ortega. <\/p>\n<p>Seg\u00fan Mart\u00ednez Ortega, Quintana Roo sufri\u00f3 un recorte presupuestal del 50% con lo cual se vieron obligados tambi\u00e9n a prescindir de al menos una decena de personas especializadas para combatir este tipo de incendios y que conoc\u00edan a detalle la zona que hoy est\u00e1 siniestrada. <\/p>\n<p>En espec\u00edfico, se\u00f1al\u00f3 el caso de Javier May Chan, quien fue despedido de su cargo como suplente legal de la Conafor a pesar de que su trabajo hab\u00eda ayudado a disminuir el n\u00famero de incendios.   <\/p>\n<p>En entrevista para la Jornada Maya, el titular de la Coeproc dice que en reuniones con los titulares de la Conafor y de la Comisi\u00f3n Nacional del Agua (Conagua) advirti\u00f3 sobre c\u00f3mo los recortes presupuestales afectar\u00edan a las dependencias estatales para combatir estos incendios. <\/p>\n<p>Mart\u00ednez Ortega se reunir\u00e1 en los pr\u00f3ximos d\u00edas con los coordinadores regionales del pa\u00eds y buscar\u00e1 una reuni\u00f3n con el presidente Andr\u00e9s Manuel L\u00f3pez Obrador para plantearle las afectaciones que han provocado los recortes presupuestales a la Conafor. <\/p>\n<p>Ante esta situaci\u00f3n la Red Tulum Sostenible pidi\u00f3 donativos a la poblaci\u00f3n de rastrillos de jardinero met\u00e1licos, machetes despalmados,  aceite para motosierra, limas para machete y garrafones con agua para brigadistas. <\/p>\n<p>La Red Tulum anunci\u00f3 que el acopio continuar\u00e1 este lunes de 11:30 de la ma\u00f1ana a 6:30 de la tarde en su sede ubicada en Tulum, Quintana Roo.<\/p>\n<p>Al menos 600 hect\u00e1reas consumidas<\/p>\n<p>Este domingo, autoridades estatales informaron que los incendios forestales en la reserva ecol\u00f3gica de la biosfera de Sian Ka\u2019an han afectado m\u00e1s de 600 hect\u00e1reas de pastizales de vegetaci\u00f3n compuesta de plantas herb\u00e1ceas, generalmente de tallo alto y arbustos..<\/p>\n<p>En su cuenta de Twitter la Conafor detall\u00f3 que se registran 2 incendios forestales en Sian Ka\u00b4an, uno en el predio S\u00e1bana Chump\u00f3n el cual reporta un 100% de control y un 90% de liquidaci\u00f3n. <\/p>\n<p>Mientras que el otro se registra en la Zona N\u00facleo Muyil y ya se atiende coordinadamente bajo el Sistema de Comando de Incidentes.<\/p>\n<p>Un total de 100 personas de 7 brigadas distintas trabajan en la zona para sofocar el fuego. Adem\u00e1s del personal de la Conafor, participa la Comisi\u00f3n Nacional de \u00c1reas Naturales Protegidas (Conanp). Tambi\u00e9n apoya un helic\u00f3ptero de la Secretar\u00eda de la Defensa Nacional (Sedena). <\/p>\n<p>En caso de que el trabajo de estas brigadas no sea suficiente se contar\u00e1 con apoyo de personal de las secretar\u00edas de la Defensa Nacional y de Marina.<br \/>\n Con informaci\u00f3n de La Jornada Maya.<\/p>\n<p> <a href=\"https:\/\/www.animalpolitico.com\/2019\/07\/recortes-conafor-complican-control-incendio-forestal-sian-kaan\/\" rel=\"noopener noreferrer\" target=\"_blank\">https:\/\/www.animalpolitico.com\/2019\/07\/recortes-conafor-complican-control-incendio-forestal-sian-kaan\/<\/a><\/p>\n","protected":false},"excerpt":{"rendered":"<p>Redacci\u00f3n\/Animal Pol\u00edtico El control del incendios forestal en la reserva ecol\u00f3gica de la biosfera de Sian Ka\u2019an, en Quintana Roo, que ha consumido 600 hect\u00e1reas de pastizales, se ha complicado &hellip; <a href=\"https:\/\/www.grieta.org.mx\/index.php\/2019\/07\/15\/recortes-presupuestales-a-conafor-complican-control-de-fuego-en-sian-kaan-proteccion-civil-de-q-roo\/\" class=\"more-link\">Leer m\u00e1s<\/a><\/p>\n","protected":false},"author":2,"featured_media":36400,"comment_status":"closed","ping_status":"closed","sticky":false,"template":"","format":"standard","meta":{"ngg_post_thumbnail":0,"_jetpack_newsletter_access":"","_jetpack_dont_email_post_to_subs":false,"_jetpack_newsletter_tier_id":0,"_jetpack_memberships_contains_paywalled_content":false,"_jetpack_memberships_contains_paid_content":false,"footnotes":""},"categories":[80,1084,2749,2,28],"tags":[2098,2574,2383],"class_list":["post-36399","post","type-post","status-publish","format-standard","has-post-thumbnail","hentry","category-cintillo","category-conflictos-laborales-en-quintana-roo","category-destruccion-y-contaminacion-ambiental-en-quintana-roo","category-noticias-nacionales","category-quintana-roo","tag-conafor","tag-incendios-forestales","tag-recorte-presupuestal","entry"],"jetpack_featured_media_url":"https:\/\/www.grieta.org.mx\/wp-content\/uploads\/2019\/07\/incendio-e1563198542362.jpg","jetpack_sharing_enabled":true,"jetpack_shortlink":"https:\/\/wp.me\/p7ZJR4-9t5","jetpack_likes_enabled":false,"jetpack-related-posts":[{"id":34070,"url":"https:\/\/www.grieta.org.mx\/index.php\/2019\/06\/01\/empleados-de-conafor-protestan-en-cancun-por-recortes-presupuestales-y-carencia-de-equipos\/","url_meta":{"origin":36399,"position":0},"title":"Empleados de Conafor protestan en Canc\u00fan por recortes presupuestales y carencia de equipos","author":"grieta","date":"1 junio, 2019","format":false,"excerpt":"Noticaribe CHETUMAL, MX.- Empleados de la Comisi\u00f3n Nacional Forestal (Conafor) acudieron a manifestarse a las afueras de las oficinas de la Semarnat en la capital del estado, para protestar contra los recortes de hasta el 60%, que les han perjudicado de gran manera. Ruperto Uc Balam, secretario general del sindicato\u2026","rel":"","context":"En &quot;CINTILLO&quot;","block_context":{"text":"CINTILLO","link":"https:\/\/www.grieta.org.mx\/index.php\/category\/cintillo\/"},"img":{"alt_text":"","src":"https:\/\/i0.wp.com\/www.grieta.org.mx\/wp-content\/uploads\/2019\/06\/ProtestaConafor.png?resize=350%2C200&ssl=1","width":350,"height":200,"srcset":"https:\/\/i0.wp.com\/www.grieta.org.mx\/wp-content\/uploads\/2019\/06\/ProtestaConafor.png?resize=350%2C200&ssl=1 1x, https:\/\/i0.wp.com\/www.grieta.org.mx\/wp-content\/uploads\/2019\/06\/ProtestaConafor.png?resize=525%2C300&ssl=1 1.5x, https:\/\/i0.wp.com\/www.grieta.org.mx\/wp-content\/uploads\/2019\/06\/ProtestaConafor.png?resize=700%2C400&ssl=1 2x"},"classes":[]},{"id":65564,"url":"https:\/\/www.grieta.org.mx\/index.php\/2022\/10\/19\/la-terminal-aerea-que-amenaza-a-sian-kaan-quintana-roo\/","url_meta":{"origin":36399,"position":1},"title":"La terminal a\u00e9rea que amenaza a Sian Ka\u2019an (Quintana  Roo)","author":"grieta","date":"19 octubre, 2022","format":false,"excerpt":"Octavio Mart\u00ednez \/ Revista Proceso La construcci\u00f3n del aeropuerto de Tulum avanza, en manos militares, pese a que los ambientalistas alertan sobre los efectos desastrosos que tendr\u00e1 sobre la reserva de la Bi\u00f3sfera de Sian Ka\u2019an \u2013Patrimonio Natural de la Humanidad\u2013 y a que no hay dinero etiquetado para esa\u2026","rel":"","context":"En &quot;\u00c1reas naturales protegidas&quot;","block_context":{"text":"\u00c1reas naturales protegidas","link":"https:\/\/www.grieta.org.mx\/index.php\/category\/megaproyectos\/areas-naturales-protegidas\/"},"img":{"alt_text":"","src":"https:\/\/i0.wp.com\/www.grieta.org.mx\/wp-content\/uploads\/2022\/10\/Tulum-e1666389206313.jpg?resize=350%2C200&ssl=1","width":350,"height":200,"srcset":"https:\/\/i0.wp.com\/www.grieta.org.mx\/wp-content\/uploads\/2022\/10\/Tulum-e1666389206313.jpg?resize=350%2C200&ssl=1 1x, https:\/\/i0.wp.com\/www.grieta.org.mx\/wp-content\/uploads\/2022\/10\/Tulum-e1666389206313.jpg?resize=525%2C300&ssl=1 1.5x, https:\/\/i0.wp.com\/www.grieta.org.mx\/wp-content\/uploads\/2022\/10\/Tulum-e1666389206313.jpg?resize=700%2C400&ssl=1 2x"},"classes":[]},{"id":71727,"url":"https:\/\/www.grieta.org.mx\/index.php\/2025\/05\/16\/ejidatarios-rechazan-intento-de-imponer-area-natural-protegida-en-bacalar-quintana-roo\/","url_meta":{"origin":36399,"position":2},"title":"Ejidatarios rechazan intento de imponer \u00e1rea natural protegida en Bacalar (Quintana Roo)","author":"grieta","date":"16 mayo, 2025","format":false,"excerpt":"Efra\u00edn Castro \/ El Heraldo de M\u00e9xico QUINTANA ROO Se\u00f1alan antecedentes similares en Sian Ka\u2019an y acusan que este tipo de medidas frena el desarrollo econ\u00f3mico y desplaza a los habitantes locales bajo el pretexto de la conservaci\u00f3n ambiental. Representantes ejidales y organizaciones comunitarias del sur de Quintana Roo alertaron\u2026","rel":"","context":"En &quot;\u00c1reas naturales protegidas&quot;","block_context":{"text":"\u00c1reas naturales protegidas","link":"https:\/\/www.grieta.org.mx\/index.php\/category\/megaproyectos\/areas-naturales-protegidas\/"},"img":{"alt_text":"","src":"https:\/\/i0.wp.com\/www.grieta.org.mx\/wp-content\/uploads\/2025\/05\/Ejidos-e1747658089111.jpg?resize=350%2C200&ssl=1","width":350,"height":200,"srcset":"https:\/\/i0.wp.com\/www.grieta.org.mx\/wp-content\/uploads\/2025\/05\/Ejidos-e1747658089111.jpg?resize=350%2C200&ssl=1 1x, https:\/\/i0.wp.com\/www.grieta.org.mx\/wp-content\/uploads\/2025\/05\/Ejidos-e1747658089111.jpg?resize=525%2C300&ssl=1 1.5x, https:\/\/i0.wp.com\/www.grieta.org.mx\/wp-content\/uploads\/2025\/05\/Ejidos-e1747658089111.jpg?resize=700%2C400&ssl=1 2x"},"classes":[]},{"id":28586,"url":"https:\/\/www.grieta.org.mx\/index.php\/2019\/01\/07\/el-area-natural-protegida-de-dziuche-historia-de-un-despojo-de-larga-planificacion-quintana-roo\/","url_meta":{"origin":36399,"position":3},"title":"El \u201c\u00e1rea natural protegida\u201d de Dziuch\u00e9, historia de un despojo de larga planificaci\u00f3n (Quintana Roo)","author":"grieta","date":"7 enero, 2019","format":false,"excerpt":"(MayaPolitikon) M\u00e9rida, Yucat\u00e1n.\u2013 Ejidatarios de Dziuch\u00e9 que luchan para recuperar la mitad de su territorio del que fueron despojados por el gobierno de Quintana Roo en 2011 recibieron el a\u00f1o 2019 con expectaci\u00f3n, pues en este enero en curso, o en febrero, se emitir\u00e1 una sentencia que marcar\u00e1 la direcci\u00f3n\u2026","rel":"","context":"En &quot;CINTILLO&quot;","block_context":{"text":"CINTILLO","link":"https:\/\/www.grieta.org.mx\/index.php\/category\/cintillo\/"},"img":{"alt_text":"","src":"https:\/\/i0.wp.com\/www.grieta.org.mx\/wp-content\/uploads\/2019\/01\/chichenkanab.jpg?resize=350%2C200&ssl=1","width":350,"height":200,"srcset":"https:\/\/i0.wp.com\/www.grieta.org.mx\/wp-content\/uploads\/2019\/01\/chichenkanab.jpg?resize=350%2C200&ssl=1 1x, https:\/\/i0.wp.com\/www.grieta.org.mx\/wp-content\/uploads\/2019\/01\/chichenkanab.jpg?resize=525%2C300&ssl=1 1.5x, https:\/\/i0.wp.com\/www.grieta.org.mx\/wp-content\/uploads\/2019\/01\/chichenkanab.jpg?resize=700%2C400&ssl=1 2x"},"classes":[]},{"id":67587,"url":"https:\/\/www.grieta.org.mx\/index.php\/2023\/08\/31\/denuncian-devastacion-de-area-protegida-por-proyecto-turistico-en-quintana-roo\/","url_meta":{"origin":36399,"position":4},"title":"Denuncian devastaci\u00f3n de \u00e1rea protegida por proyecto tur\u00edstico en Quintana Roo","author":"grieta","date":"31 agosto, 2023","format":false,"excerpt":"Aldo Santiago \/ Avispa Midia En portada: Destrucci\u00f3n ecol\u00f3gica derivada de las obras del proyecto tur\u00edstico \u201cpuerta al mar\u201d, el cual perturbar\u00e1 33 km de la Reserva de la Biosfera de Sian Ka'an en Quintana Roo. Habitantes del municipio de Felipe Carrillo Puerto, Quintana Roo, lanzaron un llamado urgente para\u2026","rel":"","context":"En &quot;CINTILLO&quot;","block_context":{"text":"CINTILLO","link":"https:\/\/www.grieta.org.mx\/index.php\/category\/cintillo\/"},"img":{"alt_text":"","src":"https:\/\/i0.wp.com\/www.grieta.org.mx\/wp-content\/uploads\/2023\/08\/PuertaMar-e1693522374987.jpg?resize=350%2C200&ssl=1","width":350,"height":200,"srcset":"https:\/\/i0.wp.com\/www.grieta.org.mx\/wp-content\/uploads\/2023\/08\/PuertaMar-e1693522374987.jpg?resize=350%2C200&ssl=1 1x, https:\/\/i0.wp.com\/www.grieta.org.mx\/wp-content\/uploads\/2023\/08\/PuertaMar-e1693522374987.jpg?resize=525%2C300&ssl=1 1.5x, https:\/\/i0.wp.com\/www.grieta.org.mx\/wp-content\/uploads\/2023\/08\/PuertaMar-e1693522374987.jpg?resize=700%2C400&ssl=1 2x"},"classes":[]},{"id":64465,"url":"https:\/\/www.grieta.org.mx\/index.php\/2022\/06\/24\/al-menos-ocho-trabajadores-mayas-fueron-secuestrados-en-xcalak-quintana-roo\/","url_meta":{"origin":36399,"position":5},"title":"Al menos ocho trabajadores mayas fueron secuestrados en Xcalak, Quintana Roo","author":"grieta","date":"24 junio, 2022","format":false,"excerpt":"Octavio Mart\u00ednez \/ Proceso QUINTANA ROO, (apro).- En Xcalak, en la frontera sur de Quintana Roo, un grupo de por lo menos ocho trabajadores mayas fue privado de la libertad por sujetos fuertemente armados; los tres \u00f3rdenes de gobierno activaron los protocolos de b\u00fasqueda luego de denuncias recibidas por la\u2026","rel":"","context":"En &quot;CINTILLO&quot;","block_context":{"text":"CINTILLO","link":"https:\/\/www.grieta.org.mx\/index.php\/category\/cintillo\/"},"img":{"alt_text":"","src":"https:\/\/i0.wp.com\/www.grieta.org.mx\/wp-content\/uploads\/2022\/06\/SecuestroMayas-e1656257663139.png?resize=350%2C200&ssl=1","width":350,"height":200,"srcset":"https:\/\/i0.wp.com\/www.grieta.org.mx\/wp-content\/uploads\/2022\/06\/SecuestroMayas-e1656257663139.png?resize=350%2C200&ssl=1 1x, https:\/\/i0.wp.com\/www.grieta.org.mx\/wp-content\/uploads\/2022\/06\/SecuestroMayas-e1656257663139.png?resize=525%2C300&ssl=1 1.5x, https:\/\/i0.wp.com\/www.grieta.org.mx\/wp-content\/uploads\/2022\/06\/SecuestroMayas-e1656257663139.png?resize=700%2C400&ssl=1 2x"},"classes":[]}],"_links":{"self":[{"href":"https:\/\/www.grieta.org.mx\/index.php\/wp-json\/wp\/v2\/posts\/36399","targetHints":{"allow":["GET"]}}],"collection":[{"href":"https:\/\/www.grieta.org.mx\/index.php\/wp-json\/wp\/v2\/posts"}],"about":[{"href":"https:\/\/www.grieta.org.mx\/index.php\/wp-json\/wp\/v2\/types\/post"}],"author":[{"embeddable":true,"href":"https:\/\/www.grieta.org.mx\/index.php\/wp-json\/wp\/v2\/users\/2"}],"replies":[{"embeddable":true,"href":"https:\/\/www.grieta.org.mx\/index.php\/wp-json\/wp\/v2\/comments?post=36399"}],"version-history":[{"count":1,"href":"https:\/\/www.grieta.org.mx\/index.php\/wp-json\/wp\/v2\/posts\/36399\/revisions"}],"predecessor-version":[{"id":36401,"href":"https:\/\/www.grieta.org.mx\/index.php\/wp-json\/wp\/v2\/posts\/36399\/revisions\/36401"}],"wp:featuredmedia":[{"embeddable":true,"href":"https:\/\/www.grieta.org.mx\/index.php\/wp-json\/wp\/v2\/media\/36400"}],"wp:attachment":[{"href":"https:\/\/www.grieta.org.mx\/index.php\/wp-json\/wp\/v2\/media?parent=36399"}],"wp:term":[{"taxonomy":"category","embeddable":true,"href":"https:\/\/www.grieta.org.mx\/index.php\/wp-json\/wp\/v2\/categories?post=36399"},{"taxonomy":"post_tag","embeddable":true,"href":"https:\/\/www.grieta.org.mx\/index.php\/wp-json\/wp\/v2\/tags?post=36399"}],"curies":[{"name":"wp","href":"https:\/\/api.w.org\/{rel}","templated":true}]}}