{"id":3637,"date":"2016-03-18T13:06:22","date_gmt":"2016-03-18T13:06:22","guid":{"rendered":"http:\/\/50.22.11.12\/~grietaor\/?p=3637"},"modified":"2016-04-03T14:02:10","modified_gmt":"2016-04-03T14:02:10","slug":"impacto-ambiental-en-durango-por-mineria","status":"publish","type":"post","link":"https:\/\/www.grieta.org.mx\/index.php\/2016\/03\/18\/impacto-ambiental-en-durango-por-mineria\/","title":{"rendered":"Impacto ambiental en Durango por miner\u00eda"},"content":{"rendered":"<p><strong>04\/03\/16. <\/strong><a href=\"http:\/\/www.grieta.org.mx\/index.php\/2016\/03\/04\/clausura-profepa-mina-en-otaez\">Clausura Profepa mina en Ot\u00e1ez<\/a><br \/>\n<em>Hacemos Periodismo<\/em><\/p>\n<p><!--<strong>03\/03\/16. <\/strong><a href=\"http:\/\/www.grieta.org.mx\/index.php\/2016\/03\/03\/cierran-mina-por-dano-forestal\">Cierran mina por da\u00f1o forestal<\/a>\n<em>El Siglo de Durango<\/em>--><\/p>\n","protected":false},"excerpt":{"rendered":"<p>04\/03\/16. Clausura Profepa mina en Ot\u00e1ez Hacemos Periodismo<\/p>\n","protected":false},"author":2,"featured_media":21928,"comment_status":"closed","ping_status":"open","sticky":false,"template":"","format":"standard","meta":{"ngg_post_thumbnail":0,"_jetpack_newsletter_access":"","_jetpack_dont_email_post_to_subs":false,"_jetpack_newsletter_tier_id":0,"_jetpack_memberships_contains_paywalled_content":false,"_jetpack_memberships_contains_paid_content":false,"footnotes":""},"categories":[15,2],"tags":[],"class_list":["post-3637","post","type-post","status-publish","format-standard","has-post-thumbnail","hentry","category-durango","category-noticias-nacionales","entry"],"jetpack_featured_media_url":"https:\/\/www.grieta.org.mx\/wp-content\/uploads\/2018\/03\/14524434_1106112876131411_958039263622046936_o.jpg","jetpack_sharing_enabled":true,"jetpack_shortlink":"https:\/\/wp.me\/p7ZJR4-WF","jetpack_likes_enabled":false,"jetpack-related-posts":[{"id":15805,"url":"https:\/\/www.grieta.org.mx\/index.php\/2016\/07\/04\/impacto-ambiental-en-coahuila-por-mineria\/","url_meta":{"origin":3637,"position":0},"title":"Impacto ambiental en Coahuila por miner\u00eda","author":"grieta","date":"4 julio, 2016","format":false,"excerpt":"03\/07\/16. Derrame de t\u00f3xico de mina mata a animales en Coahuila El Tiempo","rel":"","context":"En &quot;Coahuila&quot;","block_context":{"text":"Coahuila","link":"https:\/\/www.grieta.org.mx\/index.php\/category\/noticias-nacionales\/coahuila\/"},"img":{"alt_text":"","src":"https:\/\/i0.wp.com\/www.grieta.org.mx\/wp-content\/uploads\/2018\/03\/14524434_1106112876131411_958039263622046936_o.jpg?resize=350%2C200&ssl=1","width":350,"height":200,"srcset":"https:\/\/i0.wp.com\/www.grieta.org.mx\/wp-content\/uploads\/2018\/03\/14524434_1106112876131411_958039263622046936_o.jpg?resize=350%2C200&ssl=1 1x, https:\/\/i0.wp.com\/www.grieta.org.mx\/wp-content\/uploads\/2018\/03\/14524434_1106112876131411_958039263622046936_o.jpg?resize=525%2C300&ssl=1 1.5x, https:\/\/i0.wp.com\/www.grieta.org.mx\/wp-content\/uploads\/2018\/03\/14524434_1106112876131411_958039263622046936_o.jpg?resize=700%2C400&ssl=1 2x"},"classes":[]},{"id":3868,"url":"https:\/\/www.grieta.org.mx\/index.php\/2016\/03\/04\/clausura-profepa-mina-en-otaez\/","url_meta":{"origin":3637,"position":1},"title":"Clausura Profepa mina en Ot\u00e1ez","author":"grieta","date":"4 marzo, 2016","format":false,"excerpt":"La dependencia federal observ\u00f3 afectaciones de 9 mil 104 metros cuadrados de terreno forestal Por: C\u00e9sar Gayt\u00e1n Gallegos Ot\u00e1ez, Dgo.- Personal de la Procuradur\u00eda Federal de Protecci\u00f3n al Ambiente (Profepa), atendi\u00f3 una denuncia ciudadana en la que se\u00f1alaban supuestos da\u00f1os al ecosistema en el municipio de Ot\u00e1ez y al acudir\u2026","rel":"","context":"En &quot;CINTILLO&quot;","block_context":{"text":"CINTILLO","link":"https:\/\/www.grieta.org.mx\/index.php\/category\/cintillo\/"},"img":{"alt_text":"","src":"https:\/\/i0.wp.com\/www.grieta.org.mx\/wp-content\/uploads\/2018\/03\/14524434_1106112876131411_958039263622046936_o.jpg?resize=350%2C200&ssl=1","width":350,"height":200,"srcset":"https:\/\/i0.wp.com\/www.grieta.org.mx\/wp-content\/uploads\/2018\/03\/14524434_1106112876131411_958039263622046936_o.jpg?resize=350%2C200&ssl=1 1x, https:\/\/i0.wp.com\/www.grieta.org.mx\/wp-content\/uploads\/2018\/03\/14524434_1106112876131411_958039263622046936_o.jpg?resize=525%2C300&ssl=1 1.5x, https:\/\/i0.wp.com\/www.grieta.org.mx\/wp-content\/uploads\/2018\/03\/14524434_1106112876131411_958039263622046936_o.jpg?resize=700%2C400&ssl=1 2x"},"classes":[]},{"id":22323,"url":"https:\/\/www.grieta.org.mx\/index.php\/2018\/03\/16\/por-caso-chemours-exigen-liberar-a-presos-politicos-durango\/","url_meta":{"origin":3637,"position":2},"title":"Por caso Chemours exigen liberar a presos politicos (Durango)","author":"grieta","date":"16 marzo, 2018","format":false,"excerpt":"Redacci\u00f3n\/La Voz De Durango La tarde de este jueves distintos grupos de la sociedad civil de Durango marcharon por avenida 5 de Febrero de la Zona Centro de esta ciudad, exigiendo la liberaci\u00f3n de 10 ciudadanos que se opusieron hace unos d\u00edas a la instalaci\u00f3n de la empresa productora de\u2026","rel":"","context":"En &quot;CINTILLO&quot;","block_context":{"text":"CINTILLO","link":"https:\/\/www.grieta.org.mx\/index.php\/category\/cintillo\/"},"img":{"alt_text":"","src":"https:\/\/i0.wp.com\/www.grieta.org.mx\/wp-content\/uploads\/2018\/03\/d3.jpg?resize=350%2C200&ssl=1","width":350,"height":200,"srcset":"https:\/\/i0.wp.com\/www.grieta.org.mx\/wp-content\/uploads\/2018\/03\/d3.jpg?resize=350%2C200&ssl=1 1x, https:\/\/i0.wp.com\/www.grieta.org.mx\/wp-content\/uploads\/2018\/03\/d3.jpg?resize=525%2C300&ssl=1 1.5x"},"classes":[]},{"id":9067,"url":"https:\/\/www.grieta.org.mx\/index.php\/2016\/08\/22\/contaminacion-y-danos-a-la-salud-por-mineria-en-sonora\/","url_meta":{"origin":3637,"position":3},"title":"Contaminaci\u00f3n y da\u00f1os a la salud por miner\u00eda en Sonora","author":"Admin","date":"22 agosto, 2016","format":false,"excerpt":"Denuncian contaminaci\u00f3n del R\u00edo Sonora provocada por miner\u00eda 22\/08\/16. Contaminaci\u00f3n, despojo y negligencia: las acusaciones contra Grupo M\u00e9xico en Sonora Animal Pol\u00edtico 08\/08\/16. A 2 a\u00f1os del derrame contaminante en el R\u00edo Sonora, una 'mancha' que no se borra Expansi\u00f3n 01\/08\/16. A dos a\u00f1os de la contaminaci\u00f3n en R\u00edo Sonora:\u2026","rel":"","context":"En &quot;Miner\u00eda&quot;","block_context":{"text":"Miner\u00eda","link":"https:\/\/www.grieta.org.mx\/index.php\/category\/megaproyectos\/mineria\/"},"img":{"alt_text":"","src":"https:\/\/i0.wp.com\/www.grieta.org.mx\/wp-content\/uploads\/2018\/03\/14524434_1106112876131411_958039263622046936_o.jpg?resize=350%2C200&ssl=1","width":350,"height":200,"srcset":"https:\/\/i0.wp.com\/www.grieta.org.mx\/wp-content\/uploads\/2018\/03\/14524434_1106112876131411_958039263622046936_o.jpg?resize=350%2C200&ssl=1 1x, https:\/\/i0.wp.com\/www.grieta.org.mx\/wp-content\/uploads\/2018\/03\/14524434_1106112876131411_958039263622046936_o.jpg?resize=525%2C300&ssl=1 1.5x, https:\/\/i0.wp.com\/www.grieta.org.mx\/wp-content\/uploads\/2018\/03\/14524434_1106112876131411_958039263622046936_o.jpg?resize=700%2C400&ssl=1 2x"},"classes":[]},{"id":3606,"url":"https:\/\/www.grieta.org.mx\/index.php\/2016\/06\/26\/denuncian-complicidad-de-embajada-de-canada-en-represion-de-protestas-contra-minera-en-2012\/","url_meta":{"origin":3637,"position":4},"title":"Ejidatarios denuncian complicidad de embajada de Canad\u00e1 en represi\u00f3n de protestas contra minera","author":"grieta","date":"26 junio, 2016","format":false,"excerpt":"25\/06\/16. Ejido de Durango tiende la mano a minera\u2026 y \u00e9sta explora sin contrato Sin Embargo 26\/02\/15. Incumple embajada canadiense, acusan El Siglo de Durango 25\/02\/15. Denuncian \u2018complicidad\u2019 de Canad\u00e1 en represi\u00f3n de protestas en mina de Durango Noticas MVS 25\/02\/15. Embajada canadiense respalda represi\u00f3n a mineros y ejidatarios mexicanos\u2026","rel":"","context":"En &quot;Durango&quot;","block_context":{"text":"Durango","link":"https:\/\/www.grieta.org.mx\/index.php\/category\/noticias-nacionales\/durango\/"},"img":{"alt_text":"","src":"https:\/\/i0.wp.com\/www.grieta.org.mx\/wp-content\/uploads\/2018\/03\/14524434_1106112876131411_958039263622046936_o.jpg?resize=350%2C200&ssl=1","width":350,"height":200,"srcset":"https:\/\/i0.wp.com\/www.grieta.org.mx\/wp-content\/uploads\/2018\/03\/14524434_1106112876131411_958039263622046936_o.jpg?resize=350%2C200&ssl=1 1x, https:\/\/i0.wp.com\/www.grieta.org.mx\/wp-content\/uploads\/2018\/03\/14524434_1106112876131411_958039263622046936_o.jpg?resize=525%2C300&ssl=1 1.5x, https:\/\/i0.wp.com\/www.grieta.org.mx\/wp-content\/uploads\/2018\/03\/14524434_1106112876131411_958039263622046936_o.jpg?resize=700%2C400&ssl=1 2x"},"classes":[]},{"id":10979,"url":"https:\/\/www.grieta.org.mx\/index.php\/2016\/05\/24\/protestas-en-durango-por-enganos-gubernamentales\/","url_meta":{"origin":3637,"position":5},"title":"Protestas en Durango por enga\u00f1os gubernamentales","author":"grieta","date":"24 mayo, 2016","format":false,"excerpt":"19\/05\/16. Bloquean vecinos de La Tehua carretera a G\u00f3mez Palacio Noticieros Grem 26\/04\/16. Bloquean bulevar, exigen dos norias El Siglo de Torre\u00f3n 24\/04\/16. Con tractores, bloquean bulevar Miguel Alem\u00e1n en Lerdo Noticieros Grem","rel":"","context":"En &quot;Durango&quot;","block_context":{"text":"Durango","link":"https:\/\/www.grieta.org.mx\/index.php\/category\/noticias-nacionales\/durango\/"},"img":{"alt_text":"","src":"https:\/\/i0.wp.com\/www.grieta.org.mx\/wp-content\/uploads\/2018\/03\/14524434_1106112876131411_958039263622046936_o.jpg?resize=350%2C200&ssl=1","width":350,"height":200,"srcset":"https:\/\/i0.wp.com\/www.grieta.org.mx\/wp-content\/uploads\/2018\/03\/14524434_1106112876131411_958039263622046936_o.jpg?resize=350%2C200&ssl=1 1x, https:\/\/i0.wp.com\/www.grieta.org.mx\/wp-content\/uploads\/2018\/03\/14524434_1106112876131411_958039263622046936_o.jpg?resize=525%2C300&ssl=1 1.5x, https:\/\/i0.wp.com\/www.grieta.org.mx\/wp-content\/uploads\/2018\/03\/14524434_1106112876131411_958039263622046936_o.jpg?resize=700%2C400&ssl=1 2x"},"classes":[]}],"_links":{"self":[{"href":"https:\/\/www.grieta.org.mx\/index.php\/wp-json\/wp\/v2\/posts\/3637","targetHints":{"allow":["GET"]}}],"collection":[{"href":"https:\/\/www.grieta.org.mx\/index.php\/wp-json\/wp\/v2\/posts"}],"about":[{"href":"https:\/\/www.grieta.org.mx\/index.php\/wp-json\/wp\/v2\/types\/post"}],"author":[{"embeddable":true,"href":"https:\/\/www.grieta.org.mx\/index.php\/wp-json\/wp\/v2\/users\/2"}],"replies":[{"embeddable":true,"href":"https:\/\/www.grieta.org.mx\/index.php\/wp-json\/wp\/v2\/comments?post=3637"}],"version-history":[{"count":1,"href":"https:\/\/www.grieta.org.mx\/index.php\/wp-json\/wp\/v2\/posts\/3637\/revisions"}],"predecessor-version":[{"id":9634,"href":"https:\/\/www.grieta.org.mx\/index.php\/wp-json\/wp\/v2\/posts\/3637\/revisions\/9634"}],"wp:featuredmedia":[{"embeddable":true,"href":"https:\/\/www.grieta.org.mx\/index.php\/wp-json\/wp\/v2\/media\/21928"}],"wp:attachment":[{"href":"https:\/\/www.grieta.org.mx\/index.php\/wp-json\/wp\/v2\/media?parent=3637"}],"wp:term":[{"taxonomy":"category","embeddable":true,"href":"https:\/\/www.grieta.org.mx\/index.php\/wp-json\/wp\/v2\/categories?post=3637"},{"taxonomy":"post_tag","embeddable":true,"href":"https:\/\/www.grieta.org.mx\/index.php\/wp-json\/wp\/v2\/tags?post=3637"}],"curies":[{"name":"wp","href":"https:\/\/api.w.org\/{rel}","templated":true}]}}