{"id":36353,"date":"2019-07-11T22:21:48","date_gmt":"2019-07-12T03:21:48","guid":{"rendered":"http:\/\/www.grieta.org.mx\/?p=36353"},"modified":"2019-07-15T22:26:44","modified_gmt":"2019-07-16T03:26:44","slug":"retenidos-en-san-dionisio-fueron-contratados-para-tirar-a-comuneros-que-defienden-sus-tierras-oaxaca","status":"publish","type":"post","link":"https:\/\/www.grieta.org.mx\/index.php\/2019\/07\/11\/retenidos-en-san-dionisio-fueron-contratados-para-tirar-a-comuneros-que-defienden-sus-tierras-oaxaca\/","title":{"rendered":"Retenidos en San Dionisio fueron contratados para \u201ctirar\u201d a comuneros que defienden sus tierras (Oaxaca))"},"content":{"rendered":"<p>Redacci\u00f3n \/ P\u00e1gina 3.<\/p>\n<p><img loading=\"lazy\" decoding=\"async\" data-attachment-id=\"36354\" data-permalink=\"https:\/\/www.grieta.org.mx\/index.php\/2019\/07\/11\/retenidos-en-san-dionisio-fueron-contratados-para-tirar-a-comuneros-que-defienden-sus-tierras-oaxaca\/armas-confiscadas-en-san-dionisio-ocotepec\/\" data-orig-file=\"https:\/\/www.grieta.org.mx\/wp-content\/uploads\/2019\/07\/armas-confiscadas-en-san-dionisio-ocotepec.jpeg\" data-orig-size=\"1032,581\" data-comments-opened=\"0\" data-image-meta=\"{&quot;aperture&quot;:&quot;0&quot;,&quot;credit&quot;:&quot;&quot;,&quot;camera&quot;:&quot;&quot;,&quot;caption&quot;:&quot;&quot;,&quot;created_timestamp&quot;:&quot;0&quot;,&quot;copyright&quot;:&quot;&quot;,&quot;focal_length&quot;:&quot;0&quot;,&quot;iso&quot;:&quot;0&quot;,&quot;shutter_speed&quot;:&quot;0&quot;,&quot;title&quot;:&quot;&quot;,&quot;orientation&quot;:&quot;0&quot;}\" data-image-title=\"armas-confiscadas-en-san-dionisio-ocotepec\" data-image-description=\"\" data-image-caption=\"\" data-medium-file=\"https:\/\/www.grieta.org.mx\/wp-content\/uploads\/2019\/07\/armas-confiscadas-en-san-dionisio-ocotepec-300x169.jpeg\" data-large-file=\"https:\/\/www.grieta.org.mx\/wp-content\/uploads\/2019\/07\/armas-confiscadas-en-san-dionisio-ocotepec-1024x576.jpeg\" src=\"http:\/\/www.grieta.org.mx\/wp-content\/uploads\/2019\/07\/armas-confiscadas-en-san-dionisio-ocotepec-1024x576.jpeg\" alt=\"\" width=\"1024\" height=\"576\" class=\"alignleft size-large wp-image-36354\" srcset=\"https:\/\/www.grieta.org.mx\/wp-content\/uploads\/2019\/07\/armas-confiscadas-en-san-dionisio-ocotepec-1024x576.jpeg 1024w, https:\/\/www.grieta.org.mx\/wp-content\/uploads\/2019\/07\/armas-confiscadas-en-san-dionisio-ocotepec-300x169.jpeg 300w, https:\/\/www.grieta.org.mx\/wp-content\/uploads\/2019\/07\/armas-confiscadas-en-san-dionisio-ocotepec-768x432.jpeg 768w, https:\/\/www.grieta.org.mx\/wp-content\/uploads\/2019\/07\/armas-confiscadas-en-san-dionisio-ocotepec-888x500.jpeg 888w, https:\/\/www.grieta.org.mx\/wp-content\/uploads\/2019\/07\/armas-confiscadas-en-san-dionisio-ocotepec.jpeg 1032w\" sizes=\"auto, (max-width: 1024px) 100vw, 1024px\" \/><\/p>\n<p>Respecto a las 15 personas que han sido retenidas en San Dionisio Ocotepec, en Tlacolula, declaraciones de los asegurados revelan que fueron contratados por un empresario para \u201ctirar\u201d a comuneros que quieren rescatar  sus terrenos.<\/p>\n<p>El presunto involucrado empresario es Edy Monterrosa M\u00e9ndez, con quien el pueblo de Dionisio Ocotepec mantiene un conflicto agrario.<\/p>\n<p>Hace dos d\u00edas, los pobladores de San Dionisio liberaron un comunicado en el cual buscaron aclarar los \u201crumores y publicaciones dolosas e infundadas\u201d sobre privaciones de libertad de trabajadores de limpieza.<\/p>\n<p>\u201cEn diversas ocasiones la propia comunidad ha solicidato al Sr. Edy Monterrosa que presentara documento que acredita su permiso de estancia en el terreno o bien que de manera inmediata desalojara nuestras tierras\u201c, escriben habitantes de la localidad afectada.<\/p>\n<p>El conflicto, seg\u00fan narran en la nota publicada en NSS Oaxaca, se basa en la fuerza armada ejercida por Edy Monterrosa M\u00e9ndez para autoproclamarse poseedor de tierras tlacolulenses que miden 325 metros cuadrados.<\/p>\n<p>Ante la acci\u00f3n, San Dionisio Ocotepec tom\u00f3 las armas propias para defender sus propiedades comunales.<\/p>\n<p>\u201cEn el caso de la Procuradur\u00eda Agraria, hemos visto la parcialidad e inter\u00e9s con que se conduce para apoyar al citado empresario\u201c, justifican los pobladores.<\/p>\n<p>En un audio dado a conocer hoy 11 de julio 2019, la voz de un presunto colaborador de Edy Monterrosa solicita refuerzos en armamento.<\/p>\n<p>El que habla advierte al interlocutor que se comunique con \u201cel jefe\u201d para que \u201clleve m\u00e1s cartuchos\u201d porque all\u00e1 \u201ctienen muchas armas y todo&#8221;.<\/p>\n<p>\u201cSoy parte del grupo de personas que fuimos abandonados por el se\u00f1or Edy Monterrosa M\u00e9ndez en medio de un conflicto que \u00e9l mismo inicio a ra\u00edz de una invasi\u00f3n de tierras\u2026\u201c, narra el protagonista del video.<\/p>\n<p>\u201cEs por eso que quiero exigir al licenciado Andr\u00e9s Manuel Lopez Obrador, al gobernador del estado y al se\u00f1or Edy Monterrosa su pronta intervenci\u00f3n para firmar el acuerdo de paz que se est\u00e1 solicitando\u2026\u201c, describe.<\/p>\n<div class=\"jetpack-video-wrapper\"><iframe loading=\"lazy\" title=\"Personas retenidas en San Dionisio aseguran ser contratados para &quot;tirar&quot; al pueblo\" width=\"1170\" height=\"658\" src=\"https:\/\/www.youtube.com\/embed\/HhR6TdNrj5g?feature=oembed\" frameborder=\"0\" allow=\"accelerometer; autoplay; clipboard-write; encrypted-media; gyroscope; picture-in-picture\" allowfullscreen><\/iframe><\/div>\n<p>En adici\u00f3n a las declaraciones hechas, se ha publicado tambi\u00e9n un video en el que se muestra armamento presuntamente encontrado en un predio que pertenece a Edy Monterrosa donde han estado recluidos los \u201ctrabajadores abandonados&#8221;.<\/p>\n<p><a href=\"https:\/\/pagina3.mx\/2019\/07\/retenidos-en-san-dionisio-fueron-contratados-para-tirar-a-comuneros-que-defienden-sus-tierras\/\" rel=\"noopener noreferrer\" target=\"_blank\">https:\/\/pagina3.mx\/2019\/07\/retenidos-en-san-dionisio-fueron-contratados-para-tirar-a-comuneros-que-defienden-sus-tierras\/<\/a><\/p>\n","protected":false},"excerpt":{"rendered":"<p>Redacci\u00f3n \/ P\u00e1gina 3. Respecto a las 15 personas que han sido retenidas en San Dionisio Ocotepec, en Tlacolula, declaraciones de los asegurados revelan que fueron contratados por un empresario &hellip; <a href=\"https:\/\/www.grieta.org.mx\/index.php\/2019\/07\/11\/retenidos-en-san-dionisio-fueron-contratados-para-tirar-a-comuneros-que-defienden-sus-tierras-oaxaca\/\" class=\"more-link\">Leer m\u00e1s<\/a><\/p>\n","protected":false},"author":2,"featured_media":36354,"comment_status":"closed","ping_status":"closed","sticky":false,"template":"","format":"standard","meta":{"ngg_post_thumbnail":0,"_jetpack_newsletter_access":"","_jetpack_dont_email_post_to_subs":false,"_jetpack_newsletter_tier_id":0,"_jetpack_memberships_contains_paywalled_content":false,"_jetpack_memberships_contains_paid_content":false,"footnotes":""},"categories":[80,1605,2,25],"tags":[],"class_list":["post-36353","post","type-post","status-publish","format-standard","has-post-thumbnail","hentry","category-cintillo","category-despojo-de-tierras-en-oaxaca","category-noticias-nacionales","category-oaxaca","entry"],"jetpack_featured_media_url":"https:\/\/www.grieta.org.mx\/wp-content\/uploads\/2019\/07\/armas-confiscadas-en-san-dionisio-ocotepec.jpeg","jetpack_sharing_enabled":true,"jetpack_shortlink":"https:\/\/wp.me\/p7ZJR4-9sl","jetpack_likes_enabled":false,"jetpack-related-posts":[{"id":36350,"url":"https:\/\/www.grieta.org.mx\/index.php\/2019\/07\/14\/zapotecos-de-san-dionisio-ocotepec-bloquean-carretera-en-defensa-de-su-territorio-invadido-por-empresario-oaxaca\/","url_meta":{"origin":36353,"position":0},"title":"Zapotecos de San Dionisio Ocotepec bloquean carretera en defensa de su territorio invadido por empresario (Oaxaca)","author":"grieta","date":"14 julio, 2019","format":false,"excerpt":"Pedro Mat\u00edas \/ P\u00e1gina 3. Imagen recuperada de NSS Oaxaca. OAXACA, Oax. (pagina3.mx).- \u201cPor la dignidad de nuestro pueblo y la defensa de su territorio\u201d, habitantes de San Dionisio Ocotepec bloquearon hoy la carretera panamericana 190 y mantienen retenidas a 16 personas hasta que se presente el empresario Edy Monterrosa\u2026","rel":"","context":"En &quot;CINTILLO&quot;","block_context":{"text":"CINTILLO","link":"https:\/\/www.grieta.org.mx\/index.php\/category\/cintillo\/"},"img":{"alt_text":"","src":"https:\/\/i0.wp.com\/www.grieta.org.mx\/wp-content\/uploads\/2019\/07\/bloqueo-en-san-dionisio.jpg?resize=350%2C200&ssl=1","width":350,"height":200,"srcset":"https:\/\/i0.wp.com\/www.grieta.org.mx\/wp-content\/uploads\/2019\/07\/bloqueo-en-san-dionisio.jpg?resize=350%2C200&ssl=1 1x, https:\/\/i0.wp.com\/www.grieta.org.mx\/wp-content\/uploads\/2019\/07\/bloqueo-en-san-dionisio.jpg?resize=525%2C300&ssl=1 1.5x"},"classes":[]},{"id":37538,"url":"https:\/\/www.grieta.org.mx\/index.php\/2019\/08\/06\/asamblea-de-pueblo-de-san-dionisio-del-mar-bloquean-carretera-federal-190-oaxaca\/","url_meta":{"origin":36353,"position":1},"title":"Asamblea de pueblo de San Dionisio del Mar bloquean carretera federal 190 (Oaxaca)","author":"grieta","date":"6 agosto, 2019","format":false,"excerpt":"Agencias \/ P\u00e1gina 3. Juchit\u00e1n de Zaragoza, Oaxaca. Integrantes de la Asamblea del Pueblo en Defensa de las Tierras de San Dionisio del Mar, bloquean carretera federal 190 a la altura de la escuela IMECA en esta ciudad. Este bloqueo es en rechazo a la iniciativa que presentar\u00e1 Diputados Locales\u2026","rel":"","context":"En &quot;CINTILLO&quot;","block_context":{"text":"CINTILLO","link":"https:\/\/www.grieta.org.mx\/index.php\/category\/cintillo\/"},"img":{"alt_text":"","src":"https:\/\/i0.wp.com\/www.grieta.org.mx\/wp-content\/uploads\/2019\/08\/A.png?resize=350%2C200&ssl=1","width":350,"height":200,"srcset":"https:\/\/i0.wp.com\/www.grieta.org.mx\/wp-content\/uploads\/2019\/08\/A.png?resize=350%2C200&ssl=1 1x, https:\/\/i0.wp.com\/www.grieta.org.mx\/wp-content\/uploads\/2019\/08\/A.png?resize=525%2C300&ssl=1 1.5x, https:\/\/i0.wp.com\/www.grieta.org.mx\/wp-content\/uploads\/2019\/08\/A.png?resize=700%2C400&ssl=1 2x"},"classes":[]},{"id":59521,"url":"https:\/\/www.grieta.org.mx\/index.php\/2021\/05\/23\/ikoots-de-san-dionisio-y-san-mateo-del-mar-no-permitiran-instalacion-de-casillas-electorales-oaxaca\/","url_meta":{"origin":36353,"position":2},"title":"Ikoots de San Dionisio y San Mateo del Mar no permitir\u00e1n instalaci\u00f3n de casillas electorales (Oaxaca)","author":"grieta","date":"23 mayo, 2021","format":false,"excerpt":"La coperacha \/ Redacci\u00f3n. Foto: NVINoticias Los pueblos mare\u00f1os exigen justicia ante ataques que derivaron en muertes y heridos. En Oaxaca, pueblos ikoots de San Dionisio del Mar y de San Mateo del Mar, mantienen la postura de no permitir la instalaci\u00f3n de casillas electorales ni la entrada de partidos\u2026","rel":"","context":"En &quot;CINTILLO&quot;","block_context":{"text":"CINTILLO","link":"https:\/\/www.grieta.org.mx\/index.php\/category\/cintillo\/"},"img":{"alt_text":"","src":"https:\/\/i0.wp.com\/www.grieta.org.mx\/wp-content\/uploads\/2021\/05\/Z.jpg?resize=350%2C200&ssl=1","width":350,"height":200,"srcset":"https:\/\/i0.wp.com\/www.grieta.org.mx\/wp-content\/uploads\/2021\/05\/Z.jpg?resize=350%2C200&ssl=1 1x, https:\/\/i0.wp.com\/www.grieta.org.mx\/wp-content\/uploads\/2021\/05\/Z.jpg?resize=525%2C300&ssl=1 1.5x, https:\/\/i0.wp.com\/www.grieta.org.mx\/wp-content\/uploads\/2021\/05\/Z.jpg?resize=700%2C400&ssl=1 2x"},"classes":[]},{"id":61245,"url":"https:\/\/www.grieta.org.mx\/index.php\/2021\/08\/16\/buscan-activar-nueva-mina-en-valles-centrales-de-oaxaca-con-concesion-de-1994\/","url_meta":{"origin":36353,"position":3},"title":"Buscan activar nueva mina en Valles Centrales de Oaxaca con concesi\u00f3n de 1994","author":"grieta","date":"16 agosto, 2021","format":false,"excerpt":"Contral\u00ednea \/ Z\u00f3zimo Camacho. Grupo Albatro HF, SA de CV, ha iniciado los tr\u00e1mites correspondientes para iniciar la operaci\u00f3n de una nueva mina en los Valles Centrales de Oaxaca. Lo anterior, a pesar de la serie de conflictos sociales y ambientales que ya padece la regi\u00f3n a causa de proyectos\u2026","rel":"","context":"En &quot;CINTILLO&quot;","block_context":{"text":"CINTILLO","link":"https:\/\/www.grieta.org.mx\/index.php\/category\/cintillo\/"},"img":{"alt_text":"","src":"https:\/\/i0.wp.com\/www.grieta.org.mx\/wp-content\/uploads\/2021\/08\/Z.jpg?resize=350%2C200&ssl=1","width":350,"height":200,"srcset":"https:\/\/i0.wp.com\/www.grieta.org.mx\/wp-content\/uploads\/2021\/08\/Z.jpg?resize=350%2C200&ssl=1 1x, https:\/\/i0.wp.com\/www.grieta.org.mx\/wp-content\/uploads\/2021\/08\/Z.jpg?resize=525%2C300&ssl=1 1.5x"},"classes":[]},{"id":1893,"url":"https:\/\/www.grieta.org.mx\/index.php\/2015\/02\/02\/el-pueblo-huave-conmemora-tres-anos-defendiendo-su-territorio-de-las-empresas-eolicas\/","url_meta":{"origin":36353,"position":4},"title":"El pueblo huave conmemora tres a\u00f1os defendiendo su territorio de las empresas e\u00f3licas","author":"grieta","date":"2 febrero, 2015","format":false,"excerpt":"Oaxaca 3.0, Redacci\u00f3n, Oaxaca.- Habitantes de San Mateo, Juchit\u00e1n, \u00c1lvaro Obreg\u00f3n, Uni\u00f3n Hidalgo, y San Francisco del Mar, pobladores ind\u00edgenas que han encabezado desde hace tiempo una lucha contra las empresas e\u00f3licas en el Istmo de Tehuantepec, acudieron a San Dionisio del Mar para acompa\u00f1ar al pueblo huave en la\u2026","rel":"","context":"En &quot;CINTILLO&quot;","block_context":{"text":"CINTILLO","link":"https:\/\/www.grieta.org.mx\/index.php\/category\/cintillo\/"},"img":{"alt_text":"","src":"https:\/\/i0.wp.com\/www.grieta.org.mx\/wp-content\/uploads\/2018\/03\/14524434_1106112876131411_958039263622046936_o.jpg?resize=350%2C200&ssl=1","width":350,"height":200,"srcset":"https:\/\/i0.wp.com\/www.grieta.org.mx\/wp-content\/uploads\/2018\/03\/14524434_1106112876131411_958039263622046936_o.jpg?resize=350%2C200&ssl=1 1x, https:\/\/i0.wp.com\/www.grieta.org.mx\/wp-content\/uploads\/2018\/03\/14524434_1106112876131411_958039263622046936_o.jpg?resize=525%2C300&ssl=1 1.5x, https:\/\/i0.wp.com\/www.grieta.org.mx\/wp-content\/uploads\/2018\/03\/14524434_1106112876131411_958039263622046936_o.jpg?resize=700%2C400&ssl=1 2x"},"classes":[]},{"id":26593,"url":"https:\/\/www.grieta.org.mx\/index.php\/2018\/08\/12\/lista-negra-municipal-en-oaxaca-sin-explicar-618-mdp\/","url_meta":{"origin":36353,"position":5},"title":"Lista negra municipal en Oaxaca; sin explicar 618 mdp","author":"grieta","date":"12 agosto, 2018","format":false,"excerpt":"Noticias. Virgilio S\u00e1nchez, Hasta el \u00faltimo d\u00eda de marzo de 2018, 49 gobiernos municipales no hab\u00edan explicado el gasto de m\u00e1s de 618 millones de pesos, ejercidos durante el a\u00f1o 2016. \u201cSe observ\u00f3 un total de 802 millones 710 mil 645.58 pesos de los cuales municipios solventaron 190 millones 605\u2026","rel":"","context":"En &quot;CINTILLO&quot;","block_context":{"text":"CINTILLO","link":"https:\/\/www.grieta.org.mx\/index.php\/category\/cintillo\/"},"img":{"alt_text":"","src":"https:\/\/i0.wp.com\/www.grieta.org.mx\/wp-content\/uploads\/2018\/09\/image.jpg?resize=350%2C200&ssl=1","width":350,"height":200,"srcset":"https:\/\/i0.wp.com\/www.grieta.org.mx\/wp-content\/uploads\/2018\/09\/image.jpg?resize=350%2C200&ssl=1 1x, https:\/\/i0.wp.com\/www.grieta.org.mx\/wp-content\/uploads\/2018\/09\/image.jpg?resize=525%2C300&ssl=1 1.5x, https:\/\/i0.wp.com\/www.grieta.org.mx\/wp-content\/uploads\/2018\/09\/image.jpg?resize=700%2C400&ssl=1 2x, https:\/\/i0.wp.com\/www.grieta.org.mx\/wp-content\/uploads\/2018\/09\/image.jpg?resize=1050%2C600&ssl=1 3x"},"classes":[]}],"_links":{"self":[{"href":"https:\/\/www.grieta.org.mx\/index.php\/wp-json\/wp\/v2\/posts\/36353","targetHints":{"allow":["GET"]}}],"collection":[{"href":"https:\/\/www.grieta.org.mx\/index.php\/wp-json\/wp\/v2\/posts"}],"about":[{"href":"https:\/\/www.grieta.org.mx\/index.php\/wp-json\/wp\/v2\/types\/post"}],"author":[{"embeddable":true,"href":"https:\/\/www.grieta.org.mx\/index.php\/wp-json\/wp\/v2\/users\/2"}],"replies":[{"embeddable":true,"href":"https:\/\/www.grieta.org.mx\/index.php\/wp-json\/wp\/v2\/comments?post=36353"}],"version-history":[{"count":1,"href":"https:\/\/www.grieta.org.mx\/index.php\/wp-json\/wp\/v2\/posts\/36353\/revisions"}],"predecessor-version":[{"id":36355,"href":"https:\/\/www.grieta.org.mx\/index.php\/wp-json\/wp\/v2\/posts\/36353\/revisions\/36355"}],"wp:featuredmedia":[{"embeddable":true,"href":"https:\/\/www.grieta.org.mx\/index.php\/wp-json\/wp\/v2\/media\/36354"}],"wp:attachment":[{"href":"https:\/\/www.grieta.org.mx\/index.php\/wp-json\/wp\/v2\/media?parent=36353"}],"wp:term":[{"taxonomy":"category","embeddable":true,"href":"https:\/\/www.grieta.org.mx\/index.php\/wp-json\/wp\/v2\/categories?post=36353"},{"taxonomy":"post_tag","embeddable":true,"href":"https:\/\/www.grieta.org.mx\/index.php\/wp-json\/wp\/v2\/tags?post=36353"}],"curies":[{"name":"wp","href":"https:\/\/api.w.org\/{rel}","templated":true}]}}