{"id":36332,"date":"2019-06-28T13:35:57","date_gmt":"2019-06-28T18:35:57","guid":{"rendered":"http:\/\/www.grieta.org.mx\/?p=36332"},"modified":"2019-07-15T13:43:03","modified_gmt":"2019-07-15T18:43:03","slug":"hondurena-denuncia-inhumanas-condiciones-en-centro-de-detencion-de-migrantes-en-tabasco-mexico","status":"publish","type":"post","link":"https:\/\/www.grieta.org.mx\/index.php\/2019\/06\/28\/hondurena-denuncia-inhumanas-condiciones-en-centro-de-detencion-de-migrantes-en-tabasco-mexico\/","title":{"rendered":"Hondure\u00f1a denuncia inhumanas condiciones en centro de detenci\u00f3n de migrantes en Tabasco, M\u00e9xico"},"content":{"rendered":"<figure id=\"attachment_36333\" aria-describedby=\"caption-attachment-36333\" style=\"width: 800px\" class=\"wp-caption alignleft\"><img loading=\"lazy\" decoding=\"async\" data-attachment-id=\"36333\" data-permalink=\"https:\/\/www.grieta.org.mx\/index.php\/2019\/06\/28\/hondurena-denuncia-inhumanas-condiciones-en-centro-de-detencion-de-migrantes-en-tabasco-mexico\/dt-common-streams-streamserver-cls-3\/\" data-orig-file=\"https:\/\/www.grieta.org.mx\/wp-content\/uploads\/2019\/07\/dt.common.streams.StreamServer.cls_.jpg\" data-orig-size=\"1024,768\" data-comments-opened=\"0\" data-image-meta=\"{&quot;aperture&quot;:&quot;0&quot;,&quot;credit&quot;:&quot;&quot;,&quot;camera&quot;:&quot;&quot;,&quot;caption&quot;:&quot;&quot;,&quot;created_timestamp&quot;:&quot;0&quot;,&quot;copyright&quot;:&quot;&quot;,&quot;focal_length&quot;:&quot;0&quot;,&quot;iso&quot;:&quot;0&quot;,&quot;shutter_speed&quot;:&quot;0&quot;,&quot;title&quot;:&quot;&quot;,&quot;orientation&quot;:&quot;0&quot;}\" data-image-title=\"dt.common.streams.StreamServer.cls\" data-image-description=\"\" data-image-caption=\"&lt;p&gt;Foto: El Heraldo&lt;\/p&gt;\n\" data-medium-file=\"https:\/\/www.grieta.org.mx\/wp-content\/uploads\/2019\/07\/dt.common.streams.StreamServer.cls_-300x225.jpg\" data-large-file=\"https:\/\/www.grieta.org.mx\/wp-content\/uploads\/2019\/07\/dt.common.streams.StreamServer.cls_-1024x768.jpg\" class=\"wp-image-36333\" src=\"http:\/\/www.grieta.org.mx\/wp-content\/uploads\/2019\/07\/dt.common.streams.StreamServer.cls_.jpg\" alt=\"\" width=\"800\" height=\"600\" srcset=\"https:\/\/www.grieta.org.mx\/wp-content\/uploads\/2019\/07\/dt.common.streams.StreamServer.cls_.jpg 1024w, https:\/\/www.grieta.org.mx\/wp-content\/uploads\/2019\/07\/dt.common.streams.StreamServer.cls_-300x225.jpg 300w, https:\/\/www.grieta.org.mx\/wp-content\/uploads\/2019\/07\/dt.common.streams.StreamServer.cls_-768x576.jpg 768w, https:\/\/www.grieta.org.mx\/wp-content\/uploads\/2019\/07\/dt.common.streams.StreamServer.cls_-667x500.jpg 667w\" sizes=\"auto, (max-width: 800px) 100vw, 800px\" \/><figcaption id=\"caption-attachment-36333\" class=\"wp-caption-text\">Foto: El Heraldo<\/figcaption><\/figure>\n<p>Redacci\u00f3n \/ El Heraldo (Honduras)<\/p>\n<p>TEGUCIGALPA, HONDURAS.- Una hondure\u00f1a, que pidi\u00f3 no ser identificada, denunci\u00f3 malos tratos y las condiciones deplorables e inhumanas en las que viven cientos de centroamericanos en el centro de detenci\u00f3n de migrantes de Villahermosa, Tabasco, en el sur de M\u00e9xico.<\/p>\n<p>La compatriota estuvo unos 15 d\u00edas en el centro, hace unas semanas regres\u00f3 al pa\u00eds y comenz\u00f3 su b\u00fasqueda para poder ayudar a los dem\u00e1s hondure\u00f1os que quedaron detenidos.<\/p>\n<p>Ella platic\u00f3 con EL HERALDO y denunci\u00f3 el mal trato y la poca atenci\u00f3n que el c\u00f3nsul designado al centro les presta a los hondure\u00f1os.<\/p>\n<p>La catracha lleg\u00f3 con tres menores y todos fueron metidos en &#8220;perreras&#8221; (as\u00ed denominan los migrantes a los centros de detenci\u00f3n) por varias horas y sin aire acondicionado, adem\u00e1s, les quitaron los tel\u00e9fonos celulares y el dinero que ten\u00edan consigo.<\/p>\n<p>&#8220;Se puede imaginar c\u00f3mo tratan los mexicanos a los hondure\u00f1os&#8221;, dijo con la voz entrecortada. &#8220;Dorm\u00eda en unas colchonetas hediondas, solo hab\u00eda un ba\u00f1o y no hab\u00eda agua&#8221;, relat\u00f3.<\/p>\n<p>Tambi\u00e9n asegur\u00f3 que la &#8220;comida, cuando hab\u00eda, daban el desayuno a las 11:00 AM, el almuerzo a las 5:00 PM y la cena casi a las 3:00 de la madrugada&#8221;.<\/p>\n<p><img loading=\"lazy\" decoding=\"async\" data-attachment-id=\"36334\" data-permalink=\"https:\/\/www.grieta.org.mx\/index.php\/2019\/06\/28\/hondurena-denuncia-inhumanas-condiciones-en-centro-de-detencion-de-migrantes-en-tabasco-mexico\/dt-common-streams-streamserver-cls-4\/\" data-orig-file=\"https:\/\/www.grieta.org.mx\/wp-content\/uploads\/2019\/07\/dt.common.streams.StreamServer.cls_-1.jpg\" data-orig-size=\"800,600\" data-comments-opened=\"0\" data-image-meta=\"{&quot;aperture&quot;:&quot;0&quot;,&quot;credit&quot;:&quot;&quot;,&quot;camera&quot;:&quot;&quot;,&quot;caption&quot;:&quot;&quot;,&quot;created_timestamp&quot;:&quot;0&quot;,&quot;copyright&quot;:&quot;&quot;,&quot;focal_length&quot;:&quot;0&quot;,&quot;iso&quot;:&quot;0&quot;,&quot;shutter_speed&quot;:&quot;0&quot;,&quot;title&quot;:&quot;&quot;,&quot;orientation&quot;:&quot;0&quot;}\" data-image-title=\"dt.common.streams.StreamServer.cls\" data-image-description=\"\" data-image-caption=\"\" data-medium-file=\"https:\/\/www.grieta.org.mx\/wp-content\/uploads\/2019\/07\/dt.common.streams.StreamServer.cls_-1-300x225.jpg\" data-large-file=\"https:\/\/www.grieta.org.mx\/wp-content\/uploads\/2019\/07\/dt.common.streams.StreamServer.cls_-1.jpg\" class=\"alignleft wp-image-36334 size-full\" src=\"http:\/\/www.grieta.org.mx\/wp-content\/uploads\/2019\/07\/dt.common.streams.StreamServer.cls_-1.jpg\" alt=\"\" width=\"800\" height=\"600\" srcset=\"https:\/\/www.grieta.org.mx\/wp-content\/uploads\/2019\/07\/dt.common.streams.StreamServer.cls_-1.jpg 800w, https:\/\/www.grieta.org.mx\/wp-content\/uploads\/2019\/07\/dt.common.streams.StreamServer.cls_-1-300x225.jpg 300w, https:\/\/www.grieta.org.mx\/wp-content\/uploads\/2019\/07\/dt.common.streams.StreamServer.cls_-1-768x576.jpg 768w, https:\/\/www.grieta.org.mx\/wp-content\/uploads\/2019\/07\/dt.common.streams.StreamServer.cls_-1-667x500.jpg 667w\" sizes=\"auto, (max-width: 800px) 100vw, 800px\" \/><\/p>\n<p>Adem\u00e1s, el centro solo cuenta con servicio de agua potable durante dos horas al d\u00eda y, seg\u00fan la hondure\u00f1a, hay unas 500 personas viviendo en el mismo lugar con un solo ba\u00f1o, asegur\u00f3.<\/p>\n<p>La compatriota comparti\u00f3 algunas im\u00e1genes del hacinamiento en el que viven los centroamericanos. &#8220;Se duerme, basicamente, en el suelo, ah\u00ed (en las fotograf\u00edas) se puede observar que la basura est\u00e1 donde se duerme&#8221;.<\/p>\n<p>Tras su salida ha buscado la ayuda del c\u00f3nsul asignado a la zona, Darwin Antonio Medina Rodas, pero \u00e9l no le responde y hasta le bloque\u00f3 el contacto, afirm\u00f3.<\/p>\n<p>La se\u00f1ora logr\u00f3 conseguir los nombres de al menos tres compatriotas que llevan casi un mes encerrados en el lugar: Claudia Mariela SanPang, Javier de Jes\u00fas N\u00fa\u00f1ez (hijo de Claudia) y Carlos Andony Montufar, quienes solicitan ayuda para poder salir.<\/p>\n<p>EL HERALDO se contact\u00f3 con el c\u00f3nsul asignado, pero dijo que \u00e9l no estaba autorizado a brindar declaraciones.<\/p>\n<p>Esta denuncia surge cuando miles de hondure\u00f1os, salvadore\u00f1os y guatemaltecos siguen saliendo de sus pa\u00edses en busca de una vida mejor en Estados Unidos.<\/p>\n<p>EL HERALDO, en una serie de reportajes sobre la situaci\u00f3n migrante, evidenci\u00f3 las terribles condiciones en las que est\u00e1n decenas de hondure\u00f1os.<\/p>\n<p>En ciudades como McAllen, Tijuana y Ciudad Ju\u00e1rez los migrantes se las ingenian para poder continuar con el &#8220;sue\u00f1o americano&#8221;.<\/p>\n<p><a href=\"https:\/\/www.elheraldo.hn\/minisitios\/hondurenosenelmundo\/1297394-471\/hondure%C3%B1a-denuncia-inhumanas-condiciones-en-centro-de-detenci%C3%B3n-de-migrantes-en-tabasco\">https:\/\/www.elheraldo.hn\/minisitios\/hondurenosenelmundo\/1297394-471\/hondure%C3%B1a-denuncia-inhumanas-condiciones-en-centro-de-detenci%C3%B3n-de-migrantes-en-tabasco<\/a><\/p>\n","protected":false},"excerpt":{"rendered":"<p>Redacci\u00f3n \/ El Heraldo (Honduras) TEGUCIGALPA, HONDURAS.- Una hondure\u00f1a, que pidi\u00f3 no ser identificada, denunci\u00f3 malos tratos y las condiciones deplorables e inhumanas en las que viven cientos de centroamericanos &hellip; <a href=\"https:\/\/www.grieta.org.mx\/index.php\/2019\/06\/28\/hondurena-denuncia-inhumanas-condiciones-en-centro-de-detencion-de-migrantes-en-tabasco-mexico\/\" class=\"more-link\">Leer m\u00e1s<\/a><\/p>\n","protected":false},"author":2,"featured_media":36333,"comment_status":"closed","ping_status":"closed","sticky":false,"template":"","format":"standard","meta":{"ngg_post_thumbnail":0,"_jetpack_newsletter_access":"","_jetpack_dont_email_post_to_subs":false,"_jetpack_newsletter_tier_id":0,"_jetpack_memberships_contains_paywalled_content":false,"_jetpack_memberships_contains_paid_content":false,"footnotes":""},"categories":[80,86,2,2622,32,83],"tags":[1395],"class_list":["post-36332","post","type-post","status-publish","format-standard","has-post-thumbnail","hentry","category-cintillo","category-migrantes","category-noticias-nacionales","category-poblaciones-migrantes-en-tabasco","category-tabasco","category-temas-nacionales","tag-abuso-contra-migrantes","entry"],"jetpack_featured_media_url":"https:\/\/www.grieta.org.mx\/wp-content\/uploads\/2019\/07\/dt.common.streams.StreamServer.cls_.jpg","jetpack_sharing_enabled":true,"jetpack_shortlink":"https:\/\/wp.me\/p7ZJR4-9s0","jetpack_likes_enabled":false,"jetpack-related-posts":[{"id":44310,"url":"https:\/\/www.grieta.org.mx\/index.php\/2020\/02\/12\/cndh-investiga-denuncias-por-maltrato-y-descargas-electricas-contra-migrantes-en-tabasco\/","url_meta":{"origin":36332,"position":0},"title":"CNDH investiga denuncias por maltrato y descargas el\u00e9ctricas contra migrantes en Tabasco","author":"grieta","date":"12 febrero, 2020","format":false,"excerpt":"En enero pasado, una estudiante mexicana que estuvo en la estaci\u00f3n \"El Anexo\", en Tabasco, denunci\u00f3 que los migrantes detenidos fueron maltratados, e incluso sometidos con descargas el\u00e9ctricas, por parte del personal del INM. ANIMAL POL\u00cdTICO La Comisi\u00f3n Nacional de los Derechos Humanos (CNDH) investiga las presuntas vulneraciones cometidas contra\u2026","rel":"","context":"En &quot;CINTILLO&quot;","block_context":{"text":"CINTILLO","link":"https:\/\/www.grieta.org.mx\/index.php\/category\/cintillo\/"},"img":{"alt_text":"","src":"https:\/\/i0.wp.com\/www.grieta.org.mx\/wp-content\/uploads\/2020\/02\/cndh_denuncias_maltrato_migrantes-e1581546296311.jpeg?resize=350%2C200&ssl=1","width":350,"height":200,"srcset":"https:\/\/i0.wp.com\/www.grieta.org.mx\/wp-content\/uploads\/2020\/02\/cndh_denuncias_maltrato_migrantes-e1581546296311.jpeg?resize=350%2C200&ssl=1 1x, https:\/\/i0.wp.com\/www.grieta.org.mx\/wp-content\/uploads\/2020\/02\/cndh_denuncias_maltrato_migrantes-e1581546296311.jpeg?resize=525%2C300&ssl=1 1.5x, https:\/\/i0.wp.com\/www.grieta.org.mx\/wp-content\/uploads\/2020\/02\/cndh_denuncias_maltrato_migrantes-e1581546296311.jpeg?resize=700%2C400&ssl=1 2x, https:\/\/i0.wp.com\/www.grieta.org.mx\/wp-content\/uploads\/2020\/02\/cndh_denuncias_maltrato_migrantes-e1581546296311.jpeg?resize=1050%2C600&ssl=1 3x, https:\/\/i0.wp.com\/www.grieta.org.mx\/wp-content\/uploads\/2020\/02\/cndh_denuncias_maltrato_migrantes-e1581546296311.jpeg?resize=1400%2C800&ssl=1 4x"},"classes":[]},{"id":62148,"url":"https:\/\/www.grieta.org.mx\/index.php\/2021\/09\/25\/mas-31-mil-migrantes-fueron-detenidos-en-tabasco\/","url_meta":{"origin":36332,"position":1},"title":"M\u00e1s 31 mil migrantes fueron detenidos en Tabasco","author":"grieta","date":"25 septiembre, 2021","format":false,"excerpt":"Nicasio Arias | El Heraldo de Tabasco De acuerdo a los datos de la Unidad de Pol\u00edtica Migratoria de la Secretar\u00eda de Gobernaci\u00f3n, en Tabasco, durante 2019 y 2020, un total de 31 mil 335 migrantes fueron detenidos por la autoridad Del 2019 a julio del 2021, un total de\u2026","rel":"","context":"En &quot;CINTILLO&quot;","block_context":{"text":"CINTILLO","link":"https:\/\/www.grieta.org.mx\/index.php\/category\/cintillo\/"},"img":{"alt_text":"","src":"https:\/\/i0.wp.com\/www.grieta.org.mx\/wp-content\/uploads\/2021\/10\/migrantes.jpeg?resize=350%2C200&ssl=1","width":350,"height":200,"srcset":"https:\/\/i0.wp.com\/www.grieta.org.mx\/wp-content\/uploads\/2021\/10\/migrantes.jpeg?resize=350%2C200&ssl=1 1x, https:\/\/i0.wp.com\/www.grieta.org.mx\/wp-content\/uploads\/2021\/10\/migrantes.jpeg?resize=525%2C300&ssl=1 1.5x, https:\/\/i0.wp.com\/www.grieta.org.mx\/wp-content\/uploads\/2021\/10\/migrantes.jpeg?resize=700%2C400&ssl=1 2x"},"classes":[]},{"id":50657,"url":"https:\/\/www.grieta.org.mx\/index.php\/2020\/05\/17\/centroamericanos-desprotegidos-ante-el-covid-19-en-villahermosa-tabasco\/","url_meta":{"origin":36332,"position":2},"title":"Centroamericanos desprotegidos ante el Covid-19 en Villahermosa, Tabasco","author":"grieta","date":"17 mayo, 2020","format":false,"excerpt":"Jes\u00fas Manuel Dom\u00ednguez \/ El Heraldo de Tabasco Migrantes de distintas nacionales, en su mayor\u00eda de Centroam\u00e9rica, siguen deambulando por los cruceros de Villahermosa pidiendo dinero a los automovilistas sin tomar las medidas preventivas para evitar el contagio de COVID-19. Se les puede ver en grupos o en familia en\u2026","rel":"","context":"En &quot;CINTILLO&quot;","block_context":{"text":"CINTILLO","link":"https:\/\/www.grieta.org.mx\/index.php\/category\/cintillo\/"},"img":{"alt_text":"","src":"https:\/\/i0.wp.com\/www.grieta.org.mx\/wp-content\/uploads\/2020\/06\/MIGRANTES-CARLOS-PEREZ-3.jpeg?resize=350%2C200&ssl=1","width":350,"height":200,"srcset":"https:\/\/i0.wp.com\/www.grieta.org.mx\/wp-content\/uploads\/2020\/06\/MIGRANTES-CARLOS-PEREZ-3.jpeg?resize=350%2C200&ssl=1 1x, https:\/\/i0.wp.com\/www.grieta.org.mx\/wp-content\/uploads\/2020\/06\/MIGRANTES-CARLOS-PEREZ-3.jpeg?resize=525%2C300&ssl=1 1.5x, https:\/\/i0.wp.com\/www.grieta.org.mx\/wp-content\/uploads\/2020\/06\/MIGRANTES-CARLOS-PEREZ-3.jpeg?resize=700%2C400&ssl=1 2x"},"classes":[]},{"id":43740,"url":"https:\/\/www.grieta.org.mx\/index.php\/2020\/01\/22\/autoridades-detienen-a-mas-de-2-mil-migrantes-centroamericanos-en-tabasco-y-chiapas\/","url_meta":{"origin":36332,"position":3},"title":"Autoridades detienen a m\u00e1s de 2 mil migrantes centroamericanos en Tabasco y Chiapas","author":"grieta","date":"22 enero, 2020","format":false,"excerpt":"Redacci\u00f3n \/ Animal Pol\u00edtico Los agentes federales del INM encontraron a mil 300 migrantes en Tabasco y a 800 m\u00e1s en Chiapas; en las pr\u00f3ximas horas se determinar\u00e1 su condici\u00f3n jur\u00eddica. En un solo d\u00eda, el Instituto Nacional de Migraci\u00f3n (INM) asegur\u00f3 a m\u00e1s de 2 mil mujeres, hombres y\u2026","rel":"","context":"En &quot;Abuso de fuerzas represivas en Tabasco&quot;","block_context":{"text":"Abuso de fuerzas represivas en Tabasco","link":"https:\/\/www.grieta.org.mx\/index.php\/category\/noticias-nacionales\/tabasco\/abuso-de-fuerzas-represivas-en-tabasco\/"},"img":{"alt_text":"","src":"https:\/\/i0.wp.com\/www.grieta.org.mx\/wp-content\/uploads\/2020\/01\/cuartoscuro_739649_digital-e1579712765634.jpeg?resize=350%2C200&ssl=1","width":350,"height":200,"srcset":"https:\/\/i0.wp.com\/www.grieta.org.mx\/wp-content\/uploads\/2020\/01\/cuartoscuro_739649_digital-e1579712765634.jpeg?resize=350%2C200&ssl=1 1x, https:\/\/i0.wp.com\/www.grieta.org.mx\/wp-content\/uploads\/2020\/01\/cuartoscuro_739649_digital-e1579712765634.jpeg?resize=525%2C300&ssl=1 1.5x, https:\/\/i0.wp.com\/www.grieta.org.mx\/wp-content\/uploads\/2020\/01\/cuartoscuro_739649_digital-e1579712765634.jpeg?resize=700%2C400&ssl=1 2x, https:\/\/i0.wp.com\/www.grieta.org.mx\/wp-content\/uploads\/2020\/01\/cuartoscuro_739649_digital-e1579712765634.jpeg?resize=1050%2C600&ssl=1 3x, https:\/\/i0.wp.com\/www.grieta.org.mx\/wp-content\/uploads\/2020\/01\/cuartoscuro_739649_digital-e1579712765634.jpeg?resize=1400%2C800&ssl=1 4x"},"classes":[]},{"id":43702,"url":"https:\/\/www.grieta.org.mx\/index.php\/2020\/01\/26\/confunden-a-estudiante-mexicana-con-migrantes-y-la-detienen-tabasco\/","url_meta":{"origin":36332,"position":4},"title":"Confunden a estudiante mexicana con migrantes y la detienen (Tabasco)","author":"grieta","date":"26 enero, 2020","format":false,"excerpt":"Redacci\u00f3n \/ La Verdad La estudiante que fue detenida por el Instituto Nacional de Migraci\u00f3n estuvo reclu\u00edda cinco d\u00edas. El Instituto Nacional de Migraci\u00f3n (INM) realiz\u00f3 la detenci\u00f3n de una mujer estudiante a la que confundi\u00f3 con los migrantes hondure\u00f1os. Se trata de Dulce \"N\", una estudiante originaria del estado\u2026","rel":"","context":"En &quot;Abuso de fuerzas represivas en Tabasco&quot;","block_context":{"text":"Abuso de fuerzas represivas en Tabasco","link":"https:\/\/www.grieta.org.mx\/index.php\/category\/noticias-nacionales\/tabasco\/abuso-de-fuerzas-represivas-en-tabasco\/"},"img":{"alt_text":"","src":"https:\/\/i0.wp.com\/www.grieta.org.mx\/wp-content\/uploads\/2020\/01\/https-_laverdadnoticias.com___export_1580061250258_sites_laverdad_img_2020_01_26_confunden_a_estudiante_mexicana_con_migrantes_y_la_detienen.jpg_1834093470.jpg?resize=350%2C200&ssl=1","width":350,"height":200,"srcset":"https:\/\/i0.wp.com\/www.grieta.org.mx\/wp-content\/uploads\/2020\/01\/https-_laverdadnoticias.com___export_1580061250258_sites_laverdad_img_2020_01_26_confunden_a_estudiante_mexicana_con_migrantes_y_la_detienen.jpg_1834093470.jpg?resize=350%2C200&ssl=1 1x, https:\/\/i0.wp.com\/www.grieta.org.mx\/wp-content\/uploads\/2020\/01\/https-_laverdadnoticias.com___export_1580061250258_sites_laverdad_img_2020_01_26_confunden_a_estudiante_mexicana_con_migrantes_y_la_detienen.jpg_1834093470.jpg?resize=525%2C300&ssl=1 1.5x, https:\/\/i0.wp.com\/www.grieta.org.mx\/wp-content\/uploads\/2020\/01\/https-_laverdadnoticias.com___export_1580061250258_sites_laverdad_img_2020_01_26_confunden_a_estudiante_mexicana_con_migrantes_y_la_detienen.jpg_1834093470.jpg?resize=700%2C400&ssl=1 2x, https:\/\/i0.wp.com\/www.grieta.org.mx\/wp-content\/uploads\/2020\/01\/https-_laverdadnoticias.com___export_1580061250258_sites_laverdad_img_2020_01_26_confunden_a_estudiante_mexicana_con_migrantes_y_la_detienen.jpg_1834093470.jpg?resize=1050%2C600&ssl=1 3x, https:\/\/i0.wp.com\/www.grieta.org.mx\/wp-content\/uploads\/2020\/01\/https-_laverdadnoticias.com___export_1580061250258_sites_laverdad_img_2020_01_26_confunden_a_estudiante_mexicana_con_migrantes_y_la_detienen.jpg_1834093470.jpg?resize=1400%2C800&ssl=1 4x"},"classes":[]},{"id":33147,"url":"https:\/\/www.grieta.org.mx\/index.php\/2019\/05\/04\/mexico-emprende-caceria-contra-migrantes-que-viajan-en-la-bestia-veracruz-tabasco\/","url_meta":{"origin":36332,"position":5},"title":"M\u00e9xico emprende cacer\u00eda contra migrantes que viajan en la Bestia (Veracruz, Tabasco)","author":"grieta","date":"4 mayo, 2019","format":false,"excerpt":"Xiomara Orellana \/ La Prensa Tegucigalpa, Honduras. Desbordada est\u00e1 la situaci\u00f3n migratoria en M\u00e9xico, lo que ha obligado a los agentes del Instituto Nacional de Migraci\u00f3n (INM) a perseguir a los sin papeles que se encuentran a lo largo de las fronteras norte y sur en ese pa\u00eds. Las medidas\u2026","rel":"","context":"En &quot;CINTILLO&quot;","block_context":{"text":"CINTILLO","link":"https:\/\/www.grieta.org.mx\/index.php\/category\/cintillo\/"},"img":{"alt_text":"","src":"https:\/\/i0.wp.com\/www.grieta.org.mx\/wp-content\/uploads\/2019\/05\/dt.common.streams.StreamServer.cls_.jpg?resize=350%2C200&ssl=1","width":350,"height":200,"srcset":"https:\/\/i0.wp.com\/www.grieta.org.mx\/wp-content\/uploads\/2019\/05\/dt.common.streams.StreamServer.cls_.jpg?resize=350%2C200&ssl=1 1x, https:\/\/i0.wp.com\/www.grieta.org.mx\/wp-content\/uploads\/2019\/05\/dt.common.streams.StreamServer.cls_.jpg?resize=525%2C300&ssl=1 1.5x, https:\/\/i0.wp.com\/www.grieta.org.mx\/wp-content\/uploads\/2019\/05\/dt.common.streams.StreamServer.cls_.jpg?resize=700%2C400&ssl=1 2x"},"classes":[]}],"_links":{"self":[{"href":"https:\/\/www.grieta.org.mx\/index.php\/wp-json\/wp\/v2\/posts\/36332","targetHints":{"allow":["GET"]}}],"collection":[{"href":"https:\/\/www.grieta.org.mx\/index.php\/wp-json\/wp\/v2\/posts"}],"about":[{"href":"https:\/\/www.grieta.org.mx\/index.php\/wp-json\/wp\/v2\/types\/post"}],"author":[{"embeddable":true,"href":"https:\/\/www.grieta.org.mx\/index.php\/wp-json\/wp\/v2\/users\/2"}],"replies":[{"embeddable":true,"href":"https:\/\/www.grieta.org.mx\/index.php\/wp-json\/wp\/v2\/comments?post=36332"}],"version-history":[{"count":1,"href":"https:\/\/www.grieta.org.mx\/index.php\/wp-json\/wp\/v2\/posts\/36332\/revisions"}],"predecessor-version":[{"id":36335,"href":"https:\/\/www.grieta.org.mx\/index.php\/wp-json\/wp\/v2\/posts\/36332\/revisions\/36335"}],"wp:featuredmedia":[{"embeddable":true,"href":"https:\/\/www.grieta.org.mx\/index.php\/wp-json\/wp\/v2\/media\/36333"}],"wp:attachment":[{"href":"https:\/\/www.grieta.org.mx\/index.php\/wp-json\/wp\/v2\/media?parent=36332"}],"wp:term":[{"taxonomy":"category","embeddable":true,"href":"https:\/\/www.grieta.org.mx\/index.php\/wp-json\/wp\/v2\/categories?post=36332"},{"taxonomy":"post_tag","embeddable":true,"href":"https:\/\/www.grieta.org.mx\/index.php\/wp-json\/wp\/v2\/tags?post=36332"}],"curies":[{"name":"wp","href":"https:\/\/api.w.org\/{rel}","templated":true}]}}