{"id":36292,"date":"2019-07-13T23:44:30","date_gmt":"2019-07-14T04:44:30","guid":{"rendered":"http:\/\/www.grieta.org.mx\/?p=36292"},"modified":"2019-07-14T23:58:32","modified_gmt":"2019-07-15T04:58:32","slug":"el-narco-tenia-a-21-esclavos-encerrados-en-una-cueva-en-chihuahua-la-fiscalia-los-rescata","status":"publish","type":"post","link":"https:\/\/www.grieta.org.mx\/index.php\/2019\/07\/13\/el-narco-tenia-a-21-esclavos-encerrados-en-una-cueva-en-chihuahua-la-fiscalia-los-rescata\/","title":{"rendered":"El narco ten\u00eda a 21 esclavos encerrados en una cueva en Chihuahua; la Fiscal\u00eda los rescata"},"content":{"rendered":"<blockquote>\n<figure id=\"attachment_36296\" aria-describedby=\"caption-attachment-36296\" style=\"width: 780px\" class=\"wp-caption alignleft\"><img loading=\"lazy\" decoding=\"async\" data-attachment-id=\"36296\" data-permalink=\"https:\/\/www.grieta.org.mx\/index.php\/2019\/07\/13\/el-narco-tenia-a-21-esclavos-encerrados-en-una-cueva-en-chihuahua-la-fiscalia-los-rescata\/cueva-enseres\/\" data-orig-file=\"https:\/\/www.grieta.org.mx\/wp-content\/uploads\/2019\/07\/Cueva-enseres.jpg\" data-orig-size=\"1100,580\" data-comments-opened=\"0\" data-image-meta=\"{&quot;aperture&quot;:&quot;0&quot;,&quot;credit&quot;:&quot;&quot;,&quot;camera&quot;:&quot;&quot;,&quot;caption&quot;:&quot;&quot;,&quot;created_timestamp&quot;:&quot;0&quot;,&quot;copyright&quot;:&quot;&quot;,&quot;focal_length&quot;:&quot;0&quot;,&quot;iso&quot;:&quot;0&quot;,&quot;shutter_speed&quot;:&quot;0&quot;,&quot;title&quot;:&quot;&quot;,&quot;orientation&quot;:&quot;0&quot;}\" data-image-title=\"Cueva enseres\" data-image-description=\"\" data-image-caption=\"&lt;p&gt;Entre las v\u00edctimas rescatadas, algunos permanecieron privadas de su libertad desde durante tres meses, mientras que otros llevaban hasta dos a\u00f1os y medio en el lugar. Foto: Fiscal\u00eda General del Estado de Chihuahua&lt;\/p&gt;\n\" data-medium-file=\"https:\/\/www.grieta.org.mx\/wp-content\/uploads\/2019\/07\/Cueva-enseres-300x158.jpg\" data-large-file=\"https:\/\/www.grieta.org.mx\/wp-content\/uploads\/2019\/07\/Cueva-enseres-1024x540.jpg\" class=\"wp-image-36296\" src=\"http:\/\/www.grieta.org.mx\/wp-content\/uploads\/2019\/07\/Cueva-enseres.jpg\" alt=\"\" width=\"780\" height=\"411\" srcset=\"https:\/\/www.grieta.org.mx\/wp-content\/uploads\/2019\/07\/Cueva-enseres.jpg 1100w, https:\/\/www.grieta.org.mx\/wp-content\/uploads\/2019\/07\/Cueva-enseres-300x158.jpg 300w, https:\/\/www.grieta.org.mx\/wp-content\/uploads\/2019\/07\/Cueva-enseres-768x405.jpg 768w, https:\/\/www.grieta.org.mx\/wp-content\/uploads\/2019\/07\/Cueva-enseres-1024x540.jpg 1024w, https:\/\/www.grieta.org.mx\/wp-content\/uploads\/2019\/07\/Cueva-enseres-948x500.jpg 948w\" sizes=\"auto, (max-width: 780px) 100vw, 780px\" \/><figcaption id=\"caption-attachment-36296\" class=\"wp-caption-text\">Entre las v\u00edctimas rescatadas, algunos permanecieron privadas de su libertad desde durante tres meses, mientras que otros llevaban hasta dos a\u00f1os y medio en el lugar. Foto: Fiscal\u00eda General del Estado de Chihuahua<\/figcaption><\/figure>\n<p>&nbsp;<\/p>\n<p>Las v\u00edctimas relataron a las autoridades que eran despertados desde las seis de la ma\u00f1ana para ir a trabajar en los cultivos y en la noche los met\u00edan a una cueva, en donde eran vigilados por sujetos armados que se encargaban de golpearlos y amenazarlos si intentaban fugarse.<\/p><\/blockquote>\n<p>Redacci\u00f3n\/ Sin embargo<\/p>\n<p>Ciudad de M\u00e9xico, 13 de julio (SinEmbargo).- La Fiscal\u00eda General del estado de Chihuahua rescat\u00f3 a 21 hombres que permanec\u00edan cautivos en una cueva en el municipio de Ocampo, los cuales fueron atra\u00eddos con enga\u00f1os y secuestrados por presuntos miembros del crimen organizado para obligarlos a trabajar en la siembra y cosecha de amapola y mariguana.<\/p>\n<p>En un comunicado, la dependencia detall\u00f3 que entre las v\u00edctimas rescatadas, algunos permanecieron privadas de su libertad desde durante tres meses, mientras que otros llevaban hasta dos a\u00f1os y medio en el lugar.<\/p>\n<p>Las v\u00edctimas relataron a las autoridades que eran despertados desde las seis de la ma\u00f1ana para ir a trabajar en los cultivos y en la noche los met\u00edan a una cueva, en donde eran vigilados por sujetos armados que se encargaban de golpearlos y amenazarlos si intentaban fugarse.<\/p>\n<figure id=\"attachment_36293\" aria-describedby=\"caption-attachment-36293\" style=\"width: 780px\" class=\"wp-caption alignleft\"><img loading=\"lazy\" decoding=\"async\" data-attachment-id=\"36293\" data-permalink=\"https:\/\/www.grieta.org.mx\/index.php\/2019\/07\/13\/el-narco-tenia-a-21-esclavos-encerrados-en-una-cueva-en-chihuahua-la-fiscalia-los-rescata\/plantio\/\" data-orig-file=\"https:\/\/www.grieta.org.mx\/wp-content\/uploads\/2019\/07\/Plant\u00edo.jpg\" data-orig-size=\"700,525\" data-comments-opened=\"0\" data-image-meta=\"{&quot;aperture&quot;:&quot;0&quot;,&quot;credit&quot;:&quot;&quot;,&quot;camera&quot;:&quot;&quot;,&quot;caption&quot;:&quot;&quot;,&quot;created_timestamp&quot;:&quot;0&quot;,&quot;copyright&quot;:&quot;&quot;,&quot;focal_length&quot;:&quot;0&quot;,&quot;iso&quot;:&quot;0&quot;,&quot;shutter_speed&quot;:&quot;0&quot;,&quot;title&quot;:&quot;&quot;,&quot;orientation&quot;:&quot;0&quot;}\" data-image-title=\"Plant\u00edo\" data-image-description=\"\" data-image-caption=\"&lt;p&gt;En el operativo para rescatar a estas 21 personas participaron m\u00e1s de 50 elementos de la Agencia Estatal de Investigaci\u00f3n, los cuales iniciaron el operativo desde el pasado martes. Foto: Fiscal\u00eda General del Estado de Chihuahua&lt;\/p&gt;\n\" data-medium-file=\"https:\/\/www.grieta.org.mx\/wp-content\/uploads\/2019\/07\/Plant\u00edo-300x225.jpg\" data-large-file=\"https:\/\/www.grieta.org.mx\/wp-content\/uploads\/2019\/07\/Plant\u00edo.jpg\" class=\"wp-image-36293\" src=\"http:\/\/www.grieta.org.mx\/wp-content\/uploads\/2019\/07\/Plant\u00edo.jpg\" alt=\"\" width=\"780\" height=\"585\" srcset=\"https:\/\/www.grieta.org.mx\/wp-content\/uploads\/2019\/07\/Plant\u00edo.jpg 700w, https:\/\/www.grieta.org.mx\/wp-content\/uploads\/2019\/07\/Plant\u00edo-300x225.jpg 300w, https:\/\/www.grieta.org.mx\/wp-content\/uploads\/2019\/07\/Plant\u00edo-667x500.jpg 667w\" sizes=\"auto, (max-width: 780px) 100vw, 780px\" \/><figcaption id=\"caption-attachment-36293\" class=\"wp-caption-text\">En el operativo para rescatar a estas 21 personas participaron m\u00e1s de 50 elementos de la Agencia Estatal de Investigaci\u00f3n, los cuales iniciaron el operativo desde el pasado martes. Foto: Fiscal\u00eda General del Estado de Chihuahua<\/figcaption><\/figure>\n<p>Seg\u00fan informaci\u00f3n de la dependencia, las personas aseguradas eran originarios de distintas partes de la Rep\u00fablica Mexicana y fueron atra\u00eddos hasta zonas de dif\u00edcil acceso en el estado de Chihuahua para preparar predios para la siembra de amapola y marihuana.<\/p>\n<p>Dos de las v\u00edctimas rescatadas contaban con reporte de desaparici\u00f3n en la localidad de Cuauht\u00e9moc y dos m\u00e1s en la ciudad de Chihuahua, regiones en las que los cautivos fueron enganchados bajo la promesa de trabajo en la colocaci\u00f3n de cercos con un pago de 350 pesos diarios.<\/p>\n<p>En el operativo para rescatar a estas 21 personas participaron m\u00e1s de 50 elementos de la Agencia Estatal de Investigaci\u00f3n, los cuales iniciaron el operativo desde el pasado martes, traslad\u00e1ndose hasta el lugar conocido como \u201cLa Gallina\u201d de la secci\u00f3n de Yoquivo, municipio de Ocampo.<\/p>\n<p>Durante esta acci\u00f3n tambi\u00e9n fue asegurada una camioneta marca Chevrolet modelo 2005, la cual era utilizada para llevar v\u00edveres, as\u00ed como tambi\u00e9n un radio de comunicaci\u00f3n con el que los cuidadores manten\u00edan comunicaci\u00f3n con otros sujetos.<\/p>\n<figure id=\"attachment_36294\" aria-describedby=\"caption-attachment-36294\" style=\"width: 780px\" class=\"wp-caption alignleft\"><img loading=\"lazy\" decoding=\"async\" data-attachment-id=\"36294\" data-permalink=\"https:\/\/www.grieta.org.mx\/index.php\/2019\/07\/13\/el-narco-tenia-a-21-esclavos-encerrados-en-una-cueva-en-chihuahua-la-fiscalia-los-rescata\/cuevana\/\" data-orig-file=\"https:\/\/www.grieta.org.mx\/wp-content\/uploads\/2019\/07\/Cuevana.jpg\" data-orig-size=\"700,434\" data-comments-opened=\"0\" data-image-meta=\"{&quot;aperture&quot;:&quot;0&quot;,&quot;credit&quot;:&quot;&quot;,&quot;camera&quot;:&quot;&quot;,&quot;caption&quot;:&quot;&quot;,&quot;created_timestamp&quot;:&quot;0&quot;,&quot;copyright&quot;:&quot;&quot;,&quot;focal_length&quot;:&quot;0&quot;,&quot;iso&quot;:&quot;0&quot;,&quot;shutter_speed&quot;:&quot;0&quot;,&quot;title&quot;:&quot;&quot;,&quot;orientation&quot;:&quot;0&quot;}\" data-image-title=\"Cuevana\" data-image-description=\"\" data-image-caption=\"&lt;p&gt;La Fiscal\u00eda detall\u00f3 que entre las v\u00edctimas rescatadas, algunos permanecieron privadas de su libertad desde durante tres meses, mientras que otros llevaban hasta dos a\u00f1os y medio en el lugar. Foto: Foto: Fiscal\u00eda General del Estado de Chihuahua&lt;\/p&gt;\n\" data-medium-file=\"https:\/\/www.grieta.org.mx\/wp-content\/uploads\/2019\/07\/Cuevana-300x186.jpg\" data-large-file=\"https:\/\/www.grieta.org.mx\/wp-content\/uploads\/2019\/07\/Cuevana.jpg\" class=\"wp-image-36294\" src=\"http:\/\/www.grieta.org.mx\/wp-content\/uploads\/2019\/07\/Cuevana.jpg\" alt=\"\" width=\"780\" height=\"484\" srcset=\"https:\/\/www.grieta.org.mx\/wp-content\/uploads\/2019\/07\/Cuevana.jpg 700w, https:\/\/www.grieta.org.mx\/wp-content\/uploads\/2019\/07\/Cuevana-300x186.jpg 300w\" sizes=\"auto, (max-width: 780px) 100vw, 780px\" \/><figcaption id=\"caption-attachment-36294\" class=\"wp-caption-text\">La Fiscal\u00eda detall\u00f3 que entre las v\u00edctimas rescatadas, algunos permanecieron privadas de su libertad desde durante tres meses, mientras que otros llevaban hasta dos a\u00f1os y medio en el lugar. Foto: Foto: Fiscal\u00eda General del Estado de Chihuahua<\/figcaption><\/figure>\n<p>Finalmente, la Fiscal\u00eda General del Estado inform\u00f3 que lleva a cabo las indagatorias por el delito de trata de personas y se dar\u00e1 vista al Ministerio P\u00fablico Federal por lo que se refiere a Delincuencia Organizada y Narcotr\u00e1fico.<\/p>\n<p><a href=\"https:\/\/www.sinembargo.mx\/13-07-2019\/3612244\" target=\"_blank\" rel=\"noopener noreferrer\">https:\/\/www.sinembargo.mx\/13-07-2019\/3612244<\/a><\/p>\n","protected":false},"excerpt":{"rendered":"<p>&nbsp; Las v\u00edctimas relataron a las autoridades que eran despertados desde las seis de la ma\u00f1ana para ir a trabajar en los cultivos y en la noche los met\u00edan a &hellip; <a href=\"https:\/\/www.grieta.org.mx\/index.php\/2019\/07\/13\/el-narco-tenia-a-21-esclavos-encerrados-en-una-cueva-en-chihuahua-la-fiscalia-los-rescata\/\" class=\"more-link\">Leer m\u00e1s<\/a><\/p>\n","protected":false},"author":2,"featured_media":36296,"comment_status":"closed","ping_status":"closed","sticky":false,"template":"","format":"standard","meta":{"ngg_post_thumbnail":0,"_jetpack_newsletter_access":"","_jetpack_dont_email_post_to_subs":false,"_jetpack_newsletter_tier_id":0,"_jetpack_memberships_contains_paywalled_content":false,"_jetpack_memberships_contains_paid_content":false,"footnotes":""},"categories":[12,80,87,1042,2,83],"tags":[1828,121,2744],"class_list":["post-36292","post","type-post","status-publish","format-standard","has-post-thumbnail","hentry","category-chihuahua","category-cintillo","category-desaparecidos","category-desaparecidos-en-chihuahua","category-noticias-nacionales","category-temas-nacionales","tag-busqueda-de-desaparecidos","tag-desaparecidos","tag-trabajo-esclavo","entry"],"jetpack_featured_media_url":"https:\/\/www.grieta.org.mx\/wp-content\/uploads\/2019\/07\/Cueva-enseres.jpg","jetpack_sharing_enabled":true,"jetpack_shortlink":"https:\/\/wp.me\/p7ZJR4-9rm","jetpack_likes_enabled":false,"jetpack-related-posts":[{"id":31782,"url":"https:\/\/www.grieta.org.mx\/index.php\/2019\/04\/03\/culpables-exmandos-policiacos-desaparecieron-a-3-jovenes-en-chihuahua\/","url_meta":{"origin":36292,"position":0},"title":"\u00a1Culpables! Exmandos policiacos desaparecieron a 3 j\u00f3venes en Chihuahua","author":"grieta","date":"3 abril, 2019","format":false,"excerpt":"Redacci\u00f3n\/UNOTV Jes\u00fas Cort\u00e9s Jim\u00e9nez e Israel C\u00f3rdova Castro, dos exjefes de la Comisi\u00f3n Estatal de Seguridad (CES) fueron declarados culpables al demostrarse que ambos participaron en la desaparici\u00f3n de tres j\u00f3venes en la ciudad de Cuauht\u00e9moc. Tras 12 horas de audiencia, un Tribunal Colegiado emiti\u00f3 el fallo condenatorio. La Fiscal\u00eda\u2026","rel":"","context":"En &quot;Chihuahua&quot;","block_context":{"text":"Chihuahua","link":"https:\/\/www.grieta.org.mx\/index.php\/category\/noticias-nacionales\/chihuahua\/"},"img":{"alt_text":"","src":"https:\/\/i0.wp.com\/www.grieta.org.mx\/wp-content\/uploads\/2019\/04\/Chihuahua-desaparecidos1.jpg?resize=350%2C200&ssl=1","width":350,"height":200,"srcset":"https:\/\/i0.wp.com\/www.grieta.org.mx\/wp-content\/uploads\/2019\/04\/Chihuahua-desaparecidos1.jpg?resize=350%2C200&ssl=1 1x, https:\/\/i0.wp.com\/www.grieta.org.mx\/wp-content\/uploads\/2019\/04\/Chihuahua-desaparecidos1.jpg?resize=525%2C300&ssl=1 1.5x, https:\/\/i0.wp.com\/www.grieta.org.mx\/wp-content\/uploads\/2019\/04\/Chihuahua-desaparecidos1.jpg?resize=700%2C400&ssl=1 2x"},"classes":[]},{"id":26007,"url":"https:\/\/www.grieta.org.mx\/index.php\/2018\/08\/30\/realizan-vigilia-por-desaparecidas-chihuahua\/","url_meta":{"origin":36292,"position":1},"title":"Realizan vigilia por desaparecidas (Chihuahua)","author":"grieta","date":"30 agosto, 2018","format":false,"excerpt":"Ciudad Ju\u00e1rez\u2014\u00a0Como parte de las actividades de la conmemoraci\u00f3n del D\u00eda Internacional de las V\u00edctimas de Desaparici\u00f3n Forzada, organizaciones, colectivos y familiares de v\u00edctimas realizaron esta tarde una vigilia en la explanada del Museo de la Revoluci\u00f3n en la Frontera (Muref) en el centro hist\u00f3rico de la ciudad. Los participantes\u2026","rel":"","context":"En &quot;Chihuahua&quot;","block_context":{"text":"Chihuahua","link":"https:\/\/www.grieta.org.mx\/index.php\/category\/noticias-nacionales\/chihuahua\/"},"img":{"alt_text":"","src":"https:\/\/i0.wp.com\/www.grieta.org.mx\/wp-content\/uploads\/2018\/08\/diario-de-1.jpg?resize=350%2C200&ssl=1","width":350,"height":200,"srcset":"https:\/\/i0.wp.com\/www.grieta.org.mx\/wp-content\/uploads\/2018\/08\/diario-de-1.jpg?resize=350%2C200&ssl=1 1x, https:\/\/i0.wp.com\/www.grieta.org.mx\/wp-content\/uploads\/2018\/08\/diario-de-1.jpg?resize=525%2C300&ssl=1 1.5x, https:\/\/i0.wp.com\/www.grieta.org.mx\/wp-content\/uploads\/2018\/08\/diario-de-1.jpg?resize=700%2C400&ssl=1 2x"},"classes":[]},{"id":31762,"url":"https:\/\/www.grieta.org.mx\/index.php\/2019\/04\/04\/mas-que-un-fallo-condenatorio-queremos-dar-con-el-paradero-de-los-desaparecidos-chihuahua\/","url_meta":{"origin":36292,"position":2},"title":"&#8220;M\u00e1s que un fallo condenatorio queremos dar con el paradero de los desaparecidos&#8221; (Chihuahua)","author":"grieta","date":"4 abril, 2019","format":false,"excerpt":"El pr\u00f3ximo 9 de abril se dictar\u00e1 la sentencia de manera individualizada en contra del excomandante de la Comisi\u00f3n Estatal de Seguridad, Jes\u00fas Cort\u00e9s Jim\u00e9nez, as\u00ed como del exagente de la misma corporaci\u00f3n Israel C\u00f3rdoba Castro Edna Mart\u00ednez\/EL HERALDO DE CHIHUAHUA El pr\u00f3ximo 9 de abril se dictar\u00e1 la sentencia\u2026","rel":"","context":"En &quot;Chihuahua&quot;","block_context":{"text":"Chihuahua","link":"https:\/\/www.grieta.org.mx\/index.php\/category\/noticias-nacionales\/chihuahua\/"},"img":{"alt_text":"","src":"https:\/\/i0.wp.com\/www.grieta.org.mx\/wp-content\/uploads\/2019\/04\/Chihuahua-fallo.jpeg?resize=350%2C200&ssl=1","width":350,"height":200,"srcset":"https:\/\/i0.wp.com\/www.grieta.org.mx\/wp-content\/uploads\/2019\/04\/Chihuahua-fallo.jpeg?resize=350%2C200&ssl=1 1x, https:\/\/i0.wp.com\/www.grieta.org.mx\/wp-content\/uploads\/2019\/04\/Chihuahua-fallo.jpeg?resize=525%2C300&ssl=1 1.5x, https:\/\/i0.wp.com\/www.grieta.org.mx\/wp-content\/uploads\/2019\/04\/Chihuahua-fallo.jpeg?resize=700%2C400&ssl=1 2x"},"classes":[]},{"id":61654,"url":"https:\/\/www.grieta.org.mx\/index.php\/2021\/09\/01\/galeria-familiares-de-personas-desaparecidas-marchan-para-no-olvidar\/","url_meta":{"origin":36292,"position":3},"title":"Galer\u00eda: Familiares de personas desaparecidas marchan para no olvidar","author":"grieta","date":"1 septiembre, 2021","format":false,"excerpt":"\u201cHoy hace seis a\u00f1os, 2,191 d\u00edas que no s\u00e9 de \u00e9l\u2026 el d\u00eda de ma\u00f1ana es el d\u00eda internacional de las personas desaparecidas, es por eso que estamos aqu\u00ed donde no deber\u00edamos de estar. Pero nos toco esto, estar aqu\u00ed, caminando con el dolor, con la rabia y con la\u2026","rel":"","context":"En &quot;Chihuahua&quot;","block_context":{"text":"Chihuahua","link":"https:\/\/www.grieta.org.mx\/index.php\/category\/noticias-nacionales\/chihuahua\/"},"img":{"alt_text":"","src":"https:\/\/i0.wp.com\/www.grieta.org.mx\/wp-content\/uploads\/2021\/09\/untitled-16-1024x684-1.jpg?resize=350%2C200&ssl=1","width":350,"height":200,"srcset":"https:\/\/i0.wp.com\/www.grieta.org.mx\/wp-content\/uploads\/2021\/09\/untitled-16-1024x684-1.jpg?resize=350%2C200&ssl=1 1x, https:\/\/i0.wp.com\/www.grieta.org.mx\/wp-content\/uploads\/2021\/09\/untitled-16-1024x684-1.jpg?resize=525%2C300&ssl=1 1.5x, https:\/\/i0.wp.com\/www.grieta.org.mx\/wp-content\/uploads\/2021\/09\/untitled-16-1024x684-1.jpg?resize=700%2C400&ssl=1 2x"},"classes":[]},{"id":427,"url":"https:\/\/www.grieta.org.mx\/index.php\/2016\/08\/31\/familiares-de-desaparecidos-exigen-justicia\/","url_meta":{"origin":36292,"position":4},"title":"Familiares de desaparecidos exigen justicia","author":"grieta","date":"31 agosto, 2016","format":false,"excerpt":"31\/08\/16. \u201c\u00a1Duarte, nos fallaste!\u201d, recriminan familiares de desaparecidos en ChihuahuaProceso 10\/05\/16. Lloran mujeres por sus hijos desaparecidosEl Diario 09\/15\/16. Chihuahua: caravana de madres de desaparecidos parte a CDMXLa jornada 14\/04\/16. Duarte encubre fosas a forenses argentinos, dicen familiasSin Embargo 13\/04\/16. Acusa AI intimidaci\u00f3n de autoridades de Chihuahua sobre familiares de\u2026","rel":"","context":"En &quot;Chihuahua&quot;","block_context":{"text":"Chihuahua","link":"https:\/\/www.grieta.org.mx\/index.php\/category\/noticias-nacionales\/chihuahua\/"},"img":{"alt_text":"","src":"https:\/\/i0.wp.com\/www.grieta.org.mx\/wp-content\/uploads\/2018\/03\/14524434_1106112876131411_958039263622046936_o.jpg?resize=350%2C200&ssl=1","width":350,"height":200,"srcset":"https:\/\/i0.wp.com\/www.grieta.org.mx\/wp-content\/uploads\/2018\/03\/14524434_1106112876131411_958039263622046936_o.jpg?resize=350%2C200&ssl=1 1x, https:\/\/i0.wp.com\/www.grieta.org.mx\/wp-content\/uploads\/2018\/03\/14524434_1106112876131411_958039263622046936_o.jpg?resize=525%2C300&ssl=1 1.5x, https:\/\/i0.wp.com\/www.grieta.org.mx\/wp-content\/uploads\/2018\/03\/14524434_1106112876131411_958039263622046936_o.jpg?resize=700%2C400&ssl=1 2x"},"classes":[]},{"id":35856,"url":"https:\/\/www.grieta.org.mx\/index.php\/2019\/07\/01\/con-fosas-clandestinas-en-aumento-y-chihuahua-sin-comisionado-de-busqueda\/","url_meta":{"origin":36292,"position":5},"title":"Con fosas clandestinas en aumento y Chihuahua sin comisionado de B\u00fasqueda","author":"grieta","date":"1 julio, 2019","format":false,"excerpt":"A un a\u00f1o de las reformas bajo las cuales se crea la Comisi\u00f3n Estatal de B\u00fasqueda, el gobierno de Javier Corral apenas realiza una consulta p\u00fablica previa a la designaci\u00f3n de su titular, la instancia opera con una encargada provisional del despacho desde hace tres meses Roc\u00edo Gallegos\/ LA VERDAD\u2026","rel":"","context":"En &quot;Chihuahua&quot;","block_context":{"text":"Chihuahua","link":"https:\/\/www.grieta.org.mx\/index.php\/category\/noticias-nacionales\/chihuahua\/"},"img":{"alt_text":"","src":"https:\/\/i0.wp.com\/www.grieta.org.mx\/wp-content\/uploads\/2019\/07\/Foto-Fosas-fiscal%C3%ADa-OK-1024x568.jpeg?resize=350%2C200&ssl=1","width":350,"height":200,"srcset":"https:\/\/i0.wp.com\/www.grieta.org.mx\/wp-content\/uploads\/2019\/07\/Foto-Fosas-fiscal%C3%ADa-OK-1024x568.jpeg?resize=350%2C200&ssl=1 1x, https:\/\/i0.wp.com\/www.grieta.org.mx\/wp-content\/uploads\/2019\/07\/Foto-Fosas-fiscal%C3%ADa-OK-1024x568.jpeg?resize=525%2C300&ssl=1 1.5x, https:\/\/i0.wp.com\/www.grieta.org.mx\/wp-content\/uploads\/2019\/07\/Foto-Fosas-fiscal%C3%ADa-OK-1024x568.jpeg?resize=700%2C400&ssl=1 2x"},"classes":[]}],"_links":{"self":[{"href":"https:\/\/www.grieta.org.mx\/index.php\/wp-json\/wp\/v2\/posts\/36292","targetHints":{"allow":["GET"]}}],"collection":[{"href":"https:\/\/www.grieta.org.mx\/index.php\/wp-json\/wp\/v2\/posts"}],"about":[{"href":"https:\/\/www.grieta.org.mx\/index.php\/wp-json\/wp\/v2\/types\/post"}],"author":[{"embeddable":true,"href":"https:\/\/www.grieta.org.mx\/index.php\/wp-json\/wp\/v2\/users\/2"}],"replies":[{"embeddable":true,"href":"https:\/\/www.grieta.org.mx\/index.php\/wp-json\/wp\/v2\/comments?post=36292"}],"version-history":[{"count":1,"href":"https:\/\/www.grieta.org.mx\/index.php\/wp-json\/wp\/v2\/posts\/36292\/revisions"}],"predecessor-version":[{"id":36297,"href":"https:\/\/www.grieta.org.mx\/index.php\/wp-json\/wp\/v2\/posts\/36292\/revisions\/36297"}],"wp:featuredmedia":[{"embeddable":true,"href":"https:\/\/www.grieta.org.mx\/index.php\/wp-json\/wp\/v2\/media\/36296"}],"wp:attachment":[{"href":"https:\/\/www.grieta.org.mx\/index.php\/wp-json\/wp\/v2\/media?parent=36292"}],"wp:term":[{"taxonomy":"category","embeddable":true,"href":"https:\/\/www.grieta.org.mx\/index.php\/wp-json\/wp\/v2\/categories?post=36292"},{"taxonomy":"post_tag","embeddable":true,"href":"https:\/\/www.grieta.org.mx\/index.php\/wp-json\/wp\/v2\/tags?post=36292"}],"curies":[{"name":"wp","href":"https:\/\/api.w.org\/{rel}","templated":true}]}}