{"id":36249,"date":"2019-07-12T11:50:07","date_gmt":"2019-07-12T16:50:07","guid":{"rendered":"http:\/\/www.grieta.org.mx\/?p=36249"},"modified":"2019-07-21T00:15:42","modified_gmt":"2019-07-21T05:15:42","slug":"comunicado-ante-mas-asesinatos-y-amenazas-a-promotores-del-cipog-ez-y-delegados-del-cni-en-guerrero-mientras-continua-la-impunidad-la-corrupcion-y-la-omision-de-los-tres-niveles-de-gobierno","status":"publish","type":"post","link":"https:\/\/www.grieta.org.mx\/index.php\/2019\/07\/12\/comunicado-ante-mas-asesinatos-y-amenazas-a-promotores-del-cipog-ez-y-delegados-del-cni-en-guerrero-mientras-continua-la-impunidad-la-corrupcion-y-la-omision-de-los-tres-niveles-de-gobierno\/","title":{"rendered":"Comunicado ante m\u00e1s asesinatos y amenazas a promotores del CIPOG-EZ y delegados del CNI en Guerrero. Mientras continua la impunidad, la corrupci\u00f3n y la omisi\u00f3n de los tres niveles de gobierno"},"content":{"rendered":"<p><img loading=\"lazy\" decoding=\"async\" data-attachment-id=\"34275\" data-permalink=\"https:\/\/www.grieta.org.mx\/index.php\/2019\/06\/05\/comunicado-del-cni-cig-y-el-ezln-ante-la-violencia-desatada-contra-los-pueblos-originarios\/logo-cni-t-3\/\" data-orig-file=\"https:\/\/www.grieta.org.mx\/wp-content\/uploads\/2019\/06\/logo-CNI-T.png\" data-orig-size=\"558,303\" data-comments-opened=\"0\" data-image-meta=\"{&quot;aperture&quot;:&quot;0&quot;,&quot;credit&quot;:&quot;&quot;,&quot;camera&quot;:&quot;&quot;,&quot;caption&quot;:&quot;&quot;,&quot;created_timestamp&quot;:&quot;0&quot;,&quot;copyright&quot;:&quot;&quot;,&quot;focal_length&quot;:&quot;0&quot;,&quot;iso&quot;:&quot;0&quot;,&quot;shutter_speed&quot;:&quot;0&quot;,&quot;title&quot;:&quot;&quot;,&quot;orientation&quot;:&quot;0&quot;}\" data-image-title=\"logo-CNI-T\" data-image-description=\"\" data-image-caption=\"\" data-medium-file=\"https:\/\/www.grieta.org.mx\/wp-content\/uploads\/2019\/06\/logo-CNI-T-300x163.png\" data-large-file=\"https:\/\/www.grieta.org.mx\/wp-content\/uploads\/2019\/06\/logo-CNI-T.png\" class=\"size-full wp-image-34275 aligncenter\" src=\"http:\/\/www.grieta.org.mx\/wp-content\/uploads\/2019\/06\/logo-CNI-T.png\" alt=\"\" width=\"558\" height=\"303\" srcset=\"https:\/\/www.grieta.org.mx\/wp-content\/uploads\/2019\/06\/logo-CNI-T.png 558w, https:\/\/www.grieta.org.mx\/wp-content\/uploads\/2019\/06\/logo-CNI-T-300x163.png 300w\" sizes=\"auto, (max-width: 558px) 100vw, 558px\" \/><\/p>\n<p>Al Ejercito Zapatista de Liberaci\u00f3n Nacional<br \/>\nAl Congreso Nacional Ind\u00edgena<br \/>\nAl Concejo Ind\u00edgena de Gobierno<br \/>\nA los pueblos de Guerrero<br \/>\nA los pueblos de M\u00e9xico<br \/>\nA la sexta nacional e internacional<br \/>\nA las redes de resistencia y rebeld\u00eda<br \/>\nA las redes de apoyo al CIG<\/p>\n<p>Territorio Comunitario, Guerrero, 12 de Julio de 2019<\/p>\n<p>Los hombres, mujeres, ni\u00f1os, ni\u00f1as, abuelitos y abuelitas que integramos el Consejo Ind\u00edgena y Popular de Guerrero \u2013 Emiliano Zapata, nuevamente tenemos que levantar nuestra voz para denunciar la omisi\u00f3n de las autoridades municipales, estatales y federales frente a la emergencia humanitaria que se recrudece en el territorio comunitario de la Monta\u00f1a Baja del estado de Guerrero. Los grupos narcoparamilitares contin\u00faan asesinando a nuestros promotores y promotoras del CIPOG-EZ y delegados del CNI, dem\u00e1s han iniciado una campa\u00f1a de amenazas contra nuestra organizaci\u00f3n, con el fin de exterminar y desarticular a los pueblos organizados.<\/p>\n<p>El lunes 8 de Julio del 2019 los ind\u00edgenas nahua David Domingo Alonso y Marcelino Pedro Rojas, promotores locales del CIPOG-EZ y delegados del CNI en Guerrero originarios de la comunidad de Ayahualtempa, del municipio de Jos\u00e9 Joaqu\u00edn de Herrera, de acuerdo a los testimonios de los vecinos el grupo narcoparamlitar \u00abLos Ardillos\u00bb los levanto en el crucero del Jag\u00fcey y aparecieron asesinados al d\u00eda siguiente en la localidad de Chautla, que se ubica antes del arco de entrada a Chilapa, y a unos kil\u00f3metros de la carretera federal Chilpancingo-Tlapa, este lugar donde es de conocimiento p\u00fablico controlada por este grupo.<br \/>\nEl mi\u00e9rcoles 10 de Julio del 2019 las ind\u00edgenas Nahua Juana Hern\u00e1ndez Ambrosio y Alberta Mat\u00edas Tend\u00f3n promotoras locales del CIPOG-EZ y delegadas del CNI en Guerrero, fueron asesinadas cobardemente, con el mismo modo de operar. Fueron levantadas y desaparecidas en el crucero del Jag\u00fcey, donde incluso las bajaron del transporte p\u00fablico y alrededor de las cinco de la tarde se encontraron sus cuerpos sobre una brecha de terracer\u00eda en la colonia Corral de Piedra de la cabecera municipal de Chilapa de \u00c1lvarez. En esta zona existe presencia de la Guardia Nacional, aunque desde su arribo no ha representado cambio alguno frente a la violencia de los grupos narcoparamilitares.<\/p>\n<p>Desde el viernes 5 de Julio del 2019 y a la fecha fuimos informados que el grupo narcoparamilitar \u00abLos Ardillos\u00bb realiza investigaciones y seguimiento en contra de varios promotores estatales y regionales del CIPOG-EZ y delegados del CNI, de forma particular contra nuestro hermano Na Savi Jes\u00fas Placido Galindo, a quien dicen; est\u00e1n \u00abbuscando por todo el estado, para despedazarlo.\u00bb Las amenazas v\u00eda telef\u00f3nica tambi\u00e9n fueron ratificadas por transportistas de la Monta\u00f1a Alta y otras regiones del estado, as\u00ed como por comisarios de la Monta\u00f1a Baja quienes dieron aviso a promotores de la organizaci\u00f3n para que pudieran alertar a sus compa\u00f1eros.<br \/>\nEl asedio a las comunidades ind\u00edgenas nahua integrantes del CIPOG-EZ no ha cesado, los retenes narcoparamlitares contin\u00faan y en ellos registran a la poblaci\u00f3n que se dirige a las cabeceras municipales. Los gobiernos Estatal y Federal anunciaron con bombo y platillo la llegada de la Guardia Nacional, pero en los hechos no vemos mayor seguridad, no vemos el desmantelamiento de los grupos narcoparamilitares, no vemos que se haga justicia a nuestros hermanos y hermanas brutalmente asesinados y asesinadas.<\/p>\n<p>Nuevamente insistimos y reiteramos que hacemos responsables a los gobiernos del municipio de Chilapa de \u00c1lvarez a cargo de Jes\u00fas Parra Garc\u00eda, al gobierno estatal de H\u00e9ctor Astudillo Flores, ambos militantes del PRI y al gobierno federal de MORENA a cargo de Andr\u00e9s Manuel L\u00f3pez Obrador; por la integridad f\u00edsica y la vida de nuestro hermano y promotor estatal Na Savi Jes\u00fas Placido Galindo y as\u00ed como de todas y todos los promotores del Consejo Ind\u00edgena y Popular de Guerrero \u2013 Emiliano Zapata. Ya que cada una de estas autoridades han sido informadas directamente por diversas v\u00edas desde hace m\u00e1s de un mes, de esta alarmante emergencia. Al gobierno de AMLO le solicitamos espec\u00edficamente que aplique las medidas de seguridad correspondientes por ley, de forma urgente debido a la gravedad de la situaci\u00f3n, y hasta el momento a m\u00e1s de un mes de la solicitud continua siendo omiso.<br \/>\nLos ni\u00f1os y j\u00f3venes de las 22 comunidades del CIPOG-EZ que se encuentran sitiadas por los grupos narcoparamilitares contin\u00faan sin ir a la escuela, desde el k\u00ednder, hasta la preparatoria. Adem\u00e1s del terror psicol\u00f3gico que est\u00e1n viviendo nuestras comunidades, el estado de Guerrero y en especifico las comunidades ind\u00edgenas y campesinas pobres contin\u00faan siendo sometidas bajo un r\u00e9gimen de sangre y esclavitud moderna. El actuar de los tres niveles de gobierno evidencia su complicidad por acci\u00f3n u omisi\u00f3n y tal parece que lo que buscan es crear un escenario de tolerancia para que los grupos narcoparamilitares desmantelen a las organizaciones ind\u00edgenas que buscamos construir nuestro propio destino, lejos de la esclavitud y el cacicazgo.<\/p>\n<p>Nuestro \u00fanico delito es defender la vida, defender la tierra, defender el territorio, luchar por la reconstituci\u00f3n integral de nuestros pueblos, luchar por abrirle camino a la vida, en medio de la muerte que nos impone este sistema. La sentencia de muerte para nuestros hermanos y hermanas Jos\u00e9 Lucio Bartolo Faustino, Modesto Verales Sebasti\u00e1n, Bartolo Hilario Morales, Isa\u00edas Xanteco Ahuejote, David Domingo Alonso, Marcelino Pedro Rojas, Juana Hern\u00e1ndez Ambrosio y Alberta Mat\u00edas Tend\u00f3n, fue intentar construir un futuro digno y en paz para sus pueblos, en medio de de \u00abla finca\u00bb que han construido los grupos narcoparamilitares en coordinaci\u00f3n con los malos gobiernos, para someter bajo fuego a las comunidades ind\u00edgenas, aprovechando la miseria y la marginaci\u00f3n en la que sobreviven.<\/p>\n<p>La guerra de exterminio en contra de los pueblos ind\u00edgenas organizados se intensifico a partir del inicio de este 2019, apenas era el 20 de enero cuando fue asesinado el integrante del Concejo Ind\u00edgena Popular de Oaxaca \u2013 Ricardo Flores Mag\u00f3n (CIPO-RFM); Gustavo Cruz Mendoza comunicador ind\u00edgena que luchaba por su pueblo y por defender su territorio en la regi\u00f3n Chinanteca de Oaxaca. A cinco meses de este cobarde asesinato el pasado 20 de junio del 2019, tambi\u00e9n fueron asesinados; Regulo Jim\u00e9nez Pulido, Fidel Cruz Mendoza y Mario Cruz Jer\u00f3nimo, familiares del difunto Gustavo y colaboradores del CIPO-RFM, estos cr\u00edmenes contin\u00faan en completa impunidad.<\/p>\n<p>El 20 de Febrero fue asesinado nuestro hermano ind\u00edgena Nahua Samir Flores Soberanes de la comunidad de Amilcingo en Morelos. Samir fue integrante activo del Frente de Pueblos en Defensa de la Tierra y el Agua Morelos, Puebla, Tlaxcala, quienes mantienen una digna lucha contra la termoel\u00e9ctrica y el gasoducto en Huexca. Samir tambi\u00e9n era comunicador ind\u00edgena, era un compa\u00f1ero bien organizado junto con su comunidad y comunidades de la regi\u00f3n, y ese fue su delito.<br \/>\nDesde Marzo a la fecha en las comunidades ind\u00edgenas Otom\u00eds del Estado de M\u00e9xico que resisten contra el proyecto carretero Autopista Toluca-Naucalpan, se han incrementado las agresiones, las amenazas, los grupos de golpeadores pagados, las incursiones de la Polic\u00eda Estatal protegiendo a las empresas constructoras y nuevamente la omisi\u00f3n de los malos gobiernos. Pese a que la lucha jur\u00eddica la han venido ganando, la ilegalidad, la corrupci\u00f3n y la impunidad se imponen conjuntamente con la fuerza p\u00fablica y la violencia, para aislarlos y consolidar este largo proceso de despojo, que beneficia a altos grupos empresariales y pol\u00edticos, frente a la destrucci\u00f3n del bosque, el agua y la vida.<br \/>\nDesde el 15 de Marzo inicio una huelga de hambre que continua hasta el d\u00eda de hoy y suman ya 121 d\u00edas que nuestros hermanos presos ind\u00edgenas organizados en el estado de Chiapas est\u00e1n luchando por su libertad de esta forma. Ellos han sido detenidos sin orden de aprehensi\u00f3n y fueron obligados a confesar bajo tortura delitos que no cometieron, entre tantas otras injusticias, que contin\u00faan narrando y denunciando. Nuestros hermanos ind\u00edgenas en huelga de hambre: La Voz Verdadera del Amate: Abraham L\u00f3pez Montejo, Germ\u00e1n L\u00f3pez Montejo, en el penal de El Amate (Cintalapa). De La Voz de Ind\u00edgenas en Resistencia Adri\u00e1n G\u00f3mez Jim\u00e9nez, Juan de la Cruz Ruiz en el CERSS 5, (San Crist\u00f3bal de las Casas) y de Viniketik en Resistencia: Marcelino Ru\u00edz G\u00f3mez, Baldemar G\u00f3mez Hern\u00e1ndez, en el CERSS 10, (Comit\u00e1n de Dom\u00ednguez). Y hasta el momento ninguna autoridad a dado soluci\u00f3n a sus justas demandas, solo han encontrado en los malos gobiernos o\u00eddos sordos.<br \/>\nEn Abril del 2019 nuestros hermanos del EZLN denunciaron como se ha incrementado la militarizaci\u00f3n y la guerra contrainsurgente en contra de las comunidades zapatistas. Claramente dijeron; \u00abAhora, adem\u00e1s, miembros del Ej\u00e9rcito Federal y Fuerza A\u00e9rea se adentran en las monta\u00f1as y aparecen en las comunidades diciendo que viene la guerra y que s\u00f3lo est\u00e1n esperando \u00f3rdenes de \u201cmero arriba\u201d.\u00bb Su \u00fanico delito de nuestros hermanos zapatistas, ha sido solamente luchar por las demandas justas de los pueblos ind\u00edgenas de todo M\u00e9xico y dar un ejemplo de como organizarse y defender la vida de los pueblos originarios frente a la guerra de exterminio.<br \/>\nEn Mayo fue asesinado un joven ind\u00edgena y tres quedaron heridos en la comunidad ind\u00edgena de Zacualpan en el estado de Colima, donde est\u00e1n organizados en el Concejo Ind\u00edgena por la Defensa del Territorio de Zacualpan. Estos hechos fueron realizados por el crimen organizado y la tolerancia de los tres niveles de gobierno, as\u00ed lo denunciaron nuestros hermanos.<br \/>\nEstos son solo algunos de los casos que conocemos y recordamos hoy, porque entendemos que la guerra de exterminio ahora nos est\u00e1 golpeando muy fuerte en Guerrero, pero que se extiende por todo nuestro pa\u00eds y va cobrando vidas, muchas vidas. Aunque haya cambiado de piel el gobierno, continua protegiendo los intereses de los de arriba, a costa de nuestras vidas. Por eso reiteramos hoy que el CIPOG-EZ no se va a rendir, sigue y seguir\u00e1 luchando por la vida y la dignidad de los pueblos originarios, a pesar de que enfrente tenemos un sistema de muerte y destrucci\u00f3n que insiste en exterminarnos.<\/p>\n<p>Por la reconstituci\u00f3n integral de nuestros pueblos.<\/p>\n<p>\u00a1Justicia para Jos\u00e9 Lucio Bartolo Faustino, Modesto Verales Sebasti\u00e1n, Bartolo Hilario Morales, Isa\u00edas Xanteco Ahuejote, David Domingo Alonso, Marcelino Pedro Rojas, Juana Hern\u00e1ndez Ambrosio y Alberta Mat\u00edas Tend\u00f3n, integrantes del CIPOG-EZ y el CNI-CIG!<\/p>\n<p>\u00a1Justicia para Gustavo Cruz Mendoza, comunicador ind\u00edgena asesinado del CIPO-RFM!<\/p>\n<p>\u00a1Viva la resistencia ind\u00edgena Otom\u00ed del Estado de M\u00e9xico contra la autopista Toluca-Naucalpan!<\/p>\n<p>\u00a1Libertad para Fidencio Aldama de la tribu Yaqui!<\/p>\n<p>\u00a1Justicia para la comunidad ind\u00edgena de Zacualpan!<\/p>\n<p>\u00a1Alto a la guerra contrainsurgente en contra del EZLN!<\/p>\n<p>\u00a1Nunca m\u00e1s un M\u00e9xico sin nosotros!<\/p>\n<p>Consejo Ind\u00edgena y Popular de Guerrero \u2013 Emiliano Zapata (CIPOG-EZ)<\/p>\n<p>Regiones: Costa Chica, Costa Monta\u00f1a, Monta\u00f1a Alta y Monta\u00f1a Baja de Guerrero<br \/>\n<a href=\"https:\/\/www.congresonacionalindigena.org\/2019\/07\/12\/comunicado-ante-mas-asesinatos-y-amenazas-a-promotores-del-cipog-ez-y-delegados-del-cni-en-guerrero-mientras-continua-la-impunidad-la-corrupcion-y-la-omision-de-los-tres-niveles-de-gobierno\/\">https:\/\/www.congresonacionalindigena.org\/2019\/07\/12\/comunicado-ante-mas-asesinatos-y-amenazas-a-promotores-del-cipog-ez-y-delegados-del-cni-en-guerrero-mientras-continua-la-impunidad-la-corrupcion-y-la-omision-de-los-tres-niveles-de-gobierno\/<\/a><\/p>\n","protected":false},"excerpt":{"rendered":"<p>Al Ejercito Zapatista de Liberaci\u00f3n Nacional Al Congreso Nacional Ind\u00edgena Al Concejo Ind\u00edgena de Gobierno A los pueblos de Guerrero A los pueblos de M\u00e9xico A la sexta nacional e &hellip; <a href=\"https:\/\/www.grieta.org.mx\/index.php\/2019\/07\/12\/comunicado-ante-mas-asesinatos-y-amenazas-a-promotores-del-cipog-ez-y-delegados-del-cni-en-guerrero-mientras-continua-la-impunidad-la-corrupcion-y-la-omision-de-los-tres-niveles-de-gobierno\/\" class=\"more-link\">Leer m\u00e1s<\/a><\/p>\n","protected":false},"author":2,"featured_media":34275,"comment_status":"closed","ping_status":"closed","sticky":false,"template":"","format":"standard","meta":{"ngg_post_thumbnail":0,"_jetpack_newsletter_access":"","_jetpack_dont_email_post_to_subs":false,"_jetpack_newsletter_tier_id":0,"_jetpack_memberships_contains_paywalled_content":false,"_jetpack_memberships_contains_paid_content":false,"footnotes":""},"categories":[80,79,921],"tags":[1834,564,95],"class_list":["post-36249","post","type-post","status-publish","format-standard","has-post-thumbnail","hentry","category-cintillo","category-cni","category-comunicados","tag-asesinato-de-lideres-indigenas","tag-cipog-ez","tag-cni","entry"],"jetpack_featured_media_url":"https:\/\/www.grieta.org.mx\/wp-content\/uploads\/2019\/06\/logo-CNI-T.png","jetpack_sharing_enabled":true,"jetpack_shortlink":"https:\/\/wp.me\/p7ZJR4-9qF","jetpack_likes_enabled":false,"jetpack-related-posts":[{"id":33887,"url":"https:\/\/www.grieta.org.mx\/index.php\/2019\/05\/26\/alto-a-la-guerra-narcoparamilitar-contra-el-cipog-ez-comunicado-urgente-del-cni-cig-y-el-ezln\/","url_meta":{"origin":36249,"position":0},"title":"ALTO A LA GUERRA NARCOPARAMILITAR CONTRA EL CIPOG-EZ Comunicado urgente del CNI-CIG y el EZLN","author":"grieta","date":"26 mayo, 2019","format":false,"excerpt":"ALTO A LA GUERRA NARCOPARAMILITAR CONTRA EL CIPOG-EZ Comunicado urgente del CNI-CIG y el EZLN Hoy, con indignaci\u00f3n y dolor denunciamos un nuevo y artero crimen contra nuestros compa\u00f1eros del Consejo Ind\u00edgena y Popular de Guerrero \u2013 Emiliano Zapata (CIPOG-EZ). Alrededor de las 13:30 horas del d\u00eda 23 de mayo,\u2026","rel":"","context":"En &quot;CIG&quot;","block_context":{"text":"CIG","link":"https:\/\/www.grieta.org.mx\/index.php\/category\/cig\/"},"img":{"alt_text":"","src":"https:\/\/i0.wp.com\/www.grieta.org.mx\/wp-content\/uploads\/2019\/05\/20190525_222118_0000.png?resize=350%2C200&ssl=1","width":350,"height":200,"srcset":"https:\/\/i0.wp.com\/www.grieta.org.mx\/wp-content\/uploads\/2019\/05\/20190525_222118_0000.png?resize=350%2C200&ssl=1 1x, https:\/\/i0.wp.com\/www.grieta.org.mx\/wp-content\/uploads\/2019\/05\/20190525_222118_0000.png?resize=525%2C300&ssl=1 1.5x, https:\/\/i0.wp.com\/www.grieta.org.mx\/wp-content\/uploads\/2019\/05\/20190525_222118_0000.png?resize=700%2C400&ssl=1 2x"},"classes":[]},{"id":36241,"url":"https:\/\/www.grieta.org.mx\/index.php\/2019\/07\/13\/la-violencia-del-crimen-organizado-en-contra-de-delegados-del-cni-en-guerrero-se-recrudece-levantan-y-asesinan-a-cuatro-miembros-mas-del-cipog-ez\/","url_meta":{"origin":36249,"position":1},"title":"La violencia del crimen organizado en contra de delegados del CNI en Guerrero se recrudece: levantan y asesinan a cuatro miembros m\u00e1s del CIPOG-EZ","author":"grieta","date":"13 julio, 2019","format":false,"excerpt":"COLECTIVO GRIETA Ciudad de M\u00e9xico, 12 de julio.- La guerra de exterminio de los grupos narcoparamilitares en contra de las comunidades nahuas de la regi\u00f3n de La Monta\u00f1a baja de Guerrero se ha recrudecido en los \u00faltimos d\u00edas. Tan solo entre el 8 y el 10 de julio de este\u2026","rel":"","context":"En &quot;CINTILLO&quot;","block_context":{"text":"CINTILLO","link":"https:\/\/www.grieta.org.mx\/index.php\/category\/cintillo\/"},"img":{"alt_text":"","src":"https:\/\/i0.wp.com\/www.grieta.org.mx\/wp-content\/uploads\/2019\/07\/foto-2-1.jpg?resize=350%2C200&ssl=1","width":350,"height":200,"srcset":"https:\/\/i0.wp.com\/www.grieta.org.mx\/wp-content\/uploads\/2019\/07\/foto-2-1.jpg?resize=350%2C200&ssl=1 1x, https:\/\/i0.wp.com\/www.grieta.org.mx\/wp-content\/uploads\/2019\/07\/foto-2-1.jpg?resize=525%2C300&ssl=1 1.5x"},"classes":[]},{"id":34676,"url":"https:\/\/www.grieta.org.mx\/index.php\/2019\/06\/12\/convocatoria-del-cni-cig-y-el-ezln-a-la-campana-por-la-vida-la-paz-y-la-justicia-en-la-montana-de-guerrero\/","url_meta":{"origin":36249,"position":2},"title":"Convocatoria del CNI-CIG y el EZLN a la CAMPA\u00d1A POR LA VIDA, LA PAZ Y LA JUSTICIA EN LA MONTA\u00d1A DE GUERRERO","author":"grieta","date":"12 junio, 2019","format":false,"excerpt":"Convocatoria del CNI-CIG y el EZLN a la CAMPA\u00d1A POR LA VIDA, LA PAZ Y LA JUSTICIA EN LA MONTA\u00d1A DE GUERRERO Los pueblos, las comunidades, naciones, colectivos, barrios y tribus originarias que somos el Congreso Nacional Ind\u00edgena-Concejo Ind\u00edgena de Gobierno, y el Ej\u00e9rcito Zapatista de Liberaci\u00f3n Nacional, llamamos a\u2026","rel":"","context":"En &quot;CIG&quot;","block_context":{"text":"CIG","link":"https:\/\/www.grieta.org.mx\/index.php\/category\/cig\/"},"img":{"alt_text":"","src":"https:\/\/i0.wp.com\/www.grieta.org.mx\/wp-content\/uploads\/2019\/06\/logo-CNI-T.png?resize=350%2C200&ssl=1","width":350,"height":200,"srcset":"https:\/\/i0.wp.com\/www.grieta.org.mx\/wp-content\/uploads\/2019\/06\/logo-CNI-T.png?resize=350%2C200&ssl=1 1x, https:\/\/i0.wp.com\/www.grieta.org.mx\/wp-content\/uploads\/2019\/06\/logo-CNI-T.png?resize=525%2C300&ssl=1 1.5x"},"classes":[]},{"id":33050,"url":"https:\/\/www.grieta.org.mx\/index.php\/2019\/05\/05\/asesinan-al-concejal-del-cig-cni-jose-lucio-bartolo-faustino-y-a-modesto-verales-delegado-del-cni-guerrero\/","url_meta":{"origin":36249,"position":3},"title":"Asesinan al Concejal del CIG-CNI Jos\u00e9 Lucio Bartolo Faustino y a Modesto Verales, delegado del CNI (Guerrero)","author":"grieta","date":"5 mayo, 2019","format":false,"excerpt":"Redacci\u00f3n \/ Somoselmedio La ma\u00f1ana de este 5 de mayo fueron localizados los cuerpos del Concejal Nahua Jos\u00e9 Lucio Bartolo Faustino y el delegado del Concejo Nacional Ind\u00edgena (CNI), Modesto Verales Sebasti\u00e1n, ambos promotores del Concejo Ind\u00edgena y Popular de Guerrero Emiliano Zapata (CIPOG-EZ). Jos\u00e9 Lucio y Modesto Verales hab\u00edan\u2026","rel":"","context":"En &quot;CINTILLO&quot;","block_context":{"text":"CINTILLO","link":"https:\/\/www.grieta.org.mx\/index.php\/category\/cintillo\/"},"img":{"alt_text":"","src":"https:\/\/i0.wp.com\/www.grieta.org.mx\/wp-content\/uploads\/2019\/05\/direct-3.jpg?resize=350%2C200&ssl=1","width":350,"height":200,"srcset":"https:\/\/i0.wp.com\/www.grieta.org.mx\/wp-content\/uploads\/2019\/05\/direct-3.jpg?resize=350%2C200&ssl=1 1x, https:\/\/i0.wp.com\/www.grieta.org.mx\/wp-content\/uploads\/2019\/05\/direct-3.jpg?resize=525%2C300&ssl=1 1.5x, https:\/\/i0.wp.com\/www.grieta.org.mx\/wp-content\/uploads\/2019\/05\/direct-3.jpg?resize=700%2C400&ssl=1 2x"},"classes":[]},{"id":33879,"url":"https:\/\/www.grieta.org.mx\/index.php\/2019\/05\/25\/comunicado-del-concejo-indigena-y-popular-de-guerrero-emiliano-zapata-cipog-ez-por-el-reciente-asesinato-de-nuestros-hermanos-bartolo-hilario-morales-e-isaias-xanteco-ahuejote\/","url_meta":{"origin":36249,"position":4},"title":"Comunicado del Concejo Ind\u00edgena y Popular de Guerrero \u2013 Emiliano Zapata (CIPOG-EZ), por el reciente asesinato de nuestros hermanos Bartolo Hilario Morales e Isa\u00edas Xanteco Ahuejote","author":"grieta","date":"25 mayo, 2019","format":false,"excerpt":"COMUNICADO DEL CONCEJO IND\u00cdGENA Y POPULAR DE GUERRERO \u2013 EMILIANO ZAPATA (CIPOG-EZ), POR EL RECIENTE ASESINATO DE NUESTROS HERMANOS BARTOLO HILARIO MORALES E ISA\u00cdAS XANTECO AHUEJOTE Mayo del 2019, Monta\u00f1a Baja del Estado de Guerrero. Al Ejercito Zapatista de Liberaci\u00f3n Nacional Al Congreso Nacional Ind\u00edgena Al Concejo Ind\u00edgena de Gobierno\u2026","rel":"","context":"En &quot;CINTILLO&quot;","block_context":{"text":"CINTILLO","link":"https:\/\/www.grieta.org.mx\/index.php\/category\/cintillo\/"},"img":{"alt_text":"","src":"https:\/\/i0.wp.com\/www.grieta.org.mx\/wp-content\/uploads\/2019\/05\/logo-CNI-To.png?resize=350%2C200&ssl=1","width":350,"height":200,"srcset":"https:\/\/i0.wp.com\/www.grieta.org.mx\/wp-content\/uploads\/2019\/05\/logo-CNI-To.png?resize=350%2C200&ssl=1 1x, https:\/\/i0.wp.com\/www.grieta.org.mx\/wp-content\/uploads\/2019\/05\/logo-CNI-To.png?resize=525%2C300&ssl=1 1.5x"},"classes":[]},{"id":33010,"url":"https:\/\/www.grieta.org.mx\/index.php\/2019\/05\/05\/comunicado-del-cni-cig-y-el-ezln-ante-el-cobarde-secuestro-y-asesinato-de-los-companeros-del-concejo-indigena-y-popular-de-guerrero-emiliano-zapata\/","url_meta":{"origin":36249,"position":5},"title":"COMUNICADO DEL CNI-CIG Y EL EZLN ANTE EL COBARDE SECUESTRO Y ASESINATO DE LOS COMPA\u00d1EROS DEL CONCEJO IND\u00cdGENA Y POPULAR DE GUERRERO \u2013 EMILIANO ZAPATA.","author":"grieta","date":"5 mayo, 2019","format":false,"excerpt":"COMUNICADO DEL CNI-CIG Y EL EZLN ANTE EL COBARDE SECUESTRO Y ASESINATO DE LOS COMPA\u00d1EROS DEL CONCEJO IND\u00cdGENA Y POPULAR DE GUERRERO \u2013 EMILIANO ZAPATA. El Congreso Nacional Ind\u00edgena, el Concejo Ind\u00edgena de Gobierno y el Ej\u00e9rcito Zapatista de Liberaci\u00f3n Nacional, con dolor e indignaci\u00f3n, condenamos el secuestro y asesinato\u2026","rel":"","context":"En &quot;CIG&quot;","block_context":{"text":"CIG","link":"https:\/\/www.grieta.org.mx\/index.php\/category\/cig\/"},"img":{"alt_text":"","src":"https:\/\/i0.wp.com\/www.grieta.org.mx\/wp-content\/uploads\/2019\/05\/logo-CNI-To.png?resize=350%2C200&ssl=1","width":350,"height":200,"srcset":"https:\/\/i0.wp.com\/www.grieta.org.mx\/wp-content\/uploads\/2019\/05\/logo-CNI-To.png?resize=350%2C200&ssl=1 1x, https:\/\/i0.wp.com\/www.grieta.org.mx\/wp-content\/uploads\/2019\/05\/logo-CNI-To.png?resize=525%2C300&ssl=1 1.5x"},"classes":[]}],"_links":{"self":[{"href":"https:\/\/www.grieta.org.mx\/index.php\/wp-json\/wp\/v2\/posts\/36249","targetHints":{"allow":["GET"]}}],"collection":[{"href":"https:\/\/www.grieta.org.mx\/index.php\/wp-json\/wp\/v2\/posts"}],"about":[{"href":"https:\/\/www.grieta.org.mx\/index.php\/wp-json\/wp\/v2\/types\/post"}],"author":[{"embeddable":true,"href":"https:\/\/www.grieta.org.mx\/index.php\/wp-json\/wp\/v2\/users\/2"}],"replies":[{"embeddable":true,"href":"https:\/\/www.grieta.org.mx\/index.php\/wp-json\/wp\/v2\/comments?post=36249"}],"version-history":[{"count":1,"href":"https:\/\/www.grieta.org.mx\/index.php\/wp-json\/wp\/v2\/posts\/36249\/revisions"}],"predecessor-version":[{"id":36737,"href":"https:\/\/www.grieta.org.mx\/index.php\/wp-json\/wp\/v2\/posts\/36249\/revisions\/36737"}],"wp:featuredmedia":[{"embeddable":true,"href":"https:\/\/www.grieta.org.mx\/index.php\/wp-json\/wp\/v2\/media\/34275"}],"wp:attachment":[{"href":"https:\/\/www.grieta.org.mx\/index.php\/wp-json\/wp\/v2\/media?parent=36249"}],"wp:term":[{"taxonomy":"category","embeddable":true,"href":"https:\/\/www.grieta.org.mx\/index.php\/wp-json\/wp\/v2\/categories?post=36249"},{"taxonomy":"post_tag","embeddable":true,"href":"https:\/\/www.grieta.org.mx\/index.php\/wp-json\/wp\/v2\/tags?post=36249"}],"curies":[{"name":"wp","href":"https:\/\/api.w.org\/{rel}","templated":true}]}}