{"id":36244,"date":"2019-07-12T11:43:36","date_gmt":"2019-07-12T16:43:36","guid":{"rendered":"http:\/\/www.grieta.org.mx\/?p=36244"},"modified":"2019-07-13T11:57:05","modified_gmt":"2019-07-13T16:57:05","slug":"comunicado-por-la-suspension-de-la-caravana-por-la-paz-la-vida-y-la-justicia-en-la-montana-de-guerrero","status":"publish","type":"post","link":"https:\/\/www.grieta.org.mx\/index.php\/2019\/07\/12\/comunicado-por-la-suspension-de-la-caravana-por-la-paz-la-vida-y-la-justicia-en-la-montana-de-guerrero\/","title":{"rendered":"Comunicado por la suspensi\u00f3n de la caravana por la Paz, la Vida y la Justicia en la monta\u00f1a de Guerrero"},"content":{"rendered":"<p><img loading=\"lazy\" decoding=\"async\" data-attachment-id=\"33008\" data-permalink=\"https:\/\/www.grieta.org.mx\/index.php\/2019\/05\/04\/informamos-de-la-desaparicion-forzada-del-concejal-del-cig-cni-jose-lucio-bartolo-faustino-y-del-delegado-del-cni-modesto-verales-sebastian-en-el-estado-de-guerrero\/logo-cni-to-3\/\" data-orig-file=\"https:\/\/www.grieta.org.mx\/wp-content\/uploads\/2019\/05\/logo-CNI-To.png\" data-orig-size=\"558,303\" data-comments-opened=\"0\" data-image-meta=\"{&quot;aperture&quot;:&quot;0&quot;,&quot;credit&quot;:&quot;&quot;,&quot;camera&quot;:&quot;&quot;,&quot;caption&quot;:&quot;&quot;,&quot;created_timestamp&quot;:&quot;0&quot;,&quot;copyright&quot;:&quot;&quot;,&quot;focal_length&quot;:&quot;0&quot;,&quot;iso&quot;:&quot;0&quot;,&quot;shutter_speed&quot;:&quot;0&quot;,&quot;title&quot;:&quot;&quot;,&quot;orientation&quot;:&quot;0&quot;}\" data-image-title=\"logo-CNI-To\" data-image-description=\"\" data-image-caption=\"\" data-medium-file=\"https:\/\/www.grieta.org.mx\/wp-content\/uploads\/2019\/05\/logo-CNI-To-300x163.png\" data-large-file=\"https:\/\/www.grieta.org.mx\/wp-content\/uploads\/2019\/05\/logo-CNI-To.png\" class=\"size-full wp-image-33008 aligncenter\" src=\"http:\/\/www.grieta.org.mx\/wp-content\/uploads\/2019\/05\/logo-CNI-To.png\" alt=\"\" width=\"558\" height=\"303\" srcset=\"https:\/\/www.grieta.org.mx\/wp-content\/uploads\/2019\/05\/logo-CNI-To.png 558w, https:\/\/www.grieta.org.mx\/wp-content\/uploads\/2019\/05\/logo-CNI-To-300x163.png 300w\" sizes=\"auto, (max-width: 558px) 100vw, 558px\" \/><\/p>\n<p>Al pueblo de M\u00e9xico<br \/>\nA los Pueblos del mundo<br \/>\nA las Redes de Resistencia y Rebeld\u00eda<br \/>\nA las Redes de Apoyo al CIG<br \/>\nA la Sexta Nacional e Internacional<br \/>\nA los medios de comunicaci\u00f3n<\/p>\n<p>El Congreso Nacional Ind\u00edgena \u2013 Concejo Ind\u00edgena de Gobierno, denunciamos la persecuci\u00f3n que las bandas de la delincuencia organizada denominadas Los Rojos y Los Ardillos, ambas protegidas por los malos gobiernos, realizan de manera creciente en contra de las comunidades que son parte del Consejo Ind\u00edgena y Popular de Guerrero \u2013 Emiliano Zapata, amenazando de muerte  a nuestros compa\u00f1eros y compa\u00f1eras que se organizan para recibir a la caravana a la que convocamos el Congreso Nacional Ind\u00edgena \u2013 Concejo Ind\u00edgena de Gobierno y el Ej\u00e9rcito Zapatista de Liberaci\u00f3n Nacional como parte de la Campa\u00f1a por la Vida, la Paz y la Justicia en la Monta\u00f1a de Guerrero.<br \/>\nDenunciamos la escalada de agresiones armadas en contra de las comunidades que, en ejercicio de su autonom\u00eda, se organizan para construir desde abajo la paz y la justicia en las comunidades ind\u00edgenas de la monta\u00f1a baja, en todo el estado de Guerrero y en todo el pa\u00eds.<br \/>\nCon la complicidad del mal gobierno, con su silencio y protecci\u00f3n que hacen todos sus partidos pol\u00edticos y niveles a las bandas narco paramilitares, hacen posible que se siembre el terror y el luto por los territorios de los pueblos originarios, donde las decisiones colectivas de los pueblos siguen diciendo que no quieren la muerte que el capitalismo ofrece a cambio de la vida, que no quieren ese poder que con armas gobierna en favor del capitalismo y su corrupci\u00f3n.<br \/>\nEn vista de todo lo anterior y al no haber garant\u00edas de seguridad para la libre organizaci\u00f3n en las comunidades en la regi\u00f3n que, con dignidad y determinaci\u00f3n, no cesan en la construcci\u00f3n de las grietas que rompan el cerco de muerte, sino que por el contrario se arrecia la guerra en su contra; el Consejo Ind\u00edgena y Popular de Guerrero \u2013 Emiliano Zapata y la Comisi\u00f3n de Coordinaci\u00f3n del Congreso Nacional Ind\u00edgena \u2013 Concejo Ind\u00edgena de Gobierno, damos a conocer nuestra determinaci\u00f3n de posponer la Caravana por la Vida, la Paz y la Justicia en la Monta\u00f1a de Guerrero, llamando a redoblar esfuerzos para apoyar acopio que se ha venido recolectando en la calle Dr. Carmona y Valle No. 32 en la colonia Doctores, Ciudad de M\u00e9xico, con alimentos no perecederos y medicamentos, as\u00ed como la cuenta bancaria   a nombre de Alicia Castellanos Guerrero, BBVA Bancomer, No. de Cuenta: 0471079107, Clabe Bancaria: 012540004710791072, SWIFT BCMRMXMM, ABA: 021000128, enviando copia del dep\u00f3sito con nombre, tel\u00e9fono o direcci\u00f3n al siguiente correo: aliciac.2145@gmail.com; y manifestando que dicho donativo va dirigido a las comunidades participantes en el Concejo Ind\u00edgena y Popular de Guerrero\u2013Emiliano Zapata (CIPOG- EZ).<br \/>\nLlamamos a permanecer atentos y solidarios a la palabra de las comunidades ind\u00edgenas que luchan para detener esta guerra en contra los pueblos originarios, en contra nuestra resistencia y nuestra rebeld\u00eda.<\/p>\n<p>Atentamente<\/p>\n<p>Julio de 2019<\/p>\n<p>Por la Reconstituci\u00f3n Integral de Nuestros Pueblos<\/p>\n<p>Nunca Mas Un M\u00e9xico Sin Nosotros<\/p>\n<p>Congreso Nacional Ind\u00edgena<\/p>\n<p>Concejo Ind\u00edgena de Gobierno<\/p>\n<p><a href=\"https:\/\/www.congresonacionalindigena.org\/2019\/07\/12\/comunicado-por-la-suspension-de-la-caravana-por-la-paz-la-vida-y-la-justicia-en-la-montana-de-guerrero\/\">https:\/\/www.congresonacionalindigena.org\/2019\/07\/12\/comunicado-por-la-suspension-de-la-caravana-por-la-paz-la-vida-y-la-justicia-en-la-montana-de-guerrero\/<\/a><\/p>\n","protected":false},"excerpt":{"rendered":"<p>Al pueblo de M\u00e9xico A los Pueblos del mundo A las Redes de Resistencia y Rebeld\u00eda A las Redes de Apoyo al CIG A la Sexta Nacional e Internacional A &hellip; <a href=\"https:\/\/www.grieta.org.mx\/index.php\/2019\/07\/12\/comunicado-por-la-suspension-de-la-caravana-por-la-paz-la-vida-y-la-justicia-en-la-montana-de-guerrero\/\" class=\"more-link\">Leer m\u00e1s<\/a><\/p>\n","protected":false},"author":2,"featured_media":34275,"comment_status":"closed","ping_status":"closed","sticky":false,"template":"","format":"standard","meta":{"ngg_post_thumbnail":0,"_jetpack_newsletter_access":"","_jetpack_dont_email_post_to_subs":false,"_jetpack_newsletter_tier_id":0,"_jetpack_memberships_contains_paywalled_content":false,"_jetpack_memberships_contains_paid_content":false,"footnotes":""},"categories":[80,79,921,2],"tags":[1834,564,95],"class_list":["post-36244","post","type-post","status-publish","format-standard","has-post-thumbnail","hentry","category-cintillo","category-cni","category-comunicados","category-noticias-nacionales","tag-asesinato-de-lideres-indigenas","tag-cipog-ez","tag-cni","entry"],"jetpack_featured_media_url":"https:\/\/www.grieta.org.mx\/wp-content\/uploads\/2019\/06\/logo-CNI-T.png","jetpack_sharing_enabled":true,"jetpack_shortlink":"https:\/\/wp.me\/p7ZJR4-9qA","jetpack_likes_enabled":false,"jetpack-related-posts":[{"id":28616,"url":"https:\/\/www.grieta.org.mx\/index.php\/2019\/01\/23\/convocatoria-a-la-tercera-asamblea-general-del-congreso-nacional-indigena-y-el-concejo-indigena-de-gobierno\/","url_meta":{"origin":36244,"position":0},"title":"CONVOCATORIA A LA TERCERA ASAMBLEA GENERAL DEL CONGRESO NACIONAL IND\u00cdGENA Y EL CONCEJO IND\u00cdGENA DE GOBIERNO","author":"grieta","date":"23 enero, 2019","format":false,"excerpt":"Considerando: Que los pueblos originarios de M\u00e9xico seguimos construyendo en nuestra resistencia los mecanismos y las formas de contener la destrucci\u00f3n capitalista, que mantiene amenazadas grandes extensiones de nuestros territorios con sus megaproyectos de muerte. Que los malos gobiernos pretenden con sus mentiras desarticular la organizaci\u00f3n de abajo, para dejar\u2026","rel":"","context":"En &quot;CIG&quot;","block_context":{"text":"CIG","link":"https:\/\/www.grieta.org.mx\/index.php\/category\/cig\/"},"img":{"alt_text":"","src":"https:\/\/i0.wp.com\/www.grieta.org.mx\/wp-content\/uploads\/2019\/01\/IMG-20190123-WA0006.jpg?resize=350%2C200&ssl=1","width":350,"height":200,"srcset":"https:\/\/i0.wp.com\/www.grieta.org.mx\/wp-content\/uploads\/2019\/01\/IMG-20190123-WA0006.jpg?resize=350%2C200&ssl=1 1x, https:\/\/i0.wp.com\/www.grieta.org.mx\/wp-content\/uploads\/2019\/01\/IMG-20190123-WA0006.jpg?resize=525%2C300&ssl=1 1.5x"},"classes":[]},{"id":27282,"url":"https:\/\/www.grieta.org.mx\/index.php\/2018\/10\/21\/tumbemos-el-muro-pronunciamiento-del-cni-cig-en-apoyo-a-la-caravana-de-migrantes\/","url_meta":{"origin":36244,"position":1},"title":"TUMBEMOS EL MURO. PRONUNCIAMIENTO DEL CNI-CIG EN APOYO A LA CARAVANA DE MIGRANTES","author":"grieta","date":"21 octubre, 2018","format":false,"excerpt":"TUMBEMOS EL MURO. PRONUNCIAMIENTO DEL CNI-CIG EN APOYO A LA CARAVANA DE MIGRANTES El Congreso Nacional Ind\u00edgena y el Concejo Ind\u00edgena de Gobierno, abrimos nuestro coraz\u00f3n y nuestra rabia. Llamamos a la solidaridad urgente hacia nuestros hermanos y hermanas que sufren el desplazamiento forzoso por la destrucci\u00f3n que los grandes\u2026","rel":"","context":"En &quot;CIG&quot;","block_context":{"text":"CIG","link":"https:\/\/www.grieta.org.mx\/index.php\/category\/cig\/"},"img":{"alt_text":"","src":"https:\/\/i0.wp.com\/www.grieta.org.mx\/wp-content\/uploads\/2018\/10\/TUMBEMOS-EL-MURO.-PRONUNCIAMIENTO-DEL-CNI-CIG-EN-APOYO-A-LA-CARAVANA-DE-MIGRANTES.jpg?resize=350%2C200&ssl=1","width":350,"height":200,"srcset":"https:\/\/i0.wp.com\/www.grieta.org.mx\/wp-content\/uploads\/2018\/10\/TUMBEMOS-EL-MURO.-PRONUNCIAMIENTO-DEL-CNI-CIG-EN-APOYO-A-LA-CARAVANA-DE-MIGRANTES.jpg?resize=350%2C200&ssl=1 1x, https:\/\/i0.wp.com\/www.grieta.org.mx\/wp-content\/uploads\/2018\/10\/TUMBEMOS-EL-MURO.-PRONUNCIAMIENTO-DEL-CNI-CIG-EN-APOYO-A-LA-CARAVANA-DE-MIGRANTES.jpg?resize=525%2C300&ssl=1 1.5x, https:\/\/i0.wp.com\/www.grieta.org.mx\/wp-content\/uploads\/2018\/10\/TUMBEMOS-EL-MURO.-PRONUNCIAMIENTO-DEL-CNI-CIG-EN-APOYO-A-LA-CARAVANA-DE-MIGRANTES.jpg?resize=700%2C400&ssl=1 2x"},"classes":[]},{"id":33010,"url":"https:\/\/www.grieta.org.mx\/index.php\/2019\/05\/05\/comunicado-del-cni-cig-y-el-ezln-ante-el-cobarde-secuestro-y-asesinato-de-los-companeros-del-concejo-indigena-y-popular-de-guerrero-emiliano-zapata\/","url_meta":{"origin":36244,"position":2},"title":"COMUNICADO DEL CNI-CIG Y EL EZLN ANTE EL COBARDE SECUESTRO Y ASESINATO DE LOS COMPA\u00d1EROS DEL CONCEJO IND\u00cdGENA Y POPULAR DE GUERRERO \u2013 EMILIANO ZAPATA.","author":"grieta","date":"5 mayo, 2019","format":false,"excerpt":"COMUNICADO DEL CNI-CIG Y EL EZLN ANTE EL COBARDE SECUESTRO Y ASESINATO DE LOS COMPA\u00d1EROS DEL CONCEJO IND\u00cdGENA Y POPULAR DE GUERRERO \u2013 EMILIANO ZAPATA. El Congreso Nacional Ind\u00edgena, el Concejo Ind\u00edgena de Gobierno y el Ej\u00e9rcito Zapatista de Liberaci\u00f3n Nacional, con dolor e indignaci\u00f3n, condenamos el secuestro y asesinato\u2026","rel":"","context":"En &quot;CIG&quot;","block_context":{"text":"CIG","link":"https:\/\/www.grieta.org.mx\/index.php\/category\/cig\/"},"img":{"alt_text":"","src":"https:\/\/i0.wp.com\/www.grieta.org.mx\/wp-content\/uploads\/2019\/05\/logo-CNI-To.png?resize=350%2C200&ssl=1","width":350,"height":200,"srcset":"https:\/\/i0.wp.com\/www.grieta.org.mx\/wp-content\/uploads\/2019\/05\/logo-CNI-To.png?resize=350%2C200&ssl=1 1x, https:\/\/i0.wp.com\/www.grieta.org.mx\/wp-content\/uploads\/2019\/05\/logo-CNI-To.png?resize=525%2C300&ssl=1 1.5x"},"classes":[]},{"id":26419,"url":"https:\/\/www.grieta.org.mx\/index.php\/2018\/09\/12\/pronunciamiento-del-congreso-nacional-indigena-y-el-concejo-indigena-de-gobierno-por-la-recuperacion-de-tierras-comunales-de-mezcala\/","url_meta":{"origin":36244,"position":3},"title":"Pronunciamiento del Congreso Nacional Ind\u00edgena y el Concejo Ind\u00edgena de Gobierno por la recuperaci\u00f3n de tierras comunales de Mezcala","author":"grieta","date":"12 septiembre, 2018","format":false,"excerpt":"Al Pueblo de M\u00e9xico A las redes de apoyo al CIG A la Sexta Nacional e Internacional A los medios de comunicaci\u00f3n Es la hora de que la comunidad ind\u00edgena coca de Mezcala recupere lo que siempre ha sido suyo y que le fue arrebatado por el empresario Guillermo Moreno\u2026","rel":"","context":"En &quot;3. Wix\u00e1rikas&quot;","block_context":{"text":"3. Wix\u00e1rikas","link":"https:\/\/www.grieta.org.mx\/index.php\/category\/espejos-de-la-resistencia\/3-wixarikas\/"},"img":{"alt_text":"","src":"https:\/\/i0.wp.com\/www.grieta.org.mx\/wp-content\/uploads\/2018\/07\/logo-CNI-To.png?resize=350%2C200&ssl=1","width":350,"height":200,"srcset":"https:\/\/i0.wp.com\/www.grieta.org.mx\/wp-content\/uploads\/2018\/07\/logo-CNI-To.png?resize=350%2C200&ssl=1 1x, https:\/\/i0.wp.com\/www.grieta.org.mx\/wp-content\/uploads\/2018\/07\/logo-CNI-To.png?resize=525%2C300&ssl=1 1.5x"},"classes":[]},{"id":34676,"url":"https:\/\/www.grieta.org.mx\/index.php\/2019\/06\/12\/convocatoria-del-cni-cig-y-el-ezln-a-la-campana-por-la-vida-la-paz-y-la-justicia-en-la-montana-de-guerrero\/","url_meta":{"origin":36244,"position":4},"title":"Convocatoria del CNI-CIG y el EZLN a la CAMPA\u00d1A POR LA VIDA, LA PAZ Y LA JUSTICIA EN LA MONTA\u00d1A DE GUERRERO","author":"grieta","date":"12 junio, 2019","format":false,"excerpt":"Convocatoria del CNI-CIG y el EZLN a la CAMPA\u00d1A POR LA VIDA, LA PAZ Y LA JUSTICIA EN LA MONTA\u00d1A DE GUERRERO Los pueblos, las comunidades, naciones, colectivos, barrios y tribus originarias que somos el Congreso Nacional Ind\u00edgena-Concejo Ind\u00edgena de Gobierno, y el Ej\u00e9rcito Zapatista de Liberaci\u00f3n Nacional, llamamos a\u2026","rel":"","context":"En &quot;CIG&quot;","block_context":{"text":"CIG","link":"https:\/\/www.grieta.org.mx\/index.php\/category\/cig\/"},"img":{"alt_text":"","src":"https:\/\/i0.wp.com\/www.grieta.org.mx\/wp-content\/uploads\/2019\/06\/logo-CNI-T.png?resize=350%2C200&ssl=1","width":350,"height":200,"srcset":"https:\/\/i0.wp.com\/www.grieta.org.mx\/wp-content\/uploads\/2019\/06\/logo-CNI-T.png?resize=350%2C200&ssl=1 1x, https:\/\/i0.wp.com\/www.grieta.org.mx\/wp-content\/uploads\/2019\/06\/logo-CNI-T.png?resize=525%2C300&ssl=1 1.5x"},"classes":[]},{"id":28325,"url":"https:\/\/www.grieta.org.mx\/index.php\/2018\/12\/31\/comunicado-del-congreso-nacional-indigena-y-del-concejo-indigena-de-gobierno-al-pueblo-chinanteco-de-san-juan-petlapa-oaxaca\/","url_meta":{"origin":36244,"position":5},"title":"COMUNICADO DEL CONGRESO NACIONAL IND\u00cdGENA Y DEL CONCEJO IND\u00cdGENA DE GOBIERNO AL PUEBLO CHINANTECO DE SAN JUAN PETLAPA, OAXACA","author":"grieta","date":"31 diciembre, 2018","format":false,"excerpt":"A la comunidad de San Juan Petlapa, Oaxaca Al pueblo Chinanteco Al Pueblo de M\u00e9xico A los medios de comunicaci\u00f3n El Congreso Nacional Ind\u00edgena y el Concejo Ind\u00edgena de Gobierno manifestamos nuestro pleno respeto a los modos que los pueblos originarios de nuestro pa\u00eds deciden para el nombramiento de sus\u2026","rel":"","context":"En &quot;CIG&quot;","block_context":{"text":"CIG","link":"https:\/\/www.grieta.org.mx\/index.php\/category\/cig\/"},"img":{"alt_text":"","src":"https:\/\/i0.wp.com\/www.grieta.org.mx\/wp-content\/uploads\/2018\/03\/14524434_1106112876131411_958039263622046936_o.jpg?resize=350%2C200&ssl=1","width":350,"height":200,"srcset":"https:\/\/i0.wp.com\/www.grieta.org.mx\/wp-content\/uploads\/2018\/03\/14524434_1106112876131411_958039263622046936_o.jpg?resize=350%2C200&ssl=1 1x, https:\/\/i0.wp.com\/www.grieta.org.mx\/wp-content\/uploads\/2018\/03\/14524434_1106112876131411_958039263622046936_o.jpg?resize=525%2C300&ssl=1 1.5x, https:\/\/i0.wp.com\/www.grieta.org.mx\/wp-content\/uploads\/2018\/03\/14524434_1106112876131411_958039263622046936_o.jpg?resize=700%2C400&ssl=1 2x"},"classes":[]}],"_links":{"self":[{"href":"https:\/\/www.grieta.org.mx\/index.php\/wp-json\/wp\/v2\/posts\/36244","targetHints":{"allow":["GET"]}}],"collection":[{"href":"https:\/\/www.grieta.org.mx\/index.php\/wp-json\/wp\/v2\/posts"}],"about":[{"href":"https:\/\/www.grieta.org.mx\/index.php\/wp-json\/wp\/v2\/types\/post"}],"author":[{"embeddable":true,"href":"https:\/\/www.grieta.org.mx\/index.php\/wp-json\/wp\/v2\/users\/2"}],"replies":[{"embeddable":true,"href":"https:\/\/www.grieta.org.mx\/index.php\/wp-json\/wp\/v2\/comments?post=36244"}],"version-history":[{"count":1,"href":"https:\/\/www.grieta.org.mx\/index.php\/wp-json\/wp\/v2\/posts\/36244\/revisions"}],"predecessor-version":[{"id":36254,"href":"https:\/\/www.grieta.org.mx\/index.php\/wp-json\/wp\/v2\/posts\/36244\/revisions\/36254"}],"wp:featuredmedia":[{"embeddable":true,"href":"https:\/\/www.grieta.org.mx\/index.php\/wp-json\/wp\/v2\/media\/34275"}],"wp:attachment":[{"href":"https:\/\/www.grieta.org.mx\/index.php\/wp-json\/wp\/v2\/media?parent=36244"}],"wp:term":[{"taxonomy":"category","embeddable":true,"href":"https:\/\/www.grieta.org.mx\/index.php\/wp-json\/wp\/v2\/categories?post=36244"},{"taxonomy":"post_tag","embeddable":true,"href":"https:\/\/www.grieta.org.mx\/index.php\/wp-json\/wp\/v2\/tags?post=36244"}],"curies":[{"name":"wp","href":"https:\/\/api.w.org\/{rel}","templated":true}]}}