{"id":36195,"date":"2019-07-11T22:59:44","date_gmt":"2019-07-12T03:59:44","guid":{"rendered":"http:\/\/www.grieta.org.mx\/?p=36195"},"modified":"2019-07-11T23:04:37","modified_gmt":"2019-07-12T04:04:37","slug":"derrame-de-acido-en-guaymas-provocara-muerte-de-fauna-y-flora-en-mar-de-cortes-investigador-sonora","status":"publish","type":"post","link":"https:\/\/www.grieta.org.mx\/index.php\/2019\/07\/11\/derrame-de-acido-en-guaymas-provocara-muerte-de-fauna-y-flora-en-mar-de-cortes-investigador-sonora\/","title":{"rendered":"Derrame de \u00e1cido en Guaymas provocar\u00e1 muerte de fauna y flora en Mar de Cort\u00e9s: Investigador (Sonora)"},"content":{"rendered":"<p><img loading=\"lazy\" decoding=\"async\" data-attachment-id=\"36196\" data-permalink=\"https:\/\/www.grieta.org.mx\/index.php\/2019\/07\/11\/derrame-de-acido-en-guaymas-provocara-muerte-de-fauna-y-flora-en-mar-de-cortes-investigador-sonora\/mar-cortes-2\/\" data-orig-file=\"https:\/\/www.grieta.org.mx\/wp-content\/uploads\/2019\/07\/Mar-Cort\u00e9s-1.jpg\" data-orig-size=\"900,506\" data-comments-opened=\"0\" data-image-meta=\"{&quot;aperture&quot;:&quot;0&quot;,&quot;credit&quot;:&quot;&quot;,&quot;camera&quot;:&quot;&quot;,&quot;caption&quot;:&quot;&quot;,&quot;created_timestamp&quot;:&quot;0&quot;,&quot;copyright&quot;:&quot;&quot;,&quot;focal_length&quot;:&quot;0&quot;,&quot;iso&quot;:&quot;0&quot;,&quot;shutter_speed&quot;:&quot;0&quot;,&quot;title&quot;:&quot;&quot;,&quot;orientation&quot;:&quot;0&quot;}\" data-image-title=\"Mar Cort\u00e9s\" data-image-description=\"\" data-image-caption=\"\" data-medium-file=\"https:\/\/www.grieta.org.mx\/wp-content\/uploads\/2019\/07\/Mar-Cort\u00e9s-1-300x169.jpg\" data-large-file=\"https:\/\/www.grieta.org.mx\/wp-content\/uploads\/2019\/07\/Mar-Cort\u00e9s-1.jpg\" class=\"alignleft wp-image-36196\" src=\"http:\/\/www.grieta.org.mx\/wp-content\/uploads\/2019\/07\/Mar-Cort\u00e9s-1.jpg\" alt=\"\" width=\"950\" height=\"534\" srcset=\"https:\/\/www.grieta.org.mx\/wp-content\/uploads\/2019\/07\/Mar-Cort\u00e9s-1.jpg 900w, https:\/\/www.grieta.org.mx\/wp-content\/uploads\/2019\/07\/Mar-Cort\u00e9s-1-300x169.jpg 300w, https:\/\/www.grieta.org.mx\/wp-content\/uploads\/2019\/07\/Mar-Cort\u00e9s-1-768x432.jpg 768w, https:\/\/www.grieta.org.mx\/wp-content\/uploads\/2019\/07\/Mar-Cort\u00e9s-1-889x500.jpg 889w\" sizes=\"auto, (max-width: 950px) 100vw, 950px\" \/><\/p>\n<p>Ra\u00fal Flores Mart\u00ednezRa\u00fal Flores Mart\u00ednez<\/p>\n<p>El Mar de Cort\u00e9s vive una contingencia ambiental con el derrame de tres mil litros de \u00e1cido sulf\u00farico, ocasionado por la fuga de un tanque en la Terminal Mar\u00edtima de Guaymas, Sonora, lo que va a provocar afectaciones severas en la vida de la flora y fauna marina que quedara desintegrada en un radio que va de uno a 100 kil\u00f3metros cuadrados, advirti\u00f3 el doctor Jos\u00e9 Antonio Benjam\u00edn Ordo\u00f1ez, profesor investigador y experto en biodiversidad del Tecnol\u00f3gico de Monterrey.<\/p>\n<p>En entrevista para Grupo Imagen, se\u00f1al\u00f3 que el \u00e1cido sulf\u00farico es utilizado en la fabricaci\u00f3n de explosivos, tintes, pegamentos, fertilizantes con fosfato y bater\u00edas de autom\u00f3vil; adem\u00e1s de que es un potente corrosivo que puede provocar irritaci\u00f3n severa o da\u00f1o corrosivo si se inhala.<\/p>\n<p>Cuando este \u00e1cido se mezcla con el agua, causa problemas para el medio ambiente, ya que elimina la vida vegetal, debido a que, si los organismos silvestres consumen estas aguas \u00e1cidas, pueden sufrir enfermedades o incluso morir, en algunos casos.<\/p>\n<p>Durante su tiempo de vida como reactivo este \u00e1cido sulf\u00farico, es muy peligroso es veneno, si toca a los peces o a cualquier organismo de inmediato lo mata, casi lo desintegra en su tejido, entonces todas las formas sensibles; es decir, todas las formas de vida que est\u00e1n pegaditas a las piedras en el fondo del mar y todo esto pr\u00e1cticamente se barre con este \u00e1cido\u201d, explic\u00f3.<\/p>\n<p>Destac\u00f3 que a pesar de todos los esfuerzos que realicen las Secretar\u00eda de Medio Ambiente y Recursos Naturales (Semarnat), Marina-Armada de M\u00e9xico (Semar) e incluso la propia empresa trasnacional Grupo M\u00e9xico, no podr\u00e1n limpiar la zona afectada que puede ir de uno a 100 kil\u00f3metros cuadrados de afectaci\u00f3n<\/p>\n<p>El da\u00f1o de este puede alcanzar un kil\u00f3metro cuadrado as\u00ed tranquilamente, un kil\u00f3metro cuadrado, es mucho en el da\u00f1o ambiental, pueden ser tres, 10 hasta 100 kil\u00f3metros cuadrados, porque va a depender de los compuestos que se tengan disponibles para tener reacciones secundarias, ahora bien, la reacci\u00f3n es casi inmediata al ir cayendo este \u00e1cido al agua la reacci\u00f3n es casi inmediata y se generan todos estos tipos de reacciones\u201d, mencion\u00f3.<\/p>\n<p>Destac\u00f3 que por a\u00f1os la empresa transnacional Grupo M\u00e9xico, ha da\u00f1ado el medio ambiente en diversos estados del pa\u00eds, sin que haya dado una sanci\u00f3n ejemplar por la contaminaci\u00f3n y afectaci\u00f3n al ecosistema da\u00f1ado.<\/p>\n<p>La contaminaci\u00f3n a una zona de la mar de cort\u00e9s, se da dos meses despu\u00e9s del vertimiento de 20 mil litros de agua con sedimentos de una mina propiedad de Grupo M\u00e9xico en un r\u00edo de San Mart\u00edn, Zacatecas y a cinco a\u00f1os de un derrame de 40 mil metros c\u00fabicos de \u00e1cido sulf\u00farico sobre el r\u00edo Sonora, derivado de una fuga en las instalaciones de la minera Buenavista del Cobre, tambi\u00e9n propiedad de Grupo M\u00e9xico.<\/p>\n<p>Fuente: Excelsior<\/p>\n<p><a href=\"https:\/\/proyectopuente.com.mx\/2019\/07\/11\/derrame-de-acido-en-guaymas-provocara-muerte-de-fauna-y-flora-en-mar-de-cortes-investigador-1814\/\" target=\"_blank\" rel=\"noopener noreferrer\">https:\/\/proyectopuente.com.mx\/2019\/07\/11\/derrame-de-acido-en-guaymas-provocara-muerte-de-fauna-y-flora-en-mar-de-cortes-investigador-1814\/<\/a><\/p>\n","protected":false},"excerpt":{"rendered":"<p>Ra\u00fal Flores Mart\u00ednezRa\u00fal Flores Mart\u00ednez El Mar de Cort\u00e9s vive una contingencia ambiental con el derrame de tres mil litros de \u00e1cido sulf\u00farico, ocasionado por la fuga de un tanque &hellip; <a href=\"https:\/\/www.grieta.org.mx\/index.php\/2019\/07\/11\/derrame-de-acido-en-guaymas-provocara-muerte-de-fauna-y-flora-en-mar-de-cortes-investigador-sonora\/\" class=\"more-link\">Leer m\u00e1s<\/a><\/p>\n","protected":false},"author":2,"featured_media":36196,"comment_status":"closed","ping_status":"closed","sticky":false,"template":"","format":"standard","meta":{"ngg_post_thumbnail":0,"_jetpack_newsletter_access":"","_jetpack_dont_email_post_to_subs":false,"_jetpack_newsletter_tier_id":0,"_jetpack_memberships_contains_paywalled_content":false,"_jetpack_memberships_contains_paid_content":false,"footnotes":""},"categories":[80,2557,1462,2721,2215,2,31],"tags":[2216,1644,2733,485,2734],"class_list":["post-36195","post","type-post","status-publish","format-standard","has-post-thumbnail","hentry","category-cintillo","category-contaminacion-y-danos-a-la-naturaleza-por-megaproyectos","category-contaminacion-y-danos-a-la-salud-por-mineria-en-sonora","category-crisis-ecologica-y-ambiental-en-sonora","category-mineria-en-sonora","category-noticias-nacionales","category-sonora","tag-conflictos-por-mineria","tag-contaminacion-de-los-mares","tag-contaminacion-marina-por-mineria","tag-grupo-mexico","tag-mar-de-cortes","entry"],"jetpack_featured_media_url":"https:\/\/www.grieta.org.mx\/wp-content\/uploads\/2019\/07\/Mar-Cort\u00e9s-1.jpg","jetpack_sharing_enabled":true,"jetpack_shortlink":"https:\/\/wp.me\/p7ZJR4-9pN","jetpack_likes_enabled":false,"jetpack-related-posts":[{"id":36173,"url":"https:\/\/www.grieta.org.mx\/index.php\/2019\/07\/11\/grupo-mexico-de-german-larrea-derrama-ahora-3000-litros-de-acido-sulfurico-en-mar-de-cortes-sonora\/","url_meta":{"origin":36195,"position":0},"title":"Grupo M\u00e9xico, de Germ\u00e1n Larrea, derrama ahora 3,000 litros de \u00e1cido sulf\u00farico en Mar de Cort\u00e9s (Sonora)","author":"grieta","date":"11 julio, 2019","format":false,"excerpt":"Redacci\u00f3n\/ SIN EMBARGO La empresa asegur\u00f3 que dio aviso a la Administraci\u00f3n Portuaria Integral de Guaymas y a la Secretar\u00eda de Marina, dependencia que estuvo presente en el lugar y al constatar que la situaci\u00f3n estaba controlada determin\u00f3 que no era necesario activar un plan de emergencia. Ciudad de M\u00e9xico,\u2026","rel":"","context":"En &quot;CINTILLO&quot;","block_context":{"text":"CINTILLO","link":"https:\/\/www.grieta.org.mx\/index.php\/category\/cintillo\/"},"img":{"alt_text":"","src":"https:\/\/i0.wp.com\/www.grieta.org.mx\/wp-content\/uploads\/2019\/07\/grupo-mexico-mar-de-cortes.jpg?resize=350%2C200&ssl=1","width":350,"height":200,"srcset":"https:\/\/i0.wp.com\/www.grieta.org.mx\/wp-content\/uploads\/2019\/07\/grupo-mexico-mar-de-cortes.jpg?resize=350%2C200&ssl=1 1x, https:\/\/i0.wp.com\/www.grieta.org.mx\/wp-content\/uploads\/2019\/07\/grupo-mexico-mar-de-cortes.jpg?resize=525%2C300&ssl=1 1.5x, https:\/\/i0.wp.com\/www.grieta.org.mx\/wp-content\/uploads\/2019\/07\/grupo-mexico-mar-de-cortes.jpg?resize=700%2C400&ssl=1 2x, https:\/\/i0.wp.com\/www.grieta.org.mx\/wp-content\/uploads\/2019\/07\/grupo-mexico-mar-de-cortes.jpg?resize=1050%2C600&ssl=1 3x"},"classes":[]},{"id":36430,"url":"https:\/\/www.grieta.org.mx\/index.php\/2019\/07\/16\/derrame-en-mar-de-cortes-seria-mayor-al-reportado-marcharan-contra-grupo-mexico-sonora\/","url_meta":{"origin":36195,"position":1},"title":"Derrame en Mar de Cort\u00e9s ser\u00eda mayor al reportado; marchar\u00e1n contra Grupo M\u00e9xico (Sonora)","author":"grieta","date":"16 julio, 2019","format":false,"excerpt":"Milton Mart\u00ednez \/ Proceso. Derrame de \u00e1cido sulf\u00farico en el mar de Cort\u00e9s. Foto: Especial. GUAYMAS, Son. (apro).\u2013 El derrame de \u00e1cido sulf\u00farico en el Mar de Cort\u00e9s podr\u00eda haber sido superior al inicialmente reportado por Metal\u00fargica del Cobre SA de CV, subsidiaria de Grupo M\u00e9xico. Un empleado de la\u2026","rel":"","context":"En &quot;CINTILLO&quot;","block_context":{"text":"CINTILLO","link":"https:\/\/www.grieta.org.mx\/index.php\/category\/cintillo\/"},"img":{"alt_text":"","src":"https:\/\/i0.wp.com\/www.grieta.org.mx\/wp-content\/uploads\/2019\/07\/Derrame.jpg?resize=350%2C200&ssl=1","width":350,"height":200,"srcset":"https:\/\/i0.wp.com\/www.grieta.org.mx\/wp-content\/uploads\/2019\/07\/Derrame.jpg?resize=350%2C200&ssl=1 1x, https:\/\/i0.wp.com\/www.grieta.org.mx\/wp-content\/uploads\/2019\/07\/Derrame.jpg?resize=525%2C300&ssl=1 1.5x, https:\/\/i0.wp.com\/www.grieta.org.mx\/wp-content\/uploads\/2019\/07\/Derrame.jpg?resize=700%2C400&ssl=1 2x"},"classes":[]},{"id":36286,"url":"https:\/\/www.grieta.org.mx\/index.php\/2019\/07\/14\/aparecen-muertos-lobo-marino-tortuga-y-peces-en-playas-de-guaymas-usuarios-de-redes-lo-relacionan-con-derrame-de-acido-sulfurico-de-grupo-mexico-sonora\/","url_meta":{"origin":36195,"position":2},"title":"Aparecen muertos lobo marino, tortuga y peces en playas de Guaymas; usuarios de redes lo relacionan con derrame de \u00e1cido sulf\u00farico de Grupo M\u00e9xico (Sonora)","author":"grieta","date":"14 julio, 2019","format":false,"excerpt":"Astrid Arellano\/ PROYECTO PUENTE En las redes sociales ahora circulan las im\u00e1genes de un lobo marino muerto que la corriente arrastr\u00f3 hasta la orilla de la playa en San Carlos, hecho que la poblaci\u00f3n indignada asoci\u00f3 con los 3 mil litros de \u00e1cido sulf\u00farico que Grupo M\u00e9xico derram\u00f3 en el\u2026","rel":"","context":"En &quot;CINTILLO&quot;","block_context":{"text":"CINTILLO","link":"https:\/\/www.grieta.org.mx\/index.php\/category\/cintillo\/"},"img":{"alt_text":"","src":"https:\/\/i0.wp.com\/www.grieta.org.mx\/wp-content\/uploads\/2019\/07\/timthumb2.jpg?resize=350%2C200&ssl=1","width":350,"height":200,"srcset":"https:\/\/i0.wp.com\/www.grieta.org.mx\/wp-content\/uploads\/2019\/07\/timthumb2.jpg?resize=350%2C200&ssl=1 1x, https:\/\/i0.wp.com\/www.grieta.org.mx\/wp-content\/uploads\/2019\/07\/timthumb2.jpg?resize=525%2C300&ssl=1 1.5x, https:\/\/i0.wp.com\/www.grieta.org.mx\/wp-content\/uploads\/2019\/07\/timthumb2.jpg?resize=700%2C400&ssl=1 2x"},"classes":[]},{"id":36073,"url":"https:\/\/www.grieta.org.mx\/index.php\/2019\/07\/05\/grupo-mexico-planea-construir-presa-de-jales-en-bacanuchi-ciudadanos-se-oponen-temen-otro-derrame-sonora\/","url_meta":{"origin":36195,"position":3},"title":"Grupo M\u00e9xico planea construir presa de jales en Bacanuchi, ciudadanos se oponen, temen otro derrame (Sonora)","author":"grieta","date":"5 julio, 2019","format":false,"excerpt":"https:\/\/proyectopuente.com.mx\/2019\/07\/05\/grupo-mexico-planea-construir-presa-de-jales-en-bacanuchi-ciudadanos-se-oponen-temen-otro-derrame-2\/","rel":"","context":"En &quot;Contaminaci\u00f3n ambiental por megaproyectos en Sonora&quot;","block_context":{"text":"Contaminaci\u00f3n ambiental por megaproyectos en Sonora","link":"https:\/\/www.grieta.org.mx\/index.php\/category\/noticias-nacionales\/sonora\/contaminacion-y-danos-a-la-naturaleza-por-megaproyectos\/"},"img":{"alt_text":"","src":"https:\/\/i0.wp.com\/www.grieta.org.mx\/wp-content\/uploads\/2018\/03\/14524434_1106112876131411_958039263622046936_o.jpg?resize=350%2C200&ssl=1","width":350,"height":200,"srcset":"https:\/\/i0.wp.com\/www.grieta.org.mx\/wp-content\/uploads\/2018\/03\/14524434_1106112876131411_958039263622046936_o.jpg?resize=350%2C200&ssl=1 1x, https:\/\/i0.wp.com\/www.grieta.org.mx\/wp-content\/uploads\/2018\/03\/14524434_1106112876131411_958039263622046936_o.jpg?resize=525%2C300&ssl=1 1.5x, https:\/\/i0.wp.com\/www.grieta.org.mx\/wp-content\/uploads\/2018\/03\/14524434_1106112876131411_958039263622046936_o.jpg?resize=700%2C400&ssl=1 2x"},"classes":[]},{"id":36305,"url":"https:\/\/www.grieta.org.mx\/index.php\/2019\/07\/13\/grupo-mexico-impunidad-ante-graves-delitos-ambientales-sonora\/","url_meta":{"origin":36195,"position":4},"title":"Grupo M\u00e9xico: Impunidad ante graves delitos ambientales (Sonora)","author":"grieta","date":"13 julio, 2019","format":false,"excerpt":"HERMOSILLO, Son. (proceso.com.mx).- La imprudencia ambiental con la que opera Grupo M\u00e9xico est\u00e1 documentada en 127 infracciones federales que van desde derrumbes en sus minas hasta macroderrames de t\u00f3xicos. La organizaci\u00f3n de Grupo Poder ofrece un compilado de una catorcena de desastres ambientales registrados desde principios de este siglo. El\u2026","rel":"","context":"En &quot;CINTILLO&quot;","block_context":{"text":"CINTILLO","link":"https:\/\/www.grieta.org.mx\/index.php\/category\/cintillo\/"},"img":{"alt_text":"","src":"https:\/\/i0.wp.com\/www.grieta.org.mx\/wp-content\/uploads\/2019\/07\/Grupo-M%C3%A9xico-derrame.jpg?resize=350%2C200&ssl=1","width":350,"height":200,"srcset":"https:\/\/i0.wp.com\/www.grieta.org.mx\/wp-content\/uploads\/2019\/07\/Grupo-M%C3%A9xico-derrame.jpg?resize=350%2C200&ssl=1 1x, https:\/\/i0.wp.com\/www.grieta.org.mx\/wp-content\/uploads\/2019\/07\/Grupo-M%C3%A9xico-derrame.jpg?resize=525%2C300&ssl=1 1.5x, https:\/\/i0.wp.com\/www.grieta.org.mx\/wp-content\/uploads\/2019\/07\/Grupo-M%C3%A9xico-derrame.jpg?resize=700%2C400&ssl=1 2x"},"classes":[]},{"id":9067,"url":"https:\/\/www.grieta.org.mx\/index.php\/2016\/08\/22\/contaminacion-y-danos-a-la-salud-por-mineria-en-sonora\/","url_meta":{"origin":36195,"position":5},"title":"Contaminaci\u00f3n y da\u00f1os a la salud por miner\u00eda en Sonora","author":"Admin","date":"22 agosto, 2016","format":false,"excerpt":"Denuncian contaminaci\u00f3n del R\u00edo Sonora provocada por miner\u00eda 22\/08\/16. Contaminaci\u00f3n, despojo y negligencia: las acusaciones contra Grupo M\u00e9xico en Sonora Animal Pol\u00edtico 08\/08\/16. A 2 a\u00f1os del derrame contaminante en el R\u00edo Sonora, una 'mancha' que no se borra Expansi\u00f3n 01\/08\/16. A dos a\u00f1os de la contaminaci\u00f3n en R\u00edo Sonora:\u2026","rel":"","context":"En &quot;Miner\u00eda&quot;","block_context":{"text":"Miner\u00eda","link":"https:\/\/www.grieta.org.mx\/index.php\/category\/megaproyectos\/mineria\/"},"img":{"alt_text":"","src":"https:\/\/i0.wp.com\/www.grieta.org.mx\/wp-content\/uploads\/2018\/03\/14524434_1106112876131411_958039263622046936_o.jpg?resize=350%2C200&ssl=1","width":350,"height":200,"srcset":"https:\/\/i0.wp.com\/www.grieta.org.mx\/wp-content\/uploads\/2018\/03\/14524434_1106112876131411_958039263622046936_o.jpg?resize=350%2C200&ssl=1 1x, https:\/\/i0.wp.com\/www.grieta.org.mx\/wp-content\/uploads\/2018\/03\/14524434_1106112876131411_958039263622046936_o.jpg?resize=525%2C300&ssl=1 1.5x, https:\/\/i0.wp.com\/www.grieta.org.mx\/wp-content\/uploads\/2018\/03\/14524434_1106112876131411_958039263622046936_o.jpg?resize=700%2C400&ssl=1 2x"},"classes":[]}],"_links":{"self":[{"href":"https:\/\/www.grieta.org.mx\/index.php\/wp-json\/wp\/v2\/posts\/36195","targetHints":{"allow":["GET"]}}],"collection":[{"href":"https:\/\/www.grieta.org.mx\/index.php\/wp-json\/wp\/v2\/posts"}],"about":[{"href":"https:\/\/www.grieta.org.mx\/index.php\/wp-json\/wp\/v2\/types\/post"}],"author":[{"embeddable":true,"href":"https:\/\/www.grieta.org.mx\/index.php\/wp-json\/wp\/v2\/users\/2"}],"replies":[{"embeddable":true,"href":"https:\/\/www.grieta.org.mx\/index.php\/wp-json\/wp\/v2\/comments?post=36195"}],"version-history":[{"count":1,"href":"https:\/\/www.grieta.org.mx\/index.php\/wp-json\/wp\/v2\/posts\/36195\/revisions"}],"predecessor-version":[{"id":36198,"href":"https:\/\/www.grieta.org.mx\/index.php\/wp-json\/wp\/v2\/posts\/36195\/revisions\/36198"}],"wp:featuredmedia":[{"embeddable":true,"href":"https:\/\/www.grieta.org.mx\/index.php\/wp-json\/wp\/v2\/media\/36196"}],"wp:attachment":[{"href":"https:\/\/www.grieta.org.mx\/index.php\/wp-json\/wp\/v2\/media?parent=36195"}],"wp:term":[{"taxonomy":"category","embeddable":true,"href":"https:\/\/www.grieta.org.mx\/index.php\/wp-json\/wp\/v2\/categories?post=36195"},{"taxonomy":"post_tag","embeddable":true,"href":"https:\/\/www.grieta.org.mx\/index.php\/wp-json\/wp\/v2\/tags?post=36195"}],"curies":[{"name":"wp","href":"https:\/\/api.w.org\/{rel}","templated":true}]}}