{"id":36114,"date":"2019-07-08T18:28:22","date_gmt":"2019-07-08T23:28:22","guid":{"rendered":"http:\/\/www.grieta.org.mx\/?p=36114"},"modified":"2019-07-09T18:44:00","modified_gmt":"2019-07-09T23:44:00","slug":"la-inseguridad-abruma-a-los-culiacanenses-sinaloa","status":"publish","type":"post","link":"https:\/\/www.grieta.org.mx\/index.php\/2019\/07\/08\/la-inseguridad-abruma-a-los-culiacanenses-sinaloa\/","title":{"rendered":"La inseguridad abruma a los culiacanenses (Sinaloa)"},"content":{"rendered":"<p><img loading=\"lazy\" decoding=\"async\" data-attachment-id=\"36115\" data-permalink=\"https:\/\/www.grieta.org.mx\/index.php\/2019\/07\/08\/la-inseguridad-abruma-a-los-culiacanenses-sinaloa\/la_inseguridad_abruma_a_los_culiacanenses_1-jpg_219914347\/\" data-orig-file=\"https:\/\/www.grieta.org.mx\/wp-content\/uploads\/2019\/07\/la_inseguridad_abruma_a_los_culiacanenses_1.jpg_219914347.jpg\" data-orig-size=\"960,540\" data-comments-opened=\"0\" data-image-meta=\"{&quot;aperture&quot;:&quot;0&quot;,&quot;credit&quot;:&quot;&quot;,&quot;camera&quot;:&quot;&quot;,&quot;caption&quot;:&quot;&quot;,&quot;created_timestamp&quot;:&quot;0&quot;,&quot;copyright&quot;:&quot;&quot;,&quot;focal_length&quot;:&quot;0&quot;,&quot;iso&quot;:&quot;0&quot;,&quot;shutter_speed&quot;:&quot;0&quot;,&quot;title&quot;:&quot;&quot;,&quot;orientation&quot;:&quot;0&quot;}\" data-image-title=\"la_inseguridad_abruma_a_los_culiacanenses_1.jpg_219914347\" data-image-description=\"\" data-image-caption=\"\" data-medium-file=\"https:\/\/www.grieta.org.mx\/wp-content\/uploads\/2019\/07\/la_inseguridad_abruma_a_los_culiacanenses_1.jpg_219914347-300x169.jpg\" data-large-file=\"https:\/\/www.grieta.org.mx\/wp-content\/uploads\/2019\/07\/la_inseguridad_abruma_a_los_culiacanenses_1.jpg_219914347.jpg\" class=\" wp-image-36115 aligncenter\" src=\"http:\/\/www.grieta.org.mx\/wp-content\/uploads\/2019\/07\/la_inseguridad_abruma_a_los_culiacanenses_1.jpg_219914347.jpg\" alt=\"\" width=\"800\" height=\"450\" srcset=\"https:\/\/www.grieta.org.mx\/wp-content\/uploads\/2019\/07\/la_inseguridad_abruma_a_los_culiacanenses_1.jpg_219914347.jpg 960w, https:\/\/www.grieta.org.mx\/wp-content\/uploads\/2019\/07\/la_inseguridad_abruma_a_los_culiacanenses_1.jpg_219914347-300x169.jpg 300w, https:\/\/www.grieta.org.mx\/wp-content\/uploads\/2019\/07\/la_inseguridad_abruma_a_los_culiacanenses_1.jpg_219914347-768x432.jpg 768w, https:\/\/www.grieta.org.mx\/wp-content\/uploads\/2019\/07\/la_inseguridad_abruma_a_los_culiacanenses_1.jpg_219914347-889x500.jpg 889w\" sizes=\"auto, (max-width: 800px) 100vw, 800px\" \/><\/p>\n<p>Foto: EL Debate<\/p>\n<p><em>La inseguridad abruma a los culiacanenses, ya que 6 de cada 10 ha sido victima de la violencia en los \u00faltimos seis meses<\/em><\/p>\n<p>Mar\u00eda ELizalde \/ EL Debate<\/p>\n<p><strong>Culiac\u00e1n, Sinaloa<\/strong>.- En los \u00faltimos seis meses, seis de cada diez culiacanenses dijeron haber tenido problemas de inseguridad en la ciudad de Culiac\u00e1n, seg\u00fan una encuesta hecha por EL DEBATE. Para dicho sondeo, la ciudad fue dividida en tres zonas: centro, intermedia y periferia.<\/p>\n<p>Para obtener los resultados, se entrevistaron a mujeres y hombres mayores de edad respecto al problema de inseguridad, quienes se\u00f1alaron que existen sectores de la ciudad que son dif\u00edciles de habitar, debido al incremento en robo a casa habitaci\u00f3n y veh\u00edculos.<\/p>\n<p>Entre los sectores mencionados estuvieron el fraccionamiento Terranova, donde los habitantes aseguran tener miedo de salir a las tiendas cercanas a sus casas o parques, ya que se han registrado varios asaltos, especificando que la zona donde mayor incidente se ha registrado es cerca del Seguro Social<\/p>\n<p>En un recorrido por este sector pudimos apreciar que en una cuadra con promedio de 15 casas habitadas, al menos cuatro ya fueron v\u00edctimas de robo con violencia.<\/p>\n<p>Sin embargo, las familias decidieron no denunciar, ya que aseguran que nadie les pagar\u00e1 por las cosas que les quitaron como los son televisores, dinero en efectivo, computadoras port\u00e1tiles, ropa, bolsas y hasta un refrigerador.<\/p>\n<p>Otro de los fraccionamientos donde sus habitantes han sido v\u00edctimas de asaltos es Cedros, donde los vecinos se\u00f1alan que los robos son constantes y hay quienes han resultado afectados, incluso, hasta en tres ocasiones en lo que va del a\u00f1o.<\/p>\n<p>Encuesta<\/p>\n<p>En los resultados del sondeo, el 60.95 por ciento de los encuestados dijo haber sido v\u00edctima o conocer casos de inseguridad en su colonia.<\/p>\n<p>Entre los tipos de delitos de los que han sido objeto, el 65 por ciento de los casos de inseguridad aseguran ser por robo a casa habitaci\u00f3n sin violencia, mientras que el 29 por ciento son delitos a robo de autom\u00f3vil sin violencia y el 46.87 por ciento dijo haber sido v\u00edctima de robo violento mientras caminaba por la v\u00eda p\u00fablica.<\/p>\n<p>Los encuestados se\u00f1alaron saber de al menos dos afectados nuevos por semana que han sido v\u00edctimas de robos en sus colonias. Asimismo, especifican que el robo a veh\u00edculo se comete de manera frecuente por las noches o en temporada vacacional.<\/p>\n<p>El 75 por ciento de los robos a casas se realizan en la zona centro del municipio, de los cuales el 12 por ciento de estos se llevan a cabo con violencia.<\/p>\n<p>Mientras tanto, el robo de veh\u00edculo con violencia ocurre m\u00e1s en la zona perif\u00e9rica de Culiac\u00e1n, sector donde el 82% por ciento de los robos a comercio son con agresiones.<\/p>\n<p><a href=\"https:\/\/www.debate.com.mx\/culiacan\/La-inseguridad-abruma-a-los-culiacanenses-20190708-0015.html\">https:\/\/www.debate.com.mx\/culiacan\/La-inseguridad-abruma-a-los-culiacanenses-20190708-0015.html<\/a><\/p>\n","protected":false},"excerpt":{"rendered":"<p>Foto: EL Debate La inseguridad abruma a los culiacanenses, ya que 6 de cada 10 ha sido victima de la violencia en los \u00faltimos seis meses Mar\u00eda ELizalde \/ EL &hellip; <a href=\"https:\/\/www.grieta.org.mx\/index.php\/2019\/07\/08\/la-inseguridad-abruma-a-los-culiacanenses-sinaloa\/\" class=\"more-link\">Leer m\u00e1s<\/a><\/p>\n","protected":false},"author":2,"featured_media":36115,"comment_status":"closed","ping_status":"closed","sticky":false,"template":"","format":"standard","meta":{"ngg_post_thumbnail":0,"_jetpack_newsletter_access":"","_jetpack_dont_email_post_to_subs":false,"_jetpack_newsletter_tier_id":0,"_jetpack_memberships_contains_paywalled_content":false,"_jetpack_memberships_contains_paid_content":false,"footnotes":""},"categories":[80,2729,2,30],"tags":[1133,746,1643],"class_list":["post-36114","post","type-post","status-publish","format-standard","has-post-thumbnail","hentry","category-cintillo","category-incremento-de-la-inseguridad-en-sinaloa","category-noticias-nacionales","category-sinaloa","tag-incremento-en-la-violencia","tag-violencia","tag-violencia-e-inseguridad-urbana","entry"],"jetpack_featured_media_url":"https:\/\/www.grieta.org.mx\/wp-content\/uploads\/2019\/07\/la_inseguridad_abruma_a_los_culiacanenses_1.jpg_219914347.jpg","jetpack_sharing_enabled":true,"jetpack_shortlink":"https:\/\/wp.me\/p7ZJR4-9ou","jetpack_likes_enabled":false,"jetpack-related-posts":[{"id":38205,"url":"https:\/\/www.grieta.org.mx\/index.php\/2019\/08\/13\/preocupante-aumento-de-la-tasa-de-homicidios-en-culiacan-sinaloa\/","url_meta":{"origin":36114,"position":0},"title":"Preocupante aumento de la tasa de homicidios en Culiac\u00e1n (Sinaloa)","author":"grieta","date":"13 agosto, 2019","format":false,"excerpt":"Foto: Jes\u00fas Verdugo El mes de julio present\u00f3 13 homicidios m\u00e1s que el mes pasado. Jes\u00fas Verdugo \/ El Sol de Sinaloa Culiac\u00e1n, Sin.\u00a0En el informe del mes de julio de\u00a0Sem\u00e1foro Delictivo\u00a0se presentaron las cifras de\u00a0recurrencia delictiva\u00a0en\u00a0Culiac\u00e1n, destacando un preocupante aumento en la\u00a0tasa de homicidios; un 36 por ciento m\u00e1s\u2026","rel":"","context":"En &quot;CINTILLO&quot;","block_context":{"text":"CINTILLO","link":"https:\/\/www.grieta.org.mx\/index.php\/category\/cintillo\/"},"img":{"alt_text":"","src":"https:\/\/i0.wp.com\/www.grieta.org.mx\/wp-content\/uploads\/2019\/08\/5b86dd80-5619-48ab-b7ec-110790749e4e.jpg?resize=350%2C200&ssl=1","width":350,"height":200,"srcset":"https:\/\/i0.wp.com\/www.grieta.org.mx\/wp-content\/uploads\/2019\/08\/5b86dd80-5619-48ab-b7ec-110790749e4e.jpg?resize=350%2C200&ssl=1 1x, https:\/\/i0.wp.com\/www.grieta.org.mx\/wp-content\/uploads\/2019\/08\/5b86dd80-5619-48ab-b7ec-110790749e4e.jpg?resize=525%2C300&ssl=1 1.5x, https:\/\/i0.wp.com\/www.grieta.org.mx\/wp-content\/uploads\/2019\/08\/5b86dd80-5619-48ab-b7ec-110790749e4e.jpg?resize=700%2C400&ssl=1 2x"},"classes":[]},{"id":15284,"url":"https:\/\/www.grieta.org.mx\/index.php\/2016\/09\/05\/movilizaciones-del-sector-salud-en-sinaloa\/","url_meta":{"origin":36114,"position":1},"title":"Movilizaciones del sector salud en Sinaloa","author":"grieta","date":"5 septiembre, 2016","format":false,"excerpt":"Movilizaciones en contra de la inseguridad y la violencia en la profesi\u00f3n 05\/09\/16. Sinaloa, la impunidad en asesinatos de m\u00e9dicos no tiene cura La Silla Rota 14\/08\/16. Piden en Sinaloa atender a heridos de bala en hospitales militares El Universal 23\/06\/16. Movilizan asesinatos a m\u00e9dicos en Culiac\u00e1n Noroeste 23\/06\/16. \"Exigimos\u2026","rel":"","context":"En &quot;NOTICIAS NACIONALES&quot;","block_context":{"text":"NOTICIAS NACIONALES","link":"https:\/\/www.grieta.org.mx\/index.php\/category\/noticias-nacionales\/"},"img":{"alt_text":"","src":"https:\/\/i0.wp.com\/www.grieta.org.mx\/wp-content\/uploads\/2018\/03\/14524434_1106112876131411_958039263622046936_o.jpg?resize=350%2C200&ssl=1","width":350,"height":200,"srcset":"https:\/\/i0.wp.com\/www.grieta.org.mx\/wp-content\/uploads\/2018\/03\/14524434_1106112876131411_958039263622046936_o.jpg?resize=350%2C200&ssl=1 1x, https:\/\/i0.wp.com\/www.grieta.org.mx\/wp-content\/uploads\/2018\/03\/14524434_1106112876131411_958039263622046936_o.jpg?resize=525%2C300&ssl=1 1.5x, https:\/\/i0.wp.com\/www.grieta.org.mx\/wp-content\/uploads\/2018\/03\/14524434_1106112876131411_958039263622046936_o.jpg?resize=700%2C400&ssl=1 2x"},"classes":[]},{"id":31640,"url":"https:\/\/www.grieta.org.mx\/index.php\/2019\/04\/02\/por-inseguridad-familias-de-la-sierra-de-rosario-abandonan-sus-hogares-sinaloa\/","url_meta":{"origin":36114,"position":2},"title":"Por inseguridad, familias de la sierra de Rosario abandonan sus hogares (Sinaloa)","author":"grieta","date":"2 abril, 2019","format":false,"excerpt":"Jes\u00fas L\u00f3pez \/ El Sol de Mazatl\u00e1n Rosario, Sin. -\u00a0Ha consecuencias de los\u00a0hechos violentos\u00a0que se han registrado en los \u00faltimos d\u00edas en los cuales han perdido cuatro personas, m\u00e1s de\u00a020 familias de las comunidades\u00a0de la zona serrana del\u00a0municipio\u00a0abandonaron sus hogares esto lo confirm\u00f3 Abd\u00f3n Caravantes Hern\u00e1ndez, director de\u00a0Seguridad P\u00fablica y\u2026","rel":"","context":"En &quot;CINTILLO&quot;","block_context":{"text":"CINTILLO","link":"https:\/\/www.grieta.org.mx\/index.php\/category\/cintillo\/"},"img":{"alt_text":"","src":"https:\/\/i0.wp.com\/www.grieta.org.mx\/wp-content\/uploads\/2018\/03\/14524434_1106112876131411_958039263622046936_o.jpg?resize=350%2C200&ssl=1","width":350,"height":200,"srcset":"https:\/\/i0.wp.com\/www.grieta.org.mx\/wp-content\/uploads\/2018\/03\/14524434_1106112876131411_958039263622046936_o.jpg?resize=350%2C200&ssl=1 1x, https:\/\/i0.wp.com\/www.grieta.org.mx\/wp-content\/uploads\/2018\/03\/14524434_1106112876131411_958039263622046936_o.jpg?resize=525%2C300&ssl=1 1.5x, https:\/\/i0.wp.com\/www.grieta.org.mx\/wp-content\/uploads\/2018\/03\/14524434_1106112876131411_958039263622046936_o.jpg?resize=700%2C400&ssl=1 2x"},"classes":[]},{"id":38209,"url":"https:\/\/www.grieta.org.mx\/index.php\/2019\/08\/01\/julio-el-mes-mas-violento-del-ano-para-sinaloa-cierra-con-82-homicidios\/","url_meta":{"origin":36114,"position":3},"title":"Julio el mes m\u00e1s violento del a\u00f1o para Sinaloa; cierra con 82 homicidios","author":"grieta","date":"1 agosto, 2019","format":false,"excerpt":"Foto: Ilustrativa El municipio de Culiac\u00e1n fue el que m\u00e1s incidencias tuvo con 52 hechos Redacci\u00f3n \/ El Sol de Mazatl\u00e1n Culiac\u00e1n, Sin.-\u00a0El mes de\u00a0Julio\u00a0ha sido el m\u00e1s\u00a0violento\u00a0del 2019, cerrando con\u00a082\u00a0homicidios dolosos, de acuerdo a datos proporcionados por la\u00a0Fiscal\u00eda\u00a0General del Estado, superando los meses de enero y mayo con\u00a081\u00a0casos respectivamente.\u2026","rel":"","context":"En &quot;CINTILLO&quot;","block_context":{"text":"CINTILLO","link":"https:\/\/www.grieta.org.mx\/index.php\/category\/cintillo\/"},"img":{"alt_text":"","src":"https:\/\/i0.wp.com\/www.grieta.org.mx\/wp-content\/uploads\/2019\/08\/still0410_00006.jpg?resize=350%2C200&ssl=1","width":350,"height":200,"srcset":"https:\/\/i0.wp.com\/www.grieta.org.mx\/wp-content\/uploads\/2019\/08\/still0410_00006.jpg?resize=350%2C200&ssl=1 1x, https:\/\/i0.wp.com\/www.grieta.org.mx\/wp-content\/uploads\/2019\/08\/still0410_00006.jpg?resize=525%2C300&ssl=1 1.5x, https:\/\/i0.wp.com\/www.grieta.org.mx\/wp-content\/uploads\/2019\/08\/still0410_00006.jpg?resize=700%2C400&ssl=1 2x, https:\/\/i0.wp.com\/www.grieta.org.mx\/wp-content\/uploads\/2019\/08\/still0410_00006.jpg?resize=1050%2C600&ssl=1 3x, https:\/\/i0.wp.com\/www.grieta.org.mx\/wp-content\/uploads\/2019\/08\/still0410_00006.jpg?resize=1400%2C800&ssl=1 4x"},"classes":[]},{"id":40006,"url":"https:\/\/www.grieta.org.mx\/index.php\/2019\/10\/01\/cierra-septiembre-con-89-homicidios-en-sinaloa\/","url_meta":{"origin":36114,"position":4},"title":"Cierra septiembre con 89 homicidios en Sinaloa","author":"grieta","date":"1 octubre, 2019","format":false,"excerpt":"Foto: El Sol de Sinaloa Diego Hern\u00e1ndez \/ El Sol de Sinaloa Culiac\u00e1n, Sin. -\u00a0Con 89\u00a0homicidios\u00a0y\u00a035 feminicidios\u00a0cerr\u00f3 el mes de septiembre en\u00a0Sinaloa, de acuerdo a cifras proporcionadas por la\u00a0Fiscal\u00eda General del Estado, convirti\u00e9ndose en el mes m\u00e1s violent\u00f3, aumentando siete casos en comparaci\u00f3n con el mes anterior. De esta manera,\u2026","rel":"","context":"En &quot;CINTILLO&quot;","block_context":{"text":"CINTILLO","link":"https:\/\/www.grieta.org.mx\/index.php\/category\/cintillo\/"},"img":{"alt_text":"","src":"https:\/\/i0.wp.com\/www.grieta.org.mx\/wp-content\/uploads\/2018\/03\/14524434_1106112876131411_958039263622046936_o.jpg?resize=350%2C200&ssl=1","width":350,"height":200,"srcset":"https:\/\/i0.wp.com\/www.grieta.org.mx\/wp-content\/uploads\/2018\/03\/14524434_1106112876131411_958039263622046936_o.jpg?resize=350%2C200&ssl=1 1x, https:\/\/i0.wp.com\/www.grieta.org.mx\/wp-content\/uploads\/2018\/03\/14524434_1106112876131411_958039263622046936_o.jpg?resize=525%2C300&ssl=1 1.5x, https:\/\/i0.wp.com\/www.grieta.org.mx\/wp-content\/uploads\/2018\/03\/14524434_1106112876131411_958039263622046936_o.jpg?resize=700%2C400&ssl=1 2x"},"classes":[]},{"id":46409,"url":"https:\/\/www.grieta.org.mx\/index.php\/2020\/03\/12\/sinaloa-pobladores-se-defienden-con-barricadas-contra-crimen\/","url_meta":{"origin":36114,"position":5},"title":"Sinaloa. Pobladores se defienden con barricadas contra crimen","author":"grieta","date":"12 marzo, 2020","format":false,"excerpt":"Javier Cabrera Mart\u00ednez\/El Universal Los pobladores advierten que van a defenderse colocaron cartelones y una bandera en color azul, con una paloma blanca, con mensajes contra posibles agresiones y levantaron barricadas con costales llenos de tierra Grupos mixtos del ej\u00e9rcito, la Marina y la Polic\u00eda Estatal Preventiva mantienen la vigilancia\u2026","rel":"","context":"En &quot;CINTILLO&quot;","block_context":{"text":"CINTILLO","link":"https:\/\/www.grieta.org.mx\/index.php\/category\/cintillo\/"},"img":{"alt_text":"","src":"https:\/\/i0.wp.com\/www.grieta.org.mx\/wp-content\/uploads\/2020\/03\/barricadas_1201_cortesia.jpg?resize=350%2C200&ssl=1","width":350,"height":200,"srcset":"https:\/\/i0.wp.com\/www.grieta.org.mx\/wp-content\/uploads\/2020\/03\/barricadas_1201_cortesia.jpg?resize=350%2C200&ssl=1 1x, https:\/\/i0.wp.com\/www.grieta.org.mx\/wp-content\/uploads\/2020\/03\/barricadas_1201_cortesia.jpg?resize=525%2C300&ssl=1 1.5x"},"classes":[]}],"_links":{"self":[{"href":"https:\/\/www.grieta.org.mx\/index.php\/wp-json\/wp\/v2\/posts\/36114","targetHints":{"allow":["GET"]}}],"collection":[{"href":"https:\/\/www.grieta.org.mx\/index.php\/wp-json\/wp\/v2\/posts"}],"about":[{"href":"https:\/\/www.grieta.org.mx\/index.php\/wp-json\/wp\/v2\/types\/post"}],"author":[{"embeddable":true,"href":"https:\/\/www.grieta.org.mx\/index.php\/wp-json\/wp\/v2\/users\/2"}],"replies":[{"embeddable":true,"href":"https:\/\/www.grieta.org.mx\/index.php\/wp-json\/wp\/v2\/comments?post=36114"}],"version-history":[{"count":1,"href":"https:\/\/www.grieta.org.mx\/index.php\/wp-json\/wp\/v2\/posts\/36114\/revisions"}],"predecessor-version":[{"id":36116,"href":"https:\/\/www.grieta.org.mx\/index.php\/wp-json\/wp\/v2\/posts\/36114\/revisions\/36116"}],"wp:featuredmedia":[{"embeddable":true,"href":"https:\/\/www.grieta.org.mx\/index.php\/wp-json\/wp\/v2\/media\/36115"}],"wp:attachment":[{"href":"https:\/\/www.grieta.org.mx\/index.php\/wp-json\/wp\/v2\/media?parent=36114"}],"wp:term":[{"taxonomy":"category","embeddable":true,"href":"https:\/\/www.grieta.org.mx\/index.php\/wp-json\/wp\/v2\/categories?post=36114"},{"taxonomy":"post_tag","embeddable":true,"href":"https:\/\/www.grieta.org.mx\/index.php\/wp-json\/wp\/v2\/tags?post=36114"}],"curies":[{"name":"wp","href":"https:\/\/api.w.org\/{rel}","templated":true}]}}