{"id":36019,"date":"2019-05-20T01:00:51","date_gmt":"2019-05-20T06:00:51","guid":{"rendered":"http:\/\/www.grieta.org.mx\/?p=36019"},"modified":"2019-07-06T01:10:39","modified_gmt":"2019-07-06T06:10:39","slug":"mueren-en-promedio-mil-millones-de-abejas-cada-ano-en-sonora-por-insecticidas-y-el-clima","status":"publish","type":"post","link":"https:\/\/www.grieta.org.mx\/index.php\/2019\/05\/20\/mueren-en-promedio-mil-millones-de-abejas-cada-ano-en-sonora-por-insecticidas-y-el-clima\/","title":{"rendered":"Mueren en promedio mil millones de abejas cada a\u00f1o en Sonora por insecticidas y el clima"},"content":{"rendered":"<p><img loading=\"lazy\" decoding=\"async\" data-attachment-id=\"36020\" data-permalink=\"https:\/\/www.grieta.org.mx\/index.php\/2019\/05\/20\/mueren-en-promedio-mil-millones-de-abejas-cada-ano-en-sonora-por-insecticidas-y-el-clima\/abeja\/\" data-orig-file=\"https:\/\/www.grieta.org.mx\/wp-content\/uploads\/2019\/07\/abeja.jpg\" data-orig-size=\"900,506\" data-comments-opened=\"0\" data-image-meta=\"{&quot;aperture&quot;:&quot;0&quot;,&quot;credit&quot;:&quot;&quot;,&quot;camera&quot;:&quot;&quot;,&quot;caption&quot;:&quot;&quot;,&quot;created_timestamp&quot;:&quot;0&quot;,&quot;copyright&quot;:&quot;&quot;,&quot;focal_length&quot;:&quot;0&quot;,&quot;iso&quot;:&quot;0&quot;,&quot;shutter_speed&quot;:&quot;0&quot;,&quot;title&quot;:&quot;&quot;,&quot;orientation&quot;:&quot;0&quot;}\" data-image-title=\"abeja\" data-image-description=\"\" data-image-caption=\"\" data-medium-file=\"https:\/\/www.grieta.org.mx\/wp-content\/uploads\/2019\/07\/abeja-300x169.jpg\" data-large-file=\"https:\/\/www.grieta.org.mx\/wp-content\/uploads\/2019\/07\/abeja.jpg\" class=\"alignleft wp-image-36020\" src=\"http:\/\/www.grieta.org.mx\/wp-content\/uploads\/2019\/07\/abeja-300x169.jpg\" alt=\"\" width=\"780\" height=\"439\" srcset=\"https:\/\/www.grieta.org.mx\/wp-content\/uploads\/2019\/07\/abeja-300x169.jpg 300w, https:\/\/www.grieta.org.mx\/wp-content\/uploads\/2019\/07\/abeja-768x432.jpg 768w, https:\/\/www.grieta.org.mx\/wp-content\/uploads\/2019\/07\/abeja-889x500.jpg 889w, https:\/\/www.grieta.org.mx\/wp-content\/uploads\/2019\/07\/abeja.jpg 900w\" sizes=\"auto, (max-width: 780px) 100vw, 780px\" \/><\/p>\n<p>Ana Gamboa\/ PROYECTO PUENTE<\/p>\n<p>Cada a\u00f1o, en Sonora, se pierde una tercera parte del total de colmenas que llegan a formarse en ese per\u00edodo; de 60 mil colmenas, 20 mil desaparecen a causa del uso de insecticidas y fungicidas que provocan la muerte de las abejas.<\/p>\n<p>Esto significa que, anualmente, en la entidad se mueren de 600 millones a mil 200 millones de abejas pues cada colmena alberga entre 30 y 60 mil ejemplares; mil 200 millones de abejas que ya no realizar\u00e1n su funci\u00f3n de polinizar.<\/p>\n<p>En 2016, se estimaba que la p\u00e9rdida nacional de estos insectos ascend\u00eda a los 4 mil millones; en ese momento Sonora no formaba parte de las tres entidades con mayor p\u00e9rdida registrada.<\/p>\n<p>Jos\u00e9 Miguel Gular Trujillo, presidente de la Asociaci\u00f3n Ganadera Local Especializada en Apicultura de Hermosillo, dijo que las condiciones clim\u00e1ticas son otro de los factores que propician la muerte de cientos de miles de abejas que habitan en estas colmenas formadas por ellas mismas.<\/p>\n<p>\u201cEl principal motivo es por los insecticidas y fungicidas, pero en algunos casos tambi\u00e9n por los cambios dr\u00e1sticos de clima.<\/p>\n<p>Es bastante dr\u00e1stico el clima y tambi\u00e9n es dr\u00e1stico saber que la tercera parte de las abejas que pueden polinizar y hacer el bien en el medio ambiente, se pierden cada temporada\u201d, comparti\u00f3.<\/p>\n<p>Recientemente, las abejas fueron declaradas como los seres vivos m\u00e1s importantes del mundo, durante un debate organizado por el Instituto EarthWatch; una organizaci\u00f3n internacional ben\u00e9fica ambiental.<\/p>\n<p>Pero, \u00bfpor qu\u00e9 un insecto tan peque\u00f1o es considerado por expertos como vital e imprescindible para que siga existiendo vida en el planeta?<\/p>\n<p>Importancia<\/p>\n<p>A nivel mundial, dos de las terceras partes de los alimentos que llegan a nuestra mesa se dan gracias al proceso de polinizaci\u00f3n que realizan las abejas en huertos y cultivos.<\/p>\n<p>Tan solo en Sonora, el 80 por ciento de los alimentos que consumimos podr\u00edan desaparecer si las abejas se extinguen, asegur\u00f3 H\u00e9ctor Galindo Rodr\u00edguez, secretario de la asociaci\u00f3n y representante del Comit\u00e9 Producto Ap\u00edcola a nivel estatal.<\/p>\n<p>La extinci\u00f3n de estos insectos tambi\u00e9n afectar\u00eda notablemente la producci\u00f3n de miel anual en la entidad que alcanza las 180 toneladas, da\u00f1ar\u00eda la econom\u00eda de las m\u00e1s de 300 familias que dependen del sector ap\u00edcola y, a nivel econ\u00f3mico, en Sonora se dejar\u00edan de recibir los 80 millones de pesos en ingresos por servicios de polinizaci\u00f3n.<\/p>\n<p>\u201cEn el a\u00f1o 2016, se produjo una cifra r\u00e9cord de medio mill\u00f3n de toneladas de sand\u00eda y una derrama econ\u00f3mica muy fuerte.<\/p>\n<p>El no contar con suficientes abejas, complicar\u00eda definitivamente la estructura econ\u00f3mica del estado y, adem\u00e1s, gran cantidad de trabajadores jornaleros dependen de esta actividad, por lo tanto dejar\u00edamos de tener a la mano sand\u00edas, mel\u00f3n, calabaza y todos estos productos\u201d.<\/p>\n<p>Las condiciones clim\u00e1ticas y de ubicaci\u00f3n, tanto de Sonora pero principalmente de Hermosillo, hacen necesaria la presencia de abejas para ayudar en la mayor producci\u00f3n de vegetaci\u00f3n y, a su vez, para mejorar la calidad del aire que respiramos.<\/p>\n<p>Yaeel Isbeth Cornejo Ram\u00edrez, profesora investigadora del departamento de Investigaci\u00f3n y Posgrado en Alimentos de la Universidad de Sonora, mencion\u00f3 que sin la presencia de estos animales, las condiciones empeorar\u00edan considerablemente en el estado.<\/p>\n<p>\u201cSe pierde ese servicio de polinizaci\u00f3n que las abejas tienen, por lo tanto estamos perdiendo vegetaci\u00f3n, en cuanto a los huertos disminuir\u00eda la producci\u00f3n y el rendimiento de los cultivos.<\/p>\n<p>Entonces estamos perdiendo ox\u00edgeno para la poblaci\u00f3n, estamos perdiendo nutrientes o fuente de alimentos en una producci\u00f3n de estos cultivos y as\u00ed tambi\u00e9n los productos que se obtienen de las abejas\u201d, explic\u00f3.<\/p>\n<p>Riesgos<\/p>\n<p>La revista Biological Conservation public\u00f3 una investigaci\u00f3n donde se abordan m\u00e1s de 70 casos de estudios ya realizados sobre la desaparici\u00f3n de insectos, sobre todo las abejas, hormigas y escarabajos.<\/p>\n<p>Se\u00f1ala que estos animales est\u00e1n desapareciendo en una tasa ocho veces m\u00e1s grande que en la medida que sucede con otros animales, como los mam\u00edferos o las aves.<\/p>\n<p>Por otro lado, seg\u00fan un informe de la Uni\u00f3n Internacional para la Conservaci\u00f3n de la Naturaleza realizado en 2016, m\u00e1s del 75% de los cultivos alimentarios del mundo dependen en cierta medida de la polinizaci\u00f3n de animales.<\/p>\n<p>En Sonora, sin abejas se dejar\u00eda de producir el 40 por ciento de lo que actualmente se produce en los huertos y cultivos, seg\u00fan el Sistema Producto Ap\u00edcola Sonora.<\/p>\n<p>Propuestas a favor de las abejas<\/p>\n<p>En los \u00faltimos a\u00f1os, han surgido asociaciones que trabajan en favor de la conservaci\u00f3n de estos animales, como Efecto Colmena; una organizaci\u00f3n nacional que desde hace tres a\u00f1os realiza acciones de rescate de abejas.<\/p>\n<p>Jer\u00f3nimo Quiroz Fern\u00e1ndez, uno de los fundadores, coment\u00f3 para Proyecto Puente que al menos uno de cada tres alimentos que llegan a la mesa, se dan gracias a la polinizaci\u00f3n de las abejas.<\/p>\n<p>En la asociaci\u00f3n, se realizan rescates programados de colmenas o enjambres con el objetivo de protegerlas y evitar que mueran a manos del ser humano o por otros factores; adem\u00e1s se educa sobre el cuidado y los beneficios de estos animales.<\/p>\n<p>\u201cTenemos que cambiar la manera en la que hacemos las cosas. Lo m\u00e1s preocupante de todo es que la abeja es una especie que cuenta como un term\u00f3metro de c\u00f3mo est\u00e1n las dem\u00e1s, pero esto se debe a la gran relaci\u00f3n que tenemos con ellas.<\/p>\n<p>Es por los apicultores, por la labor que hacen y el servicio ecosist\u00e9mico de la polinizaci\u00f3n que b\u00e1sicamente nos alimentan; dicen que uno o dos de cada tres alimentos que comemos, es gracias a la polinizaci\u00f3n que hacen estos insectos.<\/p>\n<p>No solo las abejas, pero otros como escarabajos o murci\u00e9lagos, aunque la abeja es de las m\u00e1s importantes porque tenemos la relaci\u00f3n m\u00e1s estrecha\u201d.<\/p>\n<p>Nueva Asociaci\u00f3n de apicultores en Hermosillo lucha por certeza jur\u00eddica<\/p>\n<p>Aunque en Sonora ya exist\u00eda una asociaci\u00f3n de apicultura, en febrero de 2019 se constituy\u00f3 nuevamente la Asociaci\u00f3n Ganadera Local Especializada con Jos\u00e9 Miguel Gular Trujillo al frente de la misma; hasta al momento se han sumado 17 apicultores de los 60, aproximadamente, que existen en Hermosillo.<\/p>\n<p>La asociaci\u00f3n resurge por la necesidad de contar con una certeza jur\u00eddica y un marco legal que d\u00e9 protecci\u00f3n tanto a las abejas como a los trabajadores que dependen de ellas, coment\u00f3 Ren\u00e9 Pavlovich Moralia, integrante de la AGL.<\/p>\n<p>\u201cEn el estado, actualmente la apicultura no tiene certeza jur\u00eddica porque el robo de colmenas no est\u00e1 equiparable a abigeato, entonces vas con el Ministerio P\u00fablico y no hay elementos ni quien pueda darle seguimiento al robo de la colmena.<\/p>\n<p>Normalmente se da en \u00e1reas rurales, campos o ranchos y el Ministerio P\u00fablico no tiene la capacidad ni la investigaci\u00f3n, por eso es importante que se haga equiparable al abigeato\u201d.<\/p>\n<p>El diputado local del Distrito XII, Norberto Ortega Torres, present\u00f3 en marzo de 2019 una iniciativa de ley de Fomento Ap\u00edcola y Protecci\u00f3n de Agentes Polinizadores para el Estado de Sonora.<\/p>\n<blockquote><p>\u201cSe hace necesario e indispensable que desde el Poder Legislativo procuremos el cuidado de esta especie de insectos polinizadores que juegan un papel importante en el ciclo biol\u00f3gico y en nuestras vidas en general que no percibimos a simple vista.<\/p><\/blockquote>\n<p>Tambi\u00e9n que busquemos impulsar actividades productivas en beneficio de los sonorenses que promuevan el desarrollo de las comunidades menos favorecidas que generalmente se encuentran en el campo y \u00e1reas rurales.<\/p>\n<p>Me permito proponer la expedici\u00f3n de la Ley de Fomento Ap\u00edcola y Protecci\u00f3n de Agentes Polinizadores para Sonora, con el objeto establecer las normas para la organizaci\u00f3n, protecci\u00f3n, fomento, sanidad, investigaci\u00f3n, desarrollo tecnol\u00f3gico, industrializaci\u00f3n, as\u00ed como la crianza, explotaci\u00f3n, mejoramiento gen\u00e9tico y la comercializaci\u00f3n de los productos que se pueden obtener de las abejas mel\u00edferas\u201d.<\/p>\n<p>\u00bfQu\u00e9 hacer para ayudar a esta especie?<\/p>\n<p>Todos, desde diferentes campos, pueden aportar en el cuidado de las abejas y as\u00ed evitar la extinci\u00f3n de la especie que, adem\u00e1s, traer\u00eda consigo una cat\u00e1strofe mundial seg\u00fan estudios.<\/p>\n<p>Como ciudadanos, coment\u00f3 Isbeth Cornejo, es importante entender que se trata de animales defensivos y no ofensivos ni agresivos que reaccionan picando solo cuando sienten que est\u00e1n ante una situaci\u00f3n de peligro.<\/p>\n<p>Adem\u00e1s, se\u00f1al\u00f3 que el ciudadano debe saber, en el caso de los enjambres de abejas, que solo se sit\u00faan un par de d\u00edas para descansar y alimentarse, para despu\u00e9s seguir con su viaje.<\/p>\n<p>Desde la apicultura, es importante disminuir el uso de insecticidas, fertilizantes o herbicidas que pongan en riesgo la vida de las abejas y optar por m\u00e9todos menos agresivos que, adem\u00e1s de ayudar a estos animales, tambi\u00e9n benefician en la salud del ser humano que consume productos polinizados por ellas mismas.<\/p>\n<p><iframe loading=\"lazy\" width=\"640\" height=\"360\" src=\"https:\/\/www.youtube.com\/embed\/oJkc9Gcosjw\" frameborder=\"0\" allow=\"accelerometer; autoplay; encrypted-media; gyroscope; picture-in-picture\" allowfullscreen><\/iframe><\/p>\n<p><a href=\"https:\/\/proyectopuente.com.mx\/2019\/05\/20\/mueren-en-promedio-mil-millones-de-abejas-cada-ano-en-sonora-por-insecticidas-y-clima\/\" rel=\"noopener noreferrer\" target=\"_blank\">https:\/\/proyectopuente.com.mx\/2019\/05\/20\/mueren-en-promedio-mil-millones-de-abejas-cada-ano-en-sonora-por-insecticidas-y-clima\/<\/a><\/p>\n","protected":false},"excerpt":{"rendered":"<p>Ana Gamboa\/ PROYECTO PUENTE Cada a\u00f1o, en Sonora, se pierde una tercera parte del total de colmenas que llegan a formarse en ese per\u00edodo; de 60 mil colmenas, 20 mil &hellip; <a href=\"https:\/\/www.grieta.org.mx\/index.php\/2019\/05\/20\/mueren-en-promedio-mil-millones-de-abejas-cada-ano-en-sonora-por-insecticidas-y-el-clima\/\" class=\"more-link\">Leer m\u00e1s<\/a><\/p>\n","protected":false},"author":2,"featured_media":36020,"comment_status":"closed","ping_status":"closed","sticky":false,"template":"","format":"standard","meta":{"ngg_post_thumbnail":0,"_jetpack_newsletter_access":"","_jetpack_dont_email_post_to_subs":false,"_jetpack_newsletter_tier_id":0,"_jetpack_memberships_contains_paywalled_content":false,"_jetpack_memberships_contains_paid_content":false,"footnotes":""},"categories":[80,2721,2,31],"tags":[1951,2722],"class_list":["post-36019","post","type-post","status-publish","format-standard","has-post-thumbnail","hentry","category-cintillo","category-crisis-ecologica-y-ambiental-en-sonora","category-noticias-nacionales","category-sonora","tag-dano-ecologico","tag-muerte-de-abejas","entry"],"jetpack_featured_media_url":"https:\/\/www.grieta.org.mx\/wp-content\/uploads\/2019\/07\/abeja.jpg","jetpack_sharing_enabled":true,"jetpack_shortlink":"https:\/\/wp.me\/p7ZJR4-9mX","jetpack_likes_enabled":false,"jetpack-related-posts":[{"id":69496,"url":"https:\/\/www.grieta.org.mx\/index.php\/2024\/08\/08\/alertan-por-nueva-muerte-masiva-de-abejas-ahora-en-tizimin-yucatan\/","url_meta":{"origin":36019,"position":0},"title":"Alertan por nueva muerte masiva de abejas, ahora en Tizim\u00edn, Yucat\u00e1n","author":"grieta","date":"8 agosto, 2024","format":false,"excerpt":"Fotos: Alianza Maya por las Abejas Kaabnalo\u2019on \/ La coperacha Encuentran 769 colmenas afectadas por intoxicaci\u00f3n, principalmente fipronil. La Alianza Maya por las Abejas Kaabnalo\u2019on denunci\u00f3 una cuarta oleada de mortandad de abejas ocurrida en varias comunidades de Tizim\u00edn, Yucat\u00e1n. Esta muerte masiva fue ocasionada por la intoxicaci\u00f3n por plaguicidas,\u2026","rel":"","context":"En &quot;16. Pueblo Maya&quot;","block_context":{"text":"16. Pueblo Maya","link":"https:\/\/www.grieta.org.mx\/index.php\/category\/espejos-de-la-resistencia\/16-pueblo-maya\/"},"img":{"alt_text":"","src":"https:\/\/i0.wp.com\/www.grieta.org.mx\/wp-content\/uploads\/2024\/08\/AbejasTizimin-e1724946432827.jpg?resize=350%2C200&ssl=1","width":350,"height":200,"srcset":"https:\/\/i0.wp.com\/www.grieta.org.mx\/wp-content\/uploads\/2024\/08\/AbejasTizimin-e1724946432827.jpg?resize=350%2C200&ssl=1 1x, https:\/\/i0.wp.com\/www.grieta.org.mx\/wp-content\/uploads\/2024\/08\/AbejasTizimin-e1724946432827.jpg?resize=525%2C300&ssl=1 1.5x, https:\/\/i0.wp.com\/www.grieta.org.mx\/wp-content\/uploads\/2024\/08\/AbejasTizimin-e1724946432827.jpg?resize=700%2C400&ssl=1 2x"},"classes":[]},{"id":66781,"url":"https:\/\/www.grieta.org.mx\/index.php\/2023\/04\/05\/catastrofe-ambiental-intoxicacion-masiva-de-abejas-en-campeche-mexico\/","url_meta":{"origin":36019,"position":1},"title":"Cat\u00e1strofe ambiental: intoxicaci\u00f3n masiva de abejas en Campeche, M\u00e9xico","author":"grieta","date":"5 abril, 2023","format":false,"excerpt":"Geraldine Castro \/ Fotos: Cortes\u00eda Colectivo de Comunidades Mayas de los Chenes \/ Wired Los apicultores campechanos perdieron 3,365 colmenas, lo que equivale a un golpe econ\u00f3mico de 12 millones 990 mil 418 pesos, seg\u00fan estimaciones de investigadores de Ecosur. Es una cat\u00e1strofe ambiental. Benjam\u00edn Ye fue el primero en\u2026","rel":"","context":"En &quot;Agroindustria&quot;","block_context":{"text":"Agroindustria","link":"https:\/\/www.grieta.org.mx\/index.php\/category\/megaproyectos\/agroindustria\/"},"img":{"alt_text":"","src":"https:\/\/i0.wp.com\/www.grieta.org.mx\/wp-content\/uploads\/2023\/04\/AbejasChenes-e1681387701357.jpg?resize=350%2C200&ssl=1","width":350,"height":200,"srcset":"https:\/\/i0.wp.com\/www.grieta.org.mx\/wp-content\/uploads\/2023\/04\/AbejasChenes-e1681387701357.jpg?resize=350%2C200&ssl=1 1x, https:\/\/i0.wp.com\/www.grieta.org.mx\/wp-content\/uploads\/2023\/04\/AbejasChenes-e1681387701357.jpg?resize=525%2C300&ssl=1 1.5x, https:\/\/i0.wp.com\/www.grieta.org.mx\/wp-content\/uploads\/2023\/04\/AbejasChenes-e1681387701357.jpg?resize=700%2C400&ssl=1 2x"},"classes":[]},{"id":66959,"url":"https:\/\/www.grieta.org.mx\/index.php\/2023\/05\/23\/por-la-muerte-de-abejas-colectivo-maya-exige-se-declare-zona-de-emergencia-en-hopelchen-campeche\/","url_meta":{"origin":36019,"position":2},"title":"Por la muerte de abejas, colectivo maya exige se declare zona de emergencia en Hopelch\u00e9n (Campeche)","author":"grieta","date":"23 mayo, 2023","format":false,"excerpt":"Por Esto! El Colectivo de Comunidades Mayas de los Chenes en rueda de prensa exigen con prontitud a las autoridades de los tres niveles de gobierno se declare Zona de Emergencia el municipio de Hopelch\u00e9n por la muerte de miles de colmenas de abejas que equivale a m\u00e1s de 12\u2026","rel":"","context":"En &quot;Agroindustria&quot;","block_context":{"text":"Agroindustria","link":"https:\/\/www.grieta.org.mx\/index.php\/category\/megaproyectos\/agroindustria\/"},"img":{"alt_text":"","src":"https:\/\/i0.wp.com\/www.grieta.org.mx\/wp-content\/uploads\/2023\/05\/Hopelchen-e1685036714387.jpg?resize=350%2C200&ssl=1","width":350,"height":200,"srcset":"https:\/\/i0.wp.com\/www.grieta.org.mx\/wp-content\/uploads\/2023\/05\/Hopelchen-e1685036714387.jpg?resize=350%2C200&ssl=1 1x, https:\/\/i0.wp.com\/www.grieta.org.mx\/wp-content\/uploads\/2023\/05\/Hopelchen-e1685036714387.jpg?resize=525%2C300&ssl=1 1.5x, https:\/\/i0.wp.com\/www.grieta.org.mx\/wp-content\/uploads\/2023\/05\/Hopelchen-e1685036714387.jpg?resize=700%2C400&ssl=1 2x"},"classes":[]},{"id":68382,"url":"https:\/\/www.grieta.org.mx\/index.php\/2024\/01\/26\/denuncian-nuevo-envenenamiento-y-muerte-masiva-de-abejas-en-hopelchen-campeche\/","url_meta":{"origin":36019,"position":3},"title":"Denuncian nuevo envenenamiento y muerte masiva de abejas en Hopelch\u00e9n, Campeche","author":"grieta","date":"26 enero, 2024","format":false,"excerpt":"Ra\u00fal Ojeda \/ Milenio Campeche \/ El Colectivo Maya de los Chenes denunci\u00f3 un nuevo caso de envenenamiento y muerte masiva abejas en el municipio de Hopelch\u00e9n, Campeche. El se\u00f1alamiento ocurre a un a\u00f1o de la primera muerte masiva de abejas en esta regi\u00f3n maya. En la actualidad, las presentan\u2026","rel":"","context":"En &quot;Agroindustria&quot;","block_context":{"text":"Agroindustria","link":"https:\/\/www.grieta.org.mx\/index.php\/category\/megaproyectos\/agroindustria\/"},"img":{"alt_text":"","src":"https:\/\/i0.wp.com\/www.grieta.org.mx\/wp-content\/uploads\/2024\/01\/Abejas-e1706390391426.jpg?resize=350%2C200&ssl=1","width":350,"height":200,"srcset":"https:\/\/i0.wp.com\/www.grieta.org.mx\/wp-content\/uploads\/2024\/01\/Abejas-e1706390391426.jpg?resize=350%2C200&ssl=1 1x, https:\/\/i0.wp.com\/www.grieta.org.mx\/wp-content\/uploads\/2024\/01\/Abejas-e1706390391426.jpg?resize=525%2C300&ssl=1 1.5x, https:\/\/i0.wp.com\/www.grieta.org.mx\/wp-content\/uploads\/2024\/01\/Abejas-e1706390391426.jpg?resize=700%2C400&ssl=1 2x"},"classes":[]},{"id":25630,"url":"https:\/\/www.grieta.org.mx\/index.php\/2018\/08\/16\/fumigacion-de-empresario-provoca-perdidas-millonarias-a-apicultores-de-quintana-roo\/","url_meta":{"origin":36019,"position":4},"title":"Fumigaci\u00f3n de empresario provoca p\u00e9rdidas millonarias a apicultores de Quintana Roo","author":"grieta","date":"16 agosto, 2018","format":false,"excerpt":"IQCANC\u00daN M\u00e1s de 300 colmenas de abeja, de 18 apicultores en el Ejido Candelaria, municipio de Jos\u00e9 Mar\u00eda Morelos, fueron afectadas por un empresario, quien aplic\u00f3 un qu\u00edmico altamente t\u00f3xico para fumigar su terreno y sembrar chile habanero, lo cual provoc\u00f3 la muerte de cientos de miles de abejas en\u2026","rel":"","context":"En &quot;CINTILLO&quot;","block_context":{"text":"CINTILLO","link":"https:\/\/www.grieta.org.mx\/index.php\/category\/cintillo\/"},"img":{"alt_text":"","src":"https:\/\/i0.wp.com\/www.grieta.org.mx\/wp-content\/uploads\/2018\/08\/FumigacionQuintanaRoo.png?resize=350%2C200&ssl=1","width":350,"height":200,"srcset":"https:\/\/i0.wp.com\/www.grieta.org.mx\/wp-content\/uploads\/2018\/08\/FumigacionQuintanaRoo.png?resize=350%2C200&ssl=1 1x, https:\/\/i0.wp.com\/www.grieta.org.mx\/wp-content\/uploads\/2018\/08\/FumigacionQuintanaRoo.png?resize=525%2C300&ssl=1 1.5x, https:\/\/i0.wp.com\/www.grieta.org.mx\/wp-content\/uploads\/2018\/08\/FumigacionQuintanaRoo.png?resize=700%2C400&ssl=1 2x"},"classes":[]},{"id":66634,"url":"https:\/\/www.grieta.org.mx\/index.php\/2023\/03\/25\/campeche-reportan-muerte-masiva-de-abejas-por-fumigacion-con-agrotoxicos\/","url_meta":{"origin":36019,"position":5},"title":"Campeche: Reportan muerte masiva de abejas por fumigaci\u00f3n con agrot\u00f3xicos","author":"grieta","date":"25 marzo, 2023","format":false,"excerpt":"Terceravia.mx El d\u00eda 22 de marzo del presente a\u00f1o aproximadamente a las 16:00 hs, apicultores y habitantes de esta localidad se percataron de un extra\u00f1o comportamiento de las colmenas de abejas que poseen. Por los s\u00edntomas y la cantidad de insectos que perec\u00edan, se alertaron y contactaron a otros apicultores\u2026","rel":"","context":"En &quot;Campeche&quot;","block_context":{"text":"Campeche","link":"https:\/\/www.grieta.org.mx\/index.php\/category\/noticias-nacionales\/campeche\/"},"img":{"alt_text":"","src":"https:\/\/i0.wp.com\/www.grieta.org.mx\/wp-content\/uploads\/2023\/03\/Abejas-e1679836012469.jpg?resize=350%2C200&ssl=1","width":350,"height":200,"srcset":"https:\/\/i0.wp.com\/www.grieta.org.mx\/wp-content\/uploads\/2023\/03\/Abejas-e1679836012469.jpg?resize=350%2C200&ssl=1 1x, https:\/\/i0.wp.com\/www.grieta.org.mx\/wp-content\/uploads\/2023\/03\/Abejas-e1679836012469.jpg?resize=525%2C300&ssl=1 1.5x, https:\/\/i0.wp.com\/www.grieta.org.mx\/wp-content\/uploads\/2023\/03\/Abejas-e1679836012469.jpg?resize=700%2C400&ssl=1 2x"},"classes":[]}],"_links":{"self":[{"href":"https:\/\/www.grieta.org.mx\/index.php\/wp-json\/wp\/v2\/posts\/36019","targetHints":{"allow":["GET"]}}],"collection":[{"href":"https:\/\/www.grieta.org.mx\/index.php\/wp-json\/wp\/v2\/posts"}],"about":[{"href":"https:\/\/www.grieta.org.mx\/index.php\/wp-json\/wp\/v2\/types\/post"}],"author":[{"embeddable":true,"href":"https:\/\/www.grieta.org.mx\/index.php\/wp-json\/wp\/v2\/users\/2"}],"replies":[{"embeddable":true,"href":"https:\/\/www.grieta.org.mx\/index.php\/wp-json\/wp\/v2\/comments?post=36019"}],"version-history":[{"count":1,"href":"https:\/\/www.grieta.org.mx\/index.php\/wp-json\/wp\/v2\/posts\/36019\/revisions"}],"predecessor-version":[{"id":36021,"href":"https:\/\/www.grieta.org.mx\/index.php\/wp-json\/wp\/v2\/posts\/36019\/revisions\/36021"}],"wp:featuredmedia":[{"embeddable":true,"href":"https:\/\/www.grieta.org.mx\/index.php\/wp-json\/wp\/v2\/media\/36020"}],"wp:attachment":[{"href":"https:\/\/www.grieta.org.mx\/index.php\/wp-json\/wp\/v2\/media?parent=36019"}],"wp:term":[{"taxonomy":"category","embeddable":true,"href":"https:\/\/www.grieta.org.mx\/index.php\/wp-json\/wp\/v2\/categories?post=36019"},{"taxonomy":"post_tag","embeddable":true,"href":"https:\/\/www.grieta.org.mx\/index.php\/wp-json\/wp\/v2\/tags?post=36019"}],"curies":[{"name":"wp","href":"https:\/\/api.w.org\/{rel}","templated":true}]}}