{"id":3600,"date":"2015-09-14T22:26:19","date_gmt":"2015-09-14T22:26:19","guid":{"rendered":"http:\/\/50.22.11.12\/~grietaor\/?p=3600"},"modified":"2016-03-16T00:14:04","modified_gmt":"2016-03-16T00:14:04","slug":"sacan-de-la-congeladora-proyecto-turistico-despues-de-2-anos-retoman-construccion-del-complejo-kanai-en-la-riviera-maya","status":"publish","type":"post","link":"https:\/\/www.grieta.org.mx\/index.php\/2015\/09\/14\/sacan-de-la-congeladora-proyecto-turistico-despues-de-2-anos-retoman-construccion-del-complejo-kanai-en-la-riviera-maya\/","title":{"rendered":"Sacan de la \u2018congeladora\u2019 proyecto tur\u00edstico: despu\u00e9s de 2 a\u00f1os, retoman construcci\u00f3n del complejo Kanai en la Riviera Maya"},"content":{"rendered":"<p>PLAYA DEL CARMEN, MX.- Tras casi dos a\u00f1os de estar en la congeladora, finalmente el grupo de inversionistas que est\u00e1n detr\u00e1s del complejo tur\u00edstico Kanai iniciar\u00e1n los trabajos de construcci\u00f3n.<\/p>\n<p>De momento, comenzaron con la pavimentaci\u00f3n de los caminos de acceso al que ser\u00e1 un lujoso complejo conformado por cuatro hoteles.<\/p>\n<p>El director general de Ordenamiento Ambiental y Urbano, Eduardo Morent\u00edn Ocejo tras se\u00f1alar que solicitaron los permisos para la construcci\u00f3n de dichas vialidades, afirm\u00f3 que los inversionistas ya anunciaron que en breve comenzar\u00e1n las obras.<\/p>\n<p>\u201cNos han informado que en fechas pr\u00f3ximas empiezan el proyecto como tal; son cuatro complejos tur\u00edsticos, proyectos diferentes, es una inversi\u00f3n millonaria y va venir a mejorar todav\u00eda m\u00e1s la oferta tur\u00edstica que tenemos\u201d.<\/p>\n<p>Este proyecto, hay que mencionar, contempla contar con hoteles de lujo tipo Plan Europeo: Park Hyatt, W Retreat, St Regis y Auberge; y una inversi\u00f3n inicial de 200 millones de d\u00f3lares.<\/p>\n<p>Adem\u00e1s se estima generar\u00e1 3 mil 200 empleos directos y su primera etapa abrir\u00eda en el 2018.<\/p>\n<p>Aunque originalmente debi\u00f3 iniciar a fines del 2013, por razones desconocidas se mantuvo en stand by.<\/p>\n<p>Ahora, \u201chan estado reactivando parte del proyecto, inicialmente caminos de acceso, hace a\u00f1os han trabajado, se detuvieron moment\u00e1neamente, pero nos han avisado que ya trabajan en la parte de ingenier\u00eda del proyecto\u201d, como se\u00f1al\u00f3 el funcionario entrevistado.<\/p>\n<p>El W Retreat contar\u00eda con 180 unidades; el Saint Regis, con 136 habitaciones; y el Park Hyatt, con 224 llaves; sin olvidar que tambi\u00e9n les fue aprobado un ambicioso programa de rescate de playas, al estar dentro de lo que se conoce como el Sistema Ambiental Regional Punta Bete-Punta Maroma.<\/p>\n<p><a href=\"http:\/\/noticaribe.com.mx\/2015\/09\/14\/sacan-de-la-congeladora-proyecto-turistico-despues-de-2-anos-retoman-construccion-del-complejo-kanai-en-la-riviera-maya\/\" target=\"_blank\">noticaribe.com.mx\/2015\/09\/14\/sacan-de-la-congeladora-proyecto-turistico-despues-de-2-anos-retoman-construccion-del-complejo-kanai-en-la-riviera-maya\/<\/a><\/p>\n","protected":false},"excerpt":{"rendered":"<p>PLAYA DEL CARMEN, MX.- Tras casi dos a\u00f1os de estar en la congeladora, finalmente el grupo de inversionistas que est\u00e1n detr\u00e1s del complejo tur\u00edstico Kanai iniciar\u00e1n los trabajos de construcci\u00f3n. &hellip; <a href=\"https:\/\/www.grieta.org.mx\/index.php\/2015\/09\/14\/sacan-de-la-congeladora-proyecto-turistico-despues-de-2-anos-retoman-construccion-del-complejo-kanai-en-la-riviera-maya\/\" class=\"more-link\">Leer m\u00e1s<\/a><\/p>\n","protected":false},"author":2,"featured_media":21928,"comment_status":"closed","ping_status":"open","sticky":false,"template":"","format":"standard","meta":{"ngg_post_thumbnail":0,"_jetpack_newsletter_access":"","_jetpack_dont_email_post_to_subs":false,"_jetpack_newsletter_tier_id":0,"_jetpack_memberships_contains_paywalled_content":false,"_jetpack_memberships_contains_paid_content":false,"footnotes":""},"categories":[80,151],"tags":[285],"class_list":["post-3600","post","type-post","status-publish","format-standard","has-post-thumbnail","hentry","category-cintillo","category-quintana-roo","tag-turismo","entry"],"jetpack_featured_media_url":"https:\/\/www.grieta.org.mx\/wp-content\/uploads\/2018\/03\/14524434_1106112876131411_958039263622046936_o.jpg","jetpack_sharing_enabled":true,"jetpack_shortlink":"https:\/\/wp.me\/p7ZJR4-W4","jetpack_likes_enabled":false,"jetpack-related-posts":[{"id":3601,"url":"https:\/\/www.grieta.org.mx\/index.php\/2015\/09\/14\/reactivan-proyecto-turistico-en-playa-del-carmen-quintana-roo\/","url_meta":{"origin":3600,"position":0},"title":"Reactivan proyecto tur\u00edstico en Playa del Carmen, Quintana Roo","author":"grieta","date":"14 septiembre, 2015","format":false,"excerpt":"14\/09\/15. Sacan de la \u2018congeladora\u2019 proyecto tur\u00edstico: despu\u00e9s de 2 a\u00f1os, retoman construcci\u00f3n del complejo Kanai en la Riviera MayaNoticaribe 03\/09\/12. Megaproyecto hotelero Kanai iniciar\u00e1 en el 2013 en Quintana RooEl Economista","rel":"","context":"En &quot;NOTICIAS NACIONALES&quot;","block_context":{"text":"NOTICIAS NACIONALES","link":"https:\/\/www.grieta.org.mx\/index.php\/category\/noticias-nacionales\/"},"img":{"alt_text":"","src":"https:\/\/i0.wp.com\/www.grieta.org.mx\/wp-content\/uploads\/2018\/03\/14524434_1106112876131411_958039263622046936_o.jpg?resize=350%2C200&ssl=1","width":350,"height":200,"srcset":"https:\/\/i0.wp.com\/www.grieta.org.mx\/wp-content\/uploads\/2018\/03\/14524434_1106112876131411_958039263622046936_o.jpg?resize=350%2C200&ssl=1 1x, https:\/\/i0.wp.com\/www.grieta.org.mx\/wp-content\/uploads\/2018\/03\/14524434_1106112876131411_958039263622046936_o.jpg?resize=525%2C300&ssl=1 1.5x, https:\/\/i0.wp.com\/www.grieta.org.mx\/wp-content\/uploads\/2018\/03\/14524434_1106112876131411_958039263622046936_o.jpg?resize=700%2C400&ssl=1 2x"},"classes":[]},{"id":3603,"url":"https:\/\/www.grieta.org.mx\/index.php\/2012\/09\/03\/megaproyecto-hotelero-kanai-iniciara-en-el-2013-en-quintana-roo\/","url_meta":{"origin":3600,"position":1},"title":"Megaproyecto hotelero Kanai iniciar\u00e1 en el 2013 en Quintana Roo","author":"grieta","date":"3 septiembre, 2012","format":false,"excerpt":"Canc\u00fan, Qroo. Park Hyatt, W Retreat, St Regis y Auberge, cuatro de las marcas hoteleras de mayor lujo y exclusividad en el mundo, est\u00e1n por arrancar la construcci\u00f3n de uno de los complejos m\u00e1s ambiciosos de la Riviera Maya. Se trata del desarrollo Kanai que albergar\u00e1 cuatro nuevos centros de\u2026","rel":"","context":"En &quot;CINTILLO&quot;","block_context":{"text":"CINTILLO","link":"https:\/\/www.grieta.org.mx\/index.php\/category\/cintillo\/"},"img":{"alt_text":"","src":"https:\/\/i0.wp.com\/www.grieta.org.mx\/wp-content\/uploads\/2018\/03\/14524434_1106112876131411_958039263622046936_o.jpg?resize=350%2C200&ssl=1","width":350,"height":200,"srcset":"https:\/\/i0.wp.com\/www.grieta.org.mx\/wp-content\/uploads\/2018\/03\/14524434_1106112876131411_958039263622046936_o.jpg?resize=350%2C200&ssl=1 1x, https:\/\/i0.wp.com\/www.grieta.org.mx\/wp-content\/uploads\/2018\/03\/14524434_1106112876131411_958039263622046936_o.jpg?resize=525%2C300&ssl=1 1.5x, https:\/\/i0.wp.com\/www.grieta.org.mx\/wp-content\/uploads\/2018\/03\/14524434_1106112876131411_958039263622046936_o.jpg?resize=700%2C400&ssl=1 2x"},"classes":[]},{"id":29862,"url":"https:\/\/www.grieta.org.mx\/index.php\/2019\/02\/28\/pretenden-despojar-de-sus-tierras-a-ejidatarios-de-santa-cruz-de-la-soledad-chapala-jalisco\/","url_meta":{"origin":3600,"position":2},"title":"Pretenden despojar de sus tierras a ejidatarios de Santa Cruz de la Soledad, Chapala (Jalisco)","author":"grieta","date":"28 febrero, 2019","format":false,"excerpt":"Defienden m\u00e1s de 450 hect\u00e1reas que podr\u00edan verse afectadas por la construcci\u00f3n de un complejo tur\u00edstico en el Cerro del Junco Isaura L\u00f3pez \/ El Occidental Ejidatarios de Santa Cruz de la Soledad en el municipio de Chapala, exigen justicia y el cumplimiento de la inscripci\u00f3n del Comisariado ejidal para\u2026","rel":"","context":"En &quot;CINTILLO&quot;","block_context":{"text":"CINTILLO","link":"https:\/\/www.grieta.org.mx\/index.php\/category\/cintillo\/"},"img":{"alt_text":"","src":"https:\/\/i0.wp.com\/www.grieta.org.mx\/wp-content\/uploads\/2018\/03\/14524434_1106112876131411_958039263622046936_o.jpg?resize=350%2C200&ssl=1","width":350,"height":200,"srcset":"https:\/\/i0.wp.com\/www.grieta.org.mx\/wp-content\/uploads\/2018\/03\/14524434_1106112876131411_958039263622046936_o.jpg?resize=350%2C200&ssl=1 1x, https:\/\/i0.wp.com\/www.grieta.org.mx\/wp-content\/uploads\/2018\/03\/14524434_1106112876131411_958039263622046936_o.jpg?resize=525%2C300&ssl=1 1.5x, https:\/\/i0.wp.com\/www.grieta.org.mx\/wp-content\/uploads\/2018\/03\/14524434_1106112876131411_958039263622046936_o.jpg?resize=700%2C400&ssl=1 2x"},"classes":[]},{"id":20082,"url":"https:\/\/www.grieta.org.mx\/index.php\/2016\/08\/17\/da-semarnat-luz-verde-a-chalacatepec-proyecto-durara-20-anos\/","url_meta":{"origin":3600,"position":3},"title":"Da Semarnat luz verde a Chalacatepec; proyecto durar\u00e1 20 a\u00f1os","author":"grieta","date":"17 agosto, 2016","format":false,"excerpt":"Redacci\u00f3n\/Quadrat\u00edn Jalisco Con la autorizaci\u00f3n de la Manifestaci\u00f3n de Impacto Ambiental, el complejo tur\u00edstico en Chalacatepec, en Tomatl\u00e1n, Jalisco podr\u00e1 comenzar a edificarse a finales del 2017 y principios del 2018. De acuerdo con informaci\u00f3n publicada por Mural, se reactiv\u00f3 el proyecto tur\u00edstico que generar\u00eda ocho mil empleos entre directos\u2026","rel":"","context":"En &quot;CINTILLO&quot;","block_context":{"text":"CINTILLO","link":"https:\/\/www.grieta.org.mx\/index.php\/category\/cintillo\/"},"img":{"alt_text":"","src":"https:\/\/i0.wp.com\/www.grieta.org.mx\/wp-content\/uploads\/2018\/03\/14524434_1106112876131411_958039263622046936_o.jpg?resize=350%2C200&ssl=1","width":350,"height":200,"srcset":"https:\/\/i0.wp.com\/www.grieta.org.mx\/wp-content\/uploads\/2018\/03\/14524434_1106112876131411_958039263622046936_o.jpg?resize=350%2C200&ssl=1 1x, https:\/\/i0.wp.com\/www.grieta.org.mx\/wp-content\/uploads\/2018\/03\/14524434_1106112876131411_958039263622046936_o.jpg?resize=525%2C300&ssl=1 1.5x, https:\/\/i0.wp.com\/www.grieta.org.mx\/wp-content\/uploads\/2018\/03\/14524434_1106112876131411_958039263622046936_o.jpg?resize=700%2C400&ssl=1 2x"},"classes":[]},{"id":43170,"url":"https:\/\/www.grieta.org.mx\/index.php\/2020\/01\/16\/vecinos-de-san-rafael-piden-se-cumpla-la-suspension-de-la-construccion-del-complejo-habitacional-gran-san-rafael-jalisco\/","url_meta":{"origin":3600,"position":4},"title":"Vecinos de San Rafael piden se cumpla la suspensi\u00f3n de la construcci\u00f3n del complejo habitacional, Gran San Rafael (Jalisco)","author":"grieta","date":"16 enero, 2020","format":false,"excerpt":"Fotograf\u00eda: Sara Leos Los vecinos han obtenido con esta, cuatro suspensiones para frenar la construcci\u00f3n de las torres de departamentos que representar\u00eda la llegada de alrededor de seis mil 500 nuevos habitantes a la comunidad Rafael Hern\u00e1ndez \/ UDGTV Guadalajara, Jalisco. Habitantes de los alrededores del parque San Rafael, en\u2026","rel":"","context":"En &quot;CINTILLO&quot;","block_context":{"text":"CINTILLO","link":"https:\/\/www.grieta.org.mx\/index.php\/category\/cintillo\/"},"img":{"alt_text":"","src":"https:\/\/i0.wp.com\/www.grieta.org.mx\/wp-content\/uploads\/2020\/01\/Gran-San-Rafael-Sara-Leos-696x522.jpg?resize=350%2C200&ssl=1","width":350,"height":200,"srcset":"https:\/\/i0.wp.com\/www.grieta.org.mx\/wp-content\/uploads\/2020\/01\/Gran-San-Rafael-Sara-Leos-696x522.jpg?resize=350%2C200&ssl=1 1x, https:\/\/i0.wp.com\/www.grieta.org.mx\/wp-content\/uploads\/2020\/01\/Gran-San-Rafael-Sara-Leos-696x522.jpg?resize=525%2C300&ssl=1 1.5x"},"classes":[]},{"id":16735,"url":"https:\/\/www.grieta.org.mx\/index.php\/2012\/04\/29\/la-cara-triste-de-costa-alegre\/","url_meta":{"origin":3600,"position":5},"title":"La cara triste de Costa Alegre","author":"grieta","date":"29 abril, 2012","format":false,"excerpt":"Paloma Robles El boom hotelero y residencial en la costa del sur de Jalisco no representa un crecimiento econ\u00f3mico para una zona con altos \u00edndices de marginaci\u00f3n, sino un negocio de un peque\u00f1o grupo de particulares. El crecimiento inmobiliario en la llamada Costa Alegre de Jalisco esconde en sus entra\u00f1as\u2026","rel":"","context":"En &quot;CINTILLO&quot;","block_context":{"text":"CINTILLO","link":"https:\/\/www.grieta.org.mx\/index.php\/category\/cintillo\/"},"img":{"alt_text":"","src":"https:\/\/i0.wp.com\/www.grieta.org.mx\/wp-content\/uploads\/2018\/03\/14524434_1106112876131411_958039263622046936_o.jpg?resize=350%2C200&ssl=1","width":350,"height":200,"srcset":"https:\/\/i0.wp.com\/www.grieta.org.mx\/wp-content\/uploads\/2018\/03\/14524434_1106112876131411_958039263622046936_o.jpg?resize=350%2C200&ssl=1 1x, https:\/\/i0.wp.com\/www.grieta.org.mx\/wp-content\/uploads\/2018\/03\/14524434_1106112876131411_958039263622046936_o.jpg?resize=525%2C300&ssl=1 1.5x, https:\/\/i0.wp.com\/www.grieta.org.mx\/wp-content\/uploads\/2018\/03\/14524434_1106112876131411_958039263622046936_o.jpg?resize=700%2C400&ssl=1 2x"},"classes":[]}],"_links":{"self":[{"href":"https:\/\/www.grieta.org.mx\/index.php\/wp-json\/wp\/v2\/posts\/3600","targetHints":{"allow":["GET"]}}],"collection":[{"href":"https:\/\/www.grieta.org.mx\/index.php\/wp-json\/wp\/v2\/posts"}],"about":[{"href":"https:\/\/www.grieta.org.mx\/index.php\/wp-json\/wp\/v2\/types\/post"}],"author":[{"embeddable":true,"href":"https:\/\/www.grieta.org.mx\/index.php\/wp-json\/wp\/v2\/users\/2"}],"replies":[{"embeddable":true,"href":"https:\/\/www.grieta.org.mx\/index.php\/wp-json\/wp\/v2\/comments?post=3600"}],"version-history":[{"count":1,"href":"https:\/\/www.grieta.org.mx\/index.php\/wp-json\/wp\/v2\/posts\/3600\/revisions"}],"predecessor-version":[{"id":3602,"href":"https:\/\/www.grieta.org.mx\/index.php\/wp-json\/wp\/v2\/posts\/3600\/revisions\/3602"}],"wp:featuredmedia":[{"embeddable":true,"href":"https:\/\/www.grieta.org.mx\/index.php\/wp-json\/wp\/v2\/media\/21928"}],"wp:attachment":[{"href":"https:\/\/www.grieta.org.mx\/index.php\/wp-json\/wp\/v2\/media?parent=3600"}],"wp:term":[{"taxonomy":"category","embeddable":true,"href":"https:\/\/www.grieta.org.mx\/index.php\/wp-json\/wp\/v2\/categories?post=3600"},{"taxonomy":"post_tag","embeddable":true,"href":"https:\/\/www.grieta.org.mx\/index.php\/wp-json\/wp\/v2\/tags?post=3600"}],"curies":[{"name":"wp","href":"https:\/\/api.w.org\/{rel}","templated":true}]}}