{"id":3586,"date":"2015-04-27T21:37:48","date_gmt":"2015-04-27T21:37:48","guid":{"rendered":"http:\/\/50.22.11.12\/~grietaor\/?p=3586"},"modified":"2016-03-15T21:49:53","modified_gmt":"2016-03-15T21:49:53","slug":"pgje-depura-denuncias-por-desaparicion-en-quintana-roo","status":"publish","type":"post","link":"https:\/\/www.grieta.org.mx\/index.php\/2015\/04\/27\/pgje-depura-denuncias-por-desaparicion-en-quintana-roo\/","title":{"rendered":"PGJE &#8220;depura&#8221; denuncias por desaparici\u00f3n en Quintana Roo"},"content":{"rendered":"<p><strong>27\/04\/15. <\/strong><a href=\"http:\/\/grieta.org.mx\/index.php\/2015\/04\/27\/investigan-60-denuncias-de-personas-desaparecidas-en-quintana-roo\/\">Investigan 60 denuncias de personas desaparecidas en Quintana Roo<\/a><br \/><em>Novedades Quintana Roo<\/em><br  \/><\/p>\n","protected":false},"excerpt":{"rendered":"<p>27\/04\/15. Investigan 60 denuncias de personas desaparecidas en Quintana RooNovedades Quintana Roo<\/p>\n","protected":false},"author":2,"featured_media":21928,"comment_status":"closed","ping_status":"open","sticky":false,"template":"","format":"standard","meta":{"ngg_post_thumbnail":0,"_jetpack_newsletter_access":"","_jetpack_dont_email_post_to_subs":false,"_jetpack_newsletter_tier_id":0,"_jetpack_memberships_contains_paywalled_content":false,"_jetpack_memberships_contains_paid_content":false,"footnotes":""},"categories":[87,2,28],"tags":[],"class_list":["post-3586","post","type-post","status-publish","format-standard","has-post-thumbnail","hentry","category-desaparecidos","category-noticias-nacionales","category-quintana-roo","entry"],"jetpack_featured_media_url":"https:\/\/www.grieta.org.mx\/wp-content\/uploads\/2018\/03\/14524434_1106112876131411_958039263622046936_o.jpg","jetpack_sharing_enabled":true,"jetpack_shortlink":"https:\/\/wp.me\/p7ZJR4-VQ","jetpack_likes_enabled":false,"jetpack-related-posts":[{"id":69302,"url":"https:\/\/www.grieta.org.mx\/index.php\/2024\/07\/03\/siguen-los-derrames-ahora-de-diesel-en-cuevas-de-aktun-tuyul-por-el-tren-mayaquintana-roo\/","url_meta":{"origin":3586,"position":0},"title":"Siguen los derrames ahora de di\u00e9sel en cuevas de Aktun T\u2019uyul por el Tren Maya(Quintana Roo)","author":"grieta","date":"3 julio, 2024","format":false,"excerpt":"Lucy Sanabria \/ Fotos: @gchristy65. \/ Sopitas El activista Guillermo D\u2019Christy denunci\u00f3 el derrame de di\u00e9sel y concreto en una de las cavernas de la red Aktun T\u2019uyul en Quintana Roo por la construcci\u00f3n del Tren Maya. Siguen las denuncias por la contaminaci\u00f3n del sistema de cuevas y cenotes de\u2026","rel":"","context":"En &quot;CINTILLO&quot;","block_context":{"text":"CINTILLO","link":"https:\/\/www.grieta.org.mx\/index.php\/category\/cintillo\/"},"img":{"alt_text":"","src":"https:\/\/i0.wp.com\/www.grieta.org.mx\/wp-content\/uploads\/2024\/07\/Derrames1-e1721429366861.jpg?resize=350%2C200&ssl=1","width":350,"height":200,"srcset":"https:\/\/i0.wp.com\/www.grieta.org.mx\/wp-content\/uploads\/2024\/07\/Derrames1-e1721429366861.jpg?resize=350%2C200&ssl=1 1x, https:\/\/i0.wp.com\/www.grieta.org.mx\/wp-content\/uploads\/2024\/07\/Derrames1-e1721429366861.jpg?resize=525%2C300&ssl=1 1.5x, https:\/\/i0.wp.com\/www.grieta.org.mx\/wp-content\/uploads\/2024\/07\/Derrames1-e1721429366861.jpg?resize=700%2C400&ssl=1 2x"},"classes":[]},{"id":4438,"url":"https:\/\/www.grieta.org.mx\/index.php\/2015\/11\/25\/incrementan-presencia-policiaca-en-quintana-roo\/","url_meta":{"origin":3586,"position":1},"title":"Incrementan presencia policiaca en Quintana Roo","author":"grieta","date":"25 noviembre, 2015","format":false,"excerpt":"25\/11\/15. M\u00e1s de 400 ca\u00f1eros renuncian por inseguridad Novedades Quintana Roo 24\/11\/15. Pobladores aseguran que un polic\u00eda lo mat\u00f3 a sangre fr\u00eda Novedades Quintana Roo 18\/11\/15. Inician ma\u00f1ana operaciones los elementos de la Gendarmer\u00eda Novedades Quintana Roo 13\/11\/15. Entra en acci\u00f3n la nueva polic\u00eda rural Novedades Quintana Roo 06\/10\/15. Reforzaremos\u2026","rel":"","context":"En &quot;NOTICIAS NACIONALES&quot;","block_context":{"text":"NOTICIAS NACIONALES","link":"https:\/\/www.grieta.org.mx\/index.php\/category\/noticias-nacionales\/"},"img":{"alt_text":"","src":"https:\/\/i0.wp.com\/www.grieta.org.mx\/wp-content\/uploads\/2018\/03\/14524434_1106112876131411_958039263622046936_o.jpg?resize=350%2C200&ssl=1","width":350,"height":200,"srcset":"https:\/\/i0.wp.com\/www.grieta.org.mx\/wp-content\/uploads\/2018\/03\/14524434_1106112876131411_958039263622046936_o.jpg?resize=350%2C200&ssl=1 1x, https:\/\/i0.wp.com\/www.grieta.org.mx\/wp-content\/uploads\/2018\/03\/14524434_1106112876131411_958039263622046936_o.jpg?resize=525%2C300&ssl=1 1.5x, https:\/\/i0.wp.com\/www.grieta.org.mx\/wp-content\/uploads\/2018\/03\/14524434_1106112876131411_958039263622046936_o.jpg?resize=700%2C400&ssl=1 2x"},"classes":[]},{"id":3585,"url":"https:\/\/www.grieta.org.mx\/index.php\/2015\/04\/27\/investigan-60-denuncias-de-personas-desaparecidas-en-quintana-roo\/","url_meta":{"origin":3586,"position":2},"title":"Investigan 60 denuncias de personas desaparecidas en Quintana Roo","author":"grieta","date":"27 abril, 2015","format":false,"excerpt":"Paloma Wong\/SIPSE CHETUMAL, Q. Roo.- La Procuradur\u00eda General de Justicia en el Estado (PGJE) depur\u00f3 las denuncias interpuestas de personas de desaparecidas, a fin de continuar con la investigaci\u00f3n de los expedientes vigentes, inform\u00f3 su titular, Gaspar Armando Garc\u00eda Torres. Del 2009 a principios del 2015, la Procuradur\u00eda recibi\u00f3 900\u2026","rel":"","context":"En &quot;CINTILLO&quot;","block_context":{"text":"CINTILLO","link":"https:\/\/www.grieta.org.mx\/index.php\/category\/cintillo\/"},"img":{"alt_text":"","src":"https:\/\/i0.wp.com\/www.grieta.org.mx\/wp-content\/uploads\/2018\/03\/14524434_1106112876131411_958039263622046936_o.jpg?resize=350%2C200&ssl=1","width":350,"height":200,"srcset":"https:\/\/i0.wp.com\/www.grieta.org.mx\/wp-content\/uploads\/2018\/03\/14524434_1106112876131411_958039263622046936_o.jpg?resize=350%2C200&ssl=1 1x, https:\/\/i0.wp.com\/www.grieta.org.mx\/wp-content\/uploads\/2018\/03\/14524434_1106112876131411_958039263622046936_o.jpg?resize=525%2C300&ssl=1 1.5x, https:\/\/i0.wp.com\/www.grieta.org.mx\/wp-content\/uploads\/2018\/03\/14524434_1106112876131411_958039263622046936_o.jpg?resize=700%2C400&ssl=1 2x"},"classes":[]},{"id":3922,"url":"https:\/\/www.grieta.org.mx\/index.php\/2015\/10\/20\/cierran-en-tulum-quintana-roo-nueve-proyectos-turisticos\/","url_meta":{"origin":3586,"position":3},"title":"Cierran en Tulum, Quintana Roo, nueve proyectos tur\u00edsticos","author":"grieta","date":"20 octubre, 2015","format":false,"excerpt":"CIUDAD DE M\u00c9XICO (20\/OCT\/2015).- Las autoridades mexicanas clausuraron nueve proyectos tur\u00edsticos en el \u00e1rea natural protegida de Tulum, en el estado de Quintana Roo, por afectaciones a la flora y la fauna silvestre de la zona. La Procuradur\u00eda Federal de Protecci\u00f3n al Ambiente (Profepa) indic\u00f3 hoy en un comunicado que\u2026","rel":"","context":"En &quot;CINTILLO&quot;","block_context":{"text":"CINTILLO","link":"https:\/\/www.grieta.org.mx\/index.php\/category\/cintillo\/"},"img":{"alt_text":"","src":"https:\/\/i0.wp.com\/www.grieta.org.mx\/wp-content\/uploads\/2018\/03\/14524434_1106112876131411_958039263622046936_o.jpg?resize=350%2C200&ssl=1","width":350,"height":200,"srcset":"https:\/\/i0.wp.com\/www.grieta.org.mx\/wp-content\/uploads\/2018\/03\/14524434_1106112876131411_958039263622046936_o.jpg?resize=350%2C200&ssl=1 1x, https:\/\/i0.wp.com\/www.grieta.org.mx\/wp-content\/uploads\/2018\/03\/14524434_1106112876131411_958039263622046936_o.jpg?resize=525%2C300&ssl=1 1.5x, https:\/\/i0.wp.com\/www.grieta.org.mx\/wp-content\/uploads\/2018\/03\/14524434_1106112876131411_958039263622046936_o.jpg?resize=700%2C400&ssl=1 2x"},"classes":[]},{"id":64465,"url":"https:\/\/www.grieta.org.mx\/index.php\/2022\/06\/24\/al-menos-ocho-trabajadores-mayas-fueron-secuestrados-en-xcalak-quintana-roo\/","url_meta":{"origin":3586,"position":4},"title":"Al menos ocho trabajadores mayas fueron secuestrados en Xcalak, Quintana Roo","author":"grieta","date":"24 junio, 2022","format":false,"excerpt":"Octavio Mart\u00ednez \/ Proceso QUINTANA ROO, (apro).- En Xcalak, en la frontera sur de Quintana Roo, un grupo de por lo menos ocho trabajadores mayas fue privado de la libertad por sujetos fuertemente armados; los tres \u00f3rdenes de gobierno activaron los protocolos de b\u00fasqueda luego de denuncias recibidas por la\u2026","rel":"","context":"En &quot;CINTILLO&quot;","block_context":{"text":"CINTILLO","link":"https:\/\/www.grieta.org.mx\/index.php\/category\/cintillo\/"},"img":{"alt_text":"","src":"https:\/\/i0.wp.com\/www.grieta.org.mx\/wp-content\/uploads\/2022\/06\/SecuestroMayas-e1656257663139.png?resize=350%2C200&ssl=1","width":350,"height":200,"srcset":"https:\/\/i0.wp.com\/www.grieta.org.mx\/wp-content\/uploads\/2022\/06\/SecuestroMayas-e1656257663139.png?resize=350%2C200&ssl=1 1x, https:\/\/i0.wp.com\/www.grieta.org.mx\/wp-content\/uploads\/2022\/06\/SecuestroMayas-e1656257663139.png?resize=525%2C300&ssl=1 1.5x, https:\/\/i0.wp.com\/www.grieta.org.mx\/wp-content\/uploads\/2022\/06\/SecuestroMayas-e1656257663139.png?resize=700%2C400&ssl=1 2x"},"classes":[]},{"id":4361,"url":"https:\/\/www.grieta.org.mx\/index.php\/2015\/07\/13\/preparan-megaproyecto-agroindustrial-en-quintana-roo\/","url_meta":{"origin":3586,"position":5},"title":"Preparan megaproyecto agroindustrial en Quintana Roo","author":"grieta","date":"13 julio, 2015","format":false,"excerpt":"13\/07\/15 Se frenan proyectos por 20 mil mdp en Quintana Roo El Financiero 09\/07\/15 Quintana Roo se integrar\u00e1 a nuevas rutas de distribuci\u00f3n El Economista 28\/05\/15 Alistan proyecto agroalimentario en Quintana Roo Sipse 27\/05\/15 Trillonaria inversi\u00f3n china para Parque Industrial en el sur de Q. Roo Sipse 26\/05\/15 Tras fracaso\u2026","rel":"","context":"En &quot;MEGAPROYECTOS&quot;","block_context":{"text":"MEGAPROYECTOS","link":"https:\/\/www.grieta.org.mx\/index.php\/category\/megaproyectos\/"},"img":{"alt_text":"","src":"https:\/\/i0.wp.com\/www.grieta.org.mx\/wp-content\/uploads\/2018\/03\/14524434_1106112876131411_958039263622046936_o.jpg?resize=350%2C200&ssl=1","width":350,"height":200,"srcset":"https:\/\/i0.wp.com\/www.grieta.org.mx\/wp-content\/uploads\/2018\/03\/14524434_1106112876131411_958039263622046936_o.jpg?resize=350%2C200&ssl=1 1x, https:\/\/i0.wp.com\/www.grieta.org.mx\/wp-content\/uploads\/2018\/03\/14524434_1106112876131411_958039263622046936_o.jpg?resize=525%2C300&ssl=1 1.5x, https:\/\/i0.wp.com\/www.grieta.org.mx\/wp-content\/uploads\/2018\/03\/14524434_1106112876131411_958039263622046936_o.jpg?resize=700%2C400&ssl=1 2x"},"classes":[]}],"_links":{"self":[{"href":"https:\/\/www.grieta.org.mx\/index.php\/wp-json\/wp\/v2\/posts\/3586","targetHints":{"allow":["GET"]}}],"collection":[{"href":"https:\/\/www.grieta.org.mx\/index.php\/wp-json\/wp\/v2\/posts"}],"about":[{"href":"https:\/\/www.grieta.org.mx\/index.php\/wp-json\/wp\/v2\/types\/post"}],"author":[{"embeddable":true,"href":"https:\/\/www.grieta.org.mx\/index.php\/wp-json\/wp\/v2\/users\/2"}],"replies":[{"embeddable":true,"href":"https:\/\/www.grieta.org.mx\/index.php\/wp-json\/wp\/v2\/comments?post=3586"}],"version-history":[{"count":1,"href":"https:\/\/www.grieta.org.mx\/index.php\/wp-json\/wp\/v2\/posts\/3586\/revisions"}],"predecessor-version":[{"id":3588,"href":"https:\/\/www.grieta.org.mx\/index.php\/wp-json\/wp\/v2\/posts\/3586\/revisions\/3588"}],"wp:featuredmedia":[{"embeddable":true,"href":"https:\/\/www.grieta.org.mx\/index.php\/wp-json\/wp\/v2\/media\/21928"}],"wp:attachment":[{"href":"https:\/\/www.grieta.org.mx\/index.php\/wp-json\/wp\/v2\/media?parent=3586"}],"wp:term":[{"taxonomy":"category","embeddable":true,"href":"https:\/\/www.grieta.org.mx\/index.php\/wp-json\/wp\/v2\/categories?post=3586"},{"taxonomy":"post_tag","embeddable":true,"href":"https:\/\/www.grieta.org.mx\/index.php\/wp-json\/wp\/v2\/tags?post=3586"}],"curies":[{"name":"wp","href":"https:\/\/api.w.org\/{rel}","templated":true}]}}