{"id":35840,"date":"2019-07-02T19:29:22","date_gmt":"2019-07-03T00:29:22","guid":{"rendered":"http:\/\/www.grieta.org.mx\/?p=35840"},"modified":"2019-07-03T19:35:58","modified_gmt":"2019-07-04T00:35:58","slug":"van-mas-de-mil-familias-desplazadas-por-la-violencia-en-sinaloa","status":"publish","type":"post","link":"https:\/\/www.grieta.org.mx\/index.php\/2019\/07\/02\/van-mas-de-mil-familias-desplazadas-por-la-violencia-en-sinaloa\/","title":{"rendered":"Van m\u00e1s de mil familias desplazadas por la violencia en Sinaloa"},"content":{"rendered":"<p><img loading=\"lazy\" decoding=\"async\" data-attachment-id=\"35841\" data-permalink=\"https:\/\/www.grieta.org.mx\/index.php\/2019\/07\/02\/van-mas-de-mil-familias-desplazadas-por-la-violencia-en-sinaloa\/van_mxs_de_mil_familias_desplazadas_por_la_violencia_en_sinaloa-jpg_219914347\/\" data-orig-file=\"https:\/\/www.grieta.org.mx\/wp-content\/uploads\/2019\/07\/van_mxs_de_mil_familias_desplazadas_por_la_violencia_en_sinaloa.jpg_219914347.jpg\" data-orig-size=\"960,540\" data-comments-opened=\"0\" data-image-meta=\"{&quot;aperture&quot;:&quot;0&quot;,&quot;credit&quot;:&quot;&quot;,&quot;camera&quot;:&quot;&quot;,&quot;caption&quot;:&quot;&quot;,&quot;created_timestamp&quot;:&quot;0&quot;,&quot;copyright&quot;:&quot;&quot;,&quot;focal_length&quot;:&quot;0&quot;,&quot;iso&quot;:&quot;0&quot;,&quot;shutter_speed&quot;:&quot;0&quot;,&quot;title&quot;:&quot;&quot;,&quot;orientation&quot;:&quot;0&quot;}\" data-image-title=\"van_mxs_de_mil_familias_desplazadas_por_la_violencia_en_sinaloa.jpg_219914347\" data-image-description=\"\" data-image-caption=\"\" data-medium-file=\"https:\/\/www.grieta.org.mx\/wp-content\/uploads\/2019\/07\/van_mxs_de_mil_familias_desplazadas_por_la_violencia_en_sinaloa.jpg_219914347-300x169.jpg\" data-large-file=\"https:\/\/www.grieta.org.mx\/wp-content\/uploads\/2019\/07\/van_mxs_de_mil_familias_desplazadas_por_la_violencia_en_sinaloa.jpg_219914347.jpg\" class=\" wp-image-35841 aligncenter\" src=\"http:\/\/www.grieta.org.mx\/wp-content\/uploads\/2019\/07\/van_mxs_de_mil_familias_desplazadas_por_la_violencia_en_sinaloa.jpg_219914347-300x169.jpg\" alt=\"\" width=\"799\" height=\"450\" srcset=\"https:\/\/www.grieta.org.mx\/wp-content\/uploads\/2019\/07\/van_mxs_de_mil_familias_desplazadas_por_la_violencia_en_sinaloa.jpg_219914347-300x169.jpg 300w, https:\/\/www.grieta.org.mx\/wp-content\/uploads\/2019\/07\/van_mxs_de_mil_familias_desplazadas_por_la_violencia_en_sinaloa.jpg_219914347-768x432.jpg 768w, https:\/\/www.grieta.org.mx\/wp-content\/uploads\/2019\/07\/van_mxs_de_mil_familias_desplazadas_por_la_violencia_en_sinaloa.jpg_219914347-889x500.jpg 889w, https:\/\/www.grieta.org.mx\/wp-content\/uploads\/2019\/07\/van_mxs_de_mil_familias_desplazadas_por_la_violencia_en_sinaloa.jpg_219914347.jpg 960w\" sizes=\"auto, (max-width: 799px) 100vw, 799px\" \/><\/p>\n<p>Foto: Ilustrativa El Debate<\/p>\n<p>Redacci\u00f3n \/ El Debate<\/p>\n<p>Sinaloa. La Secretar\u00eda de Desarrollo Social de Sinaloa ha registrado a m\u00e1s de mil 100 familias desplazadas por la violencia, luego de un censo reciente.<\/p>\n<p>Explic\u00f3 que el censo contin\u00faa, pues los casos no han cesado. Hasta el momento se cont\u00f3 con ese cantidad de familias, siendo la mayor\u00eda de la zona serrana de los municipios de Mazatl\u00e1n, Rosario y Concordia. En Culiac\u00e1n se tienen registradas 407 familias, las cuales pueden aumentar.<\/p>\n<p>El censo se realiza con una metodolog\u00eda adoptada por la Universidad Aut\u00f3noma de Occidente para contar con informaci\u00f3n precisa del problema. Este culminar\u00e1 en los meses pr\u00f3ximos.<\/p>\n<p><a href=\"https:\/\/www.debate.com.mx\/culiacan\/Van-mas-de-mil-familias-desplazadas-por-la-violencia-en-Sinaloa-20190702-0095.html\">https:\/\/www.debate.com.mx\/culiacan\/Van-mas-de-mil-familias-desplazadas-por-la-violencia-en-Sinaloa-20190702-0095.html<\/a><\/p>\n","protected":false},"excerpt":{"rendered":"<p>Foto: Ilustrativa El Debate Redacci\u00f3n \/ El Debate Sinaloa. La Secretar\u00eda de Desarrollo Social de Sinaloa ha registrado a m\u00e1s de mil 100 familias desplazadas por la violencia, luego de &hellip; <a href=\"https:\/\/www.grieta.org.mx\/index.php\/2019\/07\/02\/van-mas-de-mil-familias-desplazadas-por-la-violencia-en-sinaloa\/\" class=\"more-link\">Leer m\u00e1s<\/a><\/p>\n","protected":false},"author":2,"featured_media":35841,"comment_status":"closed","ping_status":"closed","sticky":false,"template":"","format":"standard","meta":{"ngg_post_thumbnail":0,"_jetpack_newsletter_access":"","_jetpack_dont_email_post_to_subs":false,"_jetpack_newsletter_tier_id":0,"_jetpack_memberships_contains_paywalled_content":false,"_jetpack_memberships_contains_paid_content":false,"footnotes":""},"categories":[80,2421,2,30],"tags":[1092,2157],"class_list":["post-35840","post","type-post","status-publish","format-standard","has-post-thumbnail","hentry","category-cintillo","category-desplazados-por-violencia-en-sinaloa","category-noticias-nacionales","category-sinaloa","tag-desplazados-por-la-violencia","tag-desplazados-por-violencia","entry"],"jetpack_featured_media_url":"https:\/\/www.grieta.org.mx\/wp-content\/uploads\/2019\/07\/van_mxs_de_mil_familias_desplazadas_por_la_violencia_en_sinaloa.jpg_219914347.jpg","jetpack_sharing_enabled":true,"jetpack_shortlink":"https:\/\/wp.me\/p7ZJR4-9k4","jetpack_likes_enabled":false,"jetpack-related-posts":[{"id":15505,"url":"https:\/\/www.grieta.org.mx\/index.php\/2016\/08\/14\/desplazados-por-violencia-en-sinaloa\/","url_meta":{"origin":35840,"position":0},"title":"Desplazados por violencia en Sinaloa","author":"grieta","date":"14 agosto, 2016","format":false,"excerpt":"14\/08\/16. Desplazados viven en la ciudad con incertidumbre (Sinaloa) El Debate 29\/07\/16. Violencia expulsa de sus estados a m\u00e1s de 281 mil El Financiero 29\/07\/16. Habitantes de la sierra claman por ayuda al Ej\u00e9rcito El Debate 13\/07\/16. Los desplazados de la zona serrana de Sinaloa claman por ayuda El Pa\u00eds\u2026","rel":"","context":"En &quot;NOTICIAS NACIONALES&quot;","block_context":{"text":"NOTICIAS NACIONALES","link":"https:\/\/www.grieta.org.mx\/index.php\/category\/noticias-nacionales\/"},"img":{"alt_text":"","src":"https:\/\/i0.wp.com\/www.grieta.org.mx\/wp-content\/uploads\/2018\/03\/14524434_1106112876131411_958039263622046936_o.jpg?resize=350%2C200&ssl=1","width":350,"height":200,"srcset":"https:\/\/i0.wp.com\/www.grieta.org.mx\/wp-content\/uploads\/2018\/03\/14524434_1106112876131411_958039263622046936_o.jpg?resize=350%2C200&ssl=1 1x, https:\/\/i0.wp.com\/www.grieta.org.mx\/wp-content\/uploads\/2018\/03\/14524434_1106112876131411_958039263622046936_o.jpg?resize=525%2C300&ssl=1 1.5x, https:\/\/i0.wp.com\/www.grieta.org.mx\/wp-content\/uploads\/2018\/03\/14524434_1106112876131411_958039263622046936_o.jpg?resize=700%2C400&ssl=1 2x"},"classes":[]},{"id":42490,"url":"https:\/\/www.grieta.org.mx\/index.php\/2019\/12\/21\/la-violencia-desplazo-a-235-mil-personas-en-sinaloa\/","url_meta":{"origin":35840,"position":1},"title":"La violencia desplaz\u00f3 a 235 mil personas en Sinaloa","author":"grieta","date":"21 diciembre, 2019","format":false,"excerpt":"Rio Doce\/Marcos Vizcarra No son mil 906 personas desplazadas por violencia, que es la cuenta del Gobierno de Sinaloa, es mucho m\u00e1s grande, llega hasta los 235 mil 897 personas que dejaron sus hogares entre el 2011 a 2018. El Consejo Nacional de Poblaci\u00f3n (CONAPO) realiz\u00f3 el \u201cPerfil sociodemogr\u00e1fico de\u2026","rel":"","context":"En &quot;CINTILLO&quot;","block_context":{"text":"CINTILLO","link":"https:\/\/www.grieta.org.mx\/index.php\/category\/cintillo\/"},"img":{"alt_text":"","src":"https:\/\/i0.wp.com\/www.grieta.org.mx\/wp-content\/uploads\/2019\/12\/desplazados-cifras-2-oiaibmz3uqk188fe19b5msumq24d1e4zmxmfter2q0-1.jpg?resize=350%2C200&ssl=1","width":350,"height":200,"srcset":"https:\/\/i0.wp.com\/www.grieta.org.mx\/wp-content\/uploads\/2019\/12\/desplazados-cifras-2-oiaibmz3uqk188fe19b5msumq24d1e4zmxmfter2q0-1.jpg?resize=350%2C200&ssl=1 1x, https:\/\/i0.wp.com\/www.grieta.org.mx\/wp-content\/uploads\/2019\/12\/desplazados-cifras-2-oiaibmz3uqk188fe19b5msumq24d1e4zmxmfter2q0-1.jpg?resize=525%2C300&ssl=1 1.5x, https:\/\/i0.wp.com\/www.grieta.org.mx\/wp-content\/uploads\/2019\/12\/desplazados-cifras-2-oiaibmz3uqk188fe19b5msumq24d1e4zmxmfter2q0-1.jpg?resize=700%2C400&ssl=1 2x, https:\/\/i0.wp.com\/www.grieta.org.mx\/wp-content\/uploads\/2019\/12\/desplazados-cifras-2-oiaibmz3uqk188fe19b5msumq24d1e4zmxmfter2q0-1.jpg?resize=1050%2C600&ssl=1 3x"},"classes":[]},{"id":43637,"url":"https:\/\/www.grieta.org.mx\/index.php\/2020\/01\/23\/desplazados-desmienten-a-autoridades-persiste-violencia-en-sierra-del-sur-de-sinaloa\/","url_meta":{"origin":35840,"position":2},"title":"Desplazados desmienten a autoridades: \u2018Persiste violencia en sierra del sur de Sinaloa\u2019","author":"grieta","date":"23 enero, 2020","format":false,"excerpt":"Ricardo Rojas\/L\u00ednea Directa \u00a0 Las familias desplazadas aseguran que es falso lo que han dicho algunas autoridades, como el alcalde de Concordia, respecto a que se ha tranquilizado la situaci\u00f3n en dicha regi\u00f3n El desplazamiento forzado por la violencia est\u00e1 fuerte a\u00fan y es mentira que las familias puedan volver\u2026","rel":"","context":"En &quot;CINTILLO&quot;","block_context":{"text":"CINTILLO","link":"https:\/\/www.grieta.org.mx\/index.php\/category\/cintillo\/"},"img":{"alt_text":"","src":"https:\/\/i0.wp.com\/www.grieta.org.mx\/wp-content\/uploads\/2020\/01\/DESPLAZADOS-11-1024x459.jpg?resize=350%2C200&ssl=1","width":350,"height":200,"srcset":"https:\/\/i0.wp.com\/www.grieta.org.mx\/wp-content\/uploads\/2020\/01\/DESPLAZADOS-11-1024x459.jpg?resize=350%2C200&ssl=1 1x, https:\/\/i0.wp.com\/www.grieta.org.mx\/wp-content\/uploads\/2020\/01\/DESPLAZADOS-11-1024x459.jpg?resize=525%2C300&ssl=1 1.5x, https:\/\/i0.wp.com\/www.grieta.org.mx\/wp-content\/uploads\/2020\/01\/DESPLAZADOS-11-1024x459.jpg?resize=700%2C400&ssl=1 2x"},"classes":[]},{"id":35705,"url":"https:\/\/www.grieta.org.mx\/index.php\/2019\/06\/10\/hubo-en-michoacan-240-desplazados-en-2018\/","url_meta":{"origin":35840,"position":3},"title":"Hubo en Michoac\u00e1n 240 desplazados en 2018","author":"Admin","date":"10 junio, 2019","format":false,"excerpt":"Los municipios afectados fueron Par\u00e1cuaro, Buenavista y Aguililla Gilbert Gil Y\u00e1\u00f1ez \/ El Sol de Zamora, 10 de junio de 2019 Entre enero de 2016 y diciembre de 2018, en el estado de Michoac\u00e1n han sido desplazadas 11 mil 590 personas en seis episodios de violencia y amenazas del crimen\u2026","rel":"","context":"En &quot;CINTILLO&quot;","block_context":{"text":"CINTILLO","link":"https:\/\/www.grieta.org.mx\/index.php\/category\/cintillo\/"},"img":{"alt_text":"","src":"https:\/\/i0.wp.com\/www.grieta.org.mx\/wp-content\/uploads\/2019\/07\/DESPLAZAMIENTOS.jpg?resize=350%2C200&ssl=1","width":350,"height":200,"srcset":"https:\/\/i0.wp.com\/www.grieta.org.mx\/wp-content\/uploads\/2019\/07\/DESPLAZAMIENTOS.jpg?resize=350%2C200&ssl=1 1x, https:\/\/i0.wp.com\/www.grieta.org.mx\/wp-content\/uploads\/2019\/07\/DESPLAZAMIENTOS.jpg?resize=525%2C300&ssl=1 1.5x, https:\/\/i0.wp.com\/www.grieta.org.mx\/wp-content\/uploads\/2019\/07\/DESPLAZAMIENTOS.jpg?resize=700%2C400&ssl=1 2x"},"classes":[]},{"id":18376,"url":"https:\/\/www.grieta.org.mx\/index.php\/2016\/07\/29\/violencia-expulsa-de-sus-estados-a-mas-de-281-mil-sinaloa\/","url_meta":{"origin":35840,"position":4},"title":"Violencia expulsa de sus estados a m\u00e1s de 281 mil","author":"grieta","date":"29 julio, 2016","format":false,"excerpt":"Victor Ch\u00e1vez, Ciudad de M\u00e9xico. CIUDAD DE M\u00c9XICO.- La corrupci\u00f3n, complicidad e incapacidad de los gobiernos para combatir la violencia del crimen organizado, ha provocado la expulsi\u00f3n y desplazamiento de alrededor de 281 mil 400 personas de sus entidades, reportados tan s\u00f3lo en los \u00faltimos 4 a\u00f1os, alerta una investigaci\u00f3n\u2026","rel":"","context":"En &quot;CINTILLO&quot;","block_context":{"text":"CINTILLO","link":"https:\/\/www.grieta.org.mx\/index.php\/category\/cintillo\/"},"img":{"alt_text":"","src":"https:\/\/i0.wp.com\/www.grieta.org.mx\/wp-content\/uploads\/2018\/03\/14524434_1106112876131411_958039263622046936_o.jpg?resize=350%2C200&ssl=1","width":350,"height":200,"srcset":"https:\/\/i0.wp.com\/www.grieta.org.mx\/wp-content\/uploads\/2018\/03\/14524434_1106112876131411_958039263622046936_o.jpg?resize=350%2C200&ssl=1 1x, https:\/\/i0.wp.com\/www.grieta.org.mx\/wp-content\/uploads\/2018\/03\/14524434_1106112876131411_958039263622046936_o.jpg?resize=525%2C300&ssl=1 1.5x, https:\/\/i0.wp.com\/www.grieta.org.mx\/wp-content\/uploads\/2018\/03\/14524434_1106112876131411_958039263622046936_o.jpg?resize=700%2C400&ssl=1 2x"},"classes":[]},{"id":19650,"url":"https:\/\/www.grieta.org.mx\/index.php\/2016\/06\/22\/acusan-simulacion-en-atencion-a-desplazados-en-sinaloa\/","url_meta":{"origin":35840,"position":5},"title":"Acusan simulaci\u00f3n en atenci\u00f3n a desplazados en Sinaloa","author":"grieta","date":"22 junio, 2016","format":false,"excerpt":"Marcos Vizcarra En Sinaloa, ninguna de las personas despazadas tiene la certeza de que pueden volver a sus pueblos, asegur\u00f3 Esperanza Hern\u00e1ndez Lugo, al asegurar que el Gobierno del Estado s\u00f3lo ha simulado la atenci\u00f3n ante los m\u00e1s de los 33 mil 770 personas que dejaron sus hogares por la\u2026","rel":"","context":"En &quot;CINTILLO&quot;","block_context":{"text":"CINTILLO","link":"https:\/\/www.grieta.org.mx\/index.php\/category\/cintillo\/"},"img":{"alt_text":"","src":"https:\/\/i0.wp.com\/www.grieta.org.mx\/wp-content\/uploads\/2018\/03\/14524434_1106112876131411_958039263622046936_o.jpg?resize=350%2C200&ssl=1","width":350,"height":200,"srcset":"https:\/\/i0.wp.com\/www.grieta.org.mx\/wp-content\/uploads\/2018\/03\/14524434_1106112876131411_958039263622046936_o.jpg?resize=350%2C200&ssl=1 1x, https:\/\/i0.wp.com\/www.grieta.org.mx\/wp-content\/uploads\/2018\/03\/14524434_1106112876131411_958039263622046936_o.jpg?resize=525%2C300&ssl=1 1.5x, https:\/\/i0.wp.com\/www.grieta.org.mx\/wp-content\/uploads\/2018\/03\/14524434_1106112876131411_958039263622046936_o.jpg?resize=700%2C400&ssl=1 2x"},"classes":[]}],"_links":{"self":[{"href":"https:\/\/www.grieta.org.mx\/index.php\/wp-json\/wp\/v2\/posts\/35840","targetHints":{"allow":["GET"]}}],"collection":[{"href":"https:\/\/www.grieta.org.mx\/index.php\/wp-json\/wp\/v2\/posts"}],"about":[{"href":"https:\/\/www.grieta.org.mx\/index.php\/wp-json\/wp\/v2\/types\/post"}],"author":[{"embeddable":true,"href":"https:\/\/www.grieta.org.mx\/index.php\/wp-json\/wp\/v2\/users\/2"}],"replies":[{"embeddable":true,"href":"https:\/\/www.grieta.org.mx\/index.php\/wp-json\/wp\/v2\/comments?post=35840"}],"version-history":[{"count":1,"href":"https:\/\/www.grieta.org.mx\/index.php\/wp-json\/wp\/v2\/posts\/35840\/revisions"}],"predecessor-version":[{"id":35844,"href":"https:\/\/www.grieta.org.mx\/index.php\/wp-json\/wp\/v2\/posts\/35840\/revisions\/35844"}],"wp:featuredmedia":[{"embeddable":true,"href":"https:\/\/www.grieta.org.mx\/index.php\/wp-json\/wp\/v2\/media\/35841"}],"wp:attachment":[{"href":"https:\/\/www.grieta.org.mx\/index.php\/wp-json\/wp\/v2\/media?parent=35840"}],"wp:term":[{"taxonomy":"category","embeddable":true,"href":"https:\/\/www.grieta.org.mx\/index.php\/wp-json\/wp\/v2\/categories?post=35840"},{"taxonomy":"post_tag","embeddable":true,"href":"https:\/\/www.grieta.org.mx\/index.php\/wp-json\/wp\/v2\/tags?post=35840"}],"curies":[{"name":"wp","href":"https:\/\/api.w.org\/{rel}","templated":true}]}}