{"id":35826,"date":"2019-06-30T17:36:13","date_gmt":"2019-06-30T22:36:13","guid":{"rendered":"http:\/\/www.grieta.org.mx\/?p=35826"},"modified":"2019-07-03T18:05:43","modified_gmt":"2019-07-03T23:05:43","slug":"aqui-no-amlo-indigenas-van-contra-planta-de-amoniaco-sinaloa","status":"publish","type":"post","link":"https:\/\/www.grieta.org.mx\/index.php\/2019\/06\/30\/aqui-no-amlo-indigenas-van-contra-planta-de-amoniaco-sinaloa\/","title":{"rendered":"\u201c\u00a1Aqu\u00ed no, AMLO!\u201d: ind\u00edgenas van contra planta de amoniaco&#8221; (Sinaloa)"},"content":{"rendered":"<p><img loading=\"lazy\" decoding=\"async\" data-attachment-id=\"35827\" data-permalink=\"https:\/\/www.grieta.org.mx\/index.php\/2019\/06\/30\/aqui-no-amlo-indigenas-van-contra-planta-de-amoniaco-sinaloa\/color50-cuadratines\/\" data-orig-file=\"https:\/\/www.grieta.org.mx\/wp-content\/uploads\/2019\/07\/N-A2-ADELANTOS_2018-112_DrupalMainImagenVertical.var_1561889450.jpg\" data-orig-size=\"1200,1200\" data-comments-opened=\"0\" data-image-meta=\"{&quot;aperture&quot;:&quot;0&quot;,&quot;credit&quot;:&quot;&quot;,&quot;camera&quot;:&quot;&quot;,&quot;caption&quot;:&quot;color\\r50 cuadratines&quot;,&quot;created_timestamp&quot;:&quot;0&quot;,&quot;copyright&quot;:&quot;&quot;,&quot;focal_length&quot;:&quot;0&quot;,&quot;iso&quot;:&quot;0&quot;,&quot;shutter_speed&quot;:&quot;0&quot;,&quot;title&quot;:&quot;color\\r50 cuadratines&quot;,&quot;orientation&quot;:&quot;1&quot;}\" data-image-title=\"color50 cuadratines\" data-image-description=\"\" data-image-caption=\"&lt;p&gt;color&lt;br \/&gt;\n50 cuadratines&lt;\/p&gt;\n\" data-medium-file=\"https:\/\/www.grieta.org.mx\/wp-content\/uploads\/2019\/07\/N-A2-ADELANTOS_2018-112_DrupalMainImagenVertical.var_1561889450-300x300.jpg\" data-large-file=\"https:\/\/www.grieta.org.mx\/wp-content\/uploads\/2019\/07\/N-A2-ADELANTOS_2018-112_DrupalMainImagenVertical.var_1561889450-1024x1024.jpg\" class=\" wp-image-35827 aligncenter\" src=\"http:\/\/www.grieta.org.mx\/wp-content\/uploads\/2019\/07\/N-A2-ADELANTOS_2018-112_DrupalMainImagenVertical.var_1561889450-300x300.jpg\" alt=\"\" width=\"799\" height=\"799\" srcset=\"https:\/\/www.grieta.org.mx\/wp-content\/uploads\/2019\/07\/N-A2-ADELANTOS_2018-112_DrupalMainImagenVertical.var_1561889450-300x300.jpg 300w, https:\/\/www.grieta.org.mx\/wp-content\/uploads\/2019\/07\/N-A2-ADELANTOS_2018-112_DrupalMainImagenVertical.var_1561889450-150x150.jpg 150w, https:\/\/www.grieta.org.mx\/wp-content\/uploads\/2019\/07\/N-A2-ADELANTOS_2018-112_DrupalMainImagenVertical.var_1561889450-768x768.jpg 768w, https:\/\/www.grieta.org.mx\/wp-content\/uploads\/2019\/07\/N-A2-ADELANTOS_2018-112_DrupalMainImagenVertical.var_1561889450-1024x1024.jpg 1024w, https:\/\/www.grieta.org.mx\/wp-content\/uploads\/2019\/07\/N-A2-ADELANTOS_2018-112_DrupalMainImagenVertical.var_1561889450-130x130.jpg 130w, https:\/\/www.grieta.org.mx\/wp-content\/uploads\/2019\/07\/N-A2-ADELANTOS_2018-112_DrupalMainImagenVertical.var_1561889450-500x500.jpg 500w, https:\/\/www.grieta.org.mx\/wp-content\/uploads\/2019\/07\/N-A2-ADELANTOS_2018-112_DrupalMainImagenVertical.var_1561889450.jpg 1200w\" sizes=\"auto, (max-width: 799px) 100vw, 799px\" \/><\/p>\n<p>Foto: Germ\u00e1n Castro &#8211; El Universal<\/p>\n<p><em>A los pobladores de Topolobampo los ignoraron. Semarnat autoriz\u00f3 la construcci\u00f3n de una f\u00e1brica de amoniaco sobre un humedal y ellos quieren recuperarlo<\/em><\/p>\n<p>Gabriela Soto \/ El Universal<\/p>\n<p>Gerardo Pe\u00f1a Avil\u00e9s esquiv\u00f3 al personal de seguridad. Camin\u00f3 con paso firme y en sentido contrario a la Suburban plateada en la que viajaba el presidente de M\u00e9xico Andr\u00e9s Manuel L\u00f3pez Obrador.<\/p>\n<p>Era el encuentro que hab\u00eda buscado desde hace un a\u00f1o para contarle la otra versi\u00f3n de la historia: la <strong>lucha del pueblo ind\u00edgena yoreme-mayo contra la empresa de capital suizo-alem\u00e1n<\/strong> que construye la <strong>f\u00e1brica de producci\u00f3n de fertilizantes sobre el humedal protegido como Sitio Ramsar, en Topolobampo, Sinaloa.<\/strong><\/p>\n<p>El 9 de junio acompa\u00f1\u00f3 a los ind\u00edgenas y pescadores que\u00a0recorrieron 14 kil\u00f3metros desde casa hasta el Aeropuerto Internacional de Los Mochis.<\/p>\n<p>Estaban los vecinos de la rec\u00f3ndita comunidad de L\u00e1zaro C\u00e1rdenas que viajaron en embarcaciones, los pobladores de Paredones y Ohuira que se trasladaron en autobuses, o los que se movieron en su propio auto. Mientras Gerardo Pe\u00f1a caminaba al encuentro, los aproximadamente 600 manifestantes abandonaban los puestos que ten\u00edan bajo el arco que da la bienvenida a Los Mochis, Sinaloa, y construyeron una muralla humana que bloque\u00f3 el camino del veh\u00edculo.<\/p>\n<p>Tapizaron la vista de L\u00f3pez Obrador con pancartas que repet\u00edan la misma consigna: <strong>\u00a1Aqu\u00ed no!<\/strong><\/p>\n<p>Gerardo Pe\u00f1a, pionero de la lucha desde hace cuatro a\u00f1os, caminaba hacia el cerco humano, en la mano derecha sosten\u00eda el expediente con los documentos que, seg\u00fan \u00e9l, comprueban las ilegalidades del proyecto. Lleg\u00f3 a la ventanilla del veh\u00edculo y estrech\u00f3 la mano del copiloto.<\/p>\n<p>Del encuentro recuerda esta conversaci\u00f3n: \u201cPresidente, bienvenido. Tenemos este problema: la planta de amoniaco no la queremos aqu\u00ed. Lo est\u00e1n enga\u00f1ando. Aqu\u00ed en el expediente le estoy describiendo las irregularidades, aqu\u00ed est\u00e1n los documentos en los que la Semarnat lo rechaz\u00f3 al principio\u201d. L\u00f3pez Obrador no responde.<\/p>\n<p>\u201cSe\u00f1or Presidente, ay\u00fadenos con este tema, \u00a1rev\u00edselo, por favor! Estamos muy preocupados porque es la muerte de la bah\u00eda y adem\u00e1s est\u00e1 todo lleno de ilegalidad\u201d, dijo Gerardo Pe\u00f1a.<\/p>\n<p>\u201cLo voy a revisar. Me comprometo a revisarlo\u201d, responde el Presidente.<\/p>\n<p>\u201cSe lo encargamos mucho, Presidente, por favor\u201d, le pidieron.<\/p>\n<p><strong>La lucha<\/strong><\/p>\n<p>Durante los m\u00e1s de 22 a\u00f1os que Alejandro \u00c1lvarez Armenta se ha dedicado a la pesca no hab\u00eda experimentado el miedo en este oficio. Ahora teme que la empresa Gas y Petroqu\u00edmica de Occidente (GPO), que construye la f\u00e1brica de producci\u00f3n de amoniaco anhidro, destruya el sistema de lagunas Santa Mar\u00eda-Topolobampo-Ohuira, el mismo sitio donde \u00e9l lanza su red de pesca cada temporada.<\/p>\n<p>\u201cCon lo de la planta tenemos miedo, porque se va acabar [el empleo], porque la planta va a tirar ah\u00ed sus desechos. Y hay bi\u00f3logos que hicieron estudios y nos dan de tres a cinco a\u00f1os para que se acabe [la pesca]\u201d, lament\u00f3.<\/p>\n<p>Alejandro \u00c1lvarez vive en la comunidad de L\u00e1zaro C\u00e1rdenas, que pertenece a Topolobampo. Aqu\u00ed habitan aproximadamente 40 ind\u00edgenas yoreme-mayos, a quienes la Secretar\u00eda de Medio Ambiente y Recursos Naturales no les pregunt\u00f3 si quer\u00edan vivir al lado de la f\u00e1brica que producir\u00e1 2 mil 200 toneladas diarias de amoniaco, seg\u00fan la empresa.<\/p>\n<p>Cansados de cinco a\u00f1os de protestas, en septiembre de 2018 interpusieron el juicio de amparo indirecto 528\/2018, en el Juzgado Sexto de Distrito de Sinaloa, contra la Direcci\u00f3n General de Impacto y Riesgo Ambiental de la Semarnat por autorizar la construcci\u00f3n de la nave industrial sin consultarlos.<\/p>\n<p>En la regi\u00f3n de Topolobampo se localizan cinco comunidades: L\u00e1zaro C\u00e1rdenas, El Muellecito, Paredones, Carrizo Grande y Ohuira. En esta zona junto al Golfo de California habitan 10 mil 150 habitantes: 25% son ind\u00edgenas y 12% habla una lengua originaria.<\/p>\n<p>Viven en su mayor\u00eda cerca de alguno de sus 11 centros ceremoniales, de acuerdo con informaci\u00f3n del Instituto Nacional de Pueblos Ind\u00edgenas.<\/p>\n<p>GPO construye la nave industrial en las lagunas Santa Mar\u00eda, Topolobampo y Ohuira, un humedal al que en 2009 la Comisi\u00f3n Nacional de \u00c1reas Naturales Protegidas otorg\u00f3 la denominaci\u00f3n de Sitio Ramsar para la conservaci\u00f3n de esos terrenos, de acuerdo con la p\u00e1gina web oficial. En esta bah\u00eda, 3 mil hombres practican la pesca tradicional y de altamar.<\/p>\n<p>A la lucha jur\u00eddica de los pobladores de L\u00e1zaro C\u00e1rdenas se unieron sus vecinos de Paredones, quienes acusaron tambi\u00e9n a la Semarnat de negarles el derecho a ser consultados en la decisi\u00f3n de autorizar la instalaci\u00f3n de la f\u00e1brica al lado de su hogar, juicio de amparo indirecto 628\/2018, lo que contraviene los postulados del Convenio 169 de la Organizaci\u00f3n Internacional del Trabajo.<\/p>\n<p>A esta inconformidad se ali\u00f3 la comunidad de El Muellecito, que considera que el gobierno quebrant\u00f3 su derecho a vivir en un medio ambiente sano, e interpuso el juicio de amparo indirecto 724\/2018.<\/p>\n<p>\u201cNo hubo consulta ind\u00edgena. En M\u00e9xico, cualquier obra que se haga en un territorio donde haya [una] comunidad ind\u00edgena necesita apegarse al Convenio de la Organizaci\u00f3n Internacional del Trabajo\u201d, explic\u00f3 Rosendo Castro, ambientalista y miembro del Colectivo Ecol\u00f3gico Aqu\u00ed No.<\/p>\n<p><strong>La empresa<\/strong><\/p>\n<p>La compa\u00f1\u00eda fue constituida en 2013 por el empresario atunero Jos\u00e9 Eduvigildo Carranza Beltr\u00e1n y Grupo Proman, de acuerdo con el acta constitutiva de la empresa; sin embargo, el sinaloense asegur\u00f3 a medios que renunci\u00f3 a sus acciones en 2015.<\/p>\n<p>En entrevista, Arturo Moya, director general de GPO, defiende que el \u201cproyecto contin\u00faa avanzando de manera favorable\u201d y que la construcci\u00f3n de la f\u00e1brica ser\u00e1 en octubre de este a\u00f1o, al contar con \u201ctodos los permisos y tr\u00e1mites que el Estado mexicano requiere, as\u00ed como el del Estado alem\u00e1n\u201d.<\/p>\n<p>Proman es el segundo productor m\u00e1s grande de metanol en el mundo y uno de los principales productores de amoniaco, explica. La inversi\u00f3n inicial estimada asciende a mil 230 millones de d\u00f3lares. Este proyecto contempla abastecer el mercado local de fertilizantes y exportar los excedentes al resto del continente americano, dice.<\/p>\n<p>A pesar del rechazo de los pobladores a la instalaci\u00f3n de la f\u00e1brica en su comunidad, sostiene que el proyecto energ\u00e9tico no ser\u00e1 reubicado.<\/p>\n<p>\u201cContemplamos que en menos de un mes queden resueltos los dos amparos que a\u00fan est\u00e1n vigentes. De los tres amparos, uno fue archivado y tenemos el desistimiento\u201d.<\/p>\n<p>Francisco Labastida, exgobernador de Sinaloa, afirm\u00f3 ser consultor del proyecto, mientras que Arturo Moya asegura que el involucramiento del exmandatario estatal, Mario L\u00f3pez Valdez, fue \u201ccoyuntural\u201d.<\/p>\n<p>El gobernador de Sinaloa, Quirino Ordaz, ha manifestado su apoyo al proyecto extranjero. Javier Liz\u00e1rraga Mercado, secretario de Econom\u00eda del Estado, quien ha hablado antes del tema, neg\u00f3 conceder entrevista. La misma negativa se recibi\u00f3 por parte de Semarnat.<\/p>\n<p>L\u00f3pez Obrador ha manifestado el inter\u00e9s de reactivar las f\u00e1bricas inoperantes de producci\u00f3n de amoniaco, un producto qu\u00edmico que es la base para la producci\u00f3n de fertilizantes, con el prop\u00f3sito de abastecer la demanda del campo.<\/p>\n<p>Luego de la denuncia de la adquisici\u00f3n irregular de la planta Agronitrogenados, en la que est\u00e1 acusado Emilio Lozoya, exdirector de Petr\u00f3leos Mexicanos, el Presidente se refiri\u00f3 a la planta de Topolobampo.<\/p>\n<p>\u201cHay en construcci\u00f3n una planta de fertilizantes en Sinaloa que no es suficiente, pero se est\u00e1 construyendo, creo que con capital alem\u00e1n y suizo. Ser\u00eda abastecer como 20%, 30% de la demanda\u201d, dijo el 28 de mayo en su conferencia de prensa matutina.<\/p>\n<p>A lo lejos se observa la plancha de cemento que cubre una fracci\u00f3n del humedal. Es la base en la que se edificar\u00e1 la futura nave industrial. Hace cinco a\u00f1os, parte de la Bah\u00eda de Ohuira fue rellenada con tierra y piedra y la superficie fue revestida con cemento que cubri\u00f3 el bosque de manglar y zona de reproducci\u00f3n de la larva de camar\u00f3n.<\/p>\n<p>\u201cEl relleno caus\u00f3 alteraciones en las corrientes litorales de la laguna y arroj\u00f3 una gran cantidad de materiales, sedimentos y lixiviados, que fueron incorporados al agua, afectando su calidad\u201d, revela Diana Escobedo Ur\u00edas, investigadora del Instituto Polit\u00e9cnico Nacional y del Centro Interdisciplinario de Investigaci\u00f3n para el Desarrollo Integral Regional (CIIDIR) Sinaloa.<\/p>\n<p>Ante la declaraci\u00f3n del Presidente, Gerardo, pionero de la lucha, le dijo: \u201cNo vamos dejar la lucha en lo legal. Es m\u00e1s, vamos a poner m\u00e1s esfuerzo\u201d.<\/p>\n<p><a href=\"https:\/\/www.eluniversal.com.mx\/nacion\/aqui-no-amlo-indigenas-van-contra-planta-de-amoniaco\">https:\/\/www.eluniversal.com.mx\/nacion\/aqui-no-amlo-indigenas-van-contra-planta-de-amoniaco<\/a><\/p>\n","protected":false},"excerpt":{"rendered":"<p>Foto: Germ\u00e1n Castro &#8211; El Universal A los pobladores de Topolobampo los ignoraron. Semarnat autoriz\u00f3 la construcci\u00f3n de una f\u00e1brica de amoniaco sobre un humedal y ellos quieren recuperarlo Gabriela &hellip; <a href=\"https:\/\/www.grieta.org.mx\/index.php\/2019\/06\/30\/aqui-no-amlo-indigenas-van-contra-planta-de-amoniaco-sinaloa\/\" class=\"more-link\">Leer m\u00e1s<\/a><\/p>\n","protected":false},"author":2,"featured_media":35827,"comment_status":"closed","ping_status":"closed","sticky":false,"template":"","format":"standard","meta":{"ngg_post_thumbnail":0,"_jetpack_newsletter_access":"","_jetpack_dont_email_post_to_subs":false,"_jetpack_newsletter_tier_id":0,"_jetpack_memberships_contains_paywalled_content":false,"_jetpack_memberships_contains_paid_content":false,"footnotes":""},"categories":[80,2712,2,30],"tags":[2466,427,790],"class_list":["post-35826","post","type-post","status-publish","format-standard","has-post-thumbnail","hentry","category-cintillo","category-lucha-y-resistencia-del-pueblo-mayo-yoreme","category-noticias-nacionales","category-sinaloa","tag-luchas-y-resistencias-de-pueblos-originarios","tag-mayo-yoreme","tag-pueblos-indigenas","entry"],"jetpack_featured_media_url":"https:\/\/www.grieta.org.mx\/wp-content\/uploads\/2019\/07\/N-A2-ADELANTOS_2018-112_DrupalMainImagenVertical.var_1561889450.jpg","jetpack_sharing_enabled":true,"jetpack_shortlink":"https:\/\/wp.me\/p7ZJR4-9jQ","jetpack_likes_enabled":false,"jetpack-related-posts":[{"id":36108,"url":"https:\/\/www.grieta.org.mx\/index.php\/2019\/07\/07\/rechazan-postura-de-apoyo-de-lider-ejidal-de-ohuira-a-planta-de-amoniaco-sinaloa\/","url_meta":{"origin":35826,"position":0},"title":"Rechazan postura de apoyo de l\u00edder ejidal de Ohuira a planta de amoniaco (Sinaloa)","author":"grieta","date":"7 julio, 2019","format":false,"excerpt":"Foto: El Debate Desmienten que ellos como ind\u00edgenas apoyan la planta de amoniaco en el puerto y se lo van hacer saber al gobernador Redacci\u00f3n \/ El Debate Los Mochis, Sinaloa.- Con un \u201cya basta\u201d, habitantes yoremes-mayo del ejido Ohuira rechazaron el apoyo a la planta de amoniaco que mostr\u00f3\u2026","rel":"","context":"En &quot;CINTILLO&quot;","block_context":{"text":"CINTILLO","link":"https:\/\/www.grieta.org.mx\/index.php\/category\/cintillo\/"},"img":{"alt_text":"","src":"https:\/\/i0.wp.com\/www.grieta.org.mx\/wp-content\/uploads\/2019\/07\/imagen_ohuira_1.jpg_219914347.jpg?resize=350%2C200&ssl=1","width":350,"height":200,"srcset":"https:\/\/i0.wp.com\/www.grieta.org.mx\/wp-content\/uploads\/2019\/07\/imagen_ohuira_1.jpg_219914347.jpg?resize=350%2C200&ssl=1 1x, https:\/\/i0.wp.com\/www.grieta.org.mx\/wp-content\/uploads\/2019\/07\/imagen_ohuira_1.jpg_219914347.jpg?resize=525%2C300&ssl=1 1.5x, https:\/\/i0.wp.com\/www.grieta.org.mx\/wp-content\/uploads\/2019\/07\/imagen_ohuira_1.jpg_219914347.jpg?resize=700%2C400&ssl=1 2x"},"classes":[]},{"id":54170,"url":"https:\/\/www.grieta.org.mx\/index.php\/2020\/10\/13\/se-manifiestan-indigenas-de-sinaloa-y-sonora-contra-planta-de-amoniaco-en-topolobampo\/","url_meta":{"origin":35826,"position":1},"title":"Se manifiestan ind\u00edgenas de Sinaloa y Sonora contra planta de amoniaco en Topolobampo","author":"grieta","date":"13 octubre, 2020","format":false,"excerpt":"Noroeste\/Carlos Boj\u00f3rquez Foto: Noroeste En el marco del D\u00eda de la Raza, ind\u00edgenas del norte de Sinaloa y sur de Sonora se manifestaron en contra de la planta de amoniaco que se pretende construir en Topolobampo. La manifestaci\u00f3n, a la que se sumaron integrantes del Colectivo 'Aqu\u00ed no', inici\u00f3 con\u2026","rel":"","context":"En &quot;CINTILLO&quot;","block_context":{"text":"CINTILLO","link":"https:\/\/www.grieta.org.mx\/index.php\/category\/cintillo\/"},"img":{"alt_text":"","src":"https:\/\/i0.wp.com\/www.grieta.org.mx\/wp-content\/uploads\/2020\/10\/980114b5_e60a_492a_bbc7_53bba4bbd793-319722-1.jpg?resize=350%2C200&ssl=1","width":350,"height":200,"srcset":"https:\/\/i0.wp.com\/www.grieta.org.mx\/wp-content\/uploads\/2020\/10\/980114b5_e60a_492a_bbc7_53bba4bbd793-319722-1.jpg?resize=350%2C200&ssl=1 1x, https:\/\/i0.wp.com\/www.grieta.org.mx\/wp-content\/uploads\/2020\/10\/980114b5_e60a_492a_bbc7_53bba4bbd793-319722-1.jpg?resize=525%2C300&ssl=1 1.5x, https:\/\/i0.wp.com\/www.grieta.org.mx\/wp-content\/uploads\/2020\/10\/980114b5_e60a_492a_bbc7_53bba4bbd793-319722-1.jpg?resize=700%2C400&ssl=1 2x, https:\/\/i0.wp.com\/www.grieta.org.mx\/wp-content\/uploads\/2020\/10\/980114b5_e60a_492a_bbc7_53bba4bbd793-319722-1.jpg?resize=1050%2C600&ssl=1 3x, https:\/\/i0.wp.com\/www.grieta.org.mx\/wp-content\/uploads\/2020\/10\/980114b5_e60a_492a_bbc7_53bba4bbd793-319722-1.jpg?resize=1400%2C800&ssl=1 4x"},"classes":[]},{"id":36111,"url":"https:\/\/www.grieta.org.mx\/index.php\/2019\/07\/09\/movimiento-aqui-no-toma-instalaciones-del-palacio-municipal-sinaloa\/","url_meta":{"origin":35826,"position":2},"title":"Movimiento Aqu\u00ed No, toma instalaciones del Palacio Municipal (Sinaloa)","author":"grieta","date":"9 julio, 2019","format":false,"excerpt":"Foto: El Debate Los manifestantes rechazan la renovaci\u00f3n de los permisos de construcci\u00f3n de la planta de fertilizantes en Topolobampo y exigen ser atendidos por el alcalde Billy Chapman Lupita G\u00e1mez \/ El Debate Los Mochis, Sinaloa.- En se\u00f1al de total rechazo a la decisi\u00f3n del alcalde Manuel Guillermo Chapman\u2026","rel":"","context":"En &quot;CINTILLO&quot;","block_context":{"text":"CINTILLO","link":"https:\/\/www.grieta.org.mx\/index.php\/category\/cintillo\/"},"img":{"alt_text":"","src":"https:\/\/i0.wp.com\/www.grieta.org.mx\/wp-content\/uploads\/2019\/07\/colectivo_aqui_no_toma_se_manifiestan_en_el_palacio_municipal_7.jpg_219914347.jpg?resize=350%2C200&ssl=1","width":350,"height":200,"srcset":"https:\/\/i0.wp.com\/www.grieta.org.mx\/wp-content\/uploads\/2019\/07\/colectivo_aqui_no_toma_se_manifiestan_en_el_palacio_municipal_7.jpg_219914347.jpg?resize=350%2C200&ssl=1 1x, https:\/\/i0.wp.com\/www.grieta.org.mx\/wp-content\/uploads\/2019\/07\/colectivo_aqui_no_toma_se_manifiestan_en_el_palacio_municipal_7.jpg_219914347.jpg?resize=525%2C300&ssl=1 1.5x, https:\/\/i0.wp.com\/www.grieta.org.mx\/wp-content\/uploads\/2019\/07\/colectivo_aqui_no_toma_se_manifiestan_en_el_palacio_municipal_7.jpg_219914347.jpg?resize=700%2C400&ssl=1 2x"},"classes":[]},{"id":34752,"url":"https:\/\/www.grieta.org.mx\/index.php\/2019\/06\/12\/buaysiacobe-continua-el-despojo-contra-los-yoremes-de-sonora\/","url_meta":{"origin":35826,"position":3},"title":"Buaysiacobe: contin\u00faa el despojo contra los yoremes de Sonora","author":"grieta","date":"12 junio, 2019","format":false,"excerpt":"Myrna Valencia Banda\/ CONTRAL\u00cdNEA Buaysiacobe en lengua yoreme significa: lugar donde crece el zacate lana. Como ejido, Buaysiacobe (municipio de Etchojoa) tiene sus inicios en 1930 cuando, organizados por l\u00edderes del gobierno mexicano y uno que otro ind\u00edgena, m\u00e1s de 200 hombres y una docena de mujeres empezaron desmontar, sembrar\u2026","rel":"","context":"En &quot;CINTILLO&quot;","block_context":{"text":"CINTILLO","link":"https:\/\/www.grieta.org.mx\/index.php\/category\/cintillo\/"},"img":{"alt_text":"","src":"https:\/\/i0.wp.com\/www.grieta.org.mx\/wp-content\/uploads\/2019\/06\/Pascola.jpg?resize=350%2C200&ssl=1","width":350,"height":200,"srcset":"https:\/\/i0.wp.com\/www.grieta.org.mx\/wp-content\/uploads\/2019\/06\/Pascola.jpg?resize=350%2C200&ssl=1 1x, https:\/\/i0.wp.com\/www.grieta.org.mx\/wp-content\/uploads\/2019\/06\/Pascola.jpg?resize=525%2C300&ssl=1 1.5x"},"classes":[]},{"id":6970,"url":"https:\/\/www.grieta.org.mx\/index.php\/2015\/11\/23\/ejidatarios-de-el-pochotal-se-manifiestan-en-la-subprocuraduria\/","url_meta":{"origin":35826,"position":4},"title":"Ejidatarios de El Pochotal se manifiestan en la subprocuradur\u00eda","author":"grieta","date":"23 noviembre, 2015","format":false,"excerpt":"Dalia Mart\u00ednez, Sinaloa Ejidatarios de la comunidad de El Pochotal, El Fuerte, se manifiestan de manera pac\u00edfica en las instalaciones de la Subprocuradur\u00eda de Justicia de la Zona Norte, en demanda de que les sean devueltas 100 hect\u00e1reas de terrenos agr\u00edcolas de los que fueron despojados por un particular. Entre\u2026","rel":"","context":"En &quot;CINTILLO&quot;","block_context":{"text":"CINTILLO","link":"https:\/\/www.grieta.org.mx\/index.php\/category\/cintillo\/"},"img":{"alt_text":"","src":"https:\/\/i0.wp.com\/www.grieta.org.mx\/wp-content\/uploads\/2018\/03\/14524434_1106112876131411_958039263622046936_o.jpg?resize=350%2C200&ssl=1","width":350,"height":200,"srcset":"https:\/\/i0.wp.com\/www.grieta.org.mx\/wp-content\/uploads\/2018\/03\/14524434_1106112876131411_958039263622046936_o.jpg?resize=350%2C200&ssl=1 1x, https:\/\/i0.wp.com\/www.grieta.org.mx\/wp-content\/uploads\/2018\/03\/14524434_1106112876131411_958039263622046936_o.jpg?resize=525%2C300&ssl=1 1.5x, https:\/\/i0.wp.com\/www.grieta.org.mx\/wp-content\/uploads\/2018\/03\/14524434_1106112876131411_958039263622046936_o.jpg?resize=700%2C400&ssl=1 2x"},"classes":[]},{"id":6993,"url":"https:\/\/www.grieta.org.mx\/index.php\/2015\/11\/24\/campesinos-de-el-pochotal-son-duenos-de-tierras-que-reclaman\/","url_meta":{"origin":35826,"position":5},"title":"Campesinos de El Pochotal son due\u00f1os de tierras que reclaman","author":"grieta","date":"24 noviembre, 2015","format":false,"excerpt":"Alfredo Ayala, Sinaloa Autoridades de los tres niveles de gobierno \u201cpisotean\u201d los derechos de los campesinos del ejido El Pochotal y por esa raz\u00f3n no se soluciona el conflicto agrario que mantienen desde m\u00e1s de tres a\u00f1os con un particular que los despoj\u00f3 de sus parcelas. Autoridades de los tres\u2026","rel":"","context":"En &quot;CINTILLO&quot;","block_context":{"text":"CINTILLO","link":"https:\/\/www.grieta.org.mx\/index.php\/category\/cintillo\/"},"img":{"alt_text":"","src":"https:\/\/i0.wp.com\/www.grieta.org.mx\/wp-content\/uploads\/2018\/03\/14524434_1106112876131411_958039263622046936_o.jpg?resize=350%2C200&ssl=1","width":350,"height":200,"srcset":"https:\/\/i0.wp.com\/www.grieta.org.mx\/wp-content\/uploads\/2018\/03\/14524434_1106112876131411_958039263622046936_o.jpg?resize=350%2C200&ssl=1 1x, https:\/\/i0.wp.com\/www.grieta.org.mx\/wp-content\/uploads\/2018\/03\/14524434_1106112876131411_958039263622046936_o.jpg?resize=525%2C300&ssl=1 1.5x, https:\/\/i0.wp.com\/www.grieta.org.mx\/wp-content\/uploads\/2018\/03\/14524434_1106112876131411_958039263622046936_o.jpg?resize=700%2C400&ssl=1 2x"},"classes":[]}],"_links":{"self":[{"href":"https:\/\/www.grieta.org.mx\/index.php\/wp-json\/wp\/v2\/posts\/35826","targetHints":{"allow":["GET"]}}],"collection":[{"href":"https:\/\/www.grieta.org.mx\/index.php\/wp-json\/wp\/v2\/posts"}],"about":[{"href":"https:\/\/www.grieta.org.mx\/index.php\/wp-json\/wp\/v2\/types\/post"}],"author":[{"embeddable":true,"href":"https:\/\/www.grieta.org.mx\/index.php\/wp-json\/wp\/v2\/users\/2"}],"replies":[{"embeddable":true,"href":"https:\/\/www.grieta.org.mx\/index.php\/wp-json\/wp\/v2\/comments?post=35826"}],"version-history":[{"count":1,"href":"https:\/\/www.grieta.org.mx\/index.php\/wp-json\/wp\/v2\/posts\/35826\/revisions"}],"predecessor-version":[{"id":35828,"href":"https:\/\/www.grieta.org.mx\/index.php\/wp-json\/wp\/v2\/posts\/35826\/revisions\/35828"}],"wp:featuredmedia":[{"embeddable":true,"href":"https:\/\/www.grieta.org.mx\/index.php\/wp-json\/wp\/v2\/media\/35827"}],"wp:attachment":[{"href":"https:\/\/www.grieta.org.mx\/index.php\/wp-json\/wp\/v2\/media?parent=35826"}],"wp:term":[{"taxonomy":"category","embeddable":true,"href":"https:\/\/www.grieta.org.mx\/index.php\/wp-json\/wp\/v2\/categories?post=35826"},{"taxonomy":"post_tag","embeddable":true,"href":"https:\/\/www.grieta.org.mx\/index.php\/wp-json\/wp\/v2\/tags?post=35826"}],"curies":[{"name":"wp","href":"https:\/\/api.w.org\/{rel}","templated":true}]}}