{"id":35809,"date":"2019-06-30T09:21:15","date_gmt":"2019-06-30T14:21:15","guid":{"rendered":"http:\/\/www.grieta.org.mx\/?p=35809"},"modified":"2019-07-03T09:30:57","modified_gmt":"2019-07-03T14:30:57","slug":"y-los-donativos-de-22-paises-para-el-s-19-la-sre-de-luis-videgaray-no-dejo-registros-alerta-la-asf","status":"publish","type":"post","link":"https:\/\/www.grieta.org.mx\/index.php\/2019\/06\/30\/y-los-donativos-de-22-paises-para-el-s-19-la-sre-de-luis-videgaray-no-dejo-registros-alerta-la-asf\/","title":{"rendered":"\u00bfY los donativos de 22 pa\u00edses para el S-19? La SRE de Luis Videgaray no dej\u00f3 registros, alerta la ASF"},"content":{"rendered":"<p>Dulce Olvera\/ SIN EMBARGO<\/p>\n<blockquote><p>Debido a la falta de regulaci\u00f3n, coordinaci\u00f3n y registro de la Secretar\u00eda de Relaciones Exteriores, dirigida por Luis Videgaray Caso, a los donativos de 22 pa\u00edses para la reconstrucci\u00f3n en M\u00e9xico tras los sismos del 7 y 19 de septiembre de 2017, contin\u00faa la duda sobe el uso y destino de los recursos por m\u00e1s de 3 mil 413 millones de pesos, determin\u00f3 la Auditor\u00eda Superior de la Federaci\u00f3n.<\/p><\/blockquote>\n<p>Ciudad de M\u00e9xico, 30 de junio (SinEmbargo).\u2013 La Secretar\u00eda de Relaciones Exteriores (SRE), entonces titulada por Luis Videgaray Caso (2017-2018), no regul\u00f3, coordin\u00f3 ni registr\u00f3 los donativos internacionales para la reconstrucci\u00f3n luego de los sismos del 7 y 19 de septiembre de 2017, determin\u00f3 la Auditor\u00eda Superior de la Federaci\u00f3n (ASF) en una revisi\u00f3n de la Cuenta P\u00fablica 2018.<\/p>\n<blockquote><p>\u201cSe desconocen los montos totales, modalidades y uso de las donaciones en especie, de apoyo t\u00e9cnico y en dinero, en incumplimiento de la Ley de Cooperaci\u00f3n Internacional para el Desarrollo\u201d, observ\u00f3 el \u00f3rgano fiscalizador en una revisi\u00f3n de desempe\u00f1o dictaminado el 6 de junio pasado.<\/p><\/blockquote>\n<p>\u201cLas deficiencias e insuficiencias detectadas denotan que la SRE no contribuy\u00f3 a contar con un mecanismo \u00e1gil, transparente y efectivo de control y coordinaci\u00f3n para que los recursos donados sean administrados y entregados en beneficio de la poblaci\u00f3n\u201d, acus\u00f3.<\/p>\n<p>El 7 de septiembre de 2017 ocurri\u00f3 un sismo de magnitud de 8.2 grados que ocasion\u00f3 da\u00f1os en los hogares e infraestructura p\u00fablica de Oaxaca, Chiapas y Veracruz. D\u00edas despu\u00e9s, el 19 de septiembre de ese mismo a\u00f1o, se present\u00f3 otro sismo de magnitud 7.1 grados que afect\u00f3 escuelas, hospitales y viviendas de la Ciudad de M\u00e9xico, Estado de M\u00e9xico, Guerrero, Morelos, Puebla, Tlaxcala y, nuevamente, Chiapas y Oaxaca.<\/p>\n<p>De acuerdo con el Ejecutivo Federal, el costo de la reconstrucci\u00f3n y rehabilitaci\u00f3n se estimaba en 48 mil millones de pesos. El sector privado y la sociedad civil a nivel nacional e internacional contribuyeron con apoyo monetario para apoyar a la ciudadan\u00eda.<\/p>\n<p>La Secretar\u00eda de Hacienda y Cr\u00e9dito P\u00fablico (SHCP) instruy\u00f3 a las dependencias de la administraci\u00f3n p\u00fablica federal para que los donativos fueran canalizados al Fideicomiso Fuerza M\u00e9xico. De acuerdo con el Senado de la Rep\u00fablica, al 5 de diciembre de 2017, se contabilizaron aportaciones monetarias por un total de 3,413.4 millones de pesos en apoyo a las fases de urgencia y reconstrucci\u00f3n tras los sismos de septiembre de 2017; adem\u00e1s, algunos bancos realizaron campa\u00f1as.<\/p>\n<p>De ese monto otorgado por 22 pa\u00edses, fueron 3,234,169.5 d\u00f3lares americanos; 48,494.0 euros; 20,161,550 pesos mexicanos; 600,000 d\u00f3lares canadienses y 500,000 pesos filipinos.<\/p>\n<figure id=\"attachment_35813\" aria-describedby=\"caption-attachment-35813\" style=\"width: 300px\" class=\"wp-caption alignleft\"><img loading=\"lazy\" decoding=\"async\" data-attachment-id=\"35813\" data-permalink=\"https:\/\/www.grieta.org.mx\/index.php\/2019\/06\/30\/y-los-donativos-de-22-paises-para-el-s-19-la-sre-de-luis-videgaray-no-dejo-registros-alerta-la-asf\/videgaray-1\/\" data-orig-file=\"https:\/\/www.grieta.org.mx\/wp-content\/uploads\/2019\/07\/videgaray-1.jpg\" data-orig-size=\"700,694\" data-comments-opened=\"0\" data-image-meta=\"{&quot;aperture&quot;:&quot;0&quot;,&quot;credit&quot;:&quot;&quot;,&quot;camera&quot;:&quot;&quot;,&quot;caption&quot;:&quot;&quot;,&quot;created_timestamp&quot;:&quot;0&quot;,&quot;copyright&quot;:&quot;&quot;,&quot;focal_length&quot;:&quot;0&quot;,&quot;iso&quot;:&quot;0&quot;,&quot;shutter_speed&quot;:&quot;0&quot;,&quot;title&quot;:&quot;&quot;,&quot;orientation&quot;:&quot;0&quot;}\" data-image-title=\"videgaray-1\" data-image-description=\"\" data-image-caption=\"&lt;p&gt;Ex Canciller Luis Videgaray Caso. Foto: Cuartoscuro.&lt;\/p&gt;\n\" data-medium-file=\"https:\/\/www.grieta.org.mx\/wp-content\/uploads\/2019\/07\/videgaray-1-300x297.jpg\" data-large-file=\"https:\/\/www.grieta.org.mx\/wp-content\/uploads\/2019\/07\/videgaray-1.jpg\" src=\"http:\/\/www.grieta.org.mx\/wp-content\/uploads\/2019\/07\/videgaray-1-300x297.jpg\" alt=\"\" width=\"300\" height=\"297\" class=\"size-medium wp-image-35813\" srcset=\"https:\/\/www.grieta.org.mx\/wp-content\/uploads\/2019\/07\/videgaray-1-300x297.jpg 300w, https:\/\/www.grieta.org.mx\/wp-content\/uploads\/2019\/07\/videgaray-1-150x150.jpg 150w, https:\/\/www.grieta.org.mx\/wp-content\/uploads\/2019\/07\/videgaray-1-130x130.jpg 130w, https:\/\/www.grieta.org.mx\/wp-content\/uploads\/2019\/07\/videgaray-1-504x500.jpg 504w, https:\/\/www.grieta.org.mx\/wp-content\/uploads\/2019\/07\/videgaray-1.jpg 700w\" sizes=\"auto, (max-width: 300px) 100vw, 300px\" \/><figcaption id=\"caption-attachment-35813\" class=\"wp-caption-text\">Ex Canciller Luis Videgaray Caso. Foto: Cuartoscuro.<\/figcaption><\/figure>\n<p>Sin embargo, los resultados de la fiscalizaci\u00f3n mostraron que en materia de regulaci\u00f3n la Secretar\u00eda de Relaciones Exteriores, como miembro del Consejo Nacional de Protecci\u00f3n Civil, \u201cno estableci\u00f3 bases y lineamientos para emitir las convocatorias, recepci\u00f3n, administraci\u00f3n, control y distribuci\u00f3n de los donativos internacionales\u201d, en incumplimiento de la Ley General de Protecci\u00f3n Civil.<\/p>\n<blockquote><p>Aunque la Canciller\u00eda implement\u00f3 la \u201cGu\u00eda para la Recepci\u00f3n, Organizaci\u00f3n, Distribuci\u00f3n y Env\u00edo de Suministros Humanitarios para la Asistencia de Poblaciones Afectadas por un Desastre y el Procedimiento\u201d para coordinar la recepci\u00f3n de la ayuda internacional, esos documentos \u201csolo regulan la organizaci\u00f3n y la operaci\u00f3n de los centros de acopio que reciben donativos en especie, pero no el procedimiento de la administraci\u00f3n, control y distribuci\u00f3n de los donativos ni la recepci\u00f3n de las aportaciones en dinero\u201d.<\/p><\/blockquote>\n<p>En materia de coordinaci\u00f3n, la SRE, la Coordinaci\u00f3n Nacional de Protecci\u00f3n Civil, la Secretar\u00eda de Gobernaci\u00f3n y la Secretar\u00eda de Hacienda no se coordinaron para la oferta de donativos provenientes del exterior, ya que \u201ccareci\u00f3 de evidencia documental\u201d del an\u00e1lisis de la capacidad y necesidad para determinar la recepci\u00f3n de apoyos internacionales.<\/p>\n<p>La dependencia tampoco acredit\u00f3 con documentaci\u00f3n que recibi\u00f3 la instrucci\u00f3n de Hacienda, de canalizar los donativos en dinero al Fideicomiso Fuerza M\u00e9xico, en incumplimiento de lo dispuesto en el Reglamento de la Ley General de Protecci\u00f3n Civil.<\/p>\n<p>Respecto de la gesti\u00f3n, la SRE no acredit\u00f3 gestionar de los donativos internacionales, ya que \u201cno cont\u00f3 con informaci\u00f3n confiable y oportuna que certificara que los apoyos arribaron a territorio nacional\u201d, en incumplimiento del Procedimiento para la Activaci\u00f3n de la Recepci\u00f3n de Ayuda Humanitaria y de la Gu\u00eda para la Recepci\u00f3n, Organizaci\u00f3n, Distribuci\u00f3n y Env\u00edo de Suministros Humanitarios para la Asistencia de Poblaciones Afectadas por un Desastre.<\/p>\n<p>Sobre el registro, la canciller\u00eda no inscribi\u00f3 en el Registro Nacional de Cooperaci\u00f3n Internacional para el Desarrollo las donaciones internacionales con motivo de los sismos de 2017, por lo que \u201cse desconocen los montos totales, modalidades y uso de las donaciones en especie, de apoyo t\u00e9cnico y en dinero, en incumplimiento de la Ley de Cooperaci\u00f3n Internacional para el Desarrollo\u201d.<\/p>\n<p>La Secretar\u00eda de Relaciones Exteriores inform\u00f3 a la ASF que tuvo conocimiento, mediante las notas diplom\u00e1ticas de las donaciones siguientes: 12 mil 267 unidades, 197.8 toneladas y 31,467.5 kilogramos de donativos en especie; las 525 personas pertenecientes a grupos de b\u00fasqueda y rescate, estructuralistas, atenci\u00f3n de emergencias y m\u00e9dicos, as\u00ed como de 20 unidades caninas, y los 3,234,169.5 d\u00f3lares americanos, 48,494.0 euros, 20,161,550.0 pesos mexicanos; 600,000.0 d\u00f3lares canadienses, \u201csin que la dependencia acreditara que fueron la totalidad de donativos que ingresaron al pa\u00eds, al no demostrar que llev\u00f3 a cabo la regulaci\u00f3n, coordinaci\u00f3n, gesti\u00f3n y registro de los donativos\u201d.<\/p>\n<p>La gesti\u00f3n de Hacienda en los donativos para atender a la poblaci\u00f3n afectada por los sismos de 2017 tambi\u00e9n fue deficiente, determin\u00f3 la ASF en otra revisi\u00f3n, ya que tampoco estableci\u00f3 bases ni lineamientos para emitir las convocatorias, recepci\u00f3n, administraci\u00f3n, control y distribuci\u00f3n de los donativos; no se coordin\u00f3 con la Secretar\u00eda de Relaciones Exteriores, y el Fideicomiso Fuerza M\u00e9xico para la recepci\u00f3n y distribuci\u00f3n de los donativos; y no evidenci\u00f3 contar con criterios de confiabilidad ni mecanismos de actualizaci\u00f3n permanente.<\/p>\n<p><a href=\"https:\/\/www.sinembargo.mx\/30-06-2019\/3604468\" rel=\"noopener noreferrer\" target=\"_blank\">https:\/\/www.sinembargo.mx\/30-06-2019\/3604468<\/a><\/p>\n","protected":false},"excerpt":{"rendered":"<p>Dulce Olvera\/ SIN EMBARGO Debido a la falta de regulaci\u00f3n, coordinaci\u00f3n y registro de la Secretar\u00eda de Relaciones Exteriores, dirigida por Luis Videgaray Caso, a los donativos de 22 pa\u00edses &hellip; <a href=\"https:\/\/www.grieta.org.mx\/index.php\/2019\/06\/30\/y-los-donativos-de-22-paises-para-el-s-19-la-sre-de-luis-videgaray-no-dejo-registros-alerta-la-asf\/\" class=\"more-link\">Leer m\u00e1s<\/a><\/p>\n","protected":false},"author":2,"featured_media":35813,"comment_status":"closed","ping_status":"closed","sticky":false,"template":"","format":"standard","meta":{"ngg_post_thumbnail":0,"_jetpack_newsletter_access":"","_jetpack_dont_email_post_to_subs":false,"_jetpack_newsletter_tier_id":0,"_jetpack_memberships_contains_paywalled_content":false,"_jetpack_memberships_contains_paid_content":false,"footnotes":""},"categories":[80,14,1742,2],"tags":[1028,2710],"class_list":["post-35809","post","type-post","status-publish","format-standard","has-post-thumbnail","hentry","category-cintillo","category-ciudad-de-mexico","category-damnificados-y-reconstruccion-en-la-ciudad-de-mexico","category-noticias-nacionales","tag-damnificados","tag-robo-de-recursos-para-reconstruccion-sismo-19s","entry"],"jetpack_featured_media_url":"https:\/\/www.grieta.org.mx\/wp-content\/uploads\/2019\/07\/videgaray-1.jpg","jetpack_sharing_enabled":true,"jetpack_shortlink":"https:\/\/wp.me\/p7ZJR4-9jz","jetpack_likes_enabled":false,"jetpack-related-posts":[{"id":35785,"url":"https:\/\/www.grieta.org.mx\/index.php\/2019\/07\/02\/deben-aparecer-3-mil-mdp-de-donaciones-damnificados-unidos-de-la-cdmx\/","url_meta":{"origin":35809,"position":0},"title":"Deben aparecer 3 mil mdp de donaciones: Damnificados Unidos de la CDMX","author":"grieta","date":"2 julio, 2019","format":false,"excerpt":"Redacci\u00f3n\/ PROCESO CIUDAD DE M\u00c9XICO (apro).- La organizaci\u00f3n ciudadana Damnificados Unidos de la Ciudad de M\u00e9xico exigi\u00f3 castigar a funcionarios del gobierno de Miguel \u00c1ngel Mancera y de Claudia Sheinbaum \u201cque propiciaron la opacidad\u201d de las donaciones nacionales e internacionales para atender la emergencia de los sismos del 7 y\u2026","rel":"","context":"En &quot;CINTILLO&quot;","block_context":{"text":"CINTILLO","link":"https:\/\/www.grieta.org.mx\/index.php\/category\/cintillo\/"},"img":{"alt_text":"","src":"https:\/\/i0.wp.com\/www.grieta.org.mx\/wp-content\/uploads\/2019\/07\/Damnificados.jpg?resize=350%2C200&ssl=1","width":350,"height":200,"srcset":"https:\/\/i0.wp.com\/www.grieta.org.mx\/wp-content\/uploads\/2019\/07\/Damnificados.jpg?resize=350%2C200&ssl=1 1x, https:\/\/i0.wp.com\/www.grieta.org.mx\/wp-content\/uploads\/2019\/07\/Damnificados.jpg?resize=525%2C300&ssl=1 1.5x, https:\/\/i0.wp.com\/www.grieta.org.mx\/wp-content\/uploads\/2019\/07\/Damnificados.jpg?resize=700%2C400&ssl=1 2x, https:\/\/i0.wp.com\/www.grieta.org.mx\/wp-content\/uploads\/2019\/07\/Damnificados.jpg?resize=1050%2C600&ssl=1 3x"},"classes":[]},{"id":26642,"url":"https:\/\/www.grieta.org.mx\/index.php\/2018\/09\/17\/no-esta-claro-en-donde-quedo-el-dinero-para-la-reconstruccion-alertan-transparencia-y-fundar\/","url_meta":{"origin":35809,"position":1},"title":"No est\u00e1 claro en d\u00f3nde qued\u00f3 el dinero para la reconstrucci\u00f3n, alertan Transparencia y Fundar","author":"grieta","date":"17 septiembre, 2018","format":false,"excerpt":"Por redacci\u00f3n\/Sin Embargo A pesar de la gran cantidad de recursos p\u00fablicos y privados movilizados para la reconstrucci\u00f3n luego de los sismos de septiembre del a\u00f1o pasado, a\u00fan no se puede conocer ni evaluar si las acciones del Gobierno han cumplido sus objetivos para la atenci\u00f3n de todas las necesidades\u2026","rel":"","context":"En &quot;CINTILLO&quot;","block_context":{"text":"CINTILLO","link":"https:\/\/www.grieta.org.mx\/index.php\/category\/cintillo\/"},"img":{"alt_text":"","src":"https:\/\/i0.wp.com\/www.grieta.org.mx\/wp-content\/uploads\/2018\/09\/photo5548689471592048558.jpg?resize=350%2C200&ssl=1","width":350,"height":200,"srcset":"https:\/\/i0.wp.com\/www.grieta.org.mx\/wp-content\/uploads\/2018\/09\/photo5548689471592048558.jpg?resize=350%2C200&ssl=1 1x, https:\/\/i0.wp.com\/www.grieta.org.mx\/wp-content\/uploads\/2018\/09\/photo5548689471592048558.jpg?resize=525%2C300&ssl=1 1.5x, https:\/\/i0.wp.com\/www.grieta.org.mx\/wp-content\/uploads\/2018\/09\/photo5548689471592048558.jpg?resize=700%2C400&ssl=1 2x, https:\/\/i0.wp.com\/www.grieta.org.mx\/wp-content\/uploads\/2018\/09\/photo5548689471592048558.jpg?resize=1050%2C600&ssl=1 3x"},"classes":[]},{"id":22156,"url":"https:\/\/www.grieta.org.mx\/index.php\/2018\/03\/13\/destino-de-millones-de-pesos-en-donativos-a-fondos-privados-para-damnificados-de-los-sismos-de-septiembre-es-incierto-cide\/","url_meta":{"origin":35809,"position":2},"title":"Destino de millones de pesos en donativos a fondos privados para damnificados de los sismos de septiembre, es incierto: CIDE","author":"grieta","date":"13 marzo, 2018","format":false,"excerpt":"Redacci\u00f3n Revoluci\u00f3n \u201cEl destino de millones de pesos en donativos a fondos privados para los damnificados de los sismos de septiembre en el pa\u00eds es incierto\u201d, denunciaron investigadores del Centro de Investigaci\u00f3n y Docencia Econ\u00f3micas (CIDE), quienes rastrearon donaciones hechas a bancos, fideicomisos privados y organizaciones. Adem\u00e1s, puntualizaron que \u201cno\u2026","rel":"","context":"En &quot;CINTILLO&quot;","block_context":{"text":"CINTILLO","link":"https:\/\/www.grieta.org.mx\/index.php\/category\/cintillo\/"},"img":{"alt_text":"","src":"https:\/\/i0.wp.com\/www.grieta.org.mx\/wp-content\/uploads\/2018\/03\/image_35_62-750x430.jpg?resize=350%2C200&ssl=1","width":350,"height":200,"srcset":"https:\/\/i0.wp.com\/www.grieta.org.mx\/wp-content\/uploads\/2018\/03\/image_35_62-750x430.jpg?resize=350%2C200&ssl=1 1x, https:\/\/i0.wp.com\/www.grieta.org.mx\/wp-content\/uploads\/2018\/03\/image_35_62-750x430.jpg?resize=525%2C300&ssl=1 1.5x, https:\/\/i0.wp.com\/www.grieta.org.mx\/wp-content\/uploads\/2018\/03\/image_35_62-750x430.jpg?resize=700%2C400&ssl=1 2x"},"classes":[]},{"id":23950,"url":"https:\/\/www.grieta.org.mx\/index.php\/2018\/06\/22\/damnificados-de-tlalpan-doblan-al-gobierno-de-la-cdmx-consiguen-reconstruccion-con-recursos-publicos\/","url_meta":{"origin":35809,"position":3},"title":"Damnificados de Tlalpan doblan al gobierno de la CDMX: consiguen reconstrucci\u00f3n con recursos p\u00fablicos","author":"grieta","date":"22 junio, 2018","format":false,"excerpt":"Proceso CIUDAD DE M\u00c9XICO (apro).- De manera in\u00e9dita, el gobierno de la Ciudad de M\u00e9xico y la Asamblea Legislativa firmaron una declaratoria de compromisos para iniciar los trabajos de reconstrucci\u00f3n con recursos p\u00fablicos en beneficio de los damnificados que bloquearon alrededor de ocho horas la Calzada de Tlalpan. Esta madrugada,\u2026","rel":"","context":"En &quot;CINTILLO&quot;","block_context":{"text":"CINTILLO","link":"https:\/\/www.grieta.org.mx\/index.php\/category\/cintillo\/"},"img":{"alt_text":"","src":"https:\/\/i0.wp.com\/www.grieta.org.mx\/wp-content\/uploads\/2018\/06\/tlalpan-1.jpg?resize=350%2C200&ssl=1","width":350,"height":200,"srcset":"https:\/\/i0.wp.com\/www.grieta.org.mx\/wp-content\/uploads\/2018\/06\/tlalpan-1.jpg?resize=350%2C200&ssl=1 1x, https:\/\/i0.wp.com\/www.grieta.org.mx\/wp-content\/uploads\/2018\/06\/tlalpan-1.jpg?resize=525%2C300&ssl=1 1.5x, https:\/\/i0.wp.com\/www.grieta.org.mx\/wp-content\/uploads\/2018\/06\/tlalpan-1.jpg?resize=700%2C400&ssl=1 2x"},"classes":[]},{"id":23394,"url":"https:\/\/www.grieta.org.mx\/index.php\/2018\/05\/30\/damnificados-montan-campamento-en-calzada-de-tlalpan-reclaman-que-autoridades-cumplan-con-reconstruccion\/","url_meta":{"origin":35809,"position":4},"title":"Damnificados montan campamento en calzada de Tlalpan; reclaman que autoridades cumplan con reconstrucci\u00f3n","author":"grieta","date":"30 mayo, 2018","format":false,"excerpt":"Redacci\u00f3n Animal Pol\u00edtico Damnificados del Multifamiliar dijeron que mantendr\u00e1n un campamento en calzada de Tlalpan, hasta que las autoridades de la CDMX cumplan con sus exigencias de reconstrucci\u00f3n de viviendas, luego de los da\u00f1os causados por el sismo del 19 de septiembre. Damnificados del Multifamiliar Tlalpan informaron la noche de\u2026","rel":"","context":"En &quot;CINTILLO&quot;","block_context":{"text":"CINTILLO","link":"https:\/\/www.grieta.org.mx\/index.php\/category\/cintillo\/"},"img":{"alt_text":"","src":"https:\/\/i0.wp.com\/www.grieta.org.mx\/wp-content\/uploads\/2018\/06\/tlalpan-960x500.jpg?resize=350%2C200&ssl=1","width":350,"height":200,"srcset":"https:\/\/i0.wp.com\/www.grieta.org.mx\/wp-content\/uploads\/2018\/06\/tlalpan-960x500.jpg?resize=350%2C200&ssl=1 1x, https:\/\/i0.wp.com\/www.grieta.org.mx\/wp-content\/uploads\/2018\/06\/tlalpan-960x500.jpg?resize=525%2C300&ssl=1 1.5x, https:\/\/i0.wp.com\/www.grieta.org.mx\/wp-content\/uploads\/2018\/06\/tlalpan-960x500.jpg?resize=700%2C400&ssl=1 2x"},"classes":[]},{"id":51887,"url":"https:\/\/www.grieta.org.mx\/index.php\/2020\/06\/24\/por-su-inaccion-colectivo-de-damnificados-termina-relacion-con-el-comisionado-cesar-cravioto-ciudad-de-mexico\/","url_meta":{"origin":35809,"position":5},"title":"Por \u201csu inacci\u00f3n\u201d, colectivo de damnificados termina relaci\u00f3n con el comisionado C\u00e9sar Cravioto (Ciudad de M\u00e9xico)","author":"grieta","date":"24 junio, 2020","format":false,"excerpt":"C\u00e9sar Cravioto, comisionado para la Reconstrucci\u00f3n. Foto: Benjam\u00edn Flores Sara Pantoja \/ Proceso CIUDAD DE M\u00c9XICO (apro).- El colectivo Damnificados Unidos de la Ciudad de M\u00e9xico (DUCDMX) dio a conocer que termin\u00f3 la relaci\u00f3n con C\u00e9sar Cravioto, comisionado para la Reconstrucci\u00f3n, debido a \u201csu inacci\u00f3n, ineficacia y falta de resultados\u201d,\u2026","rel":"","context":"En &quot;CINTILLO&quot;","block_context":{"text":"CINTILLO","link":"https:\/\/www.grieta.org.mx\/index.php\/category\/cintillo\/"},"img":{"alt_text":"","src":"https:\/\/i0.wp.com\/www.grieta.org.mx\/wp-content\/uploads\/2020\/07\/Por-%E2%80%9Csu-inacci%C3%B3n%E2%80%9D-colectivo-de-damnificados-termina-relaci%C3%B3n-con-el-comisionado-C%C3%A9sar-Cravioto-cdmx-jul.jpg?resize=350%2C200&ssl=1","width":350,"height":200,"srcset":"https:\/\/i0.wp.com\/www.grieta.org.mx\/wp-content\/uploads\/2020\/07\/Por-%E2%80%9Csu-inacci%C3%B3n%E2%80%9D-colectivo-de-damnificados-termina-relaci%C3%B3n-con-el-comisionado-C%C3%A9sar-Cravioto-cdmx-jul.jpg?resize=350%2C200&ssl=1 1x, https:\/\/i0.wp.com\/www.grieta.org.mx\/wp-content\/uploads\/2020\/07\/Por-%E2%80%9Csu-inacci%C3%B3n%E2%80%9D-colectivo-de-damnificados-termina-relaci%C3%B3n-con-el-comisionado-C%C3%A9sar-Cravioto-cdmx-jul.jpg?resize=525%2C300&ssl=1 1.5x, https:\/\/i0.wp.com\/www.grieta.org.mx\/wp-content\/uploads\/2020\/07\/Por-%E2%80%9Csu-inacci%C3%B3n%E2%80%9D-colectivo-de-damnificados-termina-relaci%C3%B3n-con-el-comisionado-C%C3%A9sar-Cravioto-cdmx-jul.jpg?resize=700%2C400&ssl=1 2x"},"classes":[]}],"_links":{"self":[{"href":"https:\/\/www.grieta.org.mx\/index.php\/wp-json\/wp\/v2\/posts\/35809","targetHints":{"allow":["GET"]}}],"collection":[{"href":"https:\/\/www.grieta.org.mx\/index.php\/wp-json\/wp\/v2\/posts"}],"about":[{"href":"https:\/\/www.grieta.org.mx\/index.php\/wp-json\/wp\/v2\/types\/post"}],"author":[{"embeddable":true,"href":"https:\/\/www.grieta.org.mx\/index.php\/wp-json\/wp\/v2\/users\/2"}],"replies":[{"embeddable":true,"href":"https:\/\/www.grieta.org.mx\/index.php\/wp-json\/wp\/v2\/comments?post=35809"}],"version-history":[{"count":1,"href":"https:\/\/www.grieta.org.mx\/index.php\/wp-json\/wp\/v2\/posts\/35809\/revisions"}],"predecessor-version":[{"id":35814,"href":"https:\/\/www.grieta.org.mx\/index.php\/wp-json\/wp\/v2\/posts\/35809\/revisions\/35814"}],"wp:featuredmedia":[{"embeddable":true,"href":"https:\/\/www.grieta.org.mx\/index.php\/wp-json\/wp\/v2\/media\/35813"}],"wp:attachment":[{"href":"https:\/\/www.grieta.org.mx\/index.php\/wp-json\/wp\/v2\/media?parent=35809"}],"wp:term":[{"taxonomy":"category","embeddable":true,"href":"https:\/\/www.grieta.org.mx\/index.php\/wp-json\/wp\/v2\/categories?post=35809"},{"taxonomy":"post_tag","embeddable":true,"href":"https:\/\/www.grieta.org.mx\/index.php\/wp-json\/wp\/v2\/tags?post=35809"}],"curies":[{"name":"wp","href":"https:\/\/api.w.org\/{rel}","templated":true}]}}