{"id":35785,"date":"2019-07-02T08:32:24","date_gmt":"2019-07-02T13:32:24","guid":{"rendered":"http:\/\/www.grieta.org.mx\/?p=35785"},"modified":"2019-07-03T08:49:05","modified_gmt":"2019-07-03T13:49:05","slug":"deben-aparecer-3-mil-mdp-de-donaciones-damnificados-unidos-de-la-cdmx","status":"publish","type":"post","link":"https:\/\/www.grieta.org.mx\/index.php\/2019\/07\/02\/deben-aparecer-3-mil-mdp-de-donaciones-damnificados-unidos-de-la-cdmx\/","title":{"rendered":"Deben aparecer 3 mil mdp de donaciones: Damnificados Unidos de la CDMX"},"content":{"rendered":"<figure id=\"attachment_35786\" aria-describedby=\"caption-attachment-35786\" style=\"width: 780px\" class=\"wp-caption alignleft\"><img loading=\"lazy\" decoding=\"async\" data-attachment-id=\"35786\" data-permalink=\"https:\/\/www.grieta.org.mx\/index.php\/2019\/07\/02\/deben-aparecer-3-mil-mdp-de-donaciones-damnificados-unidos-de-la-cdmx\/damnificados\/\" data-orig-file=\"https:\/\/www.grieta.org.mx\/wp-content\/uploads\/2019\/07\/Damnificados.jpg\" data-orig-size=\"1078,800\" data-comments-opened=\"0\" data-image-meta=\"{&quot;aperture&quot;:&quot;0&quot;,&quot;credit&quot;:&quot;&quot;,&quot;camera&quot;:&quot;&quot;,&quot;caption&quot;:&quot;&quot;,&quot;created_timestamp&quot;:&quot;0&quot;,&quot;copyright&quot;:&quot;&quot;,&quot;focal_length&quot;:&quot;0&quot;,&quot;iso&quot;:&quot;0&quot;,&quot;shutter_speed&quot;:&quot;0&quot;,&quot;title&quot;:&quot;&quot;,&quot;orientation&quot;:&quot;0&quot;}\" data-image-title=\"Damnificados\" data-image-description=\"\" data-image-caption=\"&lt;p&gt;Damnificados Unidos de la Ciudad de M\u00e9xico. Foto: Benjam\u00edn Flores&lt;\/p&gt;\n\" data-medium-file=\"https:\/\/www.grieta.org.mx\/wp-content\/uploads\/2019\/07\/Damnificados-300x223.jpg\" data-large-file=\"https:\/\/www.grieta.org.mx\/wp-content\/uploads\/2019\/07\/Damnificados-1024x760.jpg\" class=\"wp-image-35786\" src=\"http:\/\/www.grieta.org.mx\/wp-content\/uploads\/2019\/07\/Damnificados-300x223.jpg\" alt=\"\" width=\"780\" height=\"579\" srcset=\"https:\/\/www.grieta.org.mx\/wp-content\/uploads\/2019\/07\/Damnificados-300x223.jpg 300w, https:\/\/www.grieta.org.mx\/wp-content\/uploads\/2019\/07\/Damnificados-768x570.jpg 768w, https:\/\/www.grieta.org.mx\/wp-content\/uploads\/2019\/07\/Damnificados-1024x760.jpg 1024w, https:\/\/www.grieta.org.mx\/wp-content\/uploads\/2019\/07\/Damnificados-674x500.jpg 674w, https:\/\/www.grieta.org.mx\/wp-content\/uploads\/2019\/07\/Damnificados.jpg 1078w\" sizes=\"auto, (max-width: 780px) 100vw, 780px\" \/><figcaption id=\"caption-attachment-35786\" class=\"wp-caption-text\">Damnificados Unidos de la Ciudad de M\u00e9xico. Foto: Benjam\u00edn Flores<\/figcaption><\/figure>\n<p>Redacci\u00f3n\/ PROCESO<\/p>\n<blockquote><p>CIUDAD DE M\u00c9XICO (apro).- La organizaci\u00f3n ciudadana Damnificados Unidos de la Ciudad de M\u00e9xico exigi\u00f3 castigar a funcionarios del gobierno de Miguel \u00c1ngel Mancera y de Claudia Sheinbaum \u201cque propiciaron la opacidad\u201d de las donaciones nacionales e internacionales para atender la emergencia de los sismos del 7 y 19 de septiembre de 2017.<\/p><\/blockquote>\n<p>La demanda la hizo luego de los resultados de la Auditor\u00eda Superior de la Federaci\u00f3n (ASF) difundidos el pasado 30 de junio. El organismo dijo que la gesti\u00f3n del Servicio de Administraci\u00f3n Tributaria (SAT) en los donativos por los sismos de septiembre del 2017 fue \u201climitada\u201d y \u201copaca\u201d.<\/p>\n<p>En un comunicado, el colectivo asegur\u00f3 que \u201cm\u00e1s de 3 mil millones de pesos no pueden desaparecer as\u00ed como as\u00ed. No es posible que el gobierno secuestre la solidaridad que se manifest\u00f3 con estos recursos y en Damnificados Unidos de la Ciudad de M\u00e9xico no lo vamos a permitir\u201d.<\/p>\n<p>El colectivo lament\u00f3 que el presidente Andr\u00e9s Manuel L\u00f3pez Obrador omiti\u00f3 hablar del tema en su mensaje pol\u00edtico de ayer en el Z\u00f3calo capitalino.<\/p>\n<p>Luego, demand\u00f3 que se esclarezca \u201ccuanto antes\u201d el destino de los recursos destinados \u201c\u00fanica y exclusivamente\u201d a la reconstrucci\u00f3n de sus hogares y la atenci\u00f3n de la poblaci\u00f3n damnificada, como lo han manifestado desde su creaci\u00f3n como colectivo.<\/p>\n<p>Y sentenciaron: \u201cSi el actual gobierno, federal y el de la Ciudad de M\u00e9xico, no son capaces de transparentar estos recursos, incurrir\u00e1n en complicidad con la administraci\u00f3n anterior en la malversaci\u00f3n de esos fondos\u201d.<\/p>\n<p>Ejemplo de construcciones<\/p>\n<p>Damnificados Unidos asegur\u00f3 que, desde el principio, denunciaron que el proceso de reconstrucci\u00f3n \u201cestuvo acompa\u00f1ado de diversos actos de corrupci\u00f3n\u201d, pero no ha habido \u201cuna acci\u00f3n efectiva del Estado para sancionar estas conductas\u201d.<\/p>\n<p>Incluso, afirmaron que, mientras el gobierno de Sheinbaum, mediante la Comisi\u00f3n para la Reconstrucci\u00f3n, \u201cpresume avances de artificio en el proceso de reconstrucci\u00f3n\u201d, ellos siguen con la denuncia de irregularidades en las obras que benefician a las constructoras.<\/p>\n<p>Por ejemplo, detallaron que en edificios que est\u00e1n a punto de terminar sus trabajos, \u201clas empresas pretenden entregar departamentos sin condiciones de habitabilidad, incluso con da\u00f1os ocasionados por la misma intervenci\u00f3n de las empresas. Esto, con el silencio c\u00f3mplice del comisionado para la Reconstrucci\u00f3n, C\u00e9sar Cravioto Romero\u201d.<\/p>\n<p>Y mencionaron como ejemplos las obras en Insurgentes Norte 476 y Rinc\u00f3n del Sur 15 edificio 5. Ah\u00ed, dijeron, la empresa Darmi quiere diluir su responsabilidad con los damnificados al querer entregarles los departamentos sin los acabados m\u00ednimos para ser habitados. Ello representar\u00eda un endeudamiento para los damnificados.<\/p>\n<p>Tambi\u00e9n mencionaron a la empresa Planificaciones y Cimentaciones S.A de C.V. en el predio de Rancho San Lorenzo 32, en la colonia Los Girasoles III, en Coyoac\u00e1n. Ah\u00ed, en edificios a punto de terminar obras, \u201clas constructoras escatiman los recursos p\u00fablicos que les fueron asignados para la rehabilitaci\u00f3n con el objetivo de aumentar sus ganancias, condenando a las y los damnificados a no poder tener un regreso digno a casa\u201d.<\/p>\n<p>Damnificados Unidos consideraron que los recursos p\u00fablicos y las donaciones \u201cque han desaparecido\u201d, deben ser empleados en su totalidad para cubrir las tareas urgentes que hered\u00f3 la tragedia de los sismos de 2017.<\/p>\n<p>Por \u00faltimo, adelantaron que este mi\u00e9rcoles 3 tendr\u00e1n una reuni\u00f3n con funcionarios del gobierno capitalino para tratar el tema.<\/p>\n<p>Luego, reiteraron: \u201cEl dinero de las aportaciones voluntarias para la reconstrucci\u00f3n debe aparecer y ser utilizado para los miles de pendientes que existen en el proceso de reconstrucci\u00f3n, entre ellos, garantizar la habitabilidad de los inmuebles reconstruidos y reforzados\u201d.<\/p>\n<p><a href=\"https:\/\/www.proceso.com.mx\/590786\/deben-aparecer-3-mil-mdp-de-donaciones-damnificados-unidos-de-la-cdmx\" target=\"_blank\" rel=\"noopener noreferrer\">https:\/\/www.proceso.com.mx\/590786\/deben-aparecer-3-mil-mdp-de-donaciones-damnificados-unidos-de-la-cdmx<\/a><\/p>\n","protected":false},"excerpt":{"rendered":"<p>Redacci\u00f3n\/ PROCESO CIUDAD DE M\u00c9XICO (apro).- La organizaci\u00f3n ciudadana Damnificados Unidos de la Ciudad de M\u00e9xico exigi\u00f3 castigar a funcionarios del gobierno de Miguel \u00c1ngel Mancera y de Claudia Sheinbaum &hellip; <a href=\"https:\/\/www.grieta.org.mx\/index.php\/2019\/07\/02\/deben-aparecer-3-mil-mdp-de-donaciones-damnificados-unidos-de-la-cdmx\/\" class=\"more-link\">Leer m\u00e1s<\/a><\/p>\n","protected":false},"author":2,"featured_media":35786,"comment_status":"closed","ping_status":"closed","sticky":false,"template":"","format":"standard","meta":{"ngg_post_thumbnail":0,"_jetpack_newsletter_access":"","_jetpack_dont_email_post_to_subs":false,"_jetpack_newsletter_tier_id":0,"_jetpack_memberships_contains_paywalled_content":false,"_jetpack_memberships_contains_paid_content":false,"footnotes":""},"categories":[80,14,1026,1742,2065,2,2219],"tags":[1362,2710],"class_list":["post-35785","post","type-post","status-publish","format-standard","has-post-thumbnail","hentry","category-cintillo","category-ciudad-de-mexico","category-damnificados-por-el-sismo-del-19-de-septiembre","category-damnificados-y-reconstruccion-en-la-ciudad-de-mexico","category-movilizaciones-y-protestas-de-habitantes-de-la-ciudad-de-mexico","category-noticias-nacionales","category-resistencias-en-la-ciudad-de-mexico","tag-movilizaciones-de-damnificados","tag-robo-de-recursos-para-reconstruccion-sismo-19s","entry"],"jetpack_featured_media_url":"https:\/\/www.grieta.org.mx\/wp-content\/uploads\/2019\/07\/Damnificados.jpg","jetpack_sharing_enabled":true,"jetpack_shortlink":"https:\/\/wp.me\/p7ZJR4-9jb","jetpack_likes_enabled":false,"jetpack-related-posts":[{"id":27175,"url":"https:\/\/www.grieta.org.mx\/index.php\/2018\/09\/22\/damnificados-del-edificio-centauro-perdieron-sus-escrituras-el-19s-y-no-saben-si-recuperaran-su-hogar\/","url_meta":{"origin":35785,"position":0},"title":"Damnificados del edificio Centauro perdieron sus escrituras el 19S y no saben si recuperar\u00e1n su hogar","author":"grieta","date":"22 septiembre, 2018","format":false,"excerpt":"","rel":"","context":"En &quot;CINTILLO&quot;","block_context":{"text":"CINTILLO","link":"https:\/\/www.grieta.org.mx\/index.php\/category\/cintillo\/"},"img":{"alt_text":"","src":"https:\/\/i0.wp.com\/www.grieta.org.mx\/wp-content\/uploads\/2018\/10\/Demolicion_Edificio_Osa_Mayor-5-e1537582336854-960x500.jpg?resize=350%2C200&ssl=1","width":350,"height":200,"srcset":"https:\/\/i0.wp.com\/www.grieta.org.mx\/wp-content\/uploads\/2018\/10\/Demolicion_Edificio_Osa_Mayor-5-e1537582336854-960x500.jpg?resize=350%2C200&ssl=1 1x, https:\/\/i0.wp.com\/www.grieta.org.mx\/wp-content\/uploads\/2018\/10\/Demolicion_Edificio_Osa_Mayor-5-e1537582336854-960x500.jpg?resize=525%2C300&ssl=1 1.5x, https:\/\/i0.wp.com\/www.grieta.org.mx\/wp-content\/uploads\/2018\/10\/Demolicion_Edificio_Osa_Mayor-5-e1537582336854-960x500.jpg?resize=700%2C400&ssl=1 2x"},"classes":[]},{"id":51887,"url":"https:\/\/www.grieta.org.mx\/index.php\/2020\/06\/24\/por-su-inaccion-colectivo-de-damnificados-termina-relacion-con-el-comisionado-cesar-cravioto-ciudad-de-mexico\/","url_meta":{"origin":35785,"position":1},"title":"Por \u201csu inacci\u00f3n\u201d, colectivo de damnificados termina relaci\u00f3n con el comisionado C\u00e9sar Cravioto (Ciudad de M\u00e9xico)","author":"grieta","date":"24 junio, 2020","format":false,"excerpt":"C\u00e9sar Cravioto, comisionado para la Reconstrucci\u00f3n. Foto: Benjam\u00edn Flores Sara Pantoja \/ Proceso CIUDAD DE M\u00c9XICO (apro).- El colectivo Damnificados Unidos de la Ciudad de M\u00e9xico (DUCDMX) dio a conocer que termin\u00f3 la relaci\u00f3n con C\u00e9sar Cravioto, comisionado para la Reconstrucci\u00f3n, debido a \u201csu inacci\u00f3n, ineficacia y falta de resultados\u201d,\u2026","rel":"","context":"En &quot;CINTILLO&quot;","block_context":{"text":"CINTILLO","link":"https:\/\/www.grieta.org.mx\/index.php\/category\/cintillo\/"},"img":{"alt_text":"","src":"https:\/\/i0.wp.com\/www.grieta.org.mx\/wp-content\/uploads\/2020\/07\/Por-%E2%80%9Csu-inacci%C3%B3n%E2%80%9D-colectivo-de-damnificados-termina-relaci%C3%B3n-con-el-comisionado-C%C3%A9sar-Cravioto-cdmx-jul.jpg?resize=350%2C200&ssl=1","width":350,"height":200,"srcset":"https:\/\/i0.wp.com\/www.grieta.org.mx\/wp-content\/uploads\/2020\/07\/Por-%E2%80%9Csu-inacci%C3%B3n%E2%80%9D-colectivo-de-damnificados-termina-relaci%C3%B3n-con-el-comisionado-C%C3%A9sar-Cravioto-cdmx-jul.jpg?resize=350%2C200&ssl=1 1x, https:\/\/i0.wp.com\/www.grieta.org.mx\/wp-content\/uploads\/2020\/07\/Por-%E2%80%9Csu-inacci%C3%B3n%E2%80%9D-colectivo-de-damnificados-termina-relaci%C3%B3n-con-el-comisionado-C%C3%A9sar-Cravioto-cdmx-jul.jpg?resize=525%2C300&ssl=1 1.5x, https:\/\/i0.wp.com\/www.grieta.org.mx\/wp-content\/uploads\/2020\/07\/Por-%E2%80%9Csu-inacci%C3%B3n%E2%80%9D-colectivo-de-damnificados-termina-relaci%C3%B3n-con-el-comisionado-C%C3%A9sar-Cravioto-cdmx-jul.jpg?resize=700%2C400&ssl=1 2x"},"classes":[]},{"id":23950,"url":"https:\/\/www.grieta.org.mx\/index.php\/2018\/06\/22\/damnificados-de-tlalpan-doblan-al-gobierno-de-la-cdmx-consiguen-reconstruccion-con-recursos-publicos\/","url_meta":{"origin":35785,"position":2},"title":"Damnificados de Tlalpan doblan al gobierno de la CDMX: consiguen reconstrucci\u00f3n con recursos p\u00fablicos","author":"grieta","date":"22 junio, 2018","format":false,"excerpt":"Proceso CIUDAD DE M\u00c9XICO (apro).- De manera in\u00e9dita, el gobierno de la Ciudad de M\u00e9xico y la Asamblea Legislativa firmaron una declaratoria de compromisos para iniciar los trabajos de reconstrucci\u00f3n con recursos p\u00fablicos en beneficio de los damnificados que bloquearon alrededor de ocho horas la Calzada de Tlalpan. Esta madrugada,\u2026","rel":"","context":"En &quot;CINTILLO&quot;","block_context":{"text":"CINTILLO","link":"https:\/\/www.grieta.org.mx\/index.php\/category\/cintillo\/"},"img":{"alt_text":"","src":"https:\/\/i0.wp.com\/www.grieta.org.mx\/wp-content\/uploads\/2018\/06\/tlalpan-1.jpg?resize=350%2C200&ssl=1","width":350,"height":200,"srcset":"https:\/\/i0.wp.com\/www.grieta.org.mx\/wp-content\/uploads\/2018\/06\/tlalpan-1.jpg?resize=350%2C200&ssl=1 1x, https:\/\/i0.wp.com\/www.grieta.org.mx\/wp-content\/uploads\/2018\/06\/tlalpan-1.jpg?resize=525%2C300&ssl=1 1.5x, https:\/\/i0.wp.com\/www.grieta.org.mx\/wp-content\/uploads\/2018\/06\/tlalpan-1.jpg?resize=700%2C400&ssl=1 2x"},"classes":[]},{"id":23394,"url":"https:\/\/www.grieta.org.mx\/index.php\/2018\/05\/30\/damnificados-montan-campamento-en-calzada-de-tlalpan-reclaman-que-autoridades-cumplan-con-reconstruccion\/","url_meta":{"origin":35785,"position":3},"title":"Damnificados montan campamento en calzada de Tlalpan; reclaman que autoridades cumplan con reconstrucci\u00f3n","author":"grieta","date":"30 mayo, 2018","format":false,"excerpt":"Redacci\u00f3n Animal Pol\u00edtico Damnificados del Multifamiliar dijeron que mantendr\u00e1n un campamento en calzada de Tlalpan, hasta que las autoridades de la CDMX cumplan con sus exigencias de reconstrucci\u00f3n de viviendas, luego de los da\u00f1os causados por el sismo del 19 de septiembre. Damnificados del Multifamiliar Tlalpan informaron la noche de\u2026","rel":"","context":"En &quot;CINTILLO&quot;","block_context":{"text":"CINTILLO","link":"https:\/\/www.grieta.org.mx\/index.php\/category\/cintillo\/"},"img":{"alt_text":"","src":"https:\/\/i0.wp.com\/www.grieta.org.mx\/wp-content\/uploads\/2018\/06\/tlalpan-960x500.jpg?resize=350%2C200&ssl=1","width":350,"height":200,"srcset":"https:\/\/i0.wp.com\/www.grieta.org.mx\/wp-content\/uploads\/2018\/06\/tlalpan-960x500.jpg?resize=350%2C200&ssl=1 1x, https:\/\/i0.wp.com\/www.grieta.org.mx\/wp-content\/uploads\/2018\/06\/tlalpan-960x500.jpg?resize=525%2C300&ssl=1 1.5x, https:\/\/i0.wp.com\/www.grieta.org.mx\/wp-content\/uploads\/2018\/06\/tlalpan-960x500.jpg?resize=700%2C400&ssl=1 2x"},"classes":[]},{"id":66778,"url":"https:\/\/www.grieta.org.mx\/index.php\/2023\/04\/10\/damnificados-del-19s-denuncian-caos-en-el-invi-para-la-reconstruccion-de-sus-edificios-cdmx\/","url_meta":{"origin":35785,"position":4},"title":"Damnificados del 19S denuncian caos en el Invi para la reconstrucci\u00f3n de sus edificios (CDMX)","author":"grieta","date":"10 abril, 2023","format":false,"excerpt":"Marcha de Damnificados a un a\u00f1o del sismo 19S, para exigir a las autoridades la reconstrucci\u00f3n de sus viviendas. El 19-09-2018. Foto: Germ\u00e1n Canseco Sara Pantoja \/ Proceso En febrero pasado les confirmaron que sus edificios ya no ser\u00e1n atendidos por la Comisi\u00f3n para la Reconstrucci\u00f3n, sino por el Instituto\u2026","rel":"","context":"En &quot;CINTILLO&quot;","block_context":{"text":"CINTILLO","link":"https:\/\/www.grieta.org.mx\/index.php\/category\/cintillo\/"},"img":{"alt_text":"","src":"","width":0,"height":0},"classes":[]},{"id":44329,"url":"https:\/\/www.grieta.org.mx\/index.php\/2020\/02\/15\/vecinos-de-multifamiliar-tlalpan-reportan-herreria-desprendida-en-edificios-recien-entregados-ciudad-de-mexico\/","url_meta":{"origin":35785,"position":5},"title":"Vecinos de Multifamiliar Tlalpan reportan herrer\u00eda desprendida en edificios reci\u00e9n entregados (Ciudad de M\u00e9xico)","author":"grieta","date":"15 febrero, 2020","format":false,"excerpt":"Animal Pol\u00edtico Los edificios rehabilitados fueron entregados por el gobierno de la Ciudad de M\u00e9xico apenas el 8 de febrero. Habitantes del Multifamiliar Tlalpan denunciaron el desprendimiento de un barandal y de protecciones de ventanas en los edificios rehabilitados tras el sismo del 19 septiembre del 2017. Los edificios fueron\u2026","rel":"","context":"En &quot;CINTILLO&quot;","block_context":{"text":"CINTILLO","link":"https:\/\/www.grieta.org.mx\/index.php\/category\/cintillo\/"},"img":{"alt_text":"","src":"https:\/\/i0.wp.com\/www.grieta.org.mx\/wp-content\/uploads\/2020\/02\/Vecinos-de-Multifamiliar-Tlalpan-reportan-herrer%C3%ADa-desprendida-en-edificios-reci%C3%A9n-entregados-cdmx-feb.png?resize=350%2C200&ssl=1","width":350,"height":200,"srcset":"https:\/\/i0.wp.com\/www.grieta.org.mx\/wp-content\/uploads\/2020\/02\/Vecinos-de-Multifamiliar-Tlalpan-reportan-herrer%C3%ADa-desprendida-en-edificios-reci%C3%A9n-entregados-cdmx-feb.png?resize=350%2C200&ssl=1 1x, https:\/\/i0.wp.com\/www.grieta.org.mx\/wp-content\/uploads\/2020\/02\/Vecinos-de-Multifamiliar-Tlalpan-reportan-herrer%C3%ADa-desprendida-en-edificios-reci%C3%A9n-entregados-cdmx-feb.png?resize=525%2C300&ssl=1 1.5x"},"classes":[]}],"_links":{"self":[{"href":"https:\/\/www.grieta.org.mx\/index.php\/wp-json\/wp\/v2\/posts\/35785","targetHints":{"allow":["GET"]}}],"collection":[{"href":"https:\/\/www.grieta.org.mx\/index.php\/wp-json\/wp\/v2\/posts"}],"about":[{"href":"https:\/\/www.grieta.org.mx\/index.php\/wp-json\/wp\/v2\/types\/post"}],"author":[{"embeddable":true,"href":"https:\/\/www.grieta.org.mx\/index.php\/wp-json\/wp\/v2\/users\/2"}],"replies":[{"embeddable":true,"href":"https:\/\/www.grieta.org.mx\/index.php\/wp-json\/wp\/v2\/comments?post=35785"}],"version-history":[{"count":1,"href":"https:\/\/www.grieta.org.mx\/index.php\/wp-json\/wp\/v2\/posts\/35785\/revisions"}],"predecessor-version":[{"id":35789,"href":"https:\/\/www.grieta.org.mx\/index.php\/wp-json\/wp\/v2\/posts\/35785\/revisions\/35789"}],"wp:featuredmedia":[{"embeddable":true,"href":"https:\/\/www.grieta.org.mx\/index.php\/wp-json\/wp\/v2\/media\/35786"}],"wp:attachment":[{"href":"https:\/\/www.grieta.org.mx\/index.php\/wp-json\/wp\/v2\/media?parent=35785"}],"wp:term":[{"taxonomy":"category","embeddable":true,"href":"https:\/\/www.grieta.org.mx\/index.php\/wp-json\/wp\/v2\/categories?post=35785"},{"taxonomy":"post_tag","embeddable":true,"href":"https:\/\/www.grieta.org.mx\/index.php\/wp-json\/wp\/v2\/tags?post=35785"}],"curies":[{"name":"wp","href":"https:\/\/api.w.org\/{rel}","templated":true}]}}