{"id":3573,"date":"2016-09-12T15:29:54","date_gmt":"2016-09-12T20:29:54","guid":{"rendered":"http:\/\/50.22.11.12\/~grietaor\/?p=3573"},"modified":"2016-09-13T11:08:42","modified_gmt":"2016-09-13T16:08:42","slug":"presa-y-acueducto-el-zapotillo","status":"publish","type":"post","link":"https:\/\/www.grieta.org.mx\/index.php\/2016\/09\/12\/presa-y-acueducto-el-zapotillo\/","title":{"rendered":"Resistencia contra la presa y el acueducto El Zapotillo"},"content":{"rendered":"<p><strong>12\/09\/16. <\/strong><a href=\"http:\/\/www.grieta.org.mx\/index.php\/2016\/09\/12\/dan-facilidades-financieras-a-abengoa\/\" >Dan facilidades financieras a Abengoa<\/a><br \/><em>Ntr Guadalajara<\/em><br  \/><\/p>\n<p><strong>22\/08\/16. <\/strong><a href=\"http:\/\/www.grieta.org.mx\/index.php\/2016\/08\/22\/jamas-nos-iremos-de-temacapulin\/\" >\u201cJam\u00e1s nos iremos de\u00a0Temacapul\u00edn\u201d<\/a><br \/><em>P\u00e1gina 24<\/em><br  \/><\/p>\n<p><strong>13\/08\/16. <\/strong><a href=\"http:\/\/www.grieta.org.mx\/index.php\/2016\/08\/13\/unops-chantajea-a-los-habitantes-de-los-altos-jalisco\/\">Unops \u201cchantajea\u201d a los habitantes de Los\u00a0Altos<\/a><br \/>\n<em>Sitio Agustin del Castillo<\/em><\/p>\n<p><strong>12\/08\/16. <\/strong><a href=\"http:\/\/www.grieta.org.mx\/index.php\/2016\/08\/12\/detienen-proyecto-del-zapotillo\/\">Detienen proyecto del Zapotillo<\/a><br \/>\n<em>am Le\u00f3n<\/em><\/p>\n<p><strong>27\/07\/16. <\/strong><a href=\"http:\/\/www.grieta.org.mx\/index.php\/2016\/07\/27\/piden-que-comision-sobre-presa-zapotillo-sea-abierta-video\/\">Piden que Comisi\u00f3n sobre Presa Zapotillo sea abierta <\/a><br \/>\n<em>Canal 44<\/em><\/p>\n<p><strong>02\/05\/16. <\/strong><a href=\"http:\/\/www.grieta.org.mx\/index.php\/2016\/05\/02\/jalisco-el-desague-de-el-zapotillo\/\">Jalisco, el desag\u00fce de El Zapotillo<\/a><br \/>\n<em>NTR Guadalajara<\/em><\/p>\n<p><strong>17\/04\/16. <\/strong><a href=\"http:\/\/www.grieta.org.mx\/index.php\/2016\/04\/17\/la-suprema-corte-aplaza-la-decision-sobre-el-complicado-caso-de-el-zapotillo\/\">La Suprema Corte aplaza la decisi\u00f3n sobre el complicado caso de El Zapotillo<\/a><br \/>\n<em>Animal Pol\u00edtico<\/em><\/p>\n<p><strong>08\/04\/16. <\/strong><a href=\"http:\/\/www.grieta.org.mx\/index.php\/2016\/04\/08\/denuncian-nueva-estrategia-de-hostigamiento-en-temacapulin-jalisco\/\" target=\"_blank\">Denuncian nueva estrategia de hostigamiento en Temacapul\u00edn, Jalisco<\/a><br \/>\n<em>Somos el Medio<\/em><\/p>\n<p><strong>07\/04\/16. <\/strong><a href=\"http:\/\/www.grieta.org.mx\/index.php\/2016\/04\/07\/pobladores-se-quejan-de-hostigamiento\/\">Pobladores se quejan de hostigamiento<\/a><br \/>\n<em>Ntr Guadalajara<\/em><\/p>\n<p><strong>01\/04\/16. <\/strong><a href=\"http:\/\/www.grieta.org.mx\/index.php\/2016\/04\/04\/temacapulin-no-se-rinde-en-la-lucha-de-la-presa-el-zapotillo-video\/\">Temacapul\u00edn no se rinde en la lucha de la presa El Zapotillo <\/a><br \/>\n<em>Canal 44<\/em><\/p>\n<p><strong>01\/04\/16. <\/strong><a href=\"http:\/\/www.grieta.org.mx\/index.php\/2016\/04\/01\/negros-nubarrones-anuncian-la-muerte-de-temacapulin\/\">Negros nubarrones anuncian la \u201cmuerte\u201d de Temacapul\u00edn<\/a><br \/>\n<em>P\u00e1gina 24<\/em><\/p>\n<p><strong>30\/09\/16. <\/strong><a href=\"http:\/\/www.grieta.org.mx\/index.php\/2016\/03\/30\/la-onu-quiere-llenar-el-zapotillo\/\">La ONU quiere llenar el Zapotillo<\/a><br \/>\n<em>M\u00e1s por Mas <\/em><\/p>\n<p><strong>28\/03\/16. <\/strong><a href=\"http:\/\/grieta.org.mx\/index.php\/2016\/03\/28\/la-presa-el-zapotillo-las-compuertas-que-nunca-se-deberan-cerrar\/\">La presa El Zapotillo: las compuertas que nunca se deber\u00e1n cerrar<\/a><br \/>\n<em>Subversiones<\/em><\/p>\n<p><strong>15\/03\/16. <\/strong><a href=\"http:\/\/grieta.org.mx\/index.php\/2016\/03\/15\/organizaciones-civiles-exigen-mejores-politicas-de-agua-en-jalisco\/\">Organizaciones civiles exigen mejores pol\u00edticas de agua en Jalisco<\/a><br \/>\n<em>Somos el Medio<\/em><\/p>\n<p><strong>14\/03\/16. <\/strong><a href=\"http:\/\/grieta.org.mx\/index.php\/2016\/03\/14\/del-porque-luchar-contra-la-presa-el-zapotillo-en-jalisco\/\">Del porqu\u00e9 luchar contra la presa El Zapotillo en Jalisco<\/a><br \/>\n<em>M\u00e1s de 131<\/em><\/p>\n<p><strong>07\/03\/16. <\/strong><a href=\"http:\/\/grieta.org.mx\/index.php\/2016\/03\/07\/la-codicia-por-el-rio-verde\/\" target=\"_blank\">La codicia por el R\u00edo\u00a0Verde<\/a><br \/>\n<em>M\u00e1s por m\u00e1s\/Cr\u00f3nica de sociales<\/em><\/p>\n<p><strong>09\/02\/16. <\/strong><a href=\"http:\/\/grieta.org.mx\/index.php\/2016\/02\/09\/ven-riesgosa-contratacion-para-analizar-la-presa-el-zapotillo\/\">Ven &#8216;riesgosa&#8217; contrataci\u00f3n para analizar la presa El Zapotillo<\/a><br \/>\n<em>Informador<\/em><\/p>\n<p><strong>07\/02\/16. <\/strong><a href=\"http:\/\/grieta.org.mx\/index.php\/2016\/02\/07\/exigen-certeza-sobre-los-acuerdos-de-el-zapotillo\/\">Exigen certeza sobre los acuerdos de El Zapotillo<\/a><br \/>\n<em>Cr\u00f3nica Jalisco<\/em><\/p>\n<p><strong>28\/11\/15. <\/strong><a href=\"http:\/\/grieta.org.mx\/index.php\/2015\/11\/28\/acasico-y-palmarejo-si-quedaran-bajo-el-agua\/\">Acasico y Palmarejo s\u00ed quedar\u00e1n bajo el agua<\/a><br \/>\n<em>Cr\u00f3nica Jalisco<\/em><\/p>\n<p><strong>26\/11\/15. <\/strong><a href=\"http:\/\/grieta.org.mx\/index.php\/2015\/11\/26\/triunfo-para-temacapulin-corte-confirma-altura-de-80-metros-en-zapotillo\/\">Triunfo para Temacapul\u00edn; Corte confirma altura de 80 metros en Zapotillo<\/a><br \/>\n<em>Proyecto Diez<\/em><\/p>\n<p><strong>22\/11\/15. <\/strong><a href=\"http:\/\/grieta.org.mx\/index.php\/2015\/11\/22\/el-pueblo-contra-la-presa-diez-anos-de-lucha-en-temacapulin-jalisco\/\">El pueblo contra la presa: Diez a\u00f1os de lucha en Temacapulin, Jalisco<\/a><br \/>\n<em>Somos el medio<\/em><\/p>\n<p><strong>09\/11\/15. <\/strong><a href=\"http:\/\/grieta.org.mx\/?p=5383&amp;preview=true\">Temaca cuestiona estudio de la ONU sobre presa Zapotillo<\/a><br \/>\n<em>Somos el medio<\/em><\/p>\n<p><strong>21\/10\/15. <\/strong><a href=\"http:\/\/grieta.org.mx\/index.php\/2015\/10\/21\/acasico-el-pueblo-que-quieren-inundar\/\">Acasico: El pueblo que quieren inundar.<\/a><br \/>\n<em>Juanyvespalomar<\/em><\/p>\n<p><strong>12\/10\/15. <\/strong><a href=\"http:\/\/grieta.org.mx\/index.php\/2015\/10\/12\/proyectos-inviables-destruyen-pueblos\/\">Proyectos inviables destruyen pueblos<\/a><br \/>\n<em>Ntr Guadajara<\/em><\/p>\n<p><strong>09\/08\/15. <\/strong><a href=\"http:\/\/grieta.org.mx\/index.php\/2015\/08\/09\/los-hijos-ausentes-presentes-en-temaca\/\">Los hijos ausentes, presentes en Temaca<\/a><br \/>\n<em>Proyecto Diez<\/em><\/p>\n<p><strong>26\/05\/15. <\/strong><a href=\"http:\/\/grieta.org.mx\/index.php\/2015\/05\/26\/jalisco-se-seca-advierten-9-organizaciones-que-piden-frenar-trasvase-a-leon\/\">Jalisco se seca, advierten 9 organizaciones que piden frenar trasvase a Le\u00f3n<\/a><br \/>\n<em>Proyecto Diez<\/em><\/p>\n<p><strong>03\/03\/15. <\/strong><a href=\"http:\/\/grieta.org.mx\/?p=5402&amp;preview=true\">Oficializa Conagua entrega de agua de El Zapotillo a Le\u00f3n &#8211;<\/a><br \/>\n<em>M\u00e1s por m\u00e1s GDL\/Cr\u00f3nica de Sociales<\/em><\/p>\n<p><strong>17\/02\/15. <\/strong><a href=\"http:\/\/grieta.org.mx\/index.php\/2015\/02\/17\/denuncian-presiones-para-vender-sus-tierras\/\">Denuncian presiones para vender sus tierras<\/a><br \/>\n<em>M\u00e1s por M\u00e1s GDL\/Cr\u00f3nica de Sociales<\/em><\/p>\n<p><strong>13\/02\/15. <\/strong><a href=\"http:\/\/grieta.org.mx\/?p=5422&amp;preview=true\">Denuncian que M\u00e9xico Sustentable es una falsa defensora ambiental<\/a><br \/>\n<em>La Jornada Jalisco<\/em><\/p>\n<p><strong>13\/02\/15. <\/strong><a href=\"http:\/\/grieta.org.mx\/index.php\/2015\/02\/13\/rechazan-en-jalisco-nueva-ley-de-aguas\/\">Rechazan en Jalisco nueva Ley de Aguas<\/a><br \/>\n<em>la Jornada <\/em><\/p>\n<p><strong>10\/04\/14. <\/strong><a href=\"http:\/\/grieta.org.mx\/index.php\/2014\/04\/10\/mexico-sustentable-como-negocio-de-la-familia-valenzuela-robles\/\">\u201cM\u00e9xico sustentable\u201d como negocio de la familia Valenzuela Robles<\/a><br \/>\n<em>La Jornada Jalisco<\/em><\/p>\n","protected":false},"excerpt":{"rendered":"<p>12\/09\/16. Dan facilidades financieras a AbengoaNtr Guadalajara 22\/08\/16. \u201cJam\u00e1s nos iremos de\u00a0Temacapul\u00edn\u201dP\u00e1gina 24 13\/08\/16. Unops \u201cchantajea\u201d a los habitantes de Los\u00a0Altos Sitio Agustin del Castillo 12\/08\/16. Detienen proyecto del Zapotillo &hellip; <a href=\"https:\/\/www.grieta.org.mx\/index.php\/2016\/09\/12\/presa-y-acueducto-el-zapotillo\/\" class=\"more-link\">Leer m\u00e1s<\/a><\/p>\n","protected":false},"author":2,"featured_media":21928,"comment_status":"closed","ping_status":"open","sticky":false,"template":"","format":"standard","meta":{"ngg_post_thumbnail":0,"_jetpack_newsletter_access":"","_jetpack_dont_email_post_to_subs":false,"_jetpack_newsletter_tier_id":0,"_jetpack_memberships_contains_paywalled_content":false,"_jetpack_memberships_contains_paid_content":false,"footnotes":""},"categories":[20,3,38],"tags":[],"class_list":["post-3573","post","type-post","status-publish","format-standard","has-post-thumbnail","hentry","category-jalisco","category-megaproyectos","category-proyectos-hidricos","entry"],"jetpack_featured_media_url":"https:\/\/www.grieta.org.mx\/wp-content\/uploads\/2018\/03\/14524434_1106112876131411_958039263622046936_o.jpg","jetpack_sharing_enabled":true,"jetpack_shortlink":"https:\/\/wp.me\/p7ZJR4-VD","jetpack_likes_enabled":false,"jetpack-related-posts":[{"id":9923,"url":"https:\/\/www.grieta.org.mx\/index.php\/2016\/04\/04\/temacapulin-no-se-rinde-en-la-lucha-de-la-presa-el-zapotillo-video\/","url_meta":{"origin":3573,"position":0},"title":"Temacapul\u00edn no se rinde en la lucha de la presa El Zapotillo (video)","author":"grieta","date":"4 abril, 2016","format":false,"excerpt":"Canal 44","rel":"","context":"En &quot;CINTILLO&quot;","block_context":{"text":"CINTILLO","link":"https:\/\/www.grieta.org.mx\/index.php\/category\/cintillo\/"},"img":{"alt_text":"","src":"https:\/\/i0.wp.com\/www.grieta.org.mx\/wp-content\/uploads\/2018\/03\/14524434_1106112876131411_958039263622046936_o.jpg?resize=350%2C200&ssl=1","width":350,"height":200,"srcset":"https:\/\/i0.wp.com\/www.grieta.org.mx\/wp-content\/uploads\/2018\/03\/14524434_1106112876131411_958039263622046936_o.jpg?resize=350%2C200&ssl=1 1x, https:\/\/i0.wp.com\/www.grieta.org.mx\/wp-content\/uploads\/2018\/03\/14524434_1106112876131411_958039263622046936_o.jpg?resize=525%2C300&ssl=1 1.5x, https:\/\/i0.wp.com\/www.grieta.org.mx\/wp-content\/uploads\/2018\/03\/14524434_1106112876131411_958039263622046936_o.jpg?resize=700%2C400&ssl=1 2x"},"classes":[]},{"id":17990,"url":"https:\/\/www.grieta.org.mx\/index.php\/2016\/07\/27\/piden-que-comision-sobre-presa-zapotillo-sea-abierta-video\/","url_meta":{"origin":3573,"position":1},"title":"Piden que Comisi\u00f3n sobre Presa Zapotillo sea abierta (Video)","author":"grieta","date":"27 julio, 2016","format":false,"excerpt":"Julio Rios Habitantes de Temacapulin pidieron que el debate sea de varios temas.","rel":"","context":"En &quot;CINTILLO&quot;","block_context":{"text":"CINTILLO","link":"https:\/\/www.grieta.org.mx\/index.php\/category\/cintillo\/"},"img":{"alt_text":"","src":"https:\/\/i0.wp.com\/www.grieta.org.mx\/wp-content\/uploads\/2018\/03\/14524434_1106112876131411_958039263622046936_o.jpg?resize=350%2C200&ssl=1","width":350,"height":200,"srcset":"https:\/\/i0.wp.com\/www.grieta.org.mx\/wp-content\/uploads\/2018\/03\/14524434_1106112876131411_958039263622046936_o.jpg?resize=350%2C200&ssl=1 1x, https:\/\/i0.wp.com\/www.grieta.org.mx\/wp-content\/uploads\/2018\/03\/14524434_1106112876131411_958039263622046936_o.jpg?resize=525%2C300&ssl=1 1.5x, https:\/\/i0.wp.com\/www.grieta.org.mx\/wp-content\/uploads\/2018\/03\/14524434_1106112876131411_958039263622046936_o.jpg?resize=700%2C400&ssl=1 2x"},"classes":[]},{"id":46496,"url":"https:\/\/www.grieta.org.mx\/index.php\/2020\/03\/11\/temaca-denuncia-avances-en-presa-el-zapotillo-jalisco\/","url_meta":{"origin":3573,"position":2},"title":"Temaca denuncia avances en Presa El Zapotillo (Jalisco)","author":"grieta","date":"11 marzo, 2020","format":false,"excerpt":"Foto: Yunuen Mora Yunuen Mora \/ El Informador Pobladores de Temacapul\u00edn, Acasico y Palmarejo denunciaron que, pese a los di\u00e1logos que ha habido con el Gobierno Federal para llegar a un acuerdo respecto a la Presa El Zapotillo, los trabajos en el lugar contin\u00faan con el pretexto de obras de\u2026","rel":"","context":"En &quot;CINTILLO&quot;","block_context":{"text":"CINTILLO","link":"https:\/\/www.grieta.org.mx\/index.php\/category\/cintillo\/"},"img":{"alt_text":"","src":"https:\/\/i0.wp.com\/www.grieta.org.mx\/wp-content\/uploads\/2020\/03\/2-3.jpg?resize=350%2C200&ssl=1","width":350,"height":200,"srcset":"https:\/\/i0.wp.com\/www.grieta.org.mx\/wp-content\/uploads\/2020\/03\/2-3.jpg?resize=350%2C200&ssl=1 1x, https:\/\/i0.wp.com\/www.grieta.org.mx\/wp-content\/uploads\/2020\/03\/2-3.jpg?resize=525%2C300&ssl=1 1.5x, https:\/\/i0.wp.com\/www.grieta.org.mx\/wp-content\/uploads\/2020\/03\/2-3.jpg?resize=700%2C400&ssl=1 2x"},"classes":[]},{"id":5370,"url":"https:\/\/www.grieta.org.mx\/index.php\/2015\/11\/26\/triunfo-para-temacapulin-corte-confirma-altura-de-80-metros-en-zapotillo\/","url_meta":{"origin":3573,"position":3},"title":"Triunfo para Temacapul\u00edn; Corte confirma altura de 80 metros en Zapotillo","author":"grieta","date":"26 noviembre, 2015","format":false,"excerpt":"Por: C\u00e9sar Octavio Huerta 26 de noviembre 2015.- La Suprema Corte de Justicia de la Naci\u00f3n (SCJN) confirm\u00f3 ayer la suspensi\u00f3n otorgada por un juzgado federal, para que la construcci\u00f3n de la cortina de la presa El Zapotillo no rebase el l\u00edmite de los 80 metros de altura. Por segunda\u2026","rel":"","context":"En &quot;CINTILLO&quot;","block_context":{"text":"CINTILLO","link":"https:\/\/www.grieta.org.mx\/index.php\/category\/cintillo\/"},"img":{"alt_text":"","src":"https:\/\/i0.wp.com\/www.grieta.org.mx\/wp-content\/uploads\/2018\/03\/14524434_1106112876131411_958039263622046936_o.jpg?resize=350%2C200&ssl=1","width":350,"height":200,"srcset":"https:\/\/i0.wp.com\/www.grieta.org.mx\/wp-content\/uploads\/2018\/03\/14524434_1106112876131411_958039263622046936_o.jpg?resize=350%2C200&ssl=1 1x, https:\/\/i0.wp.com\/www.grieta.org.mx\/wp-content\/uploads\/2018\/03\/14524434_1106112876131411_958039263622046936_o.jpg?resize=525%2C300&ssl=1 1.5x, https:\/\/i0.wp.com\/www.grieta.org.mx\/wp-content\/uploads\/2018\/03\/14524434_1106112876131411_958039263622046936_o.jpg?resize=700%2C400&ssl=1 2x"},"classes":[]},{"id":5383,"url":"https:\/\/www.grieta.org.mx\/index.php\/2015\/11\/09\/temaca-cuestiona-estudio-de-la-onu-sobre-presa-zapotillo-2\/","url_meta":{"origin":3573,"position":4},"title":"Temaca cuestiona estudio de la ONU sobre presa Zapotillo","author":"grieta","date":"9 noviembre, 2015","format":false,"excerpt":"Mario Marlo Gobierno de Jalisco pagar\u00e1 a la ONU 4.6 mdd por estudio de la presa El Zapotillo Guadalajara, Jalisco 9 de noviembre, 2015.- El Comit\u00e9 Salvemos Temacapul\u00edn, Acasico y Palmarejo, el Instituto Mexicano para el Desarrollo Comunitario A.C. (IMDEC) y el Colectivo de Abogados hicieron un llamado al gobernador\u2026","rel":"","context":"En &quot;CINTILLO&quot;","block_context":{"text":"CINTILLO","link":"https:\/\/www.grieta.org.mx\/index.php\/category\/cintillo\/"},"img":{"alt_text":"","src":"https:\/\/i0.wp.com\/www.grieta.org.mx\/wp-content\/uploads\/2018\/03\/14524434_1106112876131411_958039263622046936_o.jpg?resize=350%2C200&ssl=1","width":350,"height":200,"srcset":"https:\/\/i0.wp.com\/www.grieta.org.mx\/wp-content\/uploads\/2018\/03\/14524434_1106112876131411_958039263622046936_o.jpg?resize=350%2C200&ssl=1 1x, https:\/\/i0.wp.com\/www.grieta.org.mx\/wp-content\/uploads\/2018\/03\/14524434_1106112876131411_958039263622046936_o.jpg?resize=525%2C300&ssl=1 1.5x, https:\/\/i0.wp.com\/www.grieta.org.mx\/wp-content\/uploads\/2018\/03\/14524434_1106112876131411_958039263622046936_o.jpg?resize=700%2C400&ssl=1 2x"},"classes":[]},{"id":65738,"url":"https:\/\/www.grieta.org.mx\/index.php\/2022\/11\/10\/los-pueblos-afectados-por-la-presa-el-zapotillo-piden-se-cumpla-lo-pactado-y-reparacion-del-dano-jalisco\/","url_meta":{"origin":3573,"position":5},"title":"Los pueblos afectados por la presa El Zapotillo: piden se cumpla lo pactado y reparaci\u00f3n del da\u00f1o (Jalisco)","author":"grieta","date":"10 noviembre, 2022","format":false,"excerpt":"Imagen: Zona Docs La presa El Zapotillo, es el proyecto h\u00eddrico que dotar\u00e1 de agua a la Zona Metropolitana de Guadalajara y que estuvo suspendido m\u00e1s de 16 a\u00f1os debido a recursos judiciales, ya que la construcci\u00f3n de la presa hubiera provocado\u00a0la inundaci\u00f3n de los tres poblados: Temacapul\u00edn, Acasico y\u2026","rel":"","context":"En &quot;CINTILLO&quot;","block_context":{"text":"CINTILLO","link":"https:\/\/www.grieta.org.mx\/index.php\/category\/cintillo\/"},"img":{"alt_text":"","src":"https:\/\/i0.wp.com\/www.grieta.org.mx\/wp-content\/uploads\/2022\/11\/Captura-de-Pantalla-2022-11-11-a-las-7.37.53-1068x734-1.png?resize=350%2C200&ssl=1","width":350,"height":200,"srcset":"https:\/\/i0.wp.com\/www.grieta.org.mx\/wp-content\/uploads\/2022\/11\/Captura-de-Pantalla-2022-11-11-a-las-7.37.53-1068x734-1.png?resize=350%2C200&ssl=1 1x, https:\/\/i0.wp.com\/www.grieta.org.mx\/wp-content\/uploads\/2022\/11\/Captura-de-Pantalla-2022-11-11-a-las-7.37.53-1068x734-1.png?resize=525%2C300&ssl=1 1.5x, https:\/\/i0.wp.com\/www.grieta.org.mx\/wp-content\/uploads\/2022\/11\/Captura-de-Pantalla-2022-11-11-a-las-7.37.53-1068x734-1.png?resize=700%2C400&ssl=1 2x, https:\/\/i0.wp.com\/www.grieta.org.mx\/wp-content\/uploads\/2022\/11\/Captura-de-Pantalla-2022-11-11-a-las-7.37.53-1068x734-1.png?resize=1050%2C600&ssl=1 3x"},"classes":[]}],"_links":{"self":[{"href":"https:\/\/www.grieta.org.mx\/index.php\/wp-json\/wp\/v2\/posts\/3573","targetHints":{"allow":["GET"]}}],"collection":[{"href":"https:\/\/www.grieta.org.mx\/index.php\/wp-json\/wp\/v2\/posts"}],"about":[{"href":"https:\/\/www.grieta.org.mx\/index.php\/wp-json\/wp\/v2\/types\/post"}],"author":[{"embeddable":true,"href":"https:\/\/www.grieta.org.mx\/index.php\/wp-json\/wp\/v2\/users\/2"}],"replies":[{"embeddable":true,"href":"https:\/\/www.grieta.org.mx\/index.php\/wp-json\/wp\/v2\/comments?post=3573"}],"version-history":[{"count":1,"href":"https:\/\/www.grieta.org.mx\/index.php\/wp-json\/wp\/v2\/posts\/3573\/revisions"}],"predecessor-version":[{"id":21430,"href":"https:\/\/www.grieta.org.mx\/index.php\/wp-json\/wp\/v2\/posts\/3573\/revisions\/21430"}],"wp:featuredmedia":[{"embeddable":true,"href":"https:\/\/www.grieta.org.mx\/index.php\/wp-json\/wp\/v2\/media\/21928"}],"wp:attachment":[{"href":"https:\/\/www.grieta.org.mx\/index.php\/wp-json\/wp\/v2\/media?parent=3573"}],"wp:term":[{"taxonomy":"category","embeddable":true,"href":"https:\/\/www.grieta.org.mx\/index.php\/wp-json\/wp\/v2\/categories?post=3573"},{"taxonomy":"post_tag","embeddable":true,"href":"https:\/\/www.grieta.org.mx\/index.php\/wp-json\/wp\/v2\/tags?post=3573"}],"curies":[{"name":"wp","href":"https:\/\/api.w.org\/{rel}","templated":true}]}}