{"id":35727,"date":"2019-05-30T21:57:11","date_gmt":"2019-05-31T02:57:11","guid":{"rendered":"http:\/\/www.grieta.org.mx\/?p=35727"},"modified":"2019-07-01T22:05:24","modified_gmt":"2019-07-02T03:05:24","slug":"empleados-de-profeco-en-colima-trabajan-bajo-protesta-por-cierre","status":"publish","type":"post","link":"https:\/\/www.grieta.org.mx\/index.php\/2019\/05\/30\/empleados-de-profeco-en-colima-trabajan-bajo-protesta-por-cierre\/","title":{"rendered":"Empleados de Profeco en Colima trabajan bajo protesta por cierre"},"content":{"rendered":"<blockquote><p>Un total de 35 empleados s\u00ed conservar\u00e1n su trabajo pero en otro estado, mientras que los dem\u00e1s no saben cu\u00e1l ser\u00e1 su situaci\u00f3n laboral<\/p><\/blockquote>\n<figure id=\"attachment_35728\" aria-describedby=\"caption-attachment-35728\" style=\"width: 800px\" class=\"wp-caption aligncenter\"><img loading=\"lazy\" decoding=\"async\" data-attachment-id=\"35728\" data-permalink=\"https:\/\/www.grieta.org.mx\/index.php\/2019\/05\/30\/empleados-de-profeco-en-colima-trabajan-bajo-protesta-por-cierre\/profeco-colima-600x400\/\" data-orig-file=\"https:\/\/www.grieta.org.mx\/wp-content\/uploads\/2019\/07\/PROFECO-COLIMA-600x400.jpg\" data-orig-size=\"600,400\" data-comments-opened=\"0\" data-image-meta=\"{&quot;aperture&quot;:&quot;0&quot;,&quot;credit&quot;:&quot;&quot;,&quot;camera&quot;:&quot;&quot;,&quot;caption&quot;:&quot;&quot;,&quot;created_timestamp&quot;:&quot;0&quot;,&quot;copyright&quot;:&quot;&quot;,&quot;focal_length&quot;:&quot;0&quot;,&quot;iso&quot;:&quot;0&quot;,&quot;shutter_speed&quot;:&quot;0&quot;,&quot;title&quot;:&quot;&quot;,&quot;orientation&quot;:&quot;0&quot;}\" data-image-title=\"PROFECO-COLIMA-600&amp;#215;400\" data-image-description=\"\" data-image-caption=\"&lt;p&gt;Los m\u00e1s afectados ser\u00e1n los consumidores en la entidad, ante la falta de una dependencia cerca, ya que tendr\u00edan que ir hasta Jalisco. Foto: Especial&lt;\/p&gt;\n\" data-medium-file=\"https:\/\/www.grieta.org.mx\/wp-content\/uploads\/2019\/07\/PROFECO-COLIMA-600x400-300x200.jpg\" data-large-file=\"https:\/\/www.grieta.org.mx\/wp-content\/uploads\/2019\/07\/PROFECO-COLIMA-600x400.jpg\" class=\"wp-image-35728\" src=\"http:\/\/www.grieta.org.mx\/wp-content\/uploads\/2019\/07\/PROFECO-COLIMA-600x400.jpg\" alt=\"\" width=\"800\" height=\"533\" srcset=\"https:\/\/www.grieta.org.mx\/wp-content\/uploads\/2019\/07\/PROFECO-COLIMA-600x400.jpg 600w, https:\/\/www.grieta.org.mx\/wp-content\/uploads\/2019\/07\/PROFECO-COLIMA-600x400-300x200.jpg 300w\" sizes=\"auto, (max-width: 800px) 100vw, 800px\" \/><figcaption id=\"caption-attachment-35728\" class=\"wp-caption-text\">Los m\u00e1s afectados ser\u00e1n los consumidores en la entidad, ante la falta de una dependencia cerca, ya que tendr\u00edan que ir hasta Jalisco. Foto: Especial<\/figcaption><\/figure>\n<p>Martha de la Torre \/EL Heraldo de M\u00e9xico, 30 de mayo de 2019<br \/>\nEmpleados de la delegaci\u00f3n de la Procuradur\u00eda de la Defensa del Consumidor (Profeco) en Colima y de la sub delegaci\u00f3n de Manzanillo trabajan bajo protesta ya que la mitad se quedar\u00e1n sin empleo y el resto se tendr\u00e1n que mudar a Jalisco, por el cierre de las oficinas en el estado, debido a la decisi\u00f3n del gobierno federal de crear representaciones regionales.<\/p>\n<p>El l\u00edder sindical en la entidad, Rafael Barajas, inform\u00f3 que el cierre ser\u00e1 a partir de junio, sin saber la fecha exacta, para crear las Oficinas Defensoras de los Consumidores (Odeco), que en el caso de la region Occidente tendr\u00e1 su sede en Tlaquepaque, lo que obligar\u00e1 a los servidores a mudarse.<\/p>\n<p>\u201cEs una afectaci\u00f3n tambi\u00e9n en la familia, porque hay que desintegrar a las familias, hay unas compa\u00f1eras que tienen a sus hijos, unos beb\u00e9s otros que los tienen en las universidades\u201c, indic\u00f3 el servidor p\u00fablico.<\/p>\n<p>Detall\u00f3 que son alrededor de 35 trabajadores en las dos oficinas, de los cuales 14 son sindicalizados, quienes conservar\u00edan su trabajo pero en otro estado, mientras que los dem\u00e1s no saben cual ser\u00e1 su situaci\u00f3n, porque ya no tienen delegado y la encargada de despacho, Silvia Rojas Mojica, no les de respuesta a sus dudas.<\/p>\n<p>\u201cLa verdad es que tenemos esa incertidumbre porque no tenemos una informaci\u00f3n oficial, simplemente es una informaci\u00f3n por medio del sindicato, la Profeco no lo ha hecho de manera oficial\u201d, reprob\u00f3.<\/p>\n<p>El representante de los trabajadores agreg\u00f3 que los m\u00e1s afectados ser\u00e1n los consumidores en la entidad, ante la falta de una dependencia cerca, ya que tendr\u00edan que ir hasta Jalisco para darle seguimiento a sus quejas, por lo que buscar\u00e1n que se quede una representaci\u00f3n en el estado.<\/p>\n<p>\u201cQue podamos rescatar el movimiento del personal de Colima y no se vaya a Jalisco y si ese es el objetivo de la austeridad, que nos dejen s\u00f3lo al personal sindicalizado y un edificio m\u00e1s chico\u201d, expres\u00f3.<\/p>\n<p>En caso de no lograrlo pedir\u00edan que por lo menos les den una pr\u00f3rroga, porque el cambio ser\u00eda inmediato y tienen que buscar alojamiento.<\/p>\n<p><a href=\"https:\/\/heraldodemexico.com.mx\/estados\/empleados-de-profeco-en-colima-trabajan-bajo-protesta-por-cierre\/\">https:\/\/heraldodemexico.com.mx\/estados\/empleados-de-profeco-en-colima-trabajan-bajo-protesta-por-cierre\/<\/a><\/p>\n","protected":false},"excerpt":{"rendered":"<p>Un total de 35 empleados s\u00ed conservar\u00e1n su trabajo pero en otro estado, mientras que los dem\u00e1s no saben cu\u00e1l ser\u00e1 su situaci\u00f3n laboral Martha de la Torre \/EL Heraldo &hellip; <a href=\"https:\/\/www.grieta.org.mx\/index.php\/2019\/05\/30\/empleados-de-profeco-en-colima-trabajan-bajo-protesta-por-cierre\/\" class=\"more-link\">Leer m\u00e1s<\/a><\/p>\n","protected":false},"author":2,"featured_media":35728,"comment_status":"closed","ping_status":"closed","sticky":false,"template":"","format":"standard","meta":{"ngg_post_thumbnail":0,"_jetpack_newsletter_access":"","_jetpack_dont_email_post_to_subs":false,"_jetpack_newsletter_tier_id":0,"_jetpack_memberships_contains_paywalled_content":false,"_jetpack_memberships_contains_paid_content":false,"footnotes":""},"categories":[80,13,2191],"tags":[2250,1290],"class_list":["post-35727","post","type-post","status-publish","format-standard","has-post-thumbnail","hentry","category-cintillo","category-colima","category-conflictos-laborales-en-el-sector-publico-en-colima","tag-conflictos-laborales-en-el-sector-publico","tag-precariedad-laboral","entry"],"jetpack_featured_media_url":"https:\/\/www.grieta.org.mx\/wp-content\/uploads\/2019\/07\/PROFECO-COLIMA-600x400.jpg","jetpack_sharing_enabled":true,"jetpack_shortlink":"https:\/\/wp.me\/p7ZJR4-9if","jetpack_likes_enabled":false,"jetpack-related-posts":[{"id":36986,"url":"https:\/\/www.grieta.org.mx\/index.php\/2019\/07\/13\/exigen-liquidacion-justa-trabajadores-de-profeco-colima\/","url_meta":{"origin":35727,"position":0},"title":"Exigen liquidaci\u00f3n justa trabajadores de Profeco (Colima)","author":"grieta","date":"13 julio, 2019","format":false,"excerpt":"Foto: Especial Jes\u00fas Lozoya Baeza \/ El Noticiero de Colima Colgaron una lona para exigirle al Gobierno Federal que liquide conforme a derecho por su despido injustificado Los trabajadores de la subdelegaci\u00f3n de Profeco colocaron una lona afuera de sus oficinas, ubicadas en el Centro Hist\u00f3rico de Manzanillo, para exigir\u2026","rel":"","context":"En &quot;CINTILLO&quot;","block_context":{"text":"CINTILLO","link":"https:\/\/www.grieta.org.mx\/index.php\/category\/cintillo\/"},"img":{"alt_text":"","src":"https:\/\/i0.wp.com\/www.grieta.org.mx\/wp-content\/uploads\/2019\/07\/subdelegacion-profeco-777x437.jpg?resize=350%2C200&ssl=1","width":350,"height":200,"srcset":"https:\/\/i0.wp.com\/www.grieta.org.mx\/wp-content\/uploads\/2019\/07\/subdelegacion-profeco-777x437.jpg?resize=350%2C200&ssl=1 1x, https:\/\/i0.wp.com\/www.grieta.org.mx\/wp-content\/uploads\/2019\/07\/subdelegacion-profeco-777x437.jpg?resize=525%2C300&ssl=1 1.5x, https:\/\/i0.wp.com\/www.grieta.org.mx\/wp-content\/uploads\/2019\/07\/subdelegacion-profeco-777x437.jpg?resize=700%2C400&ssl=1 2x"},"classes":[]},{"id":30246,"url":"https:\/\/www.grieta.org.mx\/index.php\/2019\/02\/01\/empleados-de-conafor-denuncian-despidos-irregulares-en-colima\/","url_meta":{"origin":35727,"position":1},"title":"Empleados de Conafor denuncian despidos irregulares en Colima","author":"grieta","date":"1 febrero, 2019","format":false,"excerpt":"Los inconformes afirmaron que el pasado 7 de enero, el suplente legal de Conafor en Colima, Casto Lerdo les notific\u00f3 de manera verbal y no oficial, que ya no se presentaran a trabajar Martha de la Torre\/ El Heraldo de M\u00e9xico, 1 de Febrero de 2019. Un total de 13\u2026","rel":"","context":"En &quot;CINTILLO&quot;","block_context":{"text":"CINTILLO","link":"https:\/\/www.grieta.org.mx\/index.php\/category\/cintillo\/"},"img":{"alt_text":"","src":"https:\/\/i0.wp.com\/www.grieta.org.mx\/wp-content\/uploads\/2019\/03\/Captura-de-pantalla-2019-02-01-a-las-16.33.55-e1549060473343.png?resize=350%2C200&ssl=1","width":350,"height":200,"srcset":"https:\/\/i0.wp.com\/www.grieta.org.mx\/wp-content\/uploads\/2019\/03\/Captura-de-pantalla-2019-02-01-a-las-16.33.55-e1549060473343.png?resize=350%2C200&ssl=1 1x, https:\/\/i0.wp.com\/www.grieta.org.mx\/wp-content\/uploads\/2019\/03\/Captura-de-pantalla-2019-02-01-a-las-16.33.55-e1549060473343.png?resize=525%2C300&ssl=1 1.5x"},"classes":[]},{"id":30592,"url":"https:\/\/www.grieta.org.mx\/index.php\/2019\/02\/01\/empleados-de-conafor-denuncian-despidos-irregulares-en-colima-2\/","url_meta":{"origin":35727,"position":2},"title":"Empleados de Conafor denuncian despidos irregulares en Colima","author":"grieta","date":"1 febrero, 2019","format":false,"excerpt":"Los inconformes afirmaron que el pasado 7 de enero, el suplente legal de Conafor en Colima, Casto Lerdo les notific\u00f3 de manera verbal y no oficial, que ya no se presentaran a trabajar Martha de la Torre \/ El Heraldo de M\u00e9xico, 01 de Febrero de 2019 Un total de\u2026","rel":"","context":"En &quot;CINTILLO&quot;","block_context":{"text":"CINTILLO","link":"https:\/\/www.grieta.org.mx\/index.php\/category\/cintillo\/"},"img":{"alt_text":"","src":"https:\/\/i0.wp.com\/www.grieta.org.mx\/wp-content\/uploads\/2019\/03\/Captura-de-pantalla-2019-02-01-a-las-16.33.55-e1549060473343-1.png?resize=350%2C200&ssl=1","width":350,"height":200,"srcset":"https:\/\/i0.wp.com\/www.grieta.org.mx\/wp-content\/uploads\/2019\/03\/Captura-de-pantalla-2019-02-01-a-las-16.33.55-e1549060473343-1.png?resize=350%2C200&ssl=1 1x, https:\/\/i0.wp.com\/www.grieta.org.mx\/wp-content\/uploads\/2019\/03\/Captura-de-pantalla-2019-02-01-a-las-16.33.55-e1549060473343-1.png?resize=525%2C300&ssl=1 1.5x"},"classes":[]},{"id":34064,"url":"https:\/\/www.grieta.org.mx\/index.php\/2019\/05\/31\/empleados-de-profeco-en-campeche-protestan-por-el-cierre-de-oficinas\/","url_meta":{"origin":35727,"position":3},"title":"Empleados de Profeco en Campeche protestan por el cierre de oficinas","author":"grieta","date":"31 mayo, 2019","format":false,"excerpt":"Rosa Santana\/Proceso CAMPECHE, Camp. (apro).\u2013 Trabajadores de la delegaci\u00f3n en Campeche de la Procuradur\u00eda Federal del Consumidor (Profeco) marcharon este viernes para pedir al presidente, Andr\u00e9s Manuel L\u00f3pez Obrador, que reconsidere el cierre de sus oficinas. Las delegaciones estatales de la Profeco ser\u00e1n cerradas para dar paso a las Oficinas\u2026","rel":"","context":"En &quot;Campeche&quot;","block_context":{"text":"Campeche","link":"https:\/\/www.grieta.org.mx\/index.php\/category\/noticias-nacionales\/campeche\/"},"img":{"alt_text":"","src":"https:\/\/i0.wp.com\/www.grieta.org.mx\/wp-content\/uploads\/2019\/06\/Profeco-Campeche-OK-1078x800.jpg?resize=350%2C200&ssl=1","width":350,"height":200,"srcset":"https:\/\/i0.wp.com\/www.grieta.org.mx\/wp-content\/uploads\/2019\/06\/Profeco-Campeche-OK-1078x800.jpg?resize=350%2C200&ssl=1 1x, https:\/\/i0.wp.com\/www.grieta.org.mx\/wp-content\/uploads\/2019\/06\/Profeco-Campeche-OK-1078x800.jpg?resize=525%2C300&ssl=1 1.5x, https:\/\/i0.wp.com\/www.grieta.org.mx\/wp-content\/uploads\/2019\/06\/Profeco-Campeche-OK-1078x800.jpg?resize=700%2C400&ssl=1 2x, https:\/\/i0.wp.com\/www.grieta.org.mx\/wp-content\/uploads\/2019\/06\/Profeco-Campeche-OK-1078x800.jpg?resize=1050%2C600&ssl=1 3x"},"classes":[]},{"id":32342,"url":"https:\/\/www.grieta.org.mx\/index.php\/2019\/04\/15\/protestan-medicos-residentes-en-colima-por-falta-de-pagos-suman-ya-21-estados\/","url_meta":{"origin":35727,"position":4},"title":"Protestan m\u00e9dicos residentes en Colima por falta de pagos; suman ya 21 estados","author":"grieta","date":"15 abril, 2019","format":false,"excerpt":"Juan Carlos Flores|CN COLIMANOTICIAS, 15 de abril de 2019 Colima, Col.- Al igual que en 21 estados del pa\u00eds, m\u00e9dicos residentes de Colima y Manzanillo protestaron por falta de pagos. Los galenos contin\u00faan sus labores bajo protesta, algunos de ellos portando alg\u00fan distintivo. Reportes indican que los m\u00e9dicos se manifestaron\u2026","rel":"","context":"En &quot;CINTILLO&quot;","block_context":{"text":"CINTILLO","link":"https:\/\/www.grieta.org.mx\/index.php\/category\/cintillo\/"},"img":{"alt_text":"","src":"https:\/\/i0.wp.com\/www.grieta.org.mx\/wp-content\/uploads\/2018\/03\/14524434_1106112876131411_958039263622046936_o.jpg?resize=350%2C200&ssl=1","width":350,"height":200,"srcset":"https:\/\/i0.wp.com\/www.grieta.org.mx\/wp-content\/uploads\/2018\/03\/14524434_1106112876131411_958039263622046936_o.jpg?resize=350%2C200&ssl=1 1x, https:\/\/i0.wp.com\/www.grieta.org.mx\/wp-content\/uploads\/2018\/03\/14524434_1106112876131411_958039263622046936_o.jpg?resize=525%2C300&ssl=1 1.5x, https:\/\/i0.wp.com\/www.grieta.org.mx\/wp-content\/uploads\/2018\/03\/14524434_1106112876131411_958039263622046936_o.jpg?resize=700%2C400&ssl=1 2x"},"classes":[]},{"id":30972,"url":"https:\/\/www.grieta.org.mx\/index.php\/2019\/03\/20\/maestros-de-emsad-y-tbc-comienzan-a-trabajar-bajo-protesta-por-falta-de-recursos-de-la-federacion\/","url_meta":{"origin":35727,"position":5},"title":"Maestros de EMSAD y TBC comienzan a trabajar bajo protesta por falta de recursos de la federaci\u00f3n","author":"grieta","date":"20 marzo, 2019","format":false,"excerpt":"Juan Carlos Flores|CN COLIMANOTICIAS, 08 de marzo de 2019 Colima, Col.- Maestros del EMSAD y TBC comenzaron una jornada de protesta en varias escuelas en reclamo de las quincenas de febrero. Con cartulinas pegadas a la entrada de las escuelas, los docentes expresaron su intenci\u00f3n de trabajar bajo protesta pues\u2026","rel":"","context":"En &quot;CINTILLO&quot;","block_context":{"text":"CINTILLO","link":"https:\/\/www.grieta.org.mx\/index.php\/category\/cintillo\/"},"img":{"alt_text":"","src":"https:\/\/i0.wp.com\/www.grieta.org.mx\/wp-content\/uploads\/2019\/03\/retraso-en-el-pago-de-su-quincena-emsad-9.jpeg?resize=350%2C200&ssl=1","width":350,"height":200,"srcset":"https:\/\/i0.wp.com\/www.grieta.org.mx\/wp-content\/uploads\/2019\/03\/retraso-en-el-pago-de-su-quincena-emsad-9.jpeg?resize=350%2C200&ssl=1 1x, https:\/\/i0.wp.com\/www.grieta.org.mx\/wp-content\/uploads\/2019\/03\/retraso-en-el-pago-de-su-quincena-emsad-9.jpeg?resize=525%2C300&ssl=1 1.5x, https:\/\/i0.wp.com\/www.grieta.org.mx\/wp-content\/uploads\/2019\/03\/retraso-en-el-pago-de-su-quincena-emsad-9.jpeg?resize=700%2C400&ssl=1 2x, https:\/\/i0.wp.com\/www.grieta.org.mx\/wp-content\/uploads\/2019\/03\/retraso-en-el-pago-de-su-quincena-emsad-9.jpeg?resize=1050%2C600&ssl=1 3x"},"classes":[]}],"_links":{"self":[{"href":"https:\/\/www.grieta.org.mx\/index.php\/wp-json\/wp\/v2\/posts\/35727","targetHints":{"allow":["GET"]}}],"collection":[{"href":"https:\/\/www.grieta.org.mx\/index.php\/wp-json\/wp\/v2\/posts"}],"about":[{"href":"https:\/\/www.grieta.org.mx\/index.php\/wp-json\/wp\/v2\/types\/post"}],"author":[{"embeddable":true,"href":"https:\/\/www.grieta.org.mx\/index.php\/wp-json\/wp\/v2\/users\/2"}],"replies":[{"embeddable":true,"href":"https:\/\/www.grieta.org.mx\/index.php\/wp-json\/wp\/v2\/comments?post=35727"}],"version-history":[{"count":1,"href":"https:\/\/www.grieta.org.mx\/index.php\/wp-json\/wp\/v2\/posts\/35727\/revisions"}],"predecessor-version":[{"id":35729,"href":"https:\/\/www.grieta.org.mx\/index.php\/wp-json\/wp\/v2\/posts\/35727\/revisions\/35729"}],"wp:featuredmedia":[{"embeddable":true,"href":"https:\/\/www.grieta.org.mx\/index.php\/wp-json\/wp\/v2\/media\/35728"}],"wp:attachment":[{"href":"https:\/\/www.grieta.org.mx\/index.php\/wp-json\/wp\/v2\/media?parent=35727"}],"wp:term":[{"taxonomy":"category","embeddable":true,"href":"https:\/\/www.grieta.org.mx\/index.php\/wp-json\/wp\/v2\/categories?post=35727"},{"taxonomy":"post_tag","embeddable":true,"href":"https:\/\/www.grieta.org.mx\/index.php\/wp-json\/wp\/v2\/tags?post=35727"}],"curies":[{"name":"wp","href":"https:\/\/api.w.org\/{rel}","templated":true}]}}