{"id":35647,"date":"2019-06-12T01:31:28","date_gmt":"2019-06-12T06:31:28","guid":{"rendered":"http:\/\/www.grieta.org.mx\/?p=35647"},"modified":"2019-06-30T01:38:32","modified_gmt":"2019-06-30T06:38:32","slug":"se-oponen-a-instalacion-de-walmart-en-san-nicolas-tetitzintla-puebla","status":"publish","type":"post","link":"https:\/\/www.grieta.org.mx\/index.php\/2019\/06\/12\/se-oponen-a-instalacion-de-walmart-en-san-nicolas-tetitzintla-puebla\/","title":{"rendered":"Se oponen a instalaci\u00f3n de Walmart en San Nicol\u00e1s Tetitzintla (Puebla)"},"content":{"rendered":"<p><a href=\"http:\/\/www.grieta.org.mx\/wp-content\/uploads\/2019\/06\/walmart.png\"><img loading=\"lazy\" decoding=\"async\" data-attachment-id=\"35648\" data-permalink=\"https:\/\/www.grieta.org.mx\/index.php\/2019\/06\/12\/se-oponen-a-instalacion-de-walmart-en-san-nicolas-tetitzintla-puebla\/walmart\/\" data-orig-file=\"https:\/\/www.grieta.org.mx\/wp-content\/uploads\/2019\/06\/walmart.png\" data-orig-size=\"1194,556\" data-comments-opened=\"0\" data-image-meta=\"{&quot;aperture&quot;:&quot;0&quot;,&quot;credit&quot;:&quot;&quot;,&quot;camera&quot;:&quot;&quot;,&quot;caption&quot;:&quot;&quot;,&quot;created_timestamp&quot;:&quot;0&quot;,&quot;copyright&quot;:&quot;&quot;,&quot;focal_length&quot;:&quot;0&quot;,&quot;iso&quot;:&quot;0&quot;,&quot;shutter_speed&quot;:&quot;0&quot;,&quot;title&quot;:&quot;&quot;,&quot;orientation&quot;:&quot;0&quot;}\" data-image-title=\"walmart\" data-image-description=\"\" data-image-caption=\"\" data-medium-file=\"https:\/\/www.grieta.org.mx\/wp-content\/uploads\/2019\/06\/walmart-300x140.png\" data-large-file=\"https:\/\/www.grieta.org.mx\/wp-content\/uploads\/2019\/06\/walmart-1024x477.png\" class=\"aligncenter wp-image-35648\" src=\"http:\/\/www.grieta.org.mx\/wp-content\/uploads\/2019\/06\/walmart-300x140.png\" alt=\"\" width=\"800\" height=\"373\" srcset=\"https:\/\/www.grieta.org.mx\/wp-content\/uploads\/2019\/06\/walmart-300x140.png 300w, https:\/\/www.grieta.org.mx\/wp-content\/uploads\/2019\/06\/walmart-768x358.png 768w, https:\/\/www.grieta.org.mx\/wp-content\/uploads\/2019\/06\/walmart-1024x477.png 1024w, https:\/\/www.grieta.org.mx\/wp-content\/uploads\/2019\/06\/walmart-1074x500.png 1074w, https:\/\/www.grieta.org.mx\/wp-content\/uploads\/2019\/06\/walmart.png 1194w\" sizes=\"auto, (max-width: 800px) 100vw, 800px\" \/><\/a><\/p>\n<p>Enrique Hern\u00e1ndez \/ Municipios Puebla<\/p>\n<p>Tehuac\u00e1n, Pue.- Pobladores de la junta auxiliar de San Nicol\u00e1s Tetitzintla exigen que se cancelen los permisos para evitar la instalaci\u00f3n de la tienda Walmart, debido a que se cometer\u00eda un ecocidio ante la tala de unos 250 \u00e1rboles y una afectaci\u00f3n en la zona de recarga.<\/p>\n<p>Durante los acercamientos con la poblaci\u00f3n han buscado convencer a la gente que la instalaci\u00f3n de la tienda comercial les favorecer\u00eda porque acortar\u00eda la distancia a los sitios de adquisici\u00f3n de bienes y consumibles, adem\u00e1s de haber un aumento en la plusval\u00eda de la zona, hecho que algunos han visto para bien y otros m\u00e1s se oponen.<\/p>\n<p><a href=\"http:\/\/m.municipiospuebla.mx\/index.php\/nota\/2019-06-12\/tehuac\u00e1n\/se-oponen-instalaci\u00f3n-de-walmart-en-san-nicol\u00e1s-tetitzintla\">http:\/\/m.municipiospuebla.mx\/index.php\/nota\/2019-06-12\/tehuac\u00e1n\/se-oponen-instalaci\u00f3n-de-walmart-en-san-nicol\u00e1s-tetitzintla<\/a> <\/p>\n","protected":false},"excerpt":{"rendered":"<p>Enrique Hern\u00e1ndez \/ Municipios Puebla Tehuac\u00e1n, Pue.- Pobladores de la junta auxiliar de San Nicol\u00e1s Tetitzintla exigen que se cancelen los permisos para evitar la instalaci\u00f3n de la tienda Walmart, &hellip; <a href=\"https:\/\/www.grieta.org.mx\/index.php\/2019\/06\/12\/se-oponen-a-instalacion-de-walmart-en-san-nicolas-tetitzintla-puebla\/\" class=\"more-link\">Leer m\u00e1s<\/a><\/p>\n","protected":false},"author":1,"featured_media":35648,"comment_status":"closed","ping_status":"closed","sticky":false,"template":"","format":"standard","meta":{"ngg_post_thumbnail":0,"_jetpack_newsletter_access":"","_jetpack_dont_email_post_to_subs":false,"_jetpack_newsletter_tier_id":0,"_jetpack_memberships_contains_paywalled_content":false,"_jetpack_memberships_contains_paid_content":false,"footnotes":""},"categories":[80,2703,1264,2,26],"tags":[2569],"class_list":["post-35647","post","type-post","status-publish","format-standard","has-post-thumbnail","hentry","category-cintillo","category-defensa-de-los-recursos-naturales-en-puebla","category-defensa-de-zonas-arqueologicas-en-puebla","category-noticias-nacionales","category-puebla","tag-tala-de-arboles","entry"],"jetpack_featured_media_url":"https:\/\/www.grieta.org.mx\/wp-content\/uploads\/2019\/06\/walmart.png","jetpack_sharing_enabled":true,"jetpack_shortlink":"https:\/\/wp.me\/p7ZJR4-9gX","jetpack_likes_enabled":false,"jetpack-related-posts":[{"id":36570,"url":"https:\/\/www.grieta.org.mx\/index.php\/2019\/07\/11\/protestan-contra-un-walmart-en-predio-de-los-bungalows-de-penafiel-puebla\/","url_meta":{"origin":35647,"position":0},"title":"Protestan contra un Walmart en predio de los bungalows de Pe\u00f1afiel (Puebla)","author":"Admin","date":"11 julio, 2019","format":false,"excerpt":"Elizabeth Rodr\u00edguez Lezama \/ La Jornada de Oriente Tehuac\u00e1n. Vecinos de la junta auxiliar San Nicol\u00e1s Tetitzintla, cerraron la avenida Jos\u00e9 Garci Crespo, a la altura de la avenida Las Palmas, para manifestarse en contra del proyecto de instalaci\u00f3n de una tienda departamental de la cadena Wal Mart en la\u2026","rel":"","context":"En &quot;CINTILLO&quot;","block_context":{"text":"CINTILLO","link":"https:\/\/www.grieta.org.mx\/index.php\/category\/cintillo\/"},"img":{"alt_text":"","src":"https:\/\/i0.wp.com\/www.grieta.org.mx\/wp-content\/uploads\/2019\/07\/WhatsApp-Image-2019-07-11-at-10.47.57.jpg?resize=350%2C200&ssl=1","width":350,"height":200,"srcset":"https:\/\/i0.wp.com\/www.grieta.org.mx\/wp-content\/uploads\/2019\/07\/WhatsApp-Image-2019-07-11-at-10.47.57.jpg?resize=350%2C200&ssl=1 1x, https:\/\/i0.wp.com\/www.grieta.org.mx\/wp-content\/uploads\/2019\/07\/WhatsApp-Image-2019-07-11-at-10.47.57.jpg?resize=525%2C300&ssl=1 1.5x, https:\/\/i0.wp.com\/www.grieta.org.mx\/wp-content\/uploads\/2019\/07\/WhatsApp-Image-2019-07-11-at-10.47.57.jpg?resize=700%2C400&ssl=1 2x"},"classes":[]},{"id":35643,"url":"https:\/\/www.grieta.org.mx\/index.php\/2019\/05\/13\/construccion-del-parque-eolico-en-chapulco-genera-conflicto-social-y-ambiental-acusan-puebla\/","url_meta":{"origin":35647,"position":1},"title":"Construcci\u00f3n del parque e\u00f3lico en Chapulco genera conflicto social y ambiental, acusan (Puebla)","author":"Admin","date":"13 mayo, 2019","format":false,"excerpt":"Berenice Mart\u00ednez \/ El Sol de Puebla Ejidatarios de Chapulco denunciaron que la construcci\u00f3n del parque e\u00f3lico en la regi\u00f3n por la empresa Pier IV S.A. de C.V., filial de la firma espa\u00f1ola Iberdrola, est\u00e1 generando conflicto social y ambiental por la tala de \u00e1rboles y contaminaci\u00f3n del agua, adem\u00e1s\u2026","rel":"","context":"En &quot;CINTILLO&quot;","block_context":{"text":"CINTILLO","link":"https:\/\/www.grieta.org.mx\/index.php\/category\/cintillo\/"},"img":{"alt_text":"","src":"https:\/\/i0.wp.com\/www.grieta.org.mx\/wp-content\/uploads\/2019\/06\/ejidatarios.jpg?resize=350%2C200&ssl=1","width":350,"height":200},"classes":[]},{"id":39284,"url":"https:\/\/www.grieta.org.mx\/index.php\/2019\/09\/19\/los-pueblos-totonacos-que-defienden-su-rio-contra-walmart-documental-puebla\/","url_meta":{"origin":35647,"position":2},"title":"Los pueblos totonacos que defienden su r\u00edo contra Walmart (Documental) (Puebla)","author":"Admin","date":"19 septiembre, 2019","format":false,"excerpt":"EDUCA \/ Kaos en la Red En julio del 2019, las comunidades totonacas firmaron una petici\u00f3n para exigir que se cancele el Proyecto Hidroel\u00e9ctrico Puebla 1, que fue autorizado por el Estado Mexicano. Un nuevo documental resume la cosmovisi\u00f3n de los pueblos totonacos de la Sierra de Puebla de Ahuacatl\u00e1n\u2026","rel":"","context":"En &quot;26. Sierra Puebla&quot;","block_context":{"text":"26. Sierra Puebla","link":"https:\/\/www.grieta.org.mx\/index.php\/category\/espejos-de-la-resistencia\/26-sierra-puebla\/"},"img":{"alt_text":"","src":"https:\/\/i0.wp.com\/www.grieta.org.mx\/wp-content\/uploads\/2019\/09\/hidro-300x200.jpg?resize=350%2C200","width":350,"height":200,"srcset":"https:\/\/i0.wp.com\/www.grieta.org.mx\/wp-content\/uploads\/2019\/09\/hidro-300x200.jpg?resize=350%2C200 1x, https:\/\/i0.wp.com\/www.grieta.org.mx\/wp-content\/uploads\/2019\/09\/hidro-300x200.jpg?resize=525%2C300 1.5x, https:\/\/i0.wp.com\/www.grieta.org.mx\/wp-content\/uploads\/2019\/09\/hidro-300x200.jpg?resize=700%2C400 2x"},"classes":[]},{"id":24310,"url":"https:\/\/www.grieta.org.mx\/index.php\/2018\/06\/18\/tala-desmedida-pone-en-riesgo-los-manantiales-de-chignautla-puebla\/","url_meta":{"origin":35647,"position":3},"title":"Tala desmedida pone en riesgo los manantiales de Chignautla (Puebla)","author":"grieta","date":"18 junio, 2018","format":false,"excerpt":"Por Ale Cabrera Pobladores del municipio de Chignautla denunciaron la destrucci\u00f3n de una zona protegida donde se ubican los yacimientos de agua que abastecen a la regi\u00f3n, esto tras la tala de \u00e1rboles que presuntamente es permitida por las autoridades locales, la cual es encabezada por el priista Arturo C\u00f3rdova\u2026","rel":"","context":"En &quot;CINTILLO&quot;","block_context":{"text":"CINTILLO","link":"https:\/\/www.grieta.org.mx\/index.php\/category\/cintillo\/"},"img":{"alt_text":"","src":"https:\/\/i0.wp.com\/www.grieta.org.mx\/wp-content\/uploads\/2018\/07\/talas_0.jpg?resize=350%2C200&ssl=1","width":350,"height":200,"srcset":"https:\/\/i0.wp.com\/www.grieta.org.mx\/wp-content\/uploads\/2018\/07\/talas_0.jpg?resize=350%2C200&ssl=1 1x, https:\/\/i0.wp.com\/www.grieta.org.mx\/wp-content\/uploads\/2018\/07\/talas_0.jpg?resize=525%2C300&ssl=1 1.5x"},"classes":[]},{"id":39959,"url":"https:\/\/www.grieta.org.mx\/index.php\/2019\/09\/23\/comunidades-indigenas-se-oponen-al-proyecto-hidroelectrico-de-san-felipe-teopantlan-puebla\/","url_meta":{"origin":35647,"position":4},"title":"Comunidades ind\u00edgenas se oponen al proyecto hidroel\u00e9ctrico de San Felipe Teopantl\u00e1n (Puebla)","author":"Admin","date":"23 septiembre, 2019","format":false,"excerpt":"Hip\u00f3lito Contreras \/ Desde Puebla \"Soy Joaqu\u00edn Hern\u00e1ndez, vengo del municipio de San Felipe Teopantl\u00e1n, estamos defendiendo el r\u00edo porque con el proyecto hidroel\u00e9ctrico Puebla Uno se va a desviar cuatro y medio kil\u00f3metros, lo que va a dejar sin agua a las comunidades\", expres\u00f3 el dirigente ind\u00edgena. Ese r\u00edo,\u2026","rel":"","context":"En &quot;CINTILLO&quot;","block_context":{"text":"CINTILLO","link":"https:\/\/www.grieta.org.mx\/index.php\/category\/cintillo\/"},"img":{"alt_text":"","src":"https:\/\/i0.wp.com\/www.grieta.org.mx\/wp-content\/uploads\/2019\/10\/DSC03028.jpg?resize=350%2C200&ssl=1","width":350,"height":200,"srcset":"https:\/\/i0.wp.com\/www.grieta.org.mx\/wp-content\/uploads\/2019\/10\/DSC03028.jpg?resize=350%2C200&ssl=1 1x, https:\/\/i0.wp.com\/www.grieta.org.mx\/wp-content\/uploads\/2019\/10\/DSC03028.jpg?resize=525%2C300&ssl=1 1.5x, https:\/\/i0.wp.com\/www.grieta.org.mx\/wp-content\/uploads\/2019\/10\/DSC03028.jpg?resize=700%2C400&ssl=1 2x, https:\/\/i0.wp.com\/www.grieta.org.mx\/wp-content\/uploads\/2019\/10\/DSC03028.jpg?resize=1050%2C600&ssl=1 3x, https:\/\/i0.wp.com\/www.grieta.org.mx\/wp-content\/uploads\/2019\/10\/DSC03028.jpg?resize=1400%2C800&ssl=1 4x"},"classes":[]},{"id":40751,"url":"https:\/\/www.grieta.org.mx\/index.php\/2019\/10\/30\/talaran-mas-de-700-arboles-en-ocoyucan-para-desarrollo-inmobiliario-puebla\/","url_meta":{"origin":35647,"position":5},"title":"Talar\u00e1n m\u00e1s de 700 \u00e1rboles en Ocoyucan para desarrollo inmobiliario (Puebla)","author":"Admin","date":"30 octubre, 2019","format":false,"excerpt":"Para la construcci\u00f3n del desarrollo inmobiliario \u201cLomas City\u201d en el municipio de Santa Clara Ocoyucan se talar\u00e1n mil 736 \u00e1rboles y se cambiar\u00e1 el uso de suelo de 332 hect\u00e1reas, en caso de que la Secretar\u00eda de Medio Ambiente y Recursos Naturales (Semarnat) autorice el proyecto al particular Rafael Posada\u2026","rel":"","context":"En &quot;CINTILLO&quot;","block_context":{"text":"CINTILLO","link":"https:\/\/www.grieta.org.mx\/index.php\/category\/cintillo\/"},"img":{"alt_text":"","src":"https:\/\/i0.wp.com\/www.grieta.org.mx\/wp-content\/uploads\/2019\/11\/green-1072828_960_720.jpg?resize=350%2C200&ssl=1","width":350,"height":200,"srcset":"https:\/\/i0.wp.com\/www.grieta.org.mx\/wp-content\/uploads\/2019\/11\/green-1072828_960_720.jpg?resize=350%2C200&ssl=1 1x, https:\/\/i0.wp.com\/www.grieta.org.mx\/wp-content\/uploads\/2019\/11\/green-1072828_960_720.jpg?resize=525%2C300&ssl=1 1.5x, https:\/\/i0.wp.com\/www.grieta.org.mx\/wp-content\/uploads\/2019\/11\/green-1072828_960_720.jpg?resize=700%2C400&ssl=1 2x"},"classes":[]}],"_links":{"self":[{"href":"https:\/\/www.grieta.org.mx\/index.php\/wp-json\/wp\/v2\/posts\/35647","targetHints":{"allow":["GET"]}}],"collection":[{"href":"https:\/\/www.grieta.org.mx\/index.php\/wp-json\/wp\/v2\/posts"}],"about":[{"href":"https:\/\/www.grieta.org.mx\/index.php\/wp-json\/wp\/v2\/types\/post"}],"author":[{"embeddable":true,"href":"https:\/\/www.grieta.org.mx\/index.php\/wp-json\/wp\/v2\/users\/1"}],"replies":[{"embeddable":true,"href":"https:\/\/www.grieta.org.mx\/index.php\/wp-json\/wp\/v2\/comments?post=35647"}],"version-history":[{"count":1,"href":"https:\/\/www.grieta.org.mx\/index.php\/wp-json\/wp\/v2\/posts\/35647\/revisions"}],"predecessor-version":[{"id":35650,"href":"https:\/\/www.grieta.org.mx\/index.php\/wp-json\/wp\/v2\/posts\/35647\/revisions\/35650"}],"wp:featuredmedia":[{"embeddable":true,"href":"https:\/\/www.grieta.org.mx\/index.php\/wp-json\/wp\/v2\/media\/35648"}],"wp:attachment":[{"href":"https:\/\/www.grieta.org.mx\/index.php\/wp-json\/wp\/v2\/media?parent=35647"}],"wp:term":[{"taxonomy":"category","embeddable":true,"href":"https:\/\/www.grieta.org.mx\/index.php\/wp-json\/wp\/v2\/categories?post=35647"},{"taxonomy":"post_tag","embeddable":true,"href":"https:\/\/www.grieta.org.mx\/index.php\/wp-json\/wp\/v2\/tags?post=35647"}],"curies":[{"name":"wp","href":"https:\/\/api.w.org\/{rel}","templated":true}]}}