{"id":35643,"date":"2019-05-13T01:08:23","date_gmt":"2019-05-13T06:08:23","guid":{"rendered":"http:\/\/www.grieta.org.mx\/?p=35643"},"modified":"2019-06-30T01:18:39","modified_gmt":"2019-06-30T06:18:39","slug":"construccion-del-parque-eolico-en-chapulco-genera-conflicto-social-y-ambiental-acusan-puebla","status":"publish","type":"post","link":"https:\/\/www.grieta.org.mx\/index.php\/2019\/05\/13\/construccion-del-parque-eolico-en-chapulco-genera-conflicto-social-y-ambiental-acusan-puebla\/","title":{"rendered":"Construcci\u00f3n del parque e\u00f3lico en Chapulco genera conflicto social y ambiental, acusan (Puebla)"},"content":{"rendered":"<p><a href=\"http:\/\/www.grieta.org.mx\/wp-content\/uploads\/2019\/06\/ejidatarios.jpg\"><img loading=\"lazy\" decoding=\"async\" data-attachment-id=\"35644\" data-permalink=\"https:\/\/www.grieta.org.mx\/index.php\/2019\/05\/13\/construccion-del-parque-eolico-en-chapulco-genera-conflicto-social-y-ambiental-acusan-puebla\/ejidatarios\/\" data-orig-file=\"https:\/\/www.grieta.org.mx\/wp-content\/uploads\/2019\/06\/ejidatarios.jpg\" data-orig-size=\"400,250\" data-comments-opened=\"0\" data-image-meta=\"{&quot;aperture&quot;:&quot;0&quot;,&quot;credit&quot;:&quot;&quot;,&quot;camera&quot;:&quot;&quot;,&quot;caption&quot;:&quot;&quot;,&quot;created_timestamp&quot;:&quot;0&quot;,&quot;copyright&quot;:&quot;&quot;,&quot;focal_length&quot;:&quot;0&quot;,&quot;iso&quot;:&quot;0&quot;,&quot;shutter_speed&quot;:&quot;0&quot;,&quot;title&quot;:&quot;&quot;,&quot;orientation&quot;:&quot;0&quot;}\" data-image-title=\"ejidatarios\" data-image-description=\"\" data-image-caption=\"\" data-medium-file=\"https:\/\/www.grieta.org.mx\/wp-content\/uploads\/2019\/06\/ejidatarios-300x188.jpg\" data-large-file=\"https:\/\/www.grieta.org.mx\/wp-content\/uploads\/2019\/06\/ejidatarios.jpg\" class=\"aligncenter wp-image-35644\" src=\"http:\/\/www.grieta.org.mx\/wp-content\/uploads\/2019\/06\/ejidatarios-300x188.jpg\" alt=\"\" width=\"800\" height=\"500\" srcset=\"https:\/\/www.grieta.org.mx\/wp-content\/uploads\/2019\/06\/ejidatarios-300x188.jpg 300w, https:\/\/www.grieta.org.mx\/wp-content\/uploads\/2019\/06\/ejidatarios.jpg 400w\" sizes=\"auto, (max-width: 800px) 100vw, 800px\" \/><\/a><\/p>\n<p>Berenice Mart\u00ednez \/ El Sol de Puebla<\/p>\n<p>Ejidatarios de Chapulco denunciaron que la construcci\u00f3n del parque e\u00f3lico en la regi\u00f3n por la empresa Pier IV S.A. de C.V., filial de la firma espa\u00f1ola Iberdrola, est\u00e1 generando conflicto social y ambiental por la tala de \u00e1rboles y contaminaci\u00f3n del agua, adem\u00e1s generar\u00e1 energ\u00eda para Grupo Modelo y no para los pobladores.<\/p>\n<p>En conferencia de prensa, Lorenzo Osorio Rosas, presidente del Comisariado Ejidal de San Pedro Chapulco; Mario Betanzo Castillo tesorero del ejido y Luis Cruz L\u00e1zaro, comunero de Azumbilla, comentaron que la empresa \u201cenga\u00f1\u00f3\u201d a las comunidades porque prometi\u00f3 dar empleo, lo cual no ha sucedido.<\/p>\n<p>\u201cTuvimos una asamblea ejidataria, el 19 de mayo daremos informaci\u00f3n de lo que se nos viene encima, la contaminaci\u00f3n, lo social, se nos van a venir problemas fuertes, de esto lo sabe el gobierno del estado, el pasado 14 de febrero nos reunimos con el Secretario General de Gobierno y no han hecho caso\u201d, dijo.<\/p>\n<p>Aseguraron que el gobierno del Estado protege a Pier IV S.A. de C. que ha talado \u00e1rboles y contaminando el agua de la regi\u00f3n que ya tiene color azul, hechos que denunciar\u00e1n el pr\u00f3ximo 19 de mayo en el foro regional denominado \u201cEn defensa del Valle de Tehuac\u00e1n y la Sierra Negra\u201d en Chapulco, Puebla.<\/p>\n<p><a href=\"https:\/\/www.elsoldepuebla.com.mx\/local\/construccion-del-parque-eolico-genera-conflicto-social-y-ambiental-acusan-puebla-tala-de-arboles-contaminacion-del-agua-3613487.html\">https:\/\/www.elsoldepuebla.com.mx\/local\/construccion-del-parque-eolico-genera-conflicto-social-y-ambiental-acusan-puebla-tala-de-arboles-contaminacion-del-agua-3613487.html<\/a><\/p>\n","protected":false},"excerpt":{"rendered":"<p>Berenice Mart\u00ednez \/ El Sol de Puebla Ejidatarios de Chapulco denunciaron que la construcci\u00f3n del parque e\u00f3lico en la regi\u00f3n por la empresa Pier IV S.A. de C.V., filial de &hellip; <a href=\"https:\/\/www.grieta.org.mx\/index.php\/2019\/05\/13\/construccion-del-parque-eolico-en-chapulco-genera-conflicto-social-y-ambiental-acusan-puebla\/\" class=\"more-link\">Leer m\u00e1s<\/a><\/p>\n","protected":false},"author":1,"featured_media":35644,"comment_status":"closed","ping_status":"closed","sticky":false,"template":"","format":"standard","meta":{"ngg_post_thumbnail":0,"_jetpack_newsletter_access":"","_jetpack_dont_email_post_to_subs":false,"_jetpack_newsletter_tier_id":0,"_jetpack_memberships_contains_paywalled_content":false,"_jetpack_memberships_contains_paid_content":false,"footnotes":""},"categories":[80,3,2,37,2701,26,2702],"tags":[516],"class_list":["post-35643","post","type-post","status-publish","format-standard","has-post-thumbnail","hentry","category-cintillo","category-megaproyectos","category-noticias-nacionales","category-parques-eolicos","category-parques-eolicos-en-puebla","category-puebla","category-rechazo-a-parques-eolicos-en-puebla","tag-parques-eolicos","entry"],"jetpack_featured_media_url":"https:\/\/www.grieta.org.mx\/wp-content\/uploads\/2019\/06\/ejidatarios.jpg","jetpack_sharing_enabled":true,"jetpack_shortlink":"https:\/\/wp.me\/p7ZJR4-9gT","jetpack_likes_enabled":false,"jetpack-related-posts":[{"id":15173,"url":"https:\/\/www.grieta.org.mx\/index.php\/2016\/06\/19\/aprueban-parque-eolico-en-puebla\/","url_meta":{"origin":35643,"position":0},"title":"Aprueban parque e\u00f3lico en Puebla","author":"grieta","date":"19 junio, 2016","format":false,"excerpt":"19\/06\/16. Semarnat aprueba tercer parque e\u00f3lico en el estado de Puebla El Economista","rel":"","context":"En &quot;NOTICIAS NACIONALES&quot;","block_context":{"text":"NOTICIAS NACIONALES","link":"https:\/\/www.grieta.org.mx\/index.php\/category\/noticias-nacionales\/"},"img":{"alt_text":"","src":"https:\/\/i0.wp.com\/www.grieta.org.mx\/wp-content\/uploads\/2018\/03\/14524434_1106112876131411_958039263622046936_o.jpg?resize=350%2C200&ssl=1","width":350,"height":200,"srcset":"https:\/\/i0.wp.com\/www.grieta.org.mx\/wp-content\/uploads\/2018\/03\/14524434_1106112876131411_958039263622046936_o.jpg?resize=350%2C200&ssl=1 1x, https:\/\/i0.wp.com\/www.grieta.org.mx\/wp-content\/uploads\/2018\/03\/14524434_1106112876131411_958039263622046936_o.jpg?resize=525%2C300&ssl=1 1.5x, https:\/\/i0.wp.com\/www.grieta.org.mx\/wp-content\/uploads\/2018\/03\/14524434_1106112876131411_958039263622046936_o.jpg?resize=700%2C400&ssl=1 2x"},"classes":[]},{"id":4298,"url":"https:\/\/www.grieta.org.mx\/index.php\/2016\/03\/28\/parques-eolicos-en-tamaulipas-2\/","url_meta":{"origin":35643,"position":1},"title":"Parques e\u00f3licos en Tamaulipas","author":"grieta","date":"28 marzo, 2016","format":false,"excerpt":"27\/04\/16. Registra 60% de avance construcci\u00f3n de parques e\u00f3licos en TamaulipasPosta 28\/02\/16. Parque e\u00f3lico electrificar\u00e1 a supermercados Expreso.press 22\/02\/16. En Tamaulipas funcionar\u00e1n 4 desarrollos e\u00f3licos este a\u00f1o La Regi\u00f3n Tamaulipas 09\/12\/15. Suma Tamaulipas 8 proyectos e\u00f3licos m\u00e1s La verdad Tamaulipas 29\/10\/15. Tamaulipas prepara nueve proyectos e\u00f3licos en el estado Z\u00f3calo\u2026","rel":"","context":"En &quot;Parques E\u00f3licos en Tamaulipas&quot;","block_context":{"text":"Parques E\u00f3licos en Tamaulipas","link":"https:\/\/www.grieta.org.mx\/index.php\/category\/megaproyectos\/parques-eolicos\/parques-eolicos-en-tamaulipas\/"},"img":{"alt_text":"","src":"https:\/\/i0.wp.com\/www.grieta.org.mx\/wp-content\/uploads\/2018\/03\/14524434_1106112876131411_958039263622046936_o.jpg?resize=350%2C200&ssl=1","width":350,"height":200,"srcset":"https:\/\/i0.wp.com\/www.grieta.org.mx\/wp-content\/uploads\/2018\/03\/14524434_1106112876131411_958039263622046936_o.jpg?resize=350%2C200&ssl=1 1x, https:\/\/i0.wp.com\/www.grieta.org.mx\/wp-content\/uploads\/2018\/03\/14524434_1106112876131411_958039263622046936_o.jpg?resize=525%2C300&ssl=1 1.5x, https:\/\/i0.wp.com\/www.grieta.org.mx\/wp-content\/uploads\/2018\/03\/14524434_1106112876131411_958039263622046936_o.jpg?resize=700%2C400&ssl=1 2x"},"classes":[]},{"id":4339,"url":"https:\/\/www.grieta.org.mx\/index.php\/2015\/07\/21\/proyectan-cuatro-parques-eolicos-en-puebla-jalisco-zacatecas-y-tamaulipas\/","url_meta":{"origin":35643,"position":2},"title":"Proyectan cuatro parques e\u00f3licos en Puebla, Jalisco, Zacatecas y Tamaulipas","author":"grieta","date":"21 julio, 2015","format":false,"excerpt":"El Economista JES\u00daS V\u00c1ZQUEZ Y MIGUEL HERN\u00c1NDEZ Canc\u00fan, QR. Tres parques e\u00f3licos buscan sus respectivas aprobaciones ambientales en Puebla, Jalisco y Zacatecas, mientras que un cuarto denominado Parque E\u00f3lico Reynosa, en Tamaulipas, recibi\u00f3 ya luz verde por parte de la Secretar\u00eda de Medio Ambiente y Recursos Naturales (Semarnat). Se trata\u2026","rel":"","context":"En &quot;CINTILLO&quot;","block_context":{"text":"CINTILLO","link":"https:\/\/www.grieta.org.mx\/index.php\/category\/cintillo\/"},"img":{"alt_text":"","src":"https:\/\/i0.wp.com\/www.grieta.org.mx\/wp-content\/uploads\/2018\/03\/14524434_1106112876131411_958039263622046936_o.jpg?resize=350%2C200&ssl=1","width":350,"height":200,"srcset":"https:\/\/i0.wp.com\/www.grieta.org.mx\/wp-content\/uploads\/2018\/03\/14524434_1106112876131411_958039263622046936_o.jpg?resize=350%2C200&ssl=1 1x, https:\/\/i0.wp.com\/www.grieta.org.mx\/wp-content\/uploads\/2018\/03\/14524434_1106112876131411_958039263622046936_o.jpg?resize=525%2C300&ssl=1 1.5x, https:\/\/i0.wp.com\/www.grieta.org.mx\/wp-content\/uploads\/2018\/03\/14524434_1106112876131411_958039263622046936_o.jpg?resize=700%2C400&ssl=1 2x"},"classes":[]},{"id":5611,"url":"https:\/\/www.grieta.org.mx\/index.php\/2016\/01\/26\/conflictos-ambientales-debido-a-parques-eolicos-en-aguascalientes\/","url_meta":{"origin":35643,"position":3},"title":"Conflictos ambientales debido a parques e\u00f3licos en Aguascalientes","author":"grieta","date":"26 enero, 2016","format":false,"excerpt":"26\/01\/16. Niega Semarnat permiso para construcci\u00f3n de parque e\u00f3lico en Aguascalientes La Jornada Aguascalientes 10\/01\/16. Autoriza Semarnat parque e\u00f3lico a cuatro kil\u00f3metros de \u00e1rea natural protegida La Jornada Aguascalientes","rel":"","context":"En &quot;Aguascalientes&quot;","block_context":{"text":"Aguascalientes","link":"https:\/\/www.grieta.org.mx\/index.php\/category\/noticias-nacionales\/aguascalientes\/"},"img":{"alt_text":"","src":"https:\/\/i0.wp.com\/www.grieta.org.mx\/wp-content\/uploads\/2018\/03\/14524434_1106112876131411_958039263622046936_o.jpg?resize=350%2C200&ssl=1","width":350,"height":200,"srcset":"https:\/\/i0.wp.com\/www.grieta.org.mx\/wp-content\/uploads\/2018\/03\/14524434_1106112876131411_958039263622046936_o.jpg?resize=350%2C200&ssl=1 1x, https:\/\/i0.wp.com\/www.grieta.org.mx\/wp-content\/uploads\/2018\/03\/14524434_1106112876131411_958039263622046936_o.jpg?resize=525%2C300&ssl=1 1.5x, https:\/\/i0.wp.com\/www.grieta.org.mx\/wp-content\/uploads\/2018\/03\/14524434_1106112876131411_958039263622046936_o.jpg?resize=700%2C400&ssl=1 2x"},"classes":[]},{"id":6189,"url":"https:\/\/www.grieta.org.mx\/index.php\/2016\/08\/29\/avanzan-proyectos-de-parques-eolicos-en-yucatan\/","url_meta":{"origin":35643,"position":4},"title":"Avanzan proyectos de parques e\u00f3licos en Yucat\u00e1n","author":"grieta","date":"29 agosto, 2016","format":false,"excerpt":"29\/08\/16. Sorpresa en obra e\u00f3lica (Yucat\u00e1n) Diario de Yucat\u00e1n 11\/06\/16. En Yucat\u00e1n, empresas de energ\u00eda e\u00f3lica obtendr\u00e1n cr\u00e9ditos hipotecando tierras mayas Mayapolitikon 31\/03\/16. Motul y Ticul \u201cacaparan\u201d parques e\u00f3licos y solares en Yucat\u00e1n Mayapolitikon 03\/12\/15. Pronto nuevo parque e\u00f3lico Diario de Yucat\u00e1n 23\/10\/15. Primer parque e\u00f3lico de Yucat\u00e1n 'alimentar\u00e1' todos\u2026","rel":"","context":"En &quot;16. Pueblo Maya&quot;","block_context":{"text":"16. Pueblo Maya","link":"https:\/\/www.grieta.org.mx\/index.php\/category\/espejos-de-la-resistencia\/16-pueblo-maya\/"},"img":{"alt_text":"","src":"https:\/\/i0.wp.com\/www.grieta.org.mx\/wp-content\/uploads\/2018\/03\/14524434_1106112876131411_958039263622046936_o.jpg?resize=350%2C200&ssl=1","width":350,"height":200,"srcset":"https:\/\/i0.wp.com\/www.grieta.org.mx\/wp-content\/uploads\/2018\/03\/14524434_1106112876131411_958039263622046936_o.jpg?resize=350%2C200&ssl=1 1x, https:\/\/i0.wp.com\/www.grieta.org.mx\/wp-content\/uploads\/2018\/03\/14524434_1106112876131411_958039263622046936_o.jpg?resize=525%2C300&ssl=1 1.5x, https:\/\/i0.wp.com\/www.grieta.org.mx\/wp-content\/uploads\/2018\/03\/14524434_1106112876131411_958039263622046936_o.jpg?resize=700%2C400&ssl=1 2x"},"classes":[]},{"id":4362,"url":"https:\/\/www.grieta.org.mx\/index.php\/2015\/06\/08\/soriana-y-gemex-construiran-parques-eolicos-en-tamaulipas\/","url_meta":{"origin":35643,"position":5},"title":"Soriana y Gemex construir\u00e1n parques e\u00f3licos en Tamaulipas","author":"grieta","date":"8 junio, 2015","format":false,"excerpt":"Hoy Estado de M\u00e9xico La tienda comercial fundada por los hermanos Don Francisco y Armando Mart\u00edn Borque en la ciudad de Torre\u00f3n, Coahuila, se unir\u00e1 a la empresa tambi\u00e9n mexicana, Gemex, en la construcci\u00f3n de dos parques e\u00f3licos en el municipio de G\u00fcemez, Tamaulipas. En cada parque, se invertir\u00e1n alrededor\u2026","rel":"","context":"En &quot;CINTILLO&quot;","block_context":{"text":"CINTILLO","link":"https:\/\/www.grieta.org.mx\/index.php\/category\/cintillo\/"},"img":{"alt_text":"","src":"https:\/\/i0.wp.com\/www.grieta.org.mx\/wp-content\/uploads\/2018\/03\/14524434_1106112876131411_958039263622046936_o.jpg?resize=350%2C200&ssl=1","width":350,"height":200,"srcset":"https:\/\/i0.wp.com\/www.grieta.org.mx\/wp-content\/uploads\/2018\/03\/14524434_1106112876131411_958039263622046936_o.jpg?resize=350%2C200&ssl=1 1x, https:\/\/i0.wp.com\/www.grieta.org.mx\/wp-content\/uploads\/2018\/03\/14524434_1106112876131411_958039263622046936_o.jpg?resize=525%2C300&ssl=1 1.5x, https:\/\/i0.wp.com\/www.grieta.org.mx\/wp-content\/uploads\/2018\/03\/14524434_1106112876131411_958039263622046936_o.jpg?resize=700%2C400&ssl=1 2x"},"classes":[]}],"_links":{"self":[{"href":"https:\/\/www.grieta.org.mx\/index.php\/wp-json\/wp\/v2\/posts\/35643","targetHints":{"allow":["GET"]}}],"collection":[{"href":"https:\/\/www.grieta.org.mx\/index.php\/wp-json\/wp\/v2\/posts"}],"about":[{"href":"https:\/\/www.grieta.org.mx\/index.php\/wp-json\/wp\/v2\/types\/post"}],"author":[{"embeddable":true,"href":"https:\/\/www.grieta.org.mx\/index.php\/wp-json\/wp\/v2\/users\/1"}],"replies":[{"embeddable":true,"href":"https:\/\/www.grieta.org.mx\/index.php\/wp-json\/wp\/v2\/comments?post=35643"}],"version-history":[{"count":1,"href":"https:\/\/www.grieta.org.mx\/index.php\/wp-json\/wp\/v2\/posts\/35643\/revisions"}],"predecessor-version":[{"id":35646,"href":"https:\/\/www.grieta.org.mx\/index.php\/wp-json\/wp\/v2\/posts\/35643\/revisions\/35646"}],"wp:featuredmedia":[{"embeddable":true,"href":"https:\/\/www.grieta.org.mx\/index.php\/wp-json\/wp\/v2\/media\/35644"}],"wp:attachment":[{"href":"https:\/\/www.grieta.org.mx\/index.php\/wp-json\/wp\/v2\/media?parent=35643"}],"wp:term":[{"taxonomy":"category","embeddable":true,"href":"https:\/\/www.grieta.org.mx\/index.php\/wp-json\/wp\/v2\/categories?post=35643"},{"taxonomy":"post_tag","embeddable":true,"href":"https:\/\/www.grieta.org.mx\/index.php\/wp-json\/wp\/v2\/tags?post=35643"}],"curies":[{"name":"wp","href":"https:\/\/api.w.org\/{rel}","templated":true}]}}