{"id":35551,"date":"2019-06-28T03:02:27","date_gmt":"2019-06-28T08:02:27","guid":{"rendered":"http:\/\/www.grieta.org.mx\/?p=35551"},"modified":"2019-06-29T03:18:41","modified_gmt":"2019-06-29T08:18:41","slug":"casa-del-migrante-en-sonora-acusa-que-guardia-nacional-intento-irrumpir-en-albergue","status":"publish","type":"post","link":"https:\/\/www.grieta.org.mx\/index.php\/2019\/06\/28\/casa-del-migrante-en-sonora-acusa-que-guardia-nacional-intento-irrumpir-en-albergue\/","title":{"rendered":"Casa del Migrante en Sonora acusa que Guardia Nacional intent\u00f3 irrumpir en albergue"},"content":{"rendered":"<blockquote><p>Los albergues de la zona norte denuncian que elementos de la Guardia Nacional quisieron entrar a las instalaciones de Agua Prieta. El gobierno no ofrece explicaciones.<\/p><\/blockquote>\n<p><img loading=\"lazy\" decoding=\"async\" data-attachment-id=\"35552\" data-permalink=\"https:\/\/www.grieta.org.mx\/index.php\/2019\/06\/28\/casa-del-migrante-en-sonora-acusa-que-guardia-nacional-intento-irrumpir-en-albergue\/20190623_195451-1\/\" data-orig-file=\"https:\/\/www.grieta.org.mx\/wp-content\/uploads\/2019\/06\/20190623_195451-1.jpg\" data-orig-size=\"960,500\" data-comments-opened=\"0\" data-image-meta=\"{&quot;aperture&quot;:&quot;0&quot;,&quot;credit&quot;:&quot;&quot;,&quot;camera&quot;:&quot;&quot;,&quot;caption&quot;:&quot;&quot;,&quot;created_timestamp&quot;:&quot;0&quot;,&quot;copyright&quot;:&quot;&quot;,&quot;focal_length&quot;:&quot;0&quot;,&quot;iso&quot;:&quot;0&quot;,&quot;shutter_speed&quot;:&quot;0&quot;,&quot;title&quot;:&quot;&quot;,&quot;orientation&quot;:&quot;0&quot;}\" data-image-title=\"20190623_195451-1\" data-image-description=\"\" data-image-caption=\"\" data-medium-file=\"https:\/\/www.grieta.org.mx\/wp-content\/uploads\/2019\/06\/20190623_195451-1-300x156.jpg\" data-large-file=\"https:\/\/www.grieta.org.mx\/wp-content\/uploads\/2019\/06\/20190623_195451-1.jpg\" class=\"alignleft wp-image-35552\" src=\"http:\/\/www.grieta.org.mx\/wp-content\/uploads\/2019\/06\/20190623_195451-1.jpg\" alt=\"\" width=\"780\" height=\"406\" srcset=\"https:\/\/www.grieta.org.mx\/wp-content\/uploads\/2019\/06\/20190623_195451-1.jpg 960w, https:\/\/www.grieta.org.mx\/wp-content\/uploads\/2019\/06\/20190623_195451-1-300x156.jpg 300w, https:\/\/www.grieta.org.mx\/wp-content\/uploads\/2019\/06\/20190623_195451-1-768x400.jpg 768w\" sizes=\"auto, (max-width: 780px) 100vw, 780px\" \/><\/p>\n<p>Alberto Pradilla\/ ANIMAL POL\u00cdTICO<\/p>\n<p>Domingo 23 de junio, 19.00 horas. Perla del \u00c1ngel, voluntaria del Centro de Atenci\u00f3n al Migrante Exodus (Came) en Agua Prieta, Sonora, est\u00e1 por abandonar el local. En el exterior hay un polic\u00eda municipal que vigila el recinto porque han sufrido hostigamiento y amenazas por parte de grupos criminales de la zona. De repente aparecen tres veh\u00edculos militares. Sus agentes llevan brazaletes de la Guardia Nacional.<\/p>\n<p>Domingo 23 de junio, 19.00 horas. Perla del \u00c1ngel, voluntaria del Centro de Atenci\u00f3n al Migrante Exodus (Came) en Agua Prieta, Sonora, est\u00e1 por abandonar el local. En el exterior hay un polic\u00eda municipal que vigila el recinto porque han sufrido hostigamiento y amenazas por parte de grupos criminales de la zona. De repente aparecen tres veh\u00edculos militares. Sus agentes llevan brazaletes de la Guardia Nacional.<\/p>\n<p>Tras la amenaza de Trump, las detenciones de migrantes en M\u00e9xico rompen r\u00e9cord<\/p>\n<p>Las tres patrullas se detienen frente al centro. Bajan algunos uniformados y comienzan a interrogar al polic\u00eda.<\/p>\n<p>\u201cEst\u00e1 ah\u00ed porque en el interior de nuestra instituci\u00f3n tenemos a v\u00edctimas de delitos graves\u201d, dice Del \u00c1ngel, quien se queda sorprendida por la presencia militar. Estaba a punto de abandonar el lugar, pero mejor se queda.<\/p>\n<p>Pasa media hora y aparece el coordinador del centro.<\/p>\n<p>Los integrantes de la Guardia Nacional le dicen que est\u00e1n all\u00ed porque han recibido una denuncia por la presencia de un hombre armado en el lugar.<\/p>\n<p>Se trata del polic\u00eda, quien previamente se hab\u00eda identificado como tal y \u00fanicamente se hab\u00eda quitado la chaqueta debido al calor, explica Del \u00c1ngel.<\/p>\n<p>A partir de ese momento comienzan las preguntas sobre la Casa del Migrante.<\/p>\n<p>Cu\u00e1nta gente hay. Qui\u00e9nes son. Cu\u00e1l es su situaci\u00f3n.<\/p>\n<p>\u201cRecibimos muchas personas que migran hacia Estados Unidos o solicitantes de asilo y son datos que no proporcionamos\u201d, dice la voluntaria. Agua Prieta es un municipio fronterizo con la localidad de Douglas, en Estados Unidos, por lo que son muchos los migrantes y solicitantes de asilo que acuden a este albergue. Del \u00c1ngel explica que tienen por pol\u00edtica no dar detalles sobre cu\u00e1ntas personas se encuentran alojadas por el momento, \u201cpor seguridad de los migrantes y de la propia casa\u201d, afirma.<\/p>\n<p>En ese momento las cosas comienzan a torcerse. \u201cUno de los militares insiste en entrar en el albergue. Dice que puede llamar al Instituto Nacional de Migraci\u00f3n (INM) para realizar una verificaci\u00f3n migratoria. Que le resulta sospechoso que la puerta est\u00e9 cerrada con llave, que c\u00f3mo puede saber que las personas que est\u00e1n en el interior est\u00e1n por su propia voluntad. Que es un agente que tiene derecho a entrar en un espacio p\u00fablico.<\/p>\n<p>Fuentes de la Guardia Nacional reconocieron la existencia de la denuncia y se\u00f1alaron que \u201clos hechos se est\u00e1n investigando\u201d. \u201cEl compromiso de la GN es salvaguardar la integridad f\u00edsica de todas las personas que est\u00e9n en territorio nacional, pero siempre respetando los Derechos Humanos bajo los protocolos de actuaci\u00f3n\u201d, dijeron estas fuentes, que insistieron en que \u201cla Secretar\u00eda de Seguridad P\u00fablica no tolerar\u00e1 abusos de autoridad\u201d.<\/p>\n<p>Hostigamiento por parte de grupos criminales<br \/>\n\u201cEstamos en alerta ante posibles incidentes\u201d, explica Del \u00c1ngel. La Casa del Migrante, asegura, est\u00e1 inserta dentro del mecanismo de protecci\u00f3n a defensores y periodistas. Sus integrantes han sido hostigados, asegura, por parte de grupos criminales, a trav\u00e9s de llamadas y seguimientos.<\/p>\n<p>Llegan dos patrullas militares m\u00e1s. Pasadas las 20:00 horas son cinco veh\u00edculos con seis efectivos por veh\u00edculo. Es decir, 30 miembros de la Guardia Nacional que insisten en entrar en la Casa del Migrante. Sus responsables se niegan.<\/p>\n<p>Del \u00c1ngel explica que en ese momento hubo comunicaci\u00f3n directa con la Comisi\u00f3n Nacional de los Derechos Humanos (CNDH), mediante su oficina en Nogales, Sonora.<\/p>\n<p>Denuncia que uno de los efectivos trat\u00f3 de interrogarle sobre aspectos como si pagaba impuestos. Denuncia que tom\u00f3 fotograf\u00edas y que los miembros de la Guardia Nacional le dijeron que estaba haciendo algo ilegal. Denuncia que fue filmada por uno de los uniformados<\/p>\n<p>A las 20:24 horas, casi hora y media despu\u00e9s de la llegada de los primeros veh\u00edculos militares, todo el dispositivo se retir\u00f3 sin dar explicaciones, seg\u00fan se\u00f1ala la voluntaria.<\/p>\n<p>La Casa del Migrante interpuso una queja ante la CNDH y solicit\u00f3 medidas cautelares de protecci\u00f3n. \u201cHemos pedido que la Guardia Nacional se abstenga de intimidar la labor de las casas del migrante. Lo del domingo es una ofensa a todos los que realizan esta labor. Hemos visto lo que la guardia est\u00e1 haciendo en Ju\u00e1rez\u201d, afirma la voluntaria.<\/p>\n<p>El incidente en Agua Prieta llega en un contexto en el que las casas de acogida a los migrantes han sido se\u00f1aladas por parte de diversos estamentos del Estado mexicano.<\/p>\n<p>El presidente, Andr\u00e9s Manuel L\u00f3pez Obrador, dijo el 17 de junio que su gobierno ten\u00eda intenci\u00f3n de retirar los fondos de los albergues y abogaba por el control estatal de estas infraestructuras. A pregunta de Animal Pol\u00edtico, responsables de casas del migrante de norte, centro y sur del pa\u00eds aseguraron no temer a la retirada del supuesto apoyo por parte de la administraci\u00f3n ya que en contadas ocasiones hab\u00edan recibido fondos estatales.<\/p>\n<p>Un d\u00eda despu\u00e9s, la Unidad de Inteligencia Patrimonial y Econ\u00f3mica de Tabasco, anunciaba su intenci\u00f3n de investigar albergues por su presunta participaci\u00f3n en redes de lavado de dinero vinculadas, supuestamente, a las caravanas migrantes. Esta entidad estatal hizo referencia a informaciones reveladas por el subsecretario de Derechos Humanos, Poblaci\u00f3n y Migraci\u00f3n, Alejandro Encinas. No obstante, el funcionario neg\u00f3 haber proporcionado informaci\u00f3n alguna ni haber vinculado albergues u ONG al tr\u00e1fico de personas.<\/p>\n<figure id=\"attachment_35553\" aria-describedby=\"caption-attachment-35553\" style=\"width: 780px\" class=\"wp-caption alignleft\"><img loading=\"lazy\" decoding=\"async\" data-attachment-id=\"35553\" data-permalink=\"https:\/\/www.grieta.org.mx\/index.php\/2019\/06\/28\/casa-del-migrante-en-sonora-acusa-que-guardia-nacional-intento-irrumpir-en-albergue\/20190623_195459-e1561685932313\/\" data-orig-file=\"https:\/\/www.grieta.org.mx\/wp-content\/uploads\/2019\/06\/20190623_195459-e1561685932313.jpg\" data-orig-size=\"600,450\" data-comments-opened=\"0\" data-image-meta=\"{&quot;aperture&quot;:&quot;0&quot;,&quot;credit&quot;:&quot;&quot;,&quot;camera&quot;:&quot;&quot;,&quot;caption&quot;:&quot;&quot;,&quot;created_timestamp&quot;:&quot;0&quot;,&quot;copyright&quot;:&quot;&quot;,&quot;focal_length&quot;:&quot;0&quot;,&quot;iso&quot;:&quot;0&quot;,&quot;shutter_speed&quot;:&quot;0&quot;,&quot;title&quot;:&quot;&quot;,&quot;orientation&quot;:&quot;0&quot;}\" data-image-title=\"20190623_195459-e1561685932313\" data-image-description=\"\" data-image-caption=\"&lt;p&gt;La Casa del Migrante de Agua Prieta, Sonora, denuncia que la Guardia Nacional trat\u00f3 de ingresar en sus instalaciones&lt;\/p&gt;\n\" data-medium-file=\"https:\/\/www.grieta.org.mx\/wp-content\/uploads\/2019\/06\/20190623_195459-e1561685932313-300x225.jpg\" data-large-file=\"https:\/\/www.grieta.org.mx\/wp-content\/uploads\/2019\/06\/20190623_195459-e1561685932313.jpg\" class=\"wp-image-35553\" src=\"http:\/\/www.grieta.org.mx\/wp-content\/uploads\/2019\/06\/20190623_195459-e1561685932313.jpg\" alt=\"\" width=\"780\" height=\"585\" srcset=\"https:\/\/www.grieta.org.mx\/wp-content\/uploads\/2019\/06\/20190623_195459-e1561685932313.jpg 600w, https:\/\/www.grieta.org.mx\/wp-content\/uploads\/2019\/06\/20190623_195459-e1561685932313-300x225.jpg 300w\" sizes=\"auto, (max-width: 780px) 100vw, 780px\" \/><figcaption id=\"caption-attachment-35553\" class=\"wp-caption-text\">La Casa del Migrante de Agua Prieta, Sonora, denuncia que la Guardia Nacional trat\u00f3 de ingresar en sus instalaciones<\/figcaption><\/figure>\n<p>Preocupaci\u00f3n legitima<br \/>\n\u201cVemos con mucha preocupaci\u00f3n este tipo de actos que parece buscar deslegitimar la labor de asistencia humanitaria y defensa de los Derechos Humanos que han realizado por d\u00e9cadas las casas de migrantes y dem\u00e1s organizaciones de la sociedad civil en todo el pa\u00eds. La intimidaci\u00f3n de las y los defensores no debe ser parte de los actos de autoridad, ni mucho menos de quienes aducen estar para realizar labores de \u2018rescate de migrantes\u2019\u201d, denunci\u00f3 a trav\u00e9s de un comunicado la Red Zona Norte de Casas y Centros de Derechos Humanos de Migrantes. Esta red re\u00fane a casas del migrante y asociaciones de los estados de Baja California, Sonora, Coahuila, Chihuahua y Tamaulipas.<\/p>\n<p>El colectivo responsabiliz\u00f3 al gobierno federal del uso indebido que pueda hacerse de la grabaci\u00f3n de la voluntaria de la Casa del Migrante, \u201cas\u00ed como de cualquier otro intento il\u00edcito\u201d de ingreso a sus instalaciones.<\/p>\n<p>El incidente llega despu\u00e9s de que el gobierno despleg\u00f3 15 mil elementos de la Guardia Nacional (por el momento militares y polic\u00edas con un brazalete) para intentar impedir que migrantes accedan a la frontera con Estados Unidos. Se trata de una m\u00e1s de las medidas impuestas tras el acuerdo del 7 de junio entre M\u00e9xico y Estados Unidos, por el que L\u00f3pez Obrador acept\u00f3 reforzar el control contra los migrantes a cambio de que Washington no imponga aranceles progresivos a sus productos.<\/p>\n<p>El Quinto Visitador de la CNDH, Edgar Corzo Sosa, inform\u00f3 que recibieron la queja, y que en este momento est\u00e1n haciendo los tr\u00e1mites para ver si implementan medidas cautelares al centro; adem\u00e1s, dijo que est\u00e1n pidiendo informaci\u00f3n a las instituciones implicadas, que tienen 15 d\u00edas h\u00e1biles para responder a las acusaciones.<\/p>\n<p><a href=\"https:\/\/www.animalpolitico.com\/2019\/06\/casa-migrante-sonora-guardia-nacional\/\" target=\"_blank\" rel=\"noopener noreferrer\">https:\/\/www.animalpolitico.com\/2019\/06\/casa-migrante-sonora-guardia-nacional\/<\/a><\/p>\n","protected":false},"excerpt":{"rendered":"<p>Los albergues de la zona norte denuncian que elementos de la Guardia Nacional quisieron entrar a las instalaciones de Agua Prieta. El gobierno no ofrece explicaciones. Alberto Pradilla\/ ANIMAL POL\u00cdTICO &hellip; <a href=\"https:\/\/www.grieta.org.mx\/index.php\/2019\/06\/28\/casa-del-migrante-en-sonora-acusa-que-guardia-nacional-intento-irrumpir-en-albergue\/\" class=\"more-link\">Leer m\u00e1s<\/a><\/p>\n","protected":false},"author":2,"featured_media":35552,"comment_status":"closed","ping_status":"closed","sticky":false,"template":"","format":"standard","meta":{"ngg_post_thumbnail":0,"_jetpack_newsletter_access":"","_jetpack_dont_email_post_to_subs":false,"_jetpack_newsletter_tier_id":0,"_jetpack_memberships_contains_paywalled_content":false,"_jetpack_memberships_contains_paid_content":false,"footnotes":""},"categories":[80,1214,86,912,2695,2,31,83],"tags":[1410,2696,2307,1872,2697,2295,158,614,1195,2599,1397],"class_list":["post-35551","post","type-post","status-publish","format-standard","has-post-thumbnail","hentry","category-cintillo","category-migracion-en-sonora","category-migrantes","category-militarizacion","category-militarizacion-en-sonora","category-noticias-nacionales","category-sonora","category-temas-nacionales","tag-abusos-contra-migrantes","tag-abusos-de-la-guardia-nacional","tag-abusos-de-militares","tag-agresiones-a-migrantes","tag-casa-del-migrante","tag-guardia-nacional","tag-migrantes","tag-militarizacion","tag-militarizacion-de-la-frontera","tag-persecucion-contra-defensores-de-derechos-de-migrantes","tag-violacion-de-derechos-de-migrantes","entry"],"jetpack_featured_media_url":"https:\/\/www.grieta.org.mx\/wp-content\/uploads\/2019\/06\/20190623_195451-1.jpg","jetpack_sharing_enabled":true,"jetpack_shortlink":"https:\/\/wp.me\/p7ZJR4-9fp","jetpack_likes_enabled":false,"jetpack-related-posts":[{"id":37061,"url":"https:\/\/www.grieta.org.mx\/index.php\/2019\/07\/25\/cndh-condena-amenazas-de-militares-en-albergues-de-migrantes-en-mexico\/","url_meta":{"origin":35551,"position":0},"title":"CNDH condena amenazas de militares en albergues de migrantes en M\u00e9xico","author":"grieta","date":"25 julio, 2019","format":false,"excerpt":"EFE La Comisi\u00f3n Nacional de los Derechos Humanos (CNDH) emiti\u00f3 este jueves medidas cautelares a fin de evitar violaciones a los derechos humanos tras algunas amenazas registradas en los albergues para migrantes ubicados en los estados mexicanos de Sonora y Coahuila por parte de fuerzas federales. En un comunicado, el\u2026","rel":"","context":"En &quot;CINTILLO&quot;","block_context":{"text":"CINTILLO","link":"https:\/\/www.grieta.org.mx\/index.php\/category\/cintillo\/"},"img":{"alt_text":"","src":"https:\/\/i0.wp.com\/www.grieta.org.mx\/wp-content\/uploads\/2018\/03\/14524434_1106112876131411_958039263622046936_o.jpg?resize=350%2C200&ssl=1","width":350,"height":200,"srcset":"https:\/\/i0.wp.com\/www.grieta.org.mx\/wp-content\/uploads\/2018\/03\/14524434_1106112876131411_958039263622046936_o.jpg?resize=350%2C200&ssl=1 1x, https:\/\/i0.wp.com\/www.grieta.org.mx\/wp-content\/uploads\/2018\/03\/14524434_1106112876131411_958039263622046936_o.jpg?resize=525%2C300&ssl=1 1.5x, https:\/\/i0.wp.com\/www.grieta.org.mx\/wp-content\/uploads\/2018\/03\/14524434_1106112876131411_958039263622046936_o.jpg?resize=700%2C400&ssl=1 2x"},"classes":[]},{"id":37560,"url":"https:\/\/www.grieta.org.mx\/index.php\/2019\/08\/02\/guardia-nacional-irrumpe-arbitrariamente-en-albergue-de-migrantes-en-veracruz\/","url_meta":{"origin":35551,"position":1},"title":"Guardia Nacional irrumpe arbitrariamente en albergue de migrantes en Veracruz","author":"grieta","date":"2 agosto, 2019","format":false,"excerpt":"Nayra Rivera \/ E-Consulta Xalapa, Ver. - Integrantes de la Casa del Migrante Mons. Guillermo Ranzahuer Gonz\u00e1lez emitieron un comunicado en el que acusan a elementos de la Guardia Nacional de irrumpir de manera arbitraria en sus instalaciones. Los hechos se registraron, de acuerdo con lo narrado en el documento,\u2026","rel":"","context":"En &quot;CINTILLO&quot;","block_context":{"text":"CINTILLO","link":"https:\/\/www.grieta.org.mx\/index.php\/category\/cintillo\/"},"img":{"alt_text":"","src":"https:\/\/i0.wp.com\/www.grieta.org.mx\/wp-content\/uploads\/2019\/08\/whatsapp_image_2019-07-26_at_09.40.52.jpeg?resize=350%2C200&ssl=1","width":350,"height":200,"srcset":"https:\/\/i0.wp.com\/www.grieta.org.mx\/wp-content\/uploads\/2019\/08\/whatsapp_image_2019-07-26_at_09.40.52.jpeg?resize=350%2C200&ssl=1 1x, https:\/\/i0.wp.com\/www.grieta.org.mx\/wp-content\/uploads\/2019\/08\/whatsapp_image_2019-07-26_at_09.40.52.jpeg?resize=525%2C300&ssl=1 1.5x, https:\/\/i0.wp.com\/www.grieta.org.mx\/wp-content\/uploads\/2019\/08\/whatsapp_image_2019-07-26_at_09.40.52.jpeg?resize=700%2C400&ssl=1 2x, https:\/\/i0.wp.com\/www.grieta.org.mx\/wp-content\/uploads\/2019\/08\/whatsapp_image_2019-07-26_at_09.40.52.jpeg?resize=1050%2C600&ssl=1 3x"},"classes":[]},{"id":69200,"url":"https:\/\/www.grieta.org.mx\/index.php\/2024\/06\/14\/denuncian-militarizacion-antimigrante-en-frontera\/","url_meta":{"origin":35551,"position":2},"title":"DENUNCIAN MILITARIZACI\u00d3N ANTIMIGRANTE EN FRONTERA","author":"grieta","date":"14 junio, 2024","format":false,"excerpt":"ANA LILIA RAM\u00cdREZ \/ El Mexicano Militares impiden paso de migrante a EUA TIJUANA.- La militarizaci\u00f3n antimigrante persiste en las fronteras Sur y Norte de M\u00e9xico para impedir el paso de migrantes hacia Estados Unidos, un hecho que nunca se hab\u00eda registrado en el pa\u00eds, como en esta administraci\u00f3n federal,\u2026","rel":"","context":"En &quot;Baja California&quot;","block_context":{"text":"Baja California","link":"https:\/\/www.grieta.org.mx\/index.php\/category\/noticias-nacionales\/baja-california\/"},"img":{"alt_text":"","src":"https:\/\/i0.wp.com\/www.grieta.org.mx\/wp-content\/uploads\/2024\/06\/5944dd2e-7a16-44af-b73d-3c03ed769a69.png?resize=350%2C200&ssl=1","width":350,"height":200,"srcset":"https:\/\/i0.wp.com\/www.grieta.org.mx\/wp-content\/uploads\/2024\/06\/5944dd2e-7a16-44af-b73d-3c03ed769a69.png?resize=350%2C200&ssl=1 1x, https:\/\/i0.wp.com\/www.grieta.org.mx\/wp-content\/uploads\/2024\/06\/5944dd2e-7a16-44af-b73d-3c03ed769a69.png?resize=525%2C300&ssl=1 1.5x, https:\/\/i0.wp.com\/www.grieta.org.mx\/wp-content\/uploads\/2024\/06\/5944dd2e-7a16-44af-b73d-3c03ed769a69.png?resize=700%2C400&ssl=1 2x, https:\/\/i0.wp.com\/www.grieta.org.mx\/wp-content\/uploads\/2024\/06\/5944dd2e-7a16-44af-b73d-3c03ed769a69.png?resize=1050%2C600&ssl=1 3x"},"classes":[]},{"id":41206,"url":"https:\/\/www.grieta.org.mx\/index.php\/2019\/11\/14\/guardia-nacional-acumula-24-denuncias-ante-la-cndh-la-mayoria-de-migrantes\/","url_meta":{"origin":35551,"position":3},"title":"Guardia Nacional acumula 24 denuncias ante la CNDH, la mayor\u00eda de migrantes","author":"grieta","date":"14 noviembre, 2019","format":false,"excerpt":"Manuel Espino y Alexis Ort\u00edz \/ El Universal Con 4 meses, enfrenta acusaciones de violaciones a derechos humanos; tendr\u00e1n que ser atendidas por la nueva titular, Rosario Piedra Ibarra A cuatro meses de que fue desplegada, la Guardia Nacional suma 24 quejas ante la Comisi\u00f3n Nacional de los Derechos Humanos\u2026","rel":"","context":"En &quot;CINTILLO&quot;","block_context":{"text":"CINTILLO","link":"https:\/\/www.grieta.org.mx\/index.php\/category\/cintillo\/"},"img":{"alt_text":"","src":"https:\/\/i0.wp.com\/www.grieta.org.mx\/wp-content\/uploads\/2019\/11\/Guardia-Nacional-acumula-24-denuncias-ante-la-CNDH-la-mayor%C3%ADa-de-migrantes-mili-nov.jpg?resize=350%2C200","width":350,"height":200},"classes":[]},{"id":36883,"url":"https:\/\/www.grieta.org.mx\/index.php\/2019\/07\/23\/la-guardia-nacional-ya-empezo-a-criminalizar-a-los-migrantes\/","url_meta":{"origin":35551,"position":4},"title":"La Guardia Nacional ya empez\u00f3 a criminalizar a los migrantes","author":"grieta","date":"23 julio, 2019","format":false,"excerpt":"Rodrigo Vera\/ PROCESO Tras la intimidaci\u00f3n de elementos de la Guardia Nacional al Centro de Atenci\u00f3n al Migrante Exodus, ubicado en Agua Prieta, Sonora, la Conferencia del Episcopado Mexicano (CEM) activ\u00f3 sus medidas de protecci\u00f3n para los 133 albergues que tiene a lo largo del pa\u00eds. El secretario ejecutivo de\u2026","rel":"","context":"En &quot;CINTILLO&quot;","block_context":{"text":"CINTILLO","link":"https:\/\/www.grieta.org.mx\/index.php\/category\/cintillo\/"},"img":{"alt_text":"","src":"https:\/\/i0.wp.com\/www.grieta.org.mx\/wp-content\/uploads\/2019\/07\/Indefensi%C3%B3n-y-desasosiego-Foto-Miguel-%C3%81ngel-Reyna.jpg?resize=350%2C200&ssl=1","width":350,"height":200,"srcset":"https:\/\/i0.wp.com\/www.grieta.org.mx\/wp-content\/uploads\/2019\/07\/Indefensi%C3%B3n-y-desasosiego-Foto-Miguel-%C3%81ngel-Reyna.jpg?resize=350%2C200&ssl=1 1x, https:\/\/i0.wp.com\/www.grieta.org.mx\/wp-content\/uploads\/2019\/07\/Indefensi%C3%B3n-y-desasosiego-Foto-Miguel-%C3%81ngel-Reyna.jpg?resize=525%2C300&ssl=1 1.5x, https:\/\/i0.wp.com\/www.grieta.org.mx\/wp-content\/uploads\/2019\/07\/Indefensi%C3%B3n-y-desasosiego-Foto-Miguel-%C3%81ngel-Reyna.jpg?resize=700%2C400&ssl=1 2x"},"classes":[]},{"id":35519,"url":"https:\/\/www.grieta.org.mx\/index.php\/2019\/06\/27\/galeria-guardia-nacional-extiende-muro-humano-a-zonas-semideserticas-chihuahua\/","url_meta":{"origin":35551,"position":5},"title":"Galer\u00eda: Guardia Nacional extiende \u2018muro humano\u2019 a zonas semides\u00e9rticas (Chihuahua)","author":"grieta","date":"27 junio, 2019","format":false,"excerpt":"Fotograf\u00edas: Rey R. Jauregui\/ LA VERDAD Ciudad Ju\u00e1rez \u2013 La Guardia Nacional (GN) endureci\u00f3 sus acciones para evitar el paso de migrantes hacia Estados Unidos al extender su patrullaje m\u00e1s all\u00e1 del r\u00edo Bravo, colocando vigilancia en la zona fronteriza entre Anapra, Ciudad Ju\u00e1rez y Sunland Park, Nuevo M\u00e9xico. Elementos\u2026","rel":"","context":"En &quot;Chihuahua&quot;","block_context":{"text":"Chihuahua","link":"https:\/\/www.grieta.org.mx\/index.php\/category\/noticias-nacionales\/chihuahua\/"},"img":{"alt_text":"","src":"https:\/\/i0.wp.com\/www.grieta.org.mx\/wp-content\/uploads\/2019\/06\/Militares-en-el-Muro-Rey-R.-Jauregui.jpeg?resize=350%2C200&ssl=1","width":350,"height":200,"srcset":"https:\/\/i0.wp.com\/www.grieta.org.mx\/wp-content\/uploads\/2019\/06\/Militares-en-el-Muro-Rey-R.-Jauregui.jpeg?resize=350%2C200&ssl=1 1x, https:\/\/i0.wp.com\/www.grieta.org.mx\/wp-content\/uploads\/2019\/06\/Militares-en-el-Muro-Rey-R.-Jauregui.jpeg?resize=525%2C300&ssl=1 1.5x, https:\/\/i0.wp.com\/www.grieta.org.mx\/wp-content\/uploads\/2019\/06\/Militares-en-el-Muro-Rey-R.-Jauregui.jpeg?resize=700%2C400&ssl=1 2x, https:\/\/i0.wp.com\/www.grieta.org.mx\/wp-content\/uploads\/2019\/06\/Militares-en-el-Muro-Rey-R.-Jauregui.jpeg?resize=1050%2C600&ssl=1 3x"},"classes":[]}],"_links":{"self":[{"href":"https:\/\/www.grieta.org.mx\/index.php\/wp-json\/wp\/v2\/posts\/35551","targetHints":{"allow":["GET"]}}],"collection":[{"href":"https:\/\/www.grieta.org.mx\/index.php\/wp-json\/wp\/v2\/posts"}],"about":[{"href":"https:\/\/www.grieta.org.mx\/index.php\/wp-json\/wp\/v2\/types\/post"}],"author":[{"embeddable":true,"href":"https:\/\/www.grieta.org.mx\/index.php\/wp-json\/wp\/v2\/users\/2"}],"replies":[{"embeddable":true,"href":"https:\/\/www.grieta.org.mx\/index.php\/wp-json\/wp\/v2\/comments?post=35551"}],"version-history":[{"count":1,"href":"https:\/\/www.grieta.org.mx\/index.php\/wp-json\/wp\/v2\/posts\/35551\/revisions"}],"predecessor-version":[{"id":35554,"href":"https:\/\/www.grieta.org.mx\/index.php\/wp-json\/wp\/v2\/posts\/35551\/revisions\/35554"}],"wp:featuredmedia":[{"embeddable":true,"href":"https:\/\/www.grieta.org.mx\/index.php\/wp-json\/wp\/v2\/media\/35552"}],"wp:attachment":[{"href":"https:\/\/www.grieta.org.mx\/index.php\/wp-json\/wp\/v2\/media?parent=35551"}],"wp:term":[{"taxonomy":"category","embeddable":true,"href":"https:\/\/www.grieta.org.mx\/index.php\/wp-json\/wp\/v2\/categories?post=35551"},{"taxonomy":"post_tag","embeddable":true,"href":"https:\/\/www.grieta.org.mx\/index.php\/wp-json\/wp\/v2\/tags?post=35551"}],"curies":[{"name":"wp","href":"https:\/\/api.w.org\/{rel}","templated":true}]}}