{"id":35519,"date":"2019-06-27T23:31:58","date_gmt":"2019-06-28T04:31:58","guid":{"rendered":"http:\/\/www.grieta.org.mx\/?p=35519"},"modified":"2019-06-29T23:23:08","modified_gmt":"2019-06-30T04:23:08","slug":"galeria-guardia-nacional-extiende-muro-humano-a-zonas-semideserticas-chihuahua","status":"publish","type":"post","link":"https:\/\/www.grieta.org.mx\/index.php\/2019\/06\/27\/galeria-guardia-nacional-extiende-muro-humano-a-zonas-semideserticas-chihuahua\/","title":{"rendered":"Galer\u00eda: Guardia Nacional extiende \u2018muro humano\u2019 a zonas semides\u00e9rticas (Chihuahua)"},"content":{"rendered":"<p><img loading=\"lazy\" decoding=\"async\" data-attachment-id=\"35520\" data-permalink=\"https:\/\/www.grieta.org.mx\/index.php\/2019\/06\/27\/galeria-guardia-nacional-extiende-muro-humano-a-zonas-semideserticas-chihuahua\/militares-en-el-muro-rey-r-jauregui\/\" data-orig-file=\"https:\/\/www.grieta.org.mx\/wp-content\/uploads\/2019\/06\/Militares-en-el-Muro-Rey-R.-Jauregui.jpeg\" data-orig-size=\"1280,853\" data-comments-opened=\"0\" data-image-meta=\"{&quot;aperture&quot;:&quot;0&quot;,&quot;credit&quot;:&quot;&quot;,&quot;camera&quot;:&quot;&quot;,&quot;caption&quot;:&quot;&quot;,&quot;created_timestamp&quot;:&quot;0&quot;,&quot;copyright&quot;:&quot;&quot;,&quot;focal_length&quot;:&quot;0&quot;,&quot;iso&quot;:&quot;0&quot;,&quot;shutter_speed&quot;:&quot;0&quot;,&quot;title&quot;:&quot;&quot;,&quot;orientation&quot;:&quot;0&quot;}\" data-image-title=\"Militares-en-el-Muro-Rey-R.-Jauregui\" data-image-description=\"\" data-image-caption=\"\" data-medium-file=\"https:\/\/www.grieta.org.mx\/wp-content\/uploads\/2019\/06\/Militares-en-el-Muro-Rey-R.-Jauregui-300x200.jpeg\" data-large-file=\"https:\/\/www.grieta.org.mx\/wp-content\/uploads\/2019\/06\/Militares-en-el-Muro-Rey-R.-Jauregui-1024x682.jpeg\" class=\"alignleft wp-image-35520\" src=\"http:\/\/www.grieta.org.mx\/wp-content\/uploads\/2019\/06\/Militares-en-el-Muro-Rey-R.-Jauregui.jpeg\" alt=\"\" width=\"800\" height=\"533\" srcset=\"https:\/\/www.grieta.org.mx\/wp-content\/uploads\/2019\/06\/Militares-en-el-Muro-Rey-R.-Jauregui.jpeg 1280w, https:\/\/www.grieta.org.mx\/wp-content\/uploads\/2019\/06\/Militares-en-el-Muro-Rey-R.-Jauregui-300x200.jpeg 300w, https:\/\/www.grieta.org.mx\/wp-content\/uploads\/2019\/06\/Militares-en-el-Muro-Rey-R.-Jauregui-768x512.jpeg 768w, https:\/\/www.grieta.org.mx\/wp-content\/uploads\/2019\/06\/Militares-en-el-Muro-Rey-R.-Jauregui-1024x682.jpeg 1024w, https:\/\/www.grieta.org.mx\/wp-content\/uploads\/2019\/06\/Militares-en-el-Muro-Rey-R.-Jauregui-750x500.jpeg 750w\" sizes=\"auto, (max-width: 800px) 100vw, 800px\" \/><\/p>\n<p>Fotograf\u00edas: Rey R. Jauregui\/ LA VERDAD<\/p>\n<p>Ciudad Ju\u00e1rez \u2013 La Guardia Nacional (GN) endureci\u00f3 sus acciones para evitar el paso de migrantes hacia Estados Unidos al extender su patrullaje m\u00e1s all\u00e1 del r\u00edo Bravo, colocando vigilancia en la zona fronteriza entre Anapra, Ciudad Ju\u00e1rez y Sunland Park, Nuevo M\u00e9xico.<\/p>\n<p>Elementos militares que portan las siglas de GN fueron apostados en los tramos donde Estados Unidos mantiene su frontera sur sin la valla met\u00e1lica que coloc\u00f3 en la l\u00ednea divisoria con M\u00e9xico.<\/p>\n<p>Ah\u00ed, en paisajes fronterizos semides\u00e9rticos, soldados armados fueron colocados por el gobierno de M\u00e9xico para impedir el paso de migrantes hacia el territorio estadunidense.<\/p>\n<p>Desde el 16 de junio, el gobierno de Andr\u00e9s Manuel L\u00f3pez Obrador activ\u00f3 un \u2018muro humano\u2019 con militares apostado en el bordo del r\u00edo Bravo, como parte de un operativo antiinmigrante encabezado por oficiales del Instituto Nacional de Migraci\u00f3n (INM), en el que se ha detenido a m\u00e1s de un centenar de extranjeros indocumentados.<\/p>\n<p>Esas acciones se extendieron ahora a largo de la frontera con Estados Unidos por Ciudad Ju\u00e1rez.<\/p>\n<p><img loading=\"lazy\" decoding=\"async\" data-attachment-id=\"35523\" data-permalink=\"https:\/\/www.grieta.org.mx\/index.php\/2019\/06\/27\/galeria-guardia-nacional-extiende-muro-humano-a-zonas-semideserticas-chihuahua\/militar-en-el-muro-rey-r-jauregui-1000x600\/\" data-orig-file=\"https:\/\/www.grieta.org.mx\/wp-content\/uploads\/2019\/06\/Militar-en-el-Muro-Rey-R.-Jauregui-1000x600.jpeg\" data-orig-size=\"1000,600\" data-comments-opened=\"0\" data-image-meta=\"{&quot;aperture&quot;:&quot;0&quot;,&quot;credit&quot;:&quot;&quot;,&quot;camera&quot;:&quot;&quot;,&quot;caption&quot;:&quot;&quot;,&quot;created_timestamp&quot;:&quot;0&quot;,&quot;copyright&quot;:&quot;&quot;,&quot;focal_length&quot;:&quot;0&quot;,&quot;iso&quot;:&quot;0&quot;,&quot;shutter_speed&quot;:&quot;0&quot;,&quot;title&quot;:&quot;&quot;,&quot;orientation&quot;:&quot;0&quot;}\" data-image-title=\"Militar-en-el-Muro-Rey-R.-Jauregui-1000&amp;#215;600\" data-image-description=\"\" data-image-caption=\"\" data-medium-file=\"https:\/\/www.grieta.org.mx\/wp-content\/uploads\/2019\/06\/Militar-en-el-Muro-Rey-R.-Jauregui-1000x600-300x180.jpeg\" data-large-file=\"https:\/\/www.grieta.org.mx\/wp-content\/uploads\/2019\/06\/Militar-en-el-Muro-Rey-R.-Jauregui-1000x600.jpeg\" class=\"alignleft wp-image-35523\" src=\"http:\/\/www.grieta.org.mx\/wp-content\/uploads\/2019\/06\/Militar-en-el-Muro-Rey-R.-Jauregui-1000x600.jpeg\" alt=\"\" width=\"800\" height=\"480\" srcset=\"https:\/\/www.grieta.org.mx\/wp-content\/uploads\/2019\/06\/Militar-en-el-Muro-Rey-R.-Jauregui-1000x600.jpeg 1000w, https:\/\/www.grieta.org.mx\/wp-content\/uploads\/2019\/06\/Militar-en-el-Muro-Rey-R.-Jauregui-1000x600-300x180.jpeg 300w, https:\/\/www.grieta.org.mx\/wp-content\/uploads\/2019\/06\/Militar-en-el-Muro-Rey-R.-Jauregui-1000x600-768x461.jpeg 768w, https:\/\/www.grieta.org.mx\/wp-content\/uploads\/2019\/06\/Militar-en-el-Muro-Rey-R.-Jauregui-1000x600-833x500.jpeg 833w\" sizes=\"auto, (max-width: 800px) 100vw, 800px\" \/><\/p>\n<p><img loading=\"lazy\" decoding=\"async\" data-attachment-id=\"35524\" data-permalink=\"https:\/\/www.grieta.org.mx\/index.php\/2019\/06\/27\/galeria-guardia-nacional-extiende-muro-humano-a-zonas-semideserticas-chihuahua\/foto-militares-por-sunland-park-1-rey-r-jauregui-1000x600\/\" data-orig-file=\"https:\/\/www.grieta.org.mx\/wp-content\/uploads\/2019\/06\/Foto-Militares-por-Sunland-park-1-Rey-r.-Jauregui-1000x600.jpeg\" data-orig-size=\"1000,600\" data-comments-opened=\"0\" data-image-meta=\"{&quot;aperture&quot;:&quot;0&quot;,&quot;credit&quot;:&quot;&quot;,&quot;camera&quot;:&quot;&quot;,&quot;caption&quot;:&quot;&quot;,&quot;created_timestamp&quot;:&quot;0&quot;,&quot;copyright&quot;:&quot;&quot;,&quot;focal_length&quot;:&quot;0&quot;,&quot;iso&quot;:&quot;0&quot;,&quot;shutter_speed&quot;:&quot;0&quot;,&quot;title&quot;:&quot;&quot;,&quot;orientation&quot;:&quot;0&quot;}\" data-image-title=\"Foto-Militares-por-Sunland-park-1-Rey-r.-Jauregui-1000&amp;#215;600\" data-image-description=\"\" data-image-caption=\"\" data-medium-file=\"https:\/\/www.grieta.org.mx\/wp-content\/uploads\/2019\/06\/Foto-Militares-por-Sunland-park-1-Rey-r.-Jauregui-1000x600-300x180.jpeg\" data-large-file=\"https:\/\/www.grieta.org.mx\/wp-content\/uploads\/2019\/06\/Foto-Militares-por-Sunland-park-1-Rey-r.-Jauregui-1000x600.jpeg\" class=\"alignleft wp-image-35524\" src=\"http:\/\/www.grieta.org.mx\/wp-content\/uploads\/2019\/06\/Foto-Militares-por-Sunland-park-1-Rey-r.-Jauregui-1000x600.jpeg\" alt=\"\" width=\"800\" height=\"480\" srcset=\"https:\/\/www.grieta.org.mx\/wp-content\/uploads\/2019\/06\/Foto-Militares-por-Sunland-park-1-Rey-r.-Jauregui-1000x600.jpeg 1000w, https:\/\/www.grieta.org.mx\/wp-content\/uploads\/2019\/06\/Foto-Militares-por-Sunland-park-1-Rey-r.-Jauregui-1000x600-300x180.jpeg 300w, https:\/\/www.grieta.org.mx\/wp-content\/uploads\/2019\/06\/Foto-Militares-por-Sunland-park-1-Rey-r.-Jauregui-1000x600-768x461.jpeg 768w, https:\/\/www.grieta.org.mx\/wp-content\/uploads\/2019\/06\/Foto-Militares-por-Sunland-park-1-Rey-r.-Jauregui-1000x600-833x500.jpeg 833w\" sizes=\"auto, (max-width: 800px) 100vw, 800px\" \/><\/p>\n<p><img loading=\"lazy\" decoding=\"async\" data-attachment-id=\"35525\" data-permalink=\"https:\/\/www.grieta.org.mx\/index.php\/2019\/06\/27\/galeria-guardia-nacional-extiende-muro-humano-a-zonas-semideserticas-chihuahua\/foto-militar-vigila-por-sunland-park-rey-r-jauregui-1000x600\/\" data-orig-file=\"https:\/\/www.grieta.org.mx\/wp-content\/uploads\/2019\/06\/Foto-militar-vigila-por-Sunland-Park-Rey-R.-Jauregui-1000x600.jpeg\" data-orig-size=\"1000,600\" data-comments-opened=\"0\" data-image-meta=\"{&quot;aperture&quot;:&quot;0&quot;,&quot;credit&quot;:&quot;&quot;,&quot;camera&quot;:&quot;&quot;,&quot;caption&quot;:&quot;&quot;,&quot;created_timestamp&quot;:&quot;0&quot;,&quot;copyright&quot;:&quot;&quot;,&quot;focal_length&quot;:&quot;0&quot;,&quot;iso&quot;:&quot;0&quot;,&quot;shutter_speed&quot;:&quot;0&quot;,&quot;title&quot;:&quot;&quot;,&quot;orientation&quot;:&quot;0&quot;}\" data-image-title=\"Foto-militar-vigila-por-Sunland-Park-Rey-R.-Jauregui-1000&amp;#215;600\" data-image-description=\"\" data-image-caption=\"\" data-medium-file=\"https:\/\/www.grieta.org.mx\/wp-content\/uploads\/2019\/06\/Foto-militar-vigila-por-Sunland-Park-Rey-R.-Jauregui-1000x600-300x180.jpeg\" data-large-file=\"https:\/\/www.grieta.org.mx\/wp-content\/uploads\/2019\/06\/Foto-militar-vigila-por-Sunland-Park-Rey-R.-Jauregui-1000x600.jpeg\" class=\"alignleft wp-image-35525\" src=\"http:\/\/www.grieta.org.mx\/wp-content\/uploads\/2019\/06\/Foto-militar-vigila-por-Sunland-Park-Rey-R.-Jauregui-1000x600.jpeg\" alt=\"\" width=\"800\" height=\"480\" srcset=\"https:\/\/www.grieta.org.mx\/wp-content\/uploads\/2019\/06\/Foto-militar-vigila-por-Sunland-Park-Rey-R.-Jauregui-1000x600.jpeg 1000w, https:\/\/www.grieta.org.mx\/wp-content\/uploads\/2019\/06\/Foto-militar-vigila-por-Sunland-Park-Rey-R.-Jauregui-1000x600-300x180.jpeg 300w, https:\/\/www.grieta.org.mx\/wp-content\/uploads\/2019\/06\/Foto-militar-vigila-por-Sunland-Park-Rey-R.-Jauregui-1000x600-768x461.jpeg 768w, https:\/\/www.grieta.org.mx\/wp-content\/uploads\/2019\/06\/Foto-militar-vigila-por-Sunland-Park-Rey-R.-Jauregui-1000x600-833x500.jpeg 833w\" sizes=\"auto, (max-width: 800px) 100vw, 800px\" \/><img loading=\"lazy\" decoding=\"async\" class=\"alignleft size-<img loading=\"lazy\" decoding=\"async\" src=\" src=\"http:\/\/www.grieta.org.mx\/wp-content\/uploads\/2019\/06\/Foto-migrante-amamanta-Rey-R.-Jauregui-1000x600.jpeg\" alt=\"\" width=\"1000\" height=\"600\">full wp-image-35526&#8243; \/&gt;<\/p>\n<p><a href=\"https:\/\/laverdadjuarez.com\/index.php\/2019\/06\/27\/galeria-guardia-nacional-extiende-muro-humano-a-zonas-semideserticas\/\" target=\"_blank\" rel=\"noopener noreferrer\">https:\/\/laverdadjuarez.com\/index.php\/2019\/06\/27\/galeria-guardia-nacional-extiende-muro-humano-a-zonas-semideserticas\/<\/a><\/p>\n","protected":false},"excerpt":{"rendered":"<p>Fotograf\u00edas: Rey R. Jauregui\/ LA VERDAD Ciudad Ju\u00e1rez \u2013 La Guardia Nacional (GN) endureci\u00f3 sus acciones para evitar el paso de migrantes hacia Estados Unidos al extender su patrullaje m\u00e1s &hellip; <a href=\"https:\/\/www.grieta.org.mx\/index.php\/2019\/06\/27\/galeria-guardia-nacional-extiende-muro-humano-a-zonas-semideserticas-chihuahua\/\" class=\"more-link\">Leer m\u00e1s<\/a><\/p>\n","protected":false},"author":2,"featured_media":35520,"comment_status":"closed","ping_status":"closed","sticky":false,"template":"","format":"standard","meta":{"ngg_post_thumbnail":0,"_jetpack_newsletter_access":"","_jetpack_dont_email_post_to_subs":false,"_jetpack_newsletter_tier_id":0,"_jetpack_memberships_contains_paywalled_content":false,"_jetpack_memberships_contains_paid_content":false,"footnotes":""},"categories":[12,80,86,1193,1184,2,83],"tags":[1410,2295,614,1397],"class_list":["post-35519","post","type-post","status-publish","format-standard","has-post-thumbnail","hentry","category-chihuahua","category-cintillo","category-migrantes","category-migrantes-en-chihuahua","category-militarizacion-en-chihuahua","category-noticias-nacionales","category-temas-nacionales","tag-abusos-contra-migrantes","tag-guardia-nacional","tag-militarizacion","tag-violacion-de-derechos-de-migrantes","entry"],"jetpack_featured_media_url":"https:\/\/www.grieta.org.mx\/wp-content\/uploads\/2019\/06\/Militares-en-el-Muro-Rey-R.-Jauregui.jpeg","jetpack_sharing_enabled":true,"jetpack_shortlink":"https:\/\/wp.me\/p7ZJR4-9eT","jetpack_likes_enabled":false,"jetpack-related-posts":[{"id":35505,"url":"https:\/\/www.grieta.org.mx\/index.php\/2019\/06\/20\/galeria-migrantes-cruzan-el-rio-bravo-desafian-a-la-guardia-nacional-chihuahua\/","url_meta":{"origin":35519,"position":0},"title":"Galer\u00eda: Migrantes cruzan el r\u00edo Bravo, desaf\u00edan a la Guardia Nacional (Chihuahua)","author":"grieta","date":"20 junio, 2019","format":false,"excerpt":"Fotograf\u00edas: Rey R. Jauregui\/ LA VERDAD Ciudad Ju\u00e1rez \u2013 Trepados a la estructura ferroviaria binacional conocida como el puente negro o resistiendo el afluente del r\u00edo Bravo, los migrantes extranjeros contin\u00faan su trayecto hacia Estados Unido por Ciudad Ju\u00e1rez, en un franco desaf\u00edo a la custodia que mantienen elementos militarizados\u2026","rel":"","context":"En &quot;Chihuahua&quot;","block_context":{"text":"Chihuahua","link":"https:\/\/www.grieta.org.mx\/index.php\/category\/noticias-nacionales\/chihuahua\/"},"img":{"alt_text":"","src":"https:\/\/i0.wp.com\/www.grieta.org.mx\/wp-content\/uploads\/2019\/06\/Mujer-y-adolescente-migrate-Rey-R.-Jauregui-1000x600.jpeg?resize=350%2C200&ssl=1","width":350,"height":200,"srcset":"https:\/\/i0.wp.com\/www.grieta.org.mx\/wp-content\/uploads\/2019\/06\/Mujer-y-adolescente-migrate-Rey-R.-Jauregui-1000x600.jpeg?resize=350%2C200&ssl=1 1x, https:\/\/i0.wp.com\/www.grieta.org.mx\/wp-content\/uploads\/2019\/06\/Mujer-y-adolescente-migrate-Rey-R.-Jauregui-1000x600.jpeg?resize=525%2C300&ssl=1 1.5x, https:\/\/i0.wp.com\/www.grieta.org.mx\/wp-content\/uploads\/2019\/06\/Mujer-y-adolescente-migrate-Rey-R.-Jauregui-1000x600.jpeg?resize=700%2C400&ssl=1 2x"},"classes":[]},{"id":35319,"url":"https:\/\/www.grieta.org.mx\/index.php\/2019\/06\/22\/a-las-puertas-de-estados-unidos-mexico-persigue-y-detiene-a-migrantes-chihuahua\/","url_meta":{"origin":35519,"position":1},"title":"A las puertas de Estados Unidos, M\u00e9xico persigue y detiene a migrantes (Chihuahua)","author":"grieta","date":"22 junio, 2019","format":false,"excerpt":"Los extranjeros indocumentados que llegan a la frontera por Ciudad Ju\u00e1rez son perseguidos en el bordo del r\u00edo Bravo por militares en la Guardia Nacional, quienes los detienen y entregan a oficiales de Migraci\u00f3n para evitar su paso a territorio estadunidense. Texto y Fotos: Rey R. Jauregui \/ LA VERDAD\/\u2026","rel":"","context":"En &quot;Chihuahua&quot;","block_context":{"text":"Chihuahua","link":"https:\/\/www.grieta.org.mx\/index.php\/category\/noticias-nacionales\/chihuahua\/"},"img":{"alt_text":"","src":"https:\/\/i0.wp.com\/www.grieta.org.mx\/wp-content\/uploads\/2019\/06\/Detenidas.jpeg?resize=350%2C200&ssl=1","width":350,"height":200,"srcset":"https:\/\/i0.wp.com\/www.grieta.org.mx\/wp-content\/uploads\/2019\/06\/Detenidas.jpeg?resize=350%2C200&ssl=1 1x, https:\/\/i0.wp.com\/www.grieta.org.mx\/wp-content\/uploads\/2019\/06\/Detenidas.jpeg?resize=525%2C300&ssl=1 1.5x, https:\/\/i0.wp.com\/www.grieta.org.mx\/wp-content\/uploads\/2019\/06\/Detenidas.jpeg?resize=700%2C400&ssl=1 2x, https:\/\/i0.wp.com\/www.grieta.org.mx\/wp-content\/uploads\/2019\/06\/Detenidas.jpeg?resize=1050%2C600&ssl=1 3x"},"classes":[]},{"id":35092,"url":"https:\/\/www.grieta.org.mx\/index.php\/2019\/06\/19\/usan-militares-brazalete-de-guardia-nacional-en-patrullaje-antimigrante-en-ciudad-juarez-chihuahua\/","url_meta":{"origin":35519,"position":2},"title":"Usan militares brazalete de Guardia Nacional en patrullaje antimigrante en Ciudad Ju\u00e1rez (Chihuahua)","author":"grieta","date":"19 junio, 2019","format":false,"excerpt":"Fotos e Informaci\u00f3n: Alejandro S\u00e1nchez\/ LA VERDAD Ciudad Ju\u00e1rez \u2013 Los militares que vigilan el bordo del r\u00edo Bravo, para evitar el paso de migrantes hacia Estado Unidos, portan desde este mi\u00e9rcoles un brazalete negro con las siglas GN (Guardia Nacional) en blanco y un escudo de la nueva agrupaci\u00f3n\u2026","rel":"","context":"En &quot;Chihuahua&quot;","block_context":{"text":"Chihuahua","link":"https:\/\/www.grieta.org.mx\/index.php\/category\/noticias-nacionales\/chihuahua\/"},"img":{"alt_text":"","src":"https:\/\/i0.wp.com\/www.grieta.org.mx\/wp-content\/uploads\/2019\/06\/GN-A.-S%C3%A1nchez.jpg?resize=350%2C200&ssl=1","width":350,"height":200,"srcset":"https:\/\/i0.wp.com\/www.grieta.org.mx\/wp-content\/uploads\/2019\/06\/GN-A.-S%C3%A1nchez.jpg?resize=350%2C200&ssl=1 1x, https:\/\/i0.wp.com\/www.grieta.org.mx\/wp-content\/uploads\/2019\/06\/GN-A.-S%C3%A1nchez.jpg?resize=525%2C300&ssl=1 1.5x, https:\/\/i0.wp.com\/www.grieta.org.mx\/wp-content\/uploads\/2019\/06\/GN-A.-S%C3%A1nchez.jpg?resize=700%2C400&ssl=1 2x"},"classes":[]},{"id":34998,"url":"https:\/\/www.grieta.org.mx\/index.php\/2019\/06\/18\/operativos-migratorios-tambien-en-la-frontera-norte-de-mexico\/","url_meta":{"origin":35519,"position":3},"title":"Operativos migratorios tambi\u00e9n en la frontera norte de M\u00e9xico","author":"grieta","date":"18 junio, 2019","format":false,"excerpt":"Soldados y polic\u00edas de los tres \u00f3rdenes de gobierno, encabezados por agentes de migraci\u00f3n, realizaron un operativo para impedir el flujo de migrantes que cruzan hacia Estados Unidos por el r\u00edo Bravo, dos d\u00edas despu\u00e9s de que en esa frontera norte L\u00f3pez Obrador llamara a no maltratar a los migrantes\u2026","rel":"","context":"En &quot;Chihuahua&quot;","block_context":{"text":"Chihuahua","link":"https:\/\/www.grieta.org.mx\/index.php\/category\/noticias-nacionales\/chihuahua\/"},"img":{"alt_text":"","src":"https:\/\/i0.wp.com\/www.grieta.org.mx\/wp-content\/uploads\/2019\/06\/Foto-Migrantes-cruza-a-EP-1024x678-768x509.jpg?resize=350%2C200&ssl=1","width":350,"height":200,"srcset":"https:\/\/i0.wp.com\/www.grieta.org.mx\/wp-content\/uploads\/2019\/06\/Foto-Migrantes-cruza-a-EP-1024x678-768x509.jpg?resize=350%2C200&ssl=1 1x, https:\/\/i0.wp.com\/www.grieta.org.mx\/wp-content\/uploads\/2019\/06\/Foto-Migrantes-cruza-a-EP-1024x678-768x509.jpg?resize=525%2C300&ssl=1 1.5x, https:\/\/i0.wp.com\/www.grieta.org.mx\/wp-content\/uploads\/2019\/06\/Foto-Migrantes-cruza-a-EP-1024x678-768x509.jpg?resize=700%2C400&ssl=1 2x"},"classes":[]},{"id":39734,"url":"https:\/\/www.grieta.org.mx\/index.php\/2019\/09\/29\/galeria-en-el-bordo-ni-muro-ni-militares-ciudad-juarez-chihuahua\/","url_meta":{"origin":35519,"position":4},"title":"Galer\u00eda: En el bordo, ni muro ni militares (Ciudad Ju\u00e1rez, Chihuahua)","author":"grieta","date":"29 septiembre, 2019","format":false,"excerpt":"Fotograf\u00edas: Rey R. Jauregui\/ LA VERDAD Cargados con pinturas, brochas y creatividad, decenas de fronterizos \u00b4tomaron\u00b4 el bordo de r\u00edo Bravo para protestar por las pol\u00edticas migratoria implementadas por los gobiernos de M\u00e9xico y Estados Unidos. Justo en las paredes del cauce que marca el l\u00edmite del territorio mexicano y\u2026","rel":"","context":"En &quot;Chihuahua&quot;","block_context":{"text":"Chihuahua","link":"https:\/\/www.grieta.org.mx\/index.php\/category\/noticias-nacionales\/chihuahua\/"},"img":{"alt_text":"","src":"https:\/\/i0.wp.com\/www.grieta.org.mx\/wp-content\/uploads\/2019\/09\/Fotogaler%C3%ADa-1-1000x600.jpeg?resize=350%2C200&ssl=1","width":350,"height":200,"srcset":"https:\/\/i0.wp.com\/www.grieta.org.mx\/wp-content\/uploads\/2019\/09\/Fotogaler%C3%ADa-1-1000x600.jpeg?resize=350%2C200&ssl=1 1x, https:\/\/i0.wp.com\/www.grieta.org.mx\/wp-content\/uploads\/2019\/09\/Fotogaler%C3%ADa-1-1000x600.jpeg?resize=525%2C300&ssl=1 1.5x, https:\/\/i0.wp.com\/www.grieta.org.mx\/wp-content\/uploads\/2019\/09\/Fotogaler%C3%ADa-1-1000x600.jpeg?resize=700%2C400&ssl=1 2x"},"classes":[]},{"id":35004,"url":"https:\/\/www.grieta.org.mx\/index.php\/2019\/06\/18\/lo-nunca-antes-visto-el-ejercito-mexicano-haciendola-de-migra-para-eu-en-ciudad-juarez-fotos\/","url_meta":{"origin":35519,"position":5},"title":"Lo nunca antes visto: el Ej\u00e9rcito mexicano haci\u00e9ndola de \u201cmigra\u201d para EU, en Ciudad Ju\u00e1rez (FOTOS)","author":"grieta","date":"18 junio, 2019","format":false,"excerpt":"Roc\u00edo Gallegos\/ SIN EMBARGO El despliegue se dio desde el puente internacional Zaragoza hasta la zona de las compuertas del afluente, a la altura de la Casa de Adobe, aunque la concentraci\u00f3n de los efectivos fue m\u00e1s evidente en algunos tramos como la zona del Puente Negro, por donde miles\u2026","rel":"","context":"En &quot;Chihuahua&quot;","block_context":{"text":"Chihuahua","link":"https:\/\/www.grieta.org.mx\/index.php\/category\/noticias-nacionales\/chihuahua\/"},"img":{"alt_text":"","src":"https:\/\/i0.wp.com\/www.grieta.org.mx\/wp-content\/uploads\/2019\/06\/Ej%C3%A9rcito-de-migra.jpg?resize=350%2C200&ssl=1","width":350,"height":200,"srcset":"https:\/\/i0.wp.com\/www.grieta.org.mx\/wp-content\/uploads\/2019\/06\/Ej%C3%A9rcito-de-migra.jpg?resize=350%2C200&ssl=1 1x, https:\/\/i0.wp.com\/www.grieta.org.mx\/wp-content\/uploads\/2019\/06\/Ej%C3%A9rcito-de-migra.jpg?resize=525%2C300&ssl=1 1.5x, https:\/\/i0.wp.com\/www.grieta.org.mx\/wp-content\/uploads\/2019\/06\/Ej%C3%A9rcito-de-migra.jpg?resize=700%2C400&ssl=1 2x, https:\/\/i0.wp.com\/www.grieta.org.mx\/wp-content\/uploads\/2019\/06\/Ej%C3%A9rcito-de-migra.jpg?resize=1050%2C600&ssl=1 3x"},"classes":[]}],"_links":{"self":[{"href":"https:\/\/www.grieta.org.mx\/index.php\/wp-json\/wp\/v2\/posts\/35519","targetHints":{"allow":["GET"]}}],"collection":[{"href":"https:\/\/www.grieta.org.mx\/index.php\/wp-json\/wp\/v2\/posts"}],"about":[{"href":"https:\/\/www.grieta.org.mx\/index.php\/wp-json\/wp\/v2\/types\/post"}],"author":[{"embeddable":true,"href":"https:\/\/www.grieta.org.mx\/index.php\/wp-json\/wp\/v2\/users\/2"}],"replies":[{"embeddable":true,"href":"https:\/\/www.grieta.org.mx\/index.php\/wp-json\/wp\/v2\/comments?post=35519"}],"version-history":[{"count":1,"href":"https:\/\/www.grieta.org.mx\/index.php\/wp-json\/wp\/v2\/posts\/35519\/revisions"}],"predecessor-version":[{"id":35619,"href":"https:\/\/www.grieta.org.mx\/index.php\/wp-json\/wp\/v2\/posts\/35519\/revisions\/35619"}],"wp:featuredmedia":[{"embeddable":true,"href":"https:\/\/www.grieta.org.mx\/index.php\/wp-json\/wp\/v2\/media\/35520"}],"wp:attachment":[{"href":"https:\/\/www.grieta.org.mx\/index.php\/wp-json\/wp\/v2\/media?parent=35519"}],"wp:term":[{"taxonomy":"category","embeddable":true,"href":"https:\/\/www.grieta.org.mx\/index.php\/wp-json\/wp\/v2\/categories?post=35519"},{"taxonomy":"post_tag","embeddable":true,"href":"https:\/\/www.grieta.org.mx\/index.php\/wp-json\/wp\/v2\/tags?post=35519"}],"curies":[{"name":"wp","href":"https:\/\/api.w.org\/{rel}","templated":true}]}}