{"id":35499,"date":"2019-06-20T20:57:47","date_gmt":"2019-06-21T01:57:47","guid":{"rendered":"http:\/\/www.grieta.org.mx\/?p=35499"},"modified":"2019-06-28T21:08:56","modified_gmt":"2019-06-29T02:08:56","slug":"veracruz-829-migrantes-asegurados-en-seis-dias","status":"publish","type":"post","link":"https:\/\/www.grieta.org.mx\/index.php\/2019\/06\/20\/veracruz-829-migrantes-asegurados-en-seis-dias\/","title":{"rendered":"Veracruz: 829 migrantes asegurados en seis d\u00edas"},"content":{"rendered":"<p><img loading=\"lazy\" decoding=\"async\" data-attachment-id=\"35500\" data-permalink=\"https:\/\/www.grieta.org.mx\/index.php\/2019\/06\/20\/veracruz-829-migrantes-asegurados-en-seis-dias\/inm-informo-que-mas-de-mil-migrantes-regresaron-a-su-pais__0\/\" data-orig-file=\"https:\/\/www.grieta.org.mx\/wp-content\/uploads\/2019\/06\/inm-informo-que-mas-de-mil-migrantes-regresaron-a-su-pais__0.jpg\" data-orig-size=\"919,517\" data-comments-opened=\"0\" data-image-meta=\"{&quot;aperture&quot;:&quot;0&quot;,&quot;credit&quot;:&quot;&quot;,&quot;camera&quot;:&quot;&quot;,&quot;caption&quot;:&quot;&quot;,&quot;created_timestamp&quot;:&quot;0&quot;,&quot;copyright&quot;:&quot;&quot;,&quot;focal_length&quot;:&quot;0&quot;,&quot;iso&quot;:&quot;0&quot;,&quot;shutter_speed&quot;:&quot;0&quot;,&quot;title&quot;:&quot;&quot;,&quot;orientation&quot;:&quot;0&quot;}\" data-image-title=\"inm-informo-que-mas-de-mil-migrantes-regresaron-a-su-pais__0\" data-image-description=\"\" data-image-caption=\"\" data-medium-file=\"https:\/\/www.grieta.org.mx\/wp-content\/uploads\/2019\/06\/inm-informo-que-mas-de-mil-migrantes-regresaron-a-su-pais__0-300x169.jpg\" data-large-file=\"https:\/\/www.grieta.org.mx\/wp-content\/uploads\/2019\/06\/inm-informo-que-mas-de-mil-migrantes-regresaron-a-su-pais__0.jpg\" class=\"alignleft wp-image-35500\" src=\"http:\/\/www.grieta.org.mx\/wp-content\/uploads\/2019\/06\/inm-informo-que-mas-de-mil-migrantes-regresaron-a-su-pais__0.jpg\" alt=\"\" width=\"800\" height=\"450\" srcset=\"https:\/\/www.grieta.org.mx\/wp-content\/uploads\/2019\/06\/inm-informo-que-mas-de-mil-migrantes-regresaron-a-su-pais__0.jpg 919w, https:\/\/www.grieta.org.mx\/wp-content\/uploads\/2019\/06\/inm-informo-que-mas-de-mil-migrantes-regresaron-a-su-pais__0-300x169.jpg 300w, https:\/\/www.grieta.org.mx\/wp-content\/uploads\/2019\/06\/inm-informo-que-mas-de-mil-migrantes-regresaron-a-su-pais__0-768x432.jpg 768w, https:\/\/www.grieta.org.mx\/wp-content\/uploads\/2019\/06\/inm-informo-que-mas-de-mil-migrantes-regresaron-a-su-pais__0-889x500.jpg 889w\" sizes=\"auto, (max-width: 800px) 100vw, 800px\" \/><\/p>\n<p>Nayra Rivera \/ e-veracruz<\/p>\n<blockquote><p>\nLos migrantes han sido asegurados en municipios del norte y sur de Veracruz: Cosoleacaque, Acayucan, Sayula de Alem\u00e1n, Agua Dulce y Tuxpan.<\/p><\/blockquote>\n<p>Xalapa, Ver.- En los \u00faltimos seis d\u00edas, en Veracruz han sido asegurados 829 migrantes por fuerzas federales tras acuerdo de contingencia migratoria entre los gobiernos de M\u00e9xico y Estados Unidos de Am\u00e9rica. Las detenciones se distribuyen en los municipios de Cosoleacaque, Acayucan, Sayula de Alem\u00e1n, Agua Dulce y Tuxpan.<\/p>\n<p>El caso m\u00e1s reciente fue el aseguramiento de al menos 35 personas centroamericanas  que viajaban en un autob\u00fas de pasajeros en Tuxpan, la tarde de este jueves 20 de junio. El autob\u00fas de la empresa Hola, fue detenido mientras circulaba por el libramiento Adolfo Ruiz Cort\u00ednez por elementos de la polic\u00eda Naval y Marina.<\/p>\n<p>Del veh\u00edculo descendieron mujeres, hombres y menores de edad. La calle fue acordonada por los uniformados. Hasta el momento se desconoce la situaci\u00f3n del ch\u00f3fer.<\/p>\n<p>El fin de semana se registr\u00f3 actividad intensa de contensi\u00f3n migratoria. El domingo 782 migrantes fueron hallados mientras viajaban a bordo de 4 tractocamiones, 368 eran menores de edad.<\/p>\n<p>En Olutla fueron rescatados esa misma tarde 45 migrantes que hab\u00edan sido abandonados en la caja de remolque de otro cami\u00f3n encontrado en la carretera Cosoleacaque \u2013 Acayucan.<\/p>\n<p>En un enfrentamiento entre autoridades del INM, el s\u00e1bado 15 de junio muri\u00f3 una joven de 19 a\u00f1os v\u00edctima de impacto de bala, dos salvadore\u00f1os heridos fueron asegurados en el lugar de los hechos e informaron que que otros seis migrantes m\u00e1s se dieron a la fuga.<\/p>\n<p><a href=\"http:\/\/www.e-veracruz.mx\/nota\/2019-06-20\/migrantes\/veracruz-829-migrantes-asegurados-en-seis-dias\">http:\/\/www.e-veracruz.mx\/nota\/2019-06-20\/migrantes\/veracruz-829-migrantes-asegurados-en-seis-dias<\/a><\/p>\n","protected":false},"excerpt":{"rendered":"<p>Nayra Rivera \/ e-veracruz Los migrantes han sido asegurados en municipios del norte y sur de Veracruz: Cosoleacaque, Acayucan, Sayula de Alem\u00e1n, Agua Dulce y Tuxpan. Xalapa, Ver.- En los &hellip; <a href=\"https:\/\/www.grieta.org.mx\/index.php\/2019\/06\/20\/veracruz-829-migrantes-asegurados-en-seis-dias\/\" class=\"more-link\">Leer m\u00e1s<\/a><\/p>\n","protected":false},"author":2,"featured_media":35500,"comment_status":"closed","ping_status":"closed","sticky":false,"template":"","format":"standard","meta":{"ngg_post_thumbnail":0,"_jetpack_newsletter_access":"","_jetpack_dont_email_post_to_subs":false,"_jetpack_newsletter_tier_id":0,"_jetpack_memberships_contains_paywalled_content":false,"_jetpack_memberships_contains_paid_content":false,"footnotes":""},"categories":[80,86,2,2541,83,35],"tags":[1395,2204,1194],"class_list":["post-35499","post","type-post","status-publish","format-standard","has-post-thumbnail","hentry","category-cintillo","category-migrantes","category-noticias-nacionales","category-persecucion-y-criminalizacion-de-migrantes-en-veracruz-veracruz","category-temas-nacionales","category-veracruz","tag-abuso-contra-migrantes","tag-abuso-de-fuerzas-represivas","tag-criminalizacion-de-migrantes","entry"],"jetpack_featured_media_url":"https:\/\/www.grieta.org.mx\/wp-content\/uploads\/2019\/06\/inm-informo-que-mas-de-mil-migrantes-regresaron-a-su-pais__0.jpg","jetpack_sharing_enabled":true,"jetpack_shortlink":"https:\/\/wp.me\/p7ZJR4-9ez","jetpack_likes_enabled":false,"jetpack-related-posts":[{"id":33140,"url":"https:\/\/www.grieta.org.mx\/index.php\/2019\/05\/02\/van-cinco-mil-300-migrantes-asegurados-en-veracruz-pf\/","url_meta":{"origin":35499,"position":0},"title":"Van cinco mil 300 migrantes asegurados en Veracruz: PF","author":"grieta","date":"2 mayo, 2019","format":false,"excerpt":"Danytza Flores \/ Diario de Xalapa Boca del R\u00edo, Ver.-La Polic\u00eda Federal inform\u00f3 que en el \u00faltimo mes ha rescatado y deportado a 5 mil 300 indocumentados en el estado de Veracruz. Los aseguramientos se han dado en la zona sur, principalmente en Las Choapas, Coatzacoalcos y Minatitl\u00e1n, report\u00f3 el\u2026","rel":"","context":"En &quot;CINTILLO&quot;","block_context":{"text":"CINTILLO","link":"https:\/\/www.grieta.org.mx\/index.php\/category\/cintillo\/"},"img":{"alt_text":"","src":"https:\/\/i0.wp.com\/www.grieta.org.mx\/wp-content\/uploads\/2019\/05\/PF.jpg?resize=350%2C200&ssl=1","width":350,"height":200,"srcset":"https:\/\/i0.wp.com\/www.grieta.org.mx\/wp-content\/uploads\/2019\/05\/PF.jpg?resize=350%2C200&ssl=1 1x, https:\/\/i0.wp.com\/www.grieta.org.mx\/wp-content\/uploads\/2019\/05\/PF.jpg?resize=525%2C300&ssl=1 1.5x, https:\/\/i0.wp.com\/www.grieta.org.mx\/wp-content\/uploads\/2019\/05\/PF.jpg?resize=700%2C400&ssl=1 2x"},"classes":[]},{"id":33225,"url":"https:\/\/www.grieta.org.mx\/index.php\/2019\/04\/29\/aseguran-a-60-migrantes-centroamericanos-en-veracruz\/","url_meta":{"origin":35499,"position":1},"title":"Aseguran a 60 migrantes centroamericanos en Veracruz","author":"grieta","date":"29 abril, 2019","format":false,"excerpt":"Edgar \u00c1vila \/ El Universal Polic\u00edas estatales encontraron a los migrantes, entre ellos 22 ni\u00f1os, dentro de 4 vehiculos sobre la carretera Minatitl\u00e1n-Cayucan; fueron detenidos 6 hombres, originarios de Chiapas y Coatzacoalcos, quienes los transportaban Un total de 60 migrantes de origen centroamericano fueron asegurados en la zona sur de\u2026","rel":"","context":"En &quot;CINTILLO&quot;","block_context":{"text":"CINTILLO","link":"https:\/\/www.grieta.org.mx\/index.php\/category\/cintillo\/"},"img":{"alt_text":"","src":"https:\/\/i0.wp.com\/www.grieta.org.mx\/wp-content\/uploads\/2019\/05\/direct-15.jpg?resize=350%2C200&ssl=1","width":350,"height":200,"srcset":"https:\/\/i0.wp.com\/www.grieta.org.mx\/wp-content\/uploads\/2019\/05\/direct-15.jpg?resize=350%2C200&ssl=1 1x, https:\/\/i0.wp.com\/www.grieta.org.mx\/wp-content\/uploads\/2019\/05\/direct-15.jpg?resize=525%2C300&ssl=1 1.5x"},"classes":[]},{"id":34164,"url":"https:\/\/www.grieta.org.mx\/index.php\/2019\/05\/27\/detienen-a-taxista-mexicano-por-transportar-cuatro-migrantes-hondurenos-en-veracruz\/","url_meta":{"origin":35499,"position":2},"title":"Detienen a taxista mexicano por transportar cuatro migrantes hondure\u00f1os en Veracruz","author":"grieta","date":"27 mayo, 2019","format":false,"excerpt":"Redacci\u00f3n \/ El Heraldo VERACRUZ, M\u00c9XICO.- Un taxista mexicano fue detenido esta semana por transportar a cuatro migrantes hondure\u00f1os en Veracruz, seg\u00fan medios locales. El conductor circulaba en el taxi con unidad 294 y placas A56XDG en la carretera federal 185 Trans\u00edstmica, en Cosoleacaque de Veracruz, indic\u00f3 el medio Diario\u2026","rel":"","context":"En &quot;CINTILLO&quot;","block_context":{"text":"CINTILLO","link":"https:\/\/www.grieta.org.mx\/index.php\/category\/cintillo\/"},"img":{"alt_text":"","src":"https:\/\/i0.wp.com\/www.grieta.org.mx\/wp-content\/uploads\/2019\/06\/dt.common.streams.StreamServer.cls_.jpg?resize=350%2C200&ssl=1","width":350,"height":200,"srcset":"https:\/\/i0.wp.com\/www.grieta.org.mx\/wp-content\/uploads\/2019\/06\/dt.common.streams.StreamServer.cls_.jpg?resize=350%2C200&ssl=1 1x, https:\/\/i0.wp.com\/www.grieta.org.mx\/wp-content\/uploads\/2019\/06\/dt.common.streams.StreamServer.cls_.jpg?resize=525%2C300&ssl=1 1.5x, https:\/\/i0.wp.com\/www.grieta.org.mx\/wp-content\/uploads\/2019\/06\/dt.common.streams.StreamServer.cls_.jpg?resize=700%2C400&ssl=1 2x"},"classes":[]},{"id":37587,"url":"https:\/\/www.grieta.org.mx\/index.php\/2019\/07\/16\/migrantes-exhiben-condiciones-deplorables-de-estacion-migratoria-de-acayucan-veracruz\/","url_meta":{"origin":35499,"position":3},"title":"Migrantes exhiben condiciones deplorables de estaci\u00f3n migratoria de Acayucan, Veracruz","author":"grieta","date":"16 julio, 2019","format":false,"excerpt":"Jes\u00fas Ruiz \/ El Heraldo de M\u00e9xico Denuncian que en la estaci\u00f3n migratoria est\u00e1n m\u00e1s de 3 mil migrantes cuando su capacidad es para \u00fanicamente 800 personas Lanzando un \u201cSOS\u201d, migrantes de distintos pa\u00edses filtraron a medios de comunicaci\u00f3n im\u00e1genes que demuestran las deplorables condiciones en las que se encuentra\u2026","rel":"","context":"En &quot;Caravana de poblaciones migrantes en Veracruz&quot;","block_context":{"text":"Caravana de poblaciones migrantes en Veracruz","link":"https:\/\/www.grieta.org.mx\/index.php\/category\/noticias-nacionales\/veracruz\/caravana-de-poblaciones-migrantes-en-veracruz\/"},"img":{"alt_text":"","src":"https:\/\/i0.wp.com\/www.grieta.org.mx\/wp-content\/uploads\/2019\/08\/Estacion-Migratoria-en-Acayucan-Veracruz.png?resize=350%2C200&ssl=1","width":350,"height":200,"srcset":"https:\/\/i0.wp.com\/www.grieta.org.mx\/wp-content\/uploads\/2019\/08\/Estacion-Migratoria-en-Acayucan-Veracruz.png?resize=350%2C200&ssl=1 1x, https:\/\/i0.wp.com\/www.grieta.org.mx\/wp-content\/uploads\/2019\/08\/Estacion-Migratoria-en-Acayucan-Veracruz.png?resize=525%2C300&ssl=1 1.5x"},"classes":[]},{"id":34175,"url":"https:\/\/www.grieta.org.mx\/index.php\/2019\/05\/24\/resguardan-a-35-migrantes-en-acayucan-polleros-detenidos-veracruz\/","url_meta":{"origin":35499,"position":4},"title":"Resguardan a 35 migrantes en Acayucan; &#8216;polleros&#8217; detenidos (Veracruz)","author":"grieta","date":"24 mayo, 2019","format":false,"excerpt":"Redacci\u00f3n \/ Imagen del Golfo De treinta a treinta y cinco migrantes fueron resguardados y al menos dos \u2018polleros\u2019 fueron detenidos por la Polic\u00eda Naval en Acayucan. Informaci\u00f3n recabada indica que los efectivos polic\u00edacos realizaron una inspecci\u00f3n a dos camionetas que se desplazaban sobre la carretera federal 180 Costera del\u2026","rel":"","context":"En &quot;CINTILLO&quot;","block_context":{"text":"CINTILLO","link":"https:\/\/www.grieta.org.mx\/index.php\/category\/cintillo\/"},"img":{"alt_text":"","src":"https:\/\/i0.wp.com\/www.grieta.org.mx\/wp-content\/uploads\/2019\/06\/565092_d.jpg?resize=350%2C200&ssl=1","width":350,"height":200,"srcset":"https:\/\/i0.wp.com\/www.grieta.org.mx\/wp-content\/uploads\/2019\/06\/565092_d.jpg?resize=350%2C200&ssl=1 1x, https:\/\/i0.wp.com\/www.grieta.org.mx\/wp-content\/uploads\/2019\/06\/565092_d.jpg?resize=525%2C300&ssl=1 1.5x"},"classes":[]},{"id":34181,"url":"https:\/\/www.grieta.org.mx\/index.php\/2019\/05\/24\/rescatan-a-49-migrantes-transportados-en-camioneta-por-veracruz\/","url_meta":{"origin":35499,"position":5},"title":"Rescatan a 49 migrantes transportados en camioneta por Veracruz","author":"grieta","date":"24 mayo, 2019","format":false,"excerpt":"Redacci\u00f3n \/ Vanguardia Los migrantes fueron asegurados durante un operativo realizado por personal de la Polic\u00eda Naval en Coatzacoalcos Un grupo de 49 indocumentados originarios de Guatemala, El Salvador y Honduras, fueron rescatados cuando eran transportados en una camioneta de redilas, durante un operativo realizado por personal de la Polic\u00eda\u2026","rel":"","context":"En &quot;CINTILLO&quot;","block_context":{"text":"CINTILLO","link":"https:\/\/www.grieta.org.mx\/index.php\/category\/cintillo\/"},"img":{"alt_text":"","src":"https:\/\/i0.wp.com\/www.grieta.org.mx\/wp-content\/uploads\/2019\/06\/010caravana_migrante_basilica.jpg?resize=350%2C200&ssl=1","width":350,"height":200,"srcset":"https:\/\/i0.wp.com\/www.grieta.org.mx\/wp-content\/uploads\/2019\/06\/010caravana_migrante_basilica.jpg?resize=350%2C200&ssl=1 1x, https:\/\/i0.wp.com\/www.grieta.org.mx\/wp-content\/uploads\/2019\/06\/010caravana_migrante_basilica.jpg?resize=525%2C300&ssl=1 1.5x, https:\/\/i0.wp.com\/www.grieta.org.mx\/wp-content\/uploads\/2019\/06\/010caravana_migrante_basilica.jpg?resize=700%2C400&ssl=1 2x, https:\/\/i0.wp.com\/www.grieta.org.mx\/wp-content\/uploads\/2019\/06\/010caravana_migrante_basilica.jpg?resize=1050%2C600&ssl=1 3x, https:\/\/i0.wp.com\/www.grieta.org.mx\/wp-content\/uploads\/2019\/06\/010caravana_migrante_basilica.jpg?resize=1400%2C800&ssl=1 4x"},"classes":[]}],"_links":{"self":[{"href":"https:\/\/www.grieta.org.mx\/index.php\/wp-json\/wp\/v2\/posts\/35499","targetHints":{"allow":["GET"]}}],"collection":[{"href":"https:\/\/www.grieta.org.mx\/index.php\/wp-json\/wp\/v2\/posts"}],"about":[{"href":"https:\/\/www.grieta.org.mx\/index.php\/wp-json\/wp\/v2\/types\/post"}],"author":[{"embeddable":true,"href":"https:\/\/www.grieta.org.mx\/index.php\/wp-json\/wp\/v2\/users\/2"}],"replies":[{"embeddable":true,"href":"https:\/\/www.grieta.org.mx\/index.php\/wp-json\/wp\/v2\/comments?post=35499"}],"version-history":[{"count":1,"href":"https:\/\/www.grieta.org.mx\/index.php\/wp-json\/wp\/v2\/posts\/35499\/revisions"}],"predecessor-version":[{"id":35501,"href":"https:\/\/www.grieta.org.mx\/index.php\/wp-json\/wp\/v2\/posts\/35499\/revisions\/35501"}],"wp:featuredmedia":[{"embeddable":true,"href":"https:\/\/www.grieta.org.mx\/index.php\/wp-json\/wp\/v2\/media\/35500"}],"wp:attachment":[{"href":"https:\/\/www.grieta.org.mx\/index.php\/wp-json\/wp\/v2\/media?parent=35499"}],"wp:term":[{"taxonomy":"category","embeddable":true,"href":"https:\/\/www.grieta.org.mx\/index.php\/wp-json\/wp\/v2\/categories?post=35499"},{"taxonomy":"post_tag","embeddable":true,"href":"https:\/\/www.grieta.org.mx\/index.php\/wp-json\/wp\/v2\/tags?post=35499"}],"curies":[{"name":"wp","href":"https:\/\/api.w.org\/{rel}","templated":true}]}}