{"id":35476,"date":"2019-06-28T15:55:03","date_gmt":"2019-06-28T20:55:03","guid":{"rendered":"http:\/\/www.grieta.org.mx\/?p=35476"},"modified":"2019-06-28T17:59:51","modified_gmt":"2019-06-28T22:59:51","slug":"con-18-asesinatos-a-mujeres-junio-es-el-mes-mas-violento-contra-mujeres-gesmujer-oaxaca","status":"publish","type":"post","link":"https:\/\/www.grieta.org.mx\/index.php\/2019\/06\/28\/con-18-asesinatos-a-mujeres-junio-es-el-mes-mas-violento-contra-mujeres-gesmujer-oaxaca\/","title":{"rendered":"Con 18 asesinatos a mujeres, junio es el mes mas violento contra mujeres: GESMujer (Oaxaca)"},"content":{"rendered":"<p>Pedro Mat\u00edas \/ P\u00e1gina 3.<\/p>\n<p><img loading=\"lazy\" decoding=\"async\" data-attachment-id=\"35477\" data-permalink=\"https:\/\/www.grieta.org.mx\/index.php\/2019\/06\/28\/con-18-asesinatos-a-mujeres-junio-es-el-mes-mas-violento-contra-mujeres-gesmujer-oaxaca\/muertes-violentas-a-mujeres\/\" data-orig-file=\"https:\/\/www.grieta.org.mx\/wp-content\/uploads\/2019\/06\/Muertes-violentas-a-mujeres.jpeg\" data-orig-size=\"630,315\" data-comments-opened=\"0\" data-image-meta=\"{&quot;aperture&quot;:&quot;0&quot;,&quot;credit&quot;:&quot;&quot;,&quot;camera&quot;:&quot;&quot;,&quot;caption&quot;:&quot;&quot;,&quot;created_timestamp&quot;:&quot;0&quot;,&quot;copyright&quot;:&quot;&quot;,&quot;focal_length&quot;:&quot;0&quot;,&quot;iso&quot;:&quot;0&quot;,&quot;shutter_speed&quot;:&quot;0&quot;,&quot;title&quot;:&quot;&quot;,&quot;orientation&quot;:&quot;0&quot;}\" data-image-title=\"Muertes-violentas-a-mujeres\" data-image-description=\"\" data-image-caption=\"\" data-medium-file=\"https:\/\/www.grieta.org.mx\/wp-content\/uploads\/2019\/06\/Muertes-violentas-a-mujeres-300x150.jpeg\" data-large-file=\"https:\/\/www.grieta.org.mx\/wp-content\/uploads\/2019\/06\/Muertes-violentas-a-mujeres.jpeg\" src=\"http:\/\/www.grieta.org.mx\/wp-content\/uploads\/2019\/06\/Muertes-violentas-a-mujeres.jpeg\" alt=\"\" width=\"630\" height=\"315\" class=\"alignleft size-full wp-image-35477\" srcset=\"https:\/\/www.grieta.org.mx\/wp-content\/uploads\/2019\/06\/Muertes-violentas-a-mujeres.jpeg 630w, https:\/\/www.grieta.org.mx\/wp-content\/uploads\/2019\/06\/Muertes-violentas-a-mujeres-300x150.jpeg 300w\" sizes=\"auto, (max-width: 630px) 100vw, 630px\" \/><br \/>\nFoto recuperada de The Huffington Post.<\/p>\n<p>Oaxaca.- De cuatro impactos de arma de fuego fue privada de la vida la se\u00f1ora Flavia en el municipio de Xoxocotl\u00e1n, mientras que otra mujer fue asesinada en una comunidad de San Pedro Pochutla; con ambos, suman 76 muertes violentas de mujeres en Oaxaca en lo que va del a\u00f1o.<\/p>\n<p>La presidenta del Grupo de Estudios sobre la Mujer \u201cRosario Castellanos\u201d (GESMujer), Ang\u00e9lica Ayala Ortiz, reconoci\u00f3 que junio se ha convertido en el mes mas violento contra las mujeres en lo que va del 2019 al documentar 18 casos, mientras que la regi\u00f3n del Istmo de Tehuantepec sigue siendo la mas violenta con un 28%.<\/p>\n<p>Y lo preocupante, dijo, es que a nivel estatal, en el 92% de los casos, se desconoce a los agresores.<\/p>\n<p>Como parte de la sociedad civil organizada, GESMujer demand\u00f3 \u201cacciones que permitan transparentar los procesos de investigaci\u00f3n para todos los casos de muertes violentas de ni\u00f1as y mujeres, de tal manera que sea posible valorar los criterios de actuaci\u00f3n de la fiscal\u00eda general de Oaxaca respecto a las determinaciones que toman al iniciar una carpeta de investigaci\u00f3n como homicidio doloso y no como feminicidio, lo que ha sido una caracter\u00edstica de la actual administraci\u00f3n\u201d.<\/p>\n<p>Adem\u00e1s, como Grupo de Estudios sobre la Mujer Rosario Castellanos demandaron \u201cacciones contundentes y en el principio de los casos lo que necesitamos es que todos sean investigados como feminicidio y que no sea una manera de ocultar informaci\u00f3n sino una forma de reconocer una problem\u00e1tica que nos afecta como sociedad\u201d, puntualiz\u00f3.<\/p>\n<p>Apenas este mi\u00e9rcoles 26 de junio, alrededor de las 21:30 horas, en Xoxocotl\u00e1n, municipio conurbado a la capital, individuos que viajaban en una unidad de motor arribaron a un negocio de Herbalife ubicado en la carretera al Tequio y asesinaron a do\u00f1a Flavia mientras que su acompa\u00f1ante result\u00f3 gravemente herido.<\/p>\n<p>Mientras que en la regi\u00f3n de la costa, en la comunidad de San Rafael Toltepec, perteneciente a San Pedro Pochutla, fue localizada a una mujer ya sin vida y en estado de descomposici\u00f3n. Al parecer el crimen fue en un asalto.<\/p>\n<p><a href=\"https:\/\/pagina3.mx\/2019\/06\/18-asesinatos-a-mujeres-es-el-mes-mas-violento-contra-mujeres\/\" rel=\"noopener noreferrer\" target=\"_blank\">https:\/\/pagina3.mx\/2019\/06\/18-asesinatos-a-mujeres-es-el-mes-mas-violento-contra-mujeres\/<\/a><\/p>\n","protected":false},"excerpt":{"rendered":"<p>Pedro Mat\u00edas \/ P\u00e1gina 3. Foto recuperada de The Huffington Post. Oaxaca.- De cuatro impactos de arma de fuego fue privada de la vida la se\u00f1ora Flavia en el municipio &hellip; <a href=\"https:\/\/www.grieta.org.mx\/index.php\/2019\/06\/28\/con-18-asesinatos-a-mujeres-junio-es-el-mes-mas-violento-contra-mujeres-gesmujer-oaxaca\/\" class=\"more-link\">Leer m\u00e1s<\/a><\/p>\n","protected":false},"author":2,"featured_media":35477,"comment_status":"closed","ping_status":"closed","sticky":false,"template":"","format":"standard","meta":{"ngg_post_thumbnail":0,"_jetpack_newsletter_access":"","_jetpack_dont_email_post_to_subs":false,"_jetpack_newsletter_tier_id":0,"_jetpack_memberships_contains_paywalled_content":false,"_jetpack_memberships_contains_paid_content":false,"footnotes":""},"categories":[80,1325,2,25,1665],"tags":[],"class_list":["post-35476","post","type-post","status-publish","format-standard","has-post-thumbnail","hentry","category-cintillo","category-feminicidios-en-oaxaca-oaxaca","category-noticias-nacionales","category-oaxaca","category-violencia-contra-las-mujeres-en-oaxaca","entry"],"jetpack_featured_media_url":"https:\/\/www.grieta.org.mx\/wp-content\/uploads\/2019\/06\/Muertes-violentas-a-mujeres.jpeg","jetpack_sharing_enabled":true,"jetpack_shortlink":"https:\/\/wp.me\/p7ZJR4-9ec","jetpack_likes_enabled":false,"jetpack-related-posts":[{"id":55674,"url":"https:\/\/www.grieta.org.mx\/index.php\/2020\/12\/09\/oaxaca-van-101-mujeres-asesinadas-en-lo-que-va-del-ano\/","url_meta":{"origin":35476,"position":0},"title":"Oaxaca: Van 101 mujeres asesinadas en lo que va del a\u00f1o","author":"grieta","date":"9 diciembre, 2020","format":false,"excerpt":"Proceso \/ Pedro Mat\u00edas. El caso m\u00e1s reciente es el de una mujer de aproximadamente 30 a\u00f1os de edad que fue localizada sin vida, semidesnuda y con una soga al cuello. OAXACA, Oax. (apro).- Con el crimen de otra mujer que se encuentra en calidad de desconocida y con visibles\u2026","rel":"","context":"En &quot;CINTILLO&quot;","block_context":{"text":"CINTILLO","link":"https:\/\/www.grieta.org.mx\/index.php\/category\/cintillo\/"},"img":{"alt_text":"","src":"https:\/\/i0.wp.com\/www.grieta.org.mx\/wp-content\/uploads\/2020\/12\/1-3.jpg?resize=350%2C200&ssl=1","width":350,"height":200,"srcset":"https:\/\/i0.wp.com\/www.grieta.org.mx\/wp-content\/uploads\/2020\/12\/1-3.jpg?resize=350%2C200&ssl=1 1x, https:\/\/i0.wp.com\/www.grieta.org.mx\/wp-content\/uploads\/2020\/12\/1-3.jpg?resize=525%2C300&ssl=1 1.5x, https:\/\/i0.wp.com\/www.grieta.org.mx\/wp-content\/uploads\/2020\/12\/1-3.jpg?resize=700%2C400&ssl=1 2x"},"classes":[]},{"id":52624,"url":"https:\/\/www.grieta.org.mx\/index.php\/2020\/08\/06\/gesmujer-reprueba-violencia-contra-una-mujer-que-intento-ingresar-al-walmart-con-su-bebe-oaxaca\/","url_meta":{"origin":35476,"position":1},"title":"GESMujer reprueba violencia contra una mujer que intent\u00f3 ingresar al Walmart con su beb\u00e9 (Oaxaca)","author":"grieta","date":"6 agosto, 2020","format":false,"excerpt":"Proceso \/ Pedro Mat\u00edas. La presidenta de Grupo de Estudios sobre la Mujer \u201cRosario Castellanos\u201d (GESMujer), Ang\u00e9lica Ayala Ortiz. Foto: @GES_Mujer. OAXACA, Oax. (apro).- Indigna el trato discriminatorio y violento que vivi\u00f3 una mujer al tratar de ingresar con su beb\u00e9 en el centro comercial Walmart de Oaxaca, porque ejemplifica\u2026","rel":"","context":"En &quot;CINTILLO&quot;","block_context":{"text":"CINTILLO","link":"https:\/\/www.grieta.org.mx\/index.php\/category\/cintillo\/"},"img":{"alt_text":"","src":"https:\/\/i0.wp.com\/www.grieta.org.mx\/wp-content\/uploads\/2020\/08\/A.jpg?resize=350%2C200&ssl=1","width":350,"height":200,"srcset":"https:\/\/i0.wp.com\/www.grieta.org.mx\/wp-content\/uploads\/2020\/08\/A.jpg?resize=350%2C200&ssl=1 1x, https:\/\/i0.wp.com\/www.grieta.org.mx\/wp-content\/uploads\/2020\/08\/A.jpg?resize=525%2C300&ssl=1 1.5x, https:\/\/i0.wp.com\/www.grieta.org.mx\/wp-content\/uploads\/2020\/08\/A.jpg?resize=700%2C400&ssl=1 2x"},"classes":[]},{"id":54610,"url":"https:\/\/www.grieta.org.mx\/index.php\/2020\/10\/29\/tres-mujeres-ejecutadas-en-cinco-dias-en-oaxaca-suman-469-en-el-gobierno-de-alejandro-murat\/","url_meta":{"origin":35476,"position":2},"title":"Tres mujeres ejecutadas en cinco d\u00edas en Oaxaca; suman 469 en el gobierno de Alejandro Murat","author":"grieta","date":"29 octubre, 2020","format":false,"excerpt":"P\u00e1gina 3 \/ Pedro Mat\u00edas. OAXACA, Oax.- Con las ejecuciones de Ana D., Bernarda D., y Beatriz H. V., suman 86 mujeres asesinadas en lo que va del 2020 y 469 en el gobierno del priista Alejandro Murat Hinojosa, confirm\u00f3 el Grupo de Estudios sobre la Mujer \u201cRosario Castellanos\u201d (GESMujer).\u2026","rel":"","context":"En &quot;CINTILLO&quot;","block_context":{"text":"CINTILLO","link":"https:\/\/www.grieta.org.mx\/index.php\/category\/cintillo\/"},"img":{"alt_text":"","src":"https:\/\/i0.wp.com\/www.grieta.org.mx\/wp-content\/uploads\/2020\/10\/feminicidio-en-Oaxaca.jpg?resize=350%2C200&ssl=1","width":350,"height":200,"srcset":"https:\/\/i0.wp.com\/www.grieta.org.mx\/wp-content\/uploads\/2020\/10\/feminicidio-en-Oaxaca.jpg?resize=350%2C200&ssl=1 1x, https:\/\/i0.wp.com\/www.grieta.org.mx\/wp-content\/uploads\/2020\/10\/feminicidio-en-Oaxaca.jpg?resize=525%2C300&ssl=1 1.5x, https:\/\/i0.wp.com\/www.grieta.org.mx\/wp-content\/uploads\/2020\/10\/feminicidio-en-Oaxaca.jpg?resize=700%2C400&ssl=1 2x"},"classes":[]},{"id":51988,"url":"https:\/\/www.grieta.org.mx\/index.php\/2020\/07\/21\/234-mujeres-asesinadas-en-oaxaca-a-dos-anos-de-la-alerta-de-violencia-de-genero\/","url_meta":{"origin":35476,"position":3},"title":"234 mujeres asesinadas en Oaxaca, a dos a\u00f1os de la Alerta de Violencia de G\u00e9nero","author":"grieta","date":"21 julio, 2020","format":false,"excerpt":"Noticias \/ Citlalli Luciana. *AVGM fue emitida en 40 municipios de Oaxaca A casi dos a\u00f1os de que se emitiera la Alerta de Violencia de G\u00e9nero contra las Mujeres en 40 municipios de Oaxaca, los \u00edndices de violencia feminicida evidencian la falta de impacto para salvaguardar su vida. En ese\u2026","rel":"","context":"En &quot;CINTILLO&quot;","block_context":{"text":"CINTILLO","link":"https:\/\/www.grieta.org.mx\/index.php\/category\/cintillo\/"},"img":{"alt_text":"","src":"https:\/\/i0.wp.com\/www.grieta.org.mx\/wp-content\/uploads\/2018\/03\/14524434_1106112876131411_958039263622046936_o.jpg?resize=350%2C200&ssl=1","width":350,"height":200,"srcset":"https:\/\/i0.wp.com\/www.grieta.org.mx\/wp-content\/uploads\/2018\/03\/14524434_1106112876131411_958039263622046936_o.jpg?resize=350%2C200&ssl=1 1x, https:\/\/i0.wp.com\/www.grieta.org.mx\/wp-content\/uploads\/2018\/03\/14524434_1106112876131411_958039263622046936_o.jpg?resize=525%2C300&ssl=1 1.5x, https:\/\/i0.wp.com\/www.grieta.org.mx\/wp-content\/uploads\/2018\/03\/14524434_1106112876131411_958039263622046936_o.jpg?resize=700%2C400&ssl=1 2x"},"classes":[]},{"id":47704,"url":"https:\/\/www.grieta.org.mx\/index.php\/2020\/04\/10\/suman-419-mujeres-asesinadas-en-oaxaca\/","url_meta":{"origin":35476,"position":4},"title":"Suman 419 mujeres asesinadas en Oaxaca","author":"grieta","date":"10 abril, 2020","format":false,"excerpt":"P\u00e1gina 3 \/ Pedro Mat\u00edas. Del 1 de diciembre de 2016 al 10 de abril de 2020 registran 419 casos de mujeres asesinadas. *Se contabilizan dos feminicidios infantiles: GESMujer Pedro MAT\u00cdAS OAXACA. (pagina3.mx).- Con la ejecuci\u00f3n de cuatro mujeres en las \u00faltimas 24 horas, suman 419 casos de mujeres asesinadas\u2026","rel":"","context":"En &quot;CINTILLO&quot;","block_context":{"text":"CINTILLO","link":"https:\/\/www.grieta.org.mx\/index.php\/category\/cintillo\/"},"img":{"alt_text":"","src":"https:\/\/i0.wp.com\/www.grieta.org.mx\/wp-content\/uploads\/2020\/04\/feminicidio-en-Oaxaca-696x394.jpg?resize=350%2C200&ssl=1","width":350,"height":200,"srcset":"https:\/\/i0.wp.com\/www.grieta.org.mx\/wp-content\/uploads\/2020\/04\/feminicidio-en-Oaxaca-696x394.jpg?resize=350%2C200&ssl=1 1x, https:\/\/i0.wp.com\/www.grieta.org.mx\/wp-content\/uploads\/2020\/04\/feminicidio-en-Oaxaca-696x394.jpg?resize=525%2C300&ssl=1 1.5x"},"classes":[]},{"id":62662,"url":"https:\/\/www.grieta.org.mx\/index.php\/2021\/11\/09\/violencia-feminicida-que-en-oaxaca-no-puede-detenerse-suman-79-mujeres-asesinadas-en-2021-gesmujer\/","url_meta":{"origin":35476,"position":5},"title":"Violencia feminicida que en Oaxaca no puede detenerse; suman 79 mujeres asesinadas en 2021: GESMujer","author":"grieta","date":"9 noviembre, 2021","format":false,"excerpt":"P\u00e1gina 3 \/ Pedro Mat\u00edas. Historias de dolor que forman parte de un recuento de violencia feminicida que en Oaxaca no puede detenerse y que suman 79 mujeres asesinadas en 2021. Oaxaca, Oax.- A plena luz del d\u00eda fue ejecutada una mujer, otra fue asesinada con arma de fuego frente\u2026","rel":"","context":"En &quot;CINTILLO&quot;","block_context":{"text":"CINTILLO","link":"https:\/\/www.grieta.org.mx\/index.php\/category\/cintillo\/"},"img":{"alt_text":"","src":"https:\/\/i0.wp.com\/www.grieta.org.mx\/wp-content\/uploads\/2021\/11\/13.jpg?resize=350%2C200&ssl=1","width":350,"height":200,"srcset":"https:\/\/i0.wp.com\/www.grieta.org.mx\/wp-content\/uploads\/2021\/11\/13.jpg?resize=350%2C200&ssl=1 1x, https:\/\/i0.wp.com\/www.grieta.org.mx\/wp-content\/uploads\/2021\/11\/13.jpg?resize=525%2C300&ssl=1 1.5x"},"classes":[]}],"_links":{"self":[{"href":"https:\/\/www.grieta.org.mx\/index.php\/wp-json\/wp\/v2\/posts\/35476","targetHints":{"allow":["GET"]}}],"collection":[{"href":"https:\/\/www.grieta.org.mx\/index.php\/wp-json\/wp\/v2\/posts"}],"about":[{"href":"https:\/\/www.grieta.org.mx\/index.php\/wp-json\/wp\/v2\/types\/post"}],"author":[{"embeddable":true,"href":"https:\/\/www.grieta.org.mx\/index.php\/wp-json\/wp\/v2\/users\/2"}],"replies":[{"embeddable":true,"href":"https:\/\/www.grieta.org.mx\/index.php\/wp-json\/wp\/v2\/comments?post=35476"}],"version-history":[{"count":1,"href":"https:\/\/www.grieta.org.mx\/index.php\/wp-json\/wp\/v2\/posts\/35476\/revisions"}],"predecessor-version":[{"id":35478,"href":"https:\/\/www.grieta.org.mx\/index.php\/wp-json\/wp\/v2\/posts\/35476\/revisions\/35478"}],"wp:featuredmedia":[{"embeddable":true,"href":"https:\/\/www.grieta.org.mx\/index.php\/wp-json\/wp\/v2\/media\/35477"}],"wp:attachment":[{"href":"https:\/\/www.grieta.org.mx\/index.php\/wp-json\/wp\/v2\/media?parent=35476"}],"wp:term":[{"taxonomy":"category","embeddable":true,"href":"https:\/\/www.grieta.org.mx\/index.php\/wp-json\/wp\/v2\/categories?post=35476"},{"taxonomy":"post_tag","embeddable":true,"href":"https:\/\/www.grieta.org.mx\/index.php\/wp-json\/wp\/v2\/tags?post=35476"}],"curies":[{"name":"wp","href":"https:\/\/api.w.org\/{rel}","templated":true}]}}