{"id":3545,"date":"2016-03-09T19:59:25","date_gmt":"2016-03-09T19:59:25","guid":{"rendered":"http:\/\/50.22.11.12\/~grietaor\/?p=3545"},"modified":"2016-03-15T20:03:47","modified_gmt":"2016-03-15T20:03:47","slug":"maestros-paralizan-clinica-exigen-que-moreira-devuelva-dinero-de-la-38","status":"publish","type":"post","link":"https:\/\/www.grieta.org.mx\/index.php\/2016\/03\/09\/maestros-paralizan-clinica-exigen-que-moreira-devuelva-dinero-de-la-38\/","title":{"rendered":"Maestros paralizan cl\u00ednica; exigen que Moreira devuelva dinero de la 38"},"content":{"rendered":"<p>*** Rub\u00e9n y Carlos Moreira provocaron la quiebra de los hospitales de la secci\u00f3n.-<\/p>\n<p>*** Rub\u00e9n Delgadillo, c\u00f3mplice del gobernador y su hermano en el saqueo.-<\/p>\n<figure id=\"attachment_3547\" aria-describedby=\"caption-attachment-3547\" style=\"width: 425px\" class=\"wp-caption aligncenter\"><img loading=\"lazy\" decoding=\"async\" data-attachment-id=\"3547\" data-permalink=\"https:\/\/www.grieta.org.mx\/index.php\/2016\/03\/09\/maestros-paralizan-clinica-exigen-que-moreira-devuelva-dinero-de-la-38\/maestros-paralizan-clinica-moreira\/\" data-orig-file=\"https:\/\/www.grieta.org.mx\/wp-content\/uploads\/2016\/03\/Maestros-paralizan-cl\u00ednica-Moreira.jpg\" data-orig-size=\"425,319\" data-comments-opened=\"0\" data-image-meta=\"{&quot;aperture&quot;:&quot;0&quot;,&quot;credit&quot;:&quot;&quot;,&quot;camera&quot;:&quot;&quot;,&quot;caption&quot;:&quot;&quot;,&quot;created_timestamp&quot;:&quot;0&quot;,&quot;copyright&quot;:&quot;&quot;,&quot;focal_length&quot;:&quot;0&quot;,&quot;iso&quot;:&quot;0&quot;,&quot;shutter_speed&quot;:&quot;0&quot;,&quot;title&quot;:&quot;&quot;,&quot;orientation&quot;:&quot;1&quot;}\" data-image-title=\"Maestros paralizan cl\u00ednica Moreira\" data-image-description=\"\" data-image-caption=\"&lt;p&gt;Trabajadores de la Cl\u00ednica de los 38 del SNTE demandaron a los hermanos Rub\u00e9n y Carlos Moreira la devoluci\u00f3n del dinero que pertenece a esta secci\u00f3n. (Foto de Vanguardia Saltillo)&lt;\/p&gt;\n\" data-medium-file=\"https:\/\/www.grieta.org.mx\/wp-content\/uploads\/2016\/03\/Maestros-paralizan-cl\u00ednica-Moreira-300x225.jpg\" data-large-file=\"https:\/\/www.grieta.org.mx\/wp-content\/uploads\/2016\/03\/Maestros-paralizan-cl\u00ednica-Moreira.jpg\" class=\"wp-image-3547 size-full\" src=\"http:\/\/grieta.org.mx\/wp-content\/uploads\/2016\/03\/Maestros-paralizan-cl\u00ednica-Moreira.jpg\" alt=\"Trabajadores de la Cl\u00ednica de los 38 del SNTE demandaron a los hermanos Rub\u00e9n y Carlos Moreira la devoluci\u00f3n del dinero que pertenece a esta secci\u00f3n. (Foto de Vanguardia Saltillo)\" width=\"425\" height=\"319\" srcset=\"https:\/\/www.grieta.org.mx\/wp-content\/uploads\/2016\/03\/Maestros-paralizan-cl\u00ednica-Moreira.jpg 425w, https:\/\/www.grieta.org.mx\/wp-content\/uploads\/2016\/03\/Maestros-paralizan-cl\u00ednica-Moreira-300x225.jpg 300w\" sizes=\"auto, (max-width: 425px) 100vw, 425px\" \/><figcaption id=\"caption-attachment-3547\" class=\"wp-caption-text\">Trabajadores de la Cl\u00ednica de los 38 del SNTE demandaron a los hermanos Rub\u00e9n y Carlos Moreira la devoluci\u00f3n del dinero que pertenece a esta secci\u00f3n. (Foto de Vanguardia Saltillo)<\/figcaption><\/figure>\n<p>Saltillo, Coah.- Trabajadores de la Cl\u00ednica de la 38 del SNTE paralizaron hoy sus actividades como medida de protesta para exigir a su dirigente Rub\u00e9n Delgadillo que exija la devoluci\u00f3n del dinero que pertenece a los maestros de esta secci\u00f3n y que se niega a entregar el gobierno de Coahuila.<\/p>\n<p>Suman m\u00e1s de 400 los empleados de la cl\u00ednica que permanecen en paro indefinido debido a que no cuentan con material m\u00e9dico, insumos ni medicinas para brindar la atenci\u00f3n requerida a los agremiados a esta secci\u00f3n, entre los que se cuentan trabajadores de las universidades Aut\u00f3noma de Coahuila y Aut\u00f3noma Agraria Antonio Narro.<\/p>\n<p>El movimiento inici\u00f3 a las 8 de la ma\u00f1ana de hoy. Maestros, m\u00e9dicos, enfermeras, trabajadoras sociales y todo el grupo que integra la planta laboral de la cl\u00ednica demandaron la devoluci\u00f3n de m\u00e1s de 700 millones de pesos que el gobernador Rub\u00e9n Moreira y su hermano Carlos Moreira desviaron para su beneficio personal, con la complicidad del dirigente magisterial, generando la quiebra de este importante centro de salud que brindaba atenci\u00f3n de calidad y medicamentos de patente a sus derechohabientes.<\/p>\n<p>Ante el movimiento, el doctor Mart\u00edn Arellano, dijo que a\u00fan se siguen realizando consultas y laborando en el \u00e1rea de cirug\u00edas y de urgencias, aunque se podr\u00eda suspender de un momento a otro la atenci\u00f3n en los consultorios y solo mantener laborando las \u00e1reas cr\u00edticas del nosocomio.<\/p>\n<p><a href=\"http:\/\/democratacoahuila.wordpress.com\/2016\/03\/09\/1maestros-paralizan-clinica-exigen-que-moreira-devuelva-dinero-de-la-38\" target=\"_blank\">democratacoahuila.wordpress.com\/2016\/03\/09\/1maestros-paralizan-clinica-exigen-que-moreira-devuelva-dinero-de-la-38<\/a><\/p>\n","protected":false},"excerpt":{"rendered":"<p>*** Rub\u00e9n y Carlos Moreira provocaron la quiebra de los hospitales de la secci\u00f3n.- *** Rub\u00e9n Delgadillo, c\u00f3mplice del gobernador y su hermano en el saqueo.- Saltillo, Coah.- Trabajadores de &hellip; <a href=\"https:\/\/www.grieta.org.mx\/index.php\/2016\/03\/09\/maestros-paralizan-clinica-exigen-que-moreira-devuelva-dinero-de-la-38\/\" class=\"more-link\">Leer m\u00e1s<\/a><\/p>\n","protected":false},"author":2,"featured_media":21928,"comment_status":"closed","ping_status":"open","sticky":false,"template":"","format":"standard","meta":{"ngg_post_thumbnail":0,"_jetpack_newsletter_access":"","_jetpack_dont_email_post_to_subs":false,"_jetpack_newsletter_tier_id":0,"_jetpack_memberships_contains_paywalled_content":false,"_jetpack_memberships_contains_paid_content":false,"footnotes":""},"categories":[80],"tags":[133,241,295,149],"class_list":["post-3545","post","type-post","status-publish","format-standard","has-post-thumbnail","hentry","category-cintillo","tag-maestros","tag-paro","tag-saltillo","tag-salud","entry"],"jetpack_featured_media_url":"https:\/\/www.grieta.org.mx\/wp-content\/uploads\/2018\/03\/14524434_1106112876131411_958039263622046936_o.jpg","jetpack_sharing_enabled":true,"jetpack_shortlink":"https:\/\/wp.me\/p7ZJR4-Vb","jetpack_likes_enabled":false,"jetpack-related-posts":[{"id":10467,"url":"https:\/\/www.grieta.org.mx\/index.php\/2016\/04\/14\/exigen-maestros-medicamentos-y-hacen-marcha\/","url_meta":{"origin":3545,"position":0},"title":"Exigen maestros medicamentos y hacen marcha","author":"grieta","date":"14 abril, 2016","format":false,"excerpt":"La denominada Coalici\u00f3n de Maestros de la Educaci\u00f3n del Estado de Coahuila, integrada por profesores jubilados y en activo de la Secci\u00f3n 38 del SNTE, de la UAAAN, de la UAdeC y de la Escuela Normal Superior, marcharon ayer en el primer cuadro de la ciudad de Saltillo y se\u2026","rel":"","context":"En &quot;CINTILLO&quot;","block_context":{"text":"CINTILLO","link":"https:\/\/www.grieta.org.mx\/index.php\/category\/cintillo\/"},"img":{"alt_text":"","src":"https:\/\/i0.wp.com\/www.grieta.org.mx\/wp-content\/uploads\/2018\/03\/14524434_1106112876131411_958039263622046936_o.jpg?resize=350%2C200&ssl=1","width":350,"height":200,"srcset":"https:\/\/i0.wp.com\/www.grieta.org.mx\/wp-content\/uploads\/2018\/03\/14524434_1106112876131411_958039263622046936_o.jpg?resize=350%2C200&ssl=1 1x, https:\/\/i0.wp.com\/www.grieta.org.mx\/wp-content\/uploads\/2018\/03\/14524434_1106112876131411_958039263622046936_o.jpg?resize=525%2C300&ssl=1 1.5x, https:\/\/i0.wp.com\/www.grieta.org.mx\/wp-content\/uploads\/2018\/03\/14524434_1106112876131411_958039263622046936_o.jpg?resize=700%2C400&ssl=1 2x"},"classes":[]},{"id":10655,"url":"https:\/\/www.grieta.org.mx\/index.php\/2016\/04\/16\/maestros-inician-tercer-dia-de-planton-nadie-escucha-sus-demandas\/","url_meta":{"origin":3545,"position":1},"title":"Maestros inician tercer d\u00eda de plant\u00f3n\u2026 Nadie escucha sus demandas","author":"grieta","date":"16 abril, 2016","format":false,"excerpt":"*** Gobernador cambia de sede Palacio; atiende en su casa o inventa giras.- *** Devoluci\u00f3n de $600 millones para activar las cl\u00ednicas, entre las demandas de los profesores.- Saltillo, Coah.- Los maestros de la 38, en su mayor\u00eda jubilados, resisten las inclemencias del tiempo en una peque\u00f1a casa de campa\u00f1a\u2026","rel":"","context":"En &quot;CINTILLO&quot;","block_context":{"text":"CINTILLO","link":"https:\/\/www.grieta.org.mx\/index.php\/category\/cintillo\/"},"img":{"alt_text":"","src":"https:\/\/i0.wp.com\/www.grieta.org.mx\/wp-content\/uploads\/2018\/03\/14524434_1106112876131411_958039263622046936_o.jpg?resize=350%2C200&ssl=1","width":350,"height":200,"srcset":"https:\/\/i0.wp.com\/www.grieta.org.mx\/wp-content\/uploads\/2018\/03\/14524434_1106112876131411_958039263622046936_o.jpg?resize=350%2C200&ssl=1 1x, https:\/\/i0.wp.com\/www.grieta.org.mx\/wp-content\/uploads\/2018\/03\/14524434_1106112876131411_958039263622046936_o.jpg?resize=525%2C300&ssl=1 1.5x, https:\/\/i0.wp.com\/www.grieta.org.mx\/wp-content\/uploads\/2018\/03\/14524434_1106112876131411_958039263622046936_o.jpg?resize=700%2C400&ssl=1 2x"},"classes":[]},{"id":3556,"url":"https:\/\/www.grieta.org.mx\/index.php\/2016\/02\/04\/marchan-jubilados-del-snte\/","url_meta":{"origin":3545,"position":2},"title":"Marchan Jubilados del SNTE","author":"grieta","date":"4 febrero, 2016","format":false,"excerpt":"Nuevamente maestros Jubilados y pensionados del magisterio estatal tomaron las calles de la Ciudad, en demanda de que se mejore el abasto de medicamentos y que este sea de forma permanente y no soluciones temporales como se ha venido haciendo desde a\u00f1os atr\u00e1s. Portando pancartas donde se lanzaban consignas \u00a1Exigimos\u2026","rel":"","context":"En &quot;CINTILLO&quot;","block_context":{"text":"CINTILLO","link":"https:\/\/www.grieta.org.mx\/index.php\/category\/cintillo\/"},"img":{"alt_text":"","src":"https:\/\/i0.wp.com\/www.grieta.org.mx\/wp-content\/uploads\/2018\/03\/14524434_1106112876131411_958039263622046936_o.jpg?resize=350%2C200&ssl=1","width":350,"height":200,"srcset":"https:\/\/i0.wp.com\/www.grieta.org.mx\/wp-content\/uploads\/2018\/03\/14524434_1106112876131411_958039263622046936_o.jpg?resize=350%2C200&ssl=1 1x, https:\/\/i0.wp.com\/www.grieta.org.mx\/wp-content\/uploads\/2018\/03\/14524434_1106112876131411_958039263622046936_o.jpg?resize=525%2C300&ssl=1 1.5x, https:\/\/i0.wp.com\/www.grieta.org.mx\/wp-content\/uploads\/2018\/03\/14524434_1106112876131411_958039263622046936_o.jpg?resize=700%2C400&ssl=1 2x"},"classes":[]},{"id":6841,"url":"https:\/\/www.grieta.org.mx\/index.php\/2016\/05\/01\/jubilados-de-coahuila-protestan-contra-trato-indigno-en-hospitales\/","url_meta":{"origin":3545,"position":3},"title":"Jubilados de Coahuila protestan contra trato indigno en hospitales","author":"grieta","date":"1 mayo, 2016","format":false,"excerpt":"28\/04\/16. Se manifiestan \u2018profes\u2019 en inicio de Copecol El Siglo de Torre\u00f3n 16\/04\/16. Maestros inician tercer d\u00eda de plant\u00f3n\u2026 Nadie escucha sus demandas El Dem\u00f3crata Coahuila 14\/04\/16. Exigen maestros medicamentos y hacen marcha El Diario de Coahuila 09\/03\/16. Maestros paralizan cl\u00ednica; exigen que Moreira devuelva dinero de la 38 El\u2026","rel":"","context":"En &quot;Coahuila&quot;","block_context":{"text":"Coahuila","link":"https:\/\/www.grieta.org.mx\/index.php\/category\/noticias-nacionales\/coahuila\/"},"img":{"alt_text":"","src":"https:\/\/i0.wp.com\/www.grieta.org.mx\/wp-content\/uploads\/2018\/03\/14524434_1106112876131411_958039263622046936_o.jpg?resize=350%2C200&ssl=1","width":350,"height":200,"srcset":"https:\/\/i0.wp.com\/www.grieta.org.mx\/wp-content\/uploads\/2018\/03\/14524434_1106112876131411_958039263622046936_o.jpg?resize=350%2C200&ssl=1 1x, https:\/\/i0.wp.com\/www.grieta.org.mx\/wp-content\/uploads\/2018\/03\/14524434_1106112876131411_958039263622046936_o.jpg?resize=525%2C300&ssl=1 1.5x, https:\/\/i0.wp.com\/www.grieta.org.mx\/wp-content\/uploads\/2018\/03\/14524434_1106112876131411_958039263622046936_o.jpg?resize=700%2C400&ssl=1 2x"},"classes":[]},{"id":49672,"url":"https:\/\/www.grieta.org.mx\/index.php\/2020\/05\/19\/protestan-maestros-de-la-seccion-16-de-snte-por-falta-de-pago-jalisco\/","url_meta":{"origin":3545,"position":4},"title":"Protestan maestros de la secci\u00f3n 16 de SNTE por falta de pago (Jalisco)","author":"grieta","date":"19 mayo, 2020","format":false,"excerpt":"Foto: Rafael Hern\u00e1ndez Adri\u00e1n Delgado, vocero de la secci\u00f3n 16 del sindicato, dijo en entrevista con Se\u00f1al Informativa que son tres mil 207 casos de profesores a los que se les adeudan hasta un a\u00f1o de salario Rafael Hern\u00e1ndez \/ UDGTV Guadalajara, Jalisco. Maestros de la secci\u00f3n 16 del Sindicato\u2026","rel":"","context":"En &quot;CINTILLO&quot;","block_context":{"text":"CINTILLO","link":"https:\/\/www.grieta.org.mx\/index.php\/category\/cintillo\/"},"img":{"alt_text":"","src":"https:\/\/i0.wp.com\/www.grieta.org.mx\/wp-content\/uploads\/2020\/05\/Protestan-maestros-Rafael-Hern%C3%A1ndez-1-696x706.jpeg?resize=350%2C200&ssl=1","width":350,"height":200,"srcset":"https:\/\/i0.wp.com\/www.grieta.org.mx\/wp-content\/uploads\/2020\/05\/Protestan-maestros-Rafael-Hern%C3%A1ndez-1-696x706.jpeg?resize=350%2C200&ssl=1 1x, https:\/\/i0.wp.com\/www.grieta.org.mx\/wp-content\/uploads\/2020\/05\/Protestan-maestros-Rafael-Hern%C3%A1ndez-1-696x706.jpeg?resize=525%2C300&ssl=1 1.5x"},"classes":[]},{"id":69101,"url":"https:\/\/www.grieta.org.mx\/index.php\/2024\/06\/04\/maestros-toman-instalaciones-de-la-seccion-33-del-snte-en-yucatan\/","url_meta":{"origin":3545,"position":5},"title":"Maestros toman instalaciones de la Secci\u00f3n 33 del SNTE en Yucat\u00e1n","author":"grieta","date":"4 junio, 2024","format":false,"excerpt":"Yazm\u00edn Rodr\u00edguez Galaz \/ El Universal M\u00e9rida.- Unos 60 profesores tomaron las instalaciones de la Secci\u00f3n 33 del Sindicato Nacional de los Trabajadores de la Educaci\u00f3n (SNTE), ubicado en la colonia Yucalpet\u00e9n de M\u00e9rida, para exigir el pago de la homologaci\u00f3n que prometi\u00f3 el presidente Andr\u00e9s Manuel L\u00f3pez Obrador desde\u2026","rel":"","context":"En &quot;CINTILLO&quot;","block_context":{"text":"CINTILLO","link":"https:\/\/www.grieta.org.mx\/index.php\/category\/cintillo\/"},"img":{"alt_text":"","src":"https:\/\/i0.wp.com\/www.grieta.org.mx\/wp-content\/uploads\/2024\/06\/Maestroe-e1717976976401.jpg?resize=350%2C200&ssl=1","width":350,"height":200,"srcset":"https:\/\/i0.wp.com\/www.grieta.org.mx\/wp-content\/uploads\/2024\/06\/Maestroe-e1717976976401.jpg?resize=350%2C200&ssl=1 1x, https:\/\/i0.wp.com\/www.grieta.org.mx\/wp-content\/uploads\/2024\/06\/Maestroe-e1717976976401.jpg?resize=525%2C300&ssl=1 1.5x, https:\/\/i0.wp.com\/www.grieta.org.mx\/wp-content\/uploads\/2024\/06\/Maestroe-e1717976976401.jpg?resize=700%2C400&ssl=1 2x"},"classes":[]}],"_links":{"self":[{"href":"https:\/\/www.grieta.org.mx\/index.php\/wp-json\/wp\/v2\/posts\/3545","targetHints":{"allow":["GET"]}}],"collection":[{"href":"https:\/\/www.grieta.org.mx\/index.php\/wp-json\/wp\/v2\/posts"}],"about":[{"href":"https:\/\/www.grieta.org.mx\/index.php\/wp-json\/wp\/v2\/types\/post"}],"author":[{"embeddable":true,"href":"https:\/\/www.grieta.org.mx\/index.php\/wp-json\/wp\/v2\/users\/2"}],"replies":[{"embeddable":true,"href":"https:\/\/www.grieta.org.mx\/index.php\/wp-json\/wp\/v2\/comments?post=3545"}],"version-history":[{"count":1,"href":"https:\/\/www.grieta.org.mx\/index.php\/wp-json\/wp\/v2\/posts\/3545\/revisions"}],"predecessor-version":[{"id":3550,"href":"https:\/\/www.grieta.org.mx\/index.php\/wp-json\/wp\/v2\/posts\/3545\/revisions\/3550"}],"wp:featuredmedia":[{"embeddable":true,"href":"https:\/\/www.grieta.org.mx\/index.php\/wp-json\/wp\/v2\/media\/21928"}],"wp:attachment":[{"href":"https:\/\/www.grieta.org.mx\/index.php\/wp-json\/wp\/v2\/media?parent=3545"}],"wp:term":[{"taxonomy":"category","embeddable":true,"href":"https:\/\/www.grieta.org.mx\/index.php\/wp-json\/wp\/v2\/categories?post=3545"},{"taxonomy":"post_tag","embeddable":true,"href":"https:\/\/www.grieta.org.mx\/index.php\/wp-json\/wp\/v2\/tags?post=3545"}],"curies":[{"name":"wp","href":"https:\/\/api.w.org\/{rel}","templated":true}]}}