{"id":35210,"date":"2019-06-16T22:13:51","date_gmt":"2019-06-17T03:13:51","guid":{"rendered":"http:\/\/www.grieta.org.mx\/?p=35210"},"modified":"2019-06-21T22:50:45","modified_gmt":"2019-06-22T03:50:45","slug":"el-cancer-tiene-permiso-en-la-laguna-coahuila-y-durango","status":"publish","type":"post","link":"https:\/\/www.grieta.org.mx\/index.php\/2019\/06\/16\/el-cancer-tiene-permiso-en-la-laguna-coahuila-y-durango\/","title":{"rendered":"El c\u00e1ncer tiene permiso en La Laguna (Coahuila y Durango)"},"content":{"rendered":"<p>Jes\u00fas Pe\u00f1a; fotos: Marco Medina y Jes\u00fas Pe\u00f1a; video: Estefan Baltez\u00e1n y Jes\u00fas Pe\u00f1a; dise\u00f1o: \u00c9dgar de la Garza; edici\u00f3n: Quetzali Garc\u00eda\/ LA VANGUARDIA MX.<\/p>\n<blockquote><p>Los niveles de ars\u00e9nico en el agua de la Laguna rebasan el 100% de lo que permiten las normas ambientales. Esto se traduce negativamente en la salud y resulta en la extinci\u00f3n de pueblos aleda\u00f1os a pozos. La negaci\u00f3n de las autoridades ante el problema y el abandono de los filtros fue documentada por SEMANARIO<\/p><\/blockquote>\n<p><iframe loading=\"lazy\" src=\"https:\/\/www.youtube.com\/embed\/QnSKyQQogSE\" width=\"470\" height=\"275\" frameborder=\"0\" allowfullscreen=\"allowfullscreen\"><\/iframe><\/p>\n<p>Mientras cuenta los muertos, Do\u00f1a Mati camina a paso lento por las calles polvorientas y sofocantes de Finisterre&#8230;<\/p>\n<p>Esas ruinas, dice, y se\u00f1ala una choza de adobe en el centro del poblado, eran la casa de una se\u00f1ora que ya falleci\u00f3.<\/p>\n<p>Le amputaron las piernas, a ra\u00edz de lo del hidroarsenicismo, porque el ars\u00e9nico es como una termita que se aloja en las extremidades.<\/p>\n<p>Se llamaba Gabina Garc\u00eda.<\/p>\n<p>En la casa verde viv\u00eda un matrimonio: el se\u00f1or Tel\u00e9sforo L\u00f3pez y su esposa, la se\u00f1ora Julia Rodr\u00edguez Nery.<\/p>\n<p>Hace un a\u00f1o, o a\u00f1o y medio, que murieron.<\/p>\n<p>Ten\u00edan manchas en la piel.<\/p>\n<p>Tambi\u00e9n la se\u00f1ora Mar\u00eda Sandoval Casillas, esa que viv\u00eda all\u00e1, por las galeras. A ella la hicieron una biopsia porque ya le supuraban las manchas y desped\u00edan f\u00e9tidos olores.Padec\u00eda de c\u00e1ncer. Se muri\u00f3.Y en la casa aquella que est\u00e1 por el pante\u00f3n, \u00e9sa que ya se est\u00e1 cayendo, viv\u00eda don J, Manuel Donato Mej\u00eda.<\/p>\n<p>Aquel viejito que ten\u00eda el cuerpo todo lleno de manchas caf\u00e9s y negras, una sobre la otra.Ya muri\u00f3.<\/p>\n<p>\u201c\u00c9l me dec\u00eda, \u2018ay muchacha, t\u00fa todos los d\u00edas vienes a verme, pero va a haber un d\u00eda en que ya no me vas a encontrar\u2019, y desgraciadamente as\u00ed fue. Dios nuestro Se\u00f1or baj\u00f3 la mano y se lo llev\u00f3 a su lado\u201d, dice do\u00f1a Mati por no decir que el c\u00e1ncer de piel que le result\u00f3 a don Manuel de tomar agua contaminada con ars\u00e9nico durante a\u00f1os, lo mat\u00f3.<\/p>\n<p>Y aunque las autoridades aseguran que el hidroarsenicismo en Finisterre, como en el resto de la Regi\u00f3n Lagunera, ya no es tanto, do\u00f1a Mati no lo cree.<\/p>\n<p>Hace algunos a\u00f1os que a ella tambi\u00e9n empezaron a brotarle unas machas caf\u00e9s en la espalda.<\/p>\n<p>La doctora le dijo que pod\u00eda ser a ra\u00edz del agua que consum\u00edan en Finisterre.<\/p>\n<p>Matilde Su\u00e1rez Rivera, la asistente de salud de Finisterre, uno de los municipio de Francisco I, Madero, Coahuila, famoso por su agua con altas concentraciones de ars\u00e9nico, lleg\u00f3 aqu\u00ed hace 37 a\u00f1os, cuando la gente tomaba agua, o mejor dicho ars\u00e9nico, de una vieja noria que est\u00e1 a la salida de la comunidad.<\/p>\n<p>Cuenta Mati, en el solar de su casa de Finisterre, se sube la blusa por la espalda y ense\u00f1a unas manchas parduzcas como continentes que se extienden a lo largo de su espinazo.<\/p>\n<p>La se\u00f1al inequ\u00edvoca y fatal del c\u00e1ncer.<\/p>\n<p>Tambi\u00e9n a don Eusebio L\u00f3pez Bernal, el anciano que vive al lado de la casa de do\u00f1a Mati, le han salido ya manchas en la espalda; y a don Mart\u00edn L\u00f3pez, el esposo de Rosy, ese que vive en la casa aquella pasando la carretera.<\/p>\n<p>\u201cYo digo que \u00e9sa es y debe ser la prioridad del Gobierno del Estado, del Gobierno Federal, del Municipal, de poner atenci\u00f3n en las cuestiones de salud\u201d, dice do\u00f1a Mati.<\/p>\n<p>Historias como \u00e9stas abundan en todos los rincones de la Comarca Lagunera, sin que las autoridades de los diferentes niveles de gobierno hagan algo para solucionar, de manera eficiente, el problema del hidroarsenicismo en esta comarca, ocasionado por la sobreexplotaci\u00f3n de los mantos acu\u00edferos.<\/p>\n<p>Ejemplo de ello son las llamadas plantas potabilizadoras para la remoci\u00f3n de ars\u00e9nico a pie de pozo, tambi\u00e9n llamadas filtros antiars\u00e9nico, que fueron avalados por el Instituto Mexicano de Tecnolog\u00eda del Agua, (IMTA), instaladas a instancias de la Conagua y entregadas a los sistemas de agua municipales en la zona urbana y rural de Torre\u00f3n, Madero, Matamoros y Viesca, Coahuila a principios de esta d\u00e9cada, y algunas de las cuales se encuentran sin funcionar y en total abandono.<\/p>\n<p>Con base en un reporte emitido por la Comisi\u00f3n Estatal de Aguas y Saneamiento, en la Laguna de Coahuila se instalaron 29 plantas potabilizadoras para remoci\u00f3n de ars\u00e9nico a pie de pozo, con una inversi\u00f3n de 267 millones 976 mil 074 pesos.<\/p>\n<p>En una visita realizada por SEMANARIO a 12 de las 29 plantas que costaron el erario p\u00fablico entre 5 y 12 millones de pesos, se pudo constatar el olvido y, en algunos casos, el deterioro que presentan estas obras.<\/p>\n<p>Juan Carlos Parga Torres, presidente del Comit\u00e9 Ciudadano por la Calidad y Cantidad del Agua en la Laguna, calific\u00f3 este hecho como \u201cun gran fraude en contra de la salud de los habitantes de la Regi\u00f3n Lagunera\u201d.<\/p>\n<p>Es el caso de la planta ubicada en el pozo 79 que se localiza en el Fraccionamiento Lagos, de Torre\u00f3n.<\/p>\n<p>Estos filtros met\u00e1licos lucen completamente oxidados, convertidos en chatarra, en fierro viejo. Son como cilindros parecidos a cohetes espaciales, que deber\u00edan estar conectados mediante tuber\u00eda al pozo que abastece a esta colonia para limpiar el agua de ars\u00e9nico.<\/p>\n<p>De acuerdo con datos obtenidos mediante la solicitud de informaci\u00f3n 00517219 hecha a la Comisi\u00f3n Estatal de Agua y Saneamiento (Ceas), en este filtro para la eliminaci\u00f3n de ars\u00e9nico, cuyo \u00f3rgano ejecutor fue la Conagua y que seg\u00fan el inventario de la Ceas ya est\u00e1 terminado, se erogaron 8 millones 16 mil 895 pesos.<\/p>\n<figure id=\"attachment_35211\" aria-describedby=\"caption-attachment-35211\" style=\"width: 980px\" class=\"wp-caption alignleft\"><img loading=\"lazy\" decoding=\"async\" data-attachment-id=\"35211\" data-permalink=\"https:\/\/www.grieta.org.mx\/index.php\/2019\/06\/16\/el-cancer-tiene-permiso-en-la-laguna-coahuila-y-durango\/depositos\/\" data-orig-file=\"https:\/\/www.grieta.org.mx\/wp-content\/uploads\/2019\/06\/Dep\u00f3sitos.jpg\" data-orig-size=\"980,655\" data-comments-opened=\"0\" data-image-meta=\"{&quot;aperture&quot;:&quot;0&quot;,&quot;credit&quot;:&quot;&quot;,&quot;camera&quot;:&quot;&quot;,&quot;caption&quot;:&quot;&quot;,&quot;created_timestamp&quot;:&quot;0&quot;,&quot;copyright&quot;:&quot;&quot;,&quot;focal_length&quot;:&quot;0&quot;,&quot;iso&quot;:&quot;0&quot;,&quot;shutter_speed&quot;:&quot;0&quot;,&quot;title&quot;:&quot;&quot;,&quot;orientation&quot;:&quot;0&quot;}\" data-image-title=\"Dep\u00f3sitos\" data-image-description=\"\" data-image-caption=\"&lt;p&gt;En el olvido, los filtros en estas condiciones son un monumento a la estupidez humana, se\u00f1alaron los especialistas. Fotos: Marco Medina y Jes\u00fas Pe\u00f1a&lt;\/p&gt;\n\" data-medium-file=\"https:\/\/www.grieta.org.mx\/wp-content\/uploads\/2019\/06\/Dep\u00f3sitos-300x201.jpg\" data-large-file=\"https:\/\/www.grieta.org.mx\/wp-content\/uploads\/2019\/06\/Dep\u00f3sitos.jpg\" class=\"size-full wp-image-35211\" src=\"http:\/\/www.grieta.org.mx\/wp-content\/uploads\/2019\/06\/Dep\u00f3sitos.jpg\" alt=\"\" width=\"980\" height=\"655\" srcset=\"https:\/\/www.grieta.org.mx\/wp-content\/uploads\/2019\/06\/Dep\u00f3sitos.jpg 980w, https:\/\/www.grieta.org.mx\/wp-content\/uploads\/2019\/06\/Dep\u00f3sitos-300x201.jpg 300w, https:\/\/www.grieta.org.mx\/wp-content\/uploads\/2019\/06\/Dep\u00f3sitos-768x513.jpg 768w, https:\/\/www.grieta.org.mx\/wp-content\/uploads\/2019\/06\/Dep\u00f3sitos-748x500.jpg 748w\" sizes=\"auto, (max-width: 980px) 100vw, 980px\" \/><figcaption id=\"caption-attachment-35211\" class=\"wp-caption-text\">En el olvido, los filtros en estas condiciones son un monumento a la estupidez humana, se\u00f1alaron los especialistas. Fotos: Marco Medina y Jes\u00fas Pe\u00f1a<\/figcaption><\/figure>\n<p>ALERTA: \u00bfQu\u00e9 dicen los \u00faltimos estudios?<\/p>\n<p>RIESGO MORTAL.<\/p>\n<p>La Universidad Ju\u00e1rez del Estado de Durango, revel\u00f3 con un estudio c\u00f3mo el ars\u00e9nico provoca una oxidaci\u00f3n de las c\u00e9lulas del ADN<\/p>\n<p>BEBER AGUA CON ARS\u00c9NICO.<\/p>\n<p>Provoca infertilidad, deficiencias del desarrollo, afecciones neurol\u00f3gicas, asma y de problemas cr\u00f3nicos pulmonares<\/p>\n<p>OTRAS CONSECUENCIAS.<\/p>\n<p>Favorece la aparici\u00f3n de obesidad o aumenta el riesgo de ser obeso y de ser diab\u00e9tico, porque altera el metabolismo<\/p>\n<p><img loading=\"lazy\" decoding=\"async\" data-attachment-id=\"35212\" data-permalink=\"https:\/\/www.grieta.org.mx\/index.php\/2019\/06\/16\/el-cancer-tiene-permiso-en-la-laguna-coahuila-y-durango\/hombre-apoca\/\" data-orig-file=\"https:\/\/www.grieta.org.mx\/wp-content\/uploads\/2019\/06\/hombre-apoca.jpg\" data-orig-size=\"980,551\" data-comments-opened=\"0\" data-image-meta=\"{&quot;aperture&quot;:&quot;0&quot;,&quot;credit&quot;:&quot;&quot;,&quot;camera&quot;:&quot;&quot;,&quot;caption&quot;:&quot;&quot;,&quot;created_timestamp&quot;:&quot;0&quot;,&quot;copyright&quot;:&quot;&quot;,&quot;focal_length&quot;:&quot;0&quot;,&quot;iso&quot;:&quot;0&quot;,&quot;shutter_speed&quot;:&quot;0&quot;,&quot;title&quot;:&quot;&quot;,&quot;orientation&quot;:&quot;0&quot;}\" data-image-title=\"hombre apoca\" data-image-description=\"\" data-image-caption=\"\" data-medium-file=\"https:\/\/www.grieta.org.mx\/wp-content\/uploads\/2019\/06\/hombre-apoca-300x169.jpg\" data-large-file=\"https:\/\/www.grieta.org.mx\/wp-content\/uploads\/2019\/06\/hombre-apoca.jpg\" class=\"alignleft size-full wp-image-35212\" src=\"http:\/\/www.grieta.org.mx\/wp-content\/uploads\/2019\/06\/hombre-apoca.jpg\" alt=\"\" width=\"980\" height=\"551\" srcset=\"https:\/\/www.grieta.org.mx\/wp-content\/uploads\/2019\/06\/hombre-apoca.jpg 980w, https:\/\/www.grieta.org.mx\/wp-content\/uploads\/2019\/06\/hombre-apoca-300x169.jpg 300w, https:\/\/www.grieta.org.mx\/wp-content\/uploads\/2019\/06\/hombre-apoca-768x432.jpg 768w, https:\/\/www.grieta.org.mx\/wp-content\/uploads\/2019\/06\/hombre-apoca-889x500.jpg 889w\" sizes=\"auto, (max-width: 980px) 100vw, 980px\" \/><\/p>\n<blockquote><p>&#8220;Los filtros de ars\u00e9nico no los estamos usando. Desde que llegamos la instalaci\u00f3n ha estado mal hecha\u2026. A parte los consumos excesivos de electricidad\u2026&#8221;.<br \/>\nABEL RAM\u00cdREZ\/ GERENTE GENERAL DE SIMAS MADERO<\/p><\/blockquote>\n<p>Aqu\u00ed cabe se\u00f1alar que el Fraccionamiento Lagos se encuentra en una zona de Torre\u00f3n donde las concentraciones de ars\u00e9nico han alcanzado por a\u00f1os los 0.045 o 0.050 microgramos de ars\u00e9nico por litro, las m\u00e1s altas de toda la ciudad, superando casi al doble los 0.025 microgramos por litro que establece la Norma Oficial Mexicana NOM-250-SSA1-2014.<\/p>\n<p>Entrevistado al respecto Mauro Gonz\u00e1lez Montoya, gerente t\u00e9cnico de SIMAS Rural, \u00f3rgano del gobierno del estado responsable de la operaci\u00f3n de \u00e9sta y otras plantas en localidades de Torre\u00f3n, Matamoros y Viesca, se\u00f1al\u00f3 que en su jurisdicci\u00f3n existen otros dos casos de filtros cuyos trabajos han quedado inconclusos y las obras abandonadas: uno en el Ejido Ana y otro en la comunidad de Venustiano Carranza, municipio de Viesca.<\/p>\n<p>\u201cTenemos aqu\u00ed unos filtros que nos dejaron empezados y ya no volvieron. Uno en el pozo del Ejido Ana, el del pozo Lagos y otro en Viesca, esos tres. Que iban a instalar los filtros y no, los dejaron empezados nada m\u00e1s. Por ejemplo en el Ejido Ana empezaron las excavaciones, llevaron material, varilla y todo para iniciar con las planchas, los desplantes y ya, hasta ah\u00ed. En el pozo Lagos pusieron unos tanques, hicieron una caseta y fue todo. En Viesca empezaron a hacer excavaciones, pero nada m\u00e1s\u201d.<\/p>\n<p>\u00bfCu\u00e1ndo iniciaron estos trabajos?<\/p>\n<p>A principios de 2018, de repente ya no volvi\u00f3 nadie, ya no vimos a nadie\u2026 Les avis\u00e9 a los de CNA y dijeron que iban a ver qu\u00e9 hab\u00eda pasado con los contratistas, pero nada.<\/p>\n<p>Una de las plantas que permanecen en calidad de elefante blanco en medio de la nada, es la situada a la salida de Francisco I. Madero, Coahuila, justo a la orilla de la carretera que va a San Pedro de las Colonias, en el pozo llamado Caballo Blanco, cuya inversi\u00f3n, seg\u00fan cifras oficiales, fue de 6 millones 605 mil 965 pesos.<\/p>\n<p>Este filtro no est\u00e1 conectado a la red y en sus instalaciones, resguardadas con malla cicl\u00f3nica, tampoco se observan vigilantes ni personas operando el sistema nombrado de filtraci\u00f3n directa con cloruro f\u00e9rrico.<\/p>\n<p>SEMANARIO busc\u00f3 a Abel Ram\u00edrez, el gerente general de SIMAS Madero, para que diera su versi\u00f3n sobre el estado de cosas que guardan las cinco plantas potabilizadoras para remoci\u00f3n de ars\u00e9nico que fueron instaladas en este municipio con autorizaci\u00f3n de la CONAGUA y cuyo valor supera los 45 millones de pesos:<\/p>\n<p>Los filtros de ars\u00e9nico no los estamos usando. Desde que llegamos la instalaci\u00f3n ha estado mal hecha\u2026. A parte los consumos excesivos de electricidad\u2026<\/p>\n<p>\u00bfPor qu\u00e9?<\/p>\n<p>Al momento de usar los filtros usamos otros motores, los cuales nos van a causar m\u00e1s consumo de electricidad.<\/p>\n<p>\u00bfY con qu\u00e9 est\u00e1n eliminando el ars\u00e9nico de Madero entonces?<\/p>\n<p>Cloramos el agua\u2026<\/p>\n<p>Lo mismo sucede con las plantas establecidas en los pozos 3 y 4 de Matamoros, Coahuila, que a m\u00e1s de un a\u00f1o de haberse construido est\u00e1n inconclusas y sin funcionar.<\/p>\n<p>Pese a que hist\u00f3ricamente los an\u00e1lisis del agua de estos pozos, realizados por el propio SIMAS, han arrojado concentraciones de ars\u00e9nico de hasta 0.050 microgramos por litro, cantidad que duplica lo permitido por la norma; en este proyecto de los filtros colocados en los pozos 3 y 4, ubicados en el \u00e1rea urbana de Matamoros, se gastaron recursos por el orden de los 8 millones 130 mil 482 pesos y 11 millones 367 mil 557 pesos, respectivamente.<\/p>\n<p>\u201cNom\u00e1s se vinieron a tomar la foto y ya no volvieron, \u00e1i nom\u00e1s dejaron\u201d, dijo un vecino del lugar durante la visita de SEMANARIO al pozo 4.<\/p>\n<p>Tampoco en estas plantas se observ\u00f3 a gente trabajando en la operaci\u00f3n de los filtros, pero s\u00ed, en el caso del pozo 4, a dos trabajadores bebiendo cerveza acompa\u00f1ados de una mujer.<\/p>\n<p>Rogelio Ayup, el gerente general de SIMAS Matamoros, aclar\u00f3 que ambas plantas, cuya construcci\u00f3n data de unos ocho meses, registran ya un avance de 90 por ciento.<\/p>\n<p>Sin embargo, dijo desconocer la fecha exacta en que las obras ser\u00e1n entregadas por la Conagua a este organismo operador.<\/p>\n<p>\u201cNo est\u00e1n en funciones todav\u00eda y como lleva los filtros, bardeado del \u00e1rea, unas pilas, entonces s\u00ed es un trabajo laborioso. Esos trabajos los hizo la CNA y entonces ellos mandan a la empresa, le empresa empieza a construirlos, yo no tengo fecha de entrega. Queremos suponer que en un mes, dos meses ya puedan estar funcionando los filtros adecuadamente y creo que en este a\u00f1o nos libramos del ars\u00e9nico\u201d.<\/p>\n<p>Con relaci\u00f3n a los pozos que abastecen de agua a las colonias Senderos y Zacatecas de Torre\u00f3n, se pudo constatar que las plantas para remoci\u00f3n de ars\u00e9nico se encuentran inactivas.<\/p>\n<p>Empleados del SIMAS, que al momento de la vista de SEMANARIO se encontraban al interior de las plantas afirmaron que los filtros est\u00e1n sin operar, dijeron ignorar la causa.<\/p>\n<p>Dulce Pereda, s\u00edndica del municipio de Torre\u00f3n, declar\u00f3 que esta situaci\u00f3n se debe principalmente a la falta de mantenimiento de los filtros antiars\u00e9nico por parte de los organismos operadores, en este caso el SIMAS Torre\u00f3n.<\/p>\n<p>\u201cSi no le dan mantenimiento adecuado a la bomba, mucho menos les est\u00e1n dando a los filtros de ars\u00e9nico. Y al no darle mantenimiento a estos filtros obviamente no est\u00e1s previniendo el ars\u00e9nico\u201d, declar\u00f3.<\/p>\n<p>Es de destacar que el sector Senderos se ha caracterizado por ser una de las zonas de Torre\u00f3n cuyas aguas han llegado a niveles de contaminaci\u00f3n de 0,045 y 0.050 microgramos de ars\u00e9nico por litro, 100 por ciento m\u00e1s de lo permitido.<\/p>\n<p>Durante los recorridos efectuados por SEMANARIO, en varias visitas a municipios de la Laguna de Coahuila, realizadas en el lapso de dos meses, se pudo observar que en el caso de colonias como Compresor, Lucio Blanco y el Ejido Paso del \u00c1guila, asentadas en el \u00e1rea urbana y rural de Torre\u00f3n, losfiltros se encuentran parados y bajo candado dentro de los predios del SIMAS donde se localizan los pozos.<\/p>\n<p>Pasa igual con el pozo 32 \u2013 R, ubicado por la Plaza Jumbo, frente al Parque Industrial Oriente, y en el que se gastaron 11 millones 622 mil 386 pesos.<\/p>\n<p>Un vecino del sector inform\u00f3 que hace m\u00e1s de un a\u00f1o en este pozo no hay ni velador.<\/p>\n<p>Cuestionado sobre el caso de la planta instalada en el Ejido Paso del \u00c1guila, Mauro Gonz\u00e1lez Montoya, gerente t\u00e9cnico del SIMAS Rural, dijo que los paros de este filtro, que lleva operando alrededor de dos a\u00f1os, se deben a los constante robos de que es objeto, con todo y que hay vigilante.<\/p>\n<p>\u201cEs que la otra vez nos robaron casi todo ah\u00ed y luego ya ves que es electr\u00f3nico, batallamos mucho para volver a reparar\u201d.<\/p>\n<p>Y aclar\u00f3 que en \u00e9poca de invierno el pozo normalmente est\u00e1 parado, \u201cporque nos sobra gasto. Ya se llega el calor y lo echamos a funcionar. A lo mejor el pozo estaba parado cuando fueron ustedes\u201d, explic\u00f3.<\/p>\n<p>\u00bfDice que el pozo es poco gasto?<\/p>\n<p>En Paso del \u00c1guila son pozos que dan poco gasto. Los filtros se deben de ubicar en un pozo donde\u2026, Y los filtros es una inversi\u00f3n muy fuerte. Hay que hacer un estudio bien hecho, completo, para que sea costeable poner filtros. A lo mejor nosotros pensamos hacer una reposici\u00f3n de ese pozo\u2026 Hacemos la reposici\u00f3n \u00bfy los filtros?<\/p>\n<p><img loading=\"lazy\" decoding=\"async\" data-attachment-id=\"35213\" data-permalink=\"https:\/\/www.grieta.org.mx\/index.php\/2019\/06\/16\/el-cancer-tiene-permiso-en-la-laguna-coahuila-y-durango\/filtros-blancos\/\" data-orig-file=\"https:\/\/www.grieta.org.mx\/wp-content\/uploads\/2019\/06\/filtros-blancos.jpg\" data-orig-size=\"980,654\" data-comments-opened=\"0\" data-image-meta=\"{&quot;aperture&quot;:&quot;0&quot;,&quot;credit&quot;:&quot;&quot;,&quot;camera&quot;:&quot;&quot;,&quot;caption&quot;:&quot;&quot;,&quot;created_timestamp&quot;:&quot;0&quot;,&quot;copyright&quot;:&quot;&quot;,&quot;focal_length&quot;:&quot;0&quot;,&quot;iso&quot;:&quot;0&quot;,&quot;shutter_speed&quot;:&quot;0&quot;,&quot;title&quot;:&quot;&quot;,&quot;orientation&quot;:&quot;0&quot;}\" data-image-title=\"filtros blancos\" data-image-description=\"\" data-image-caption=\"\" data-medium-file=\"https:\/\/www.grieta.org.mx\/wp-content\/uploads\/2019\/06\/filtros-blancos-300x200.jpg\" data-large-file=\"https:\/\/www.grieta.org.mx\/wp-content\/uploads\/2019\/06\/filtros-blancos.jpg\" class=\"alignleft size-full wp-image-35213\" src=\"http:\/\/www.grieta.org.mx\/wp-content\/uploads\/2019\/06\/filtros-blancos.jpg\" alt=\"\" width=\"980\" height=\"654\" srcset=\"https:\/\/www.grieta.org.mx\/wp-content\/uploads\/2019\/06\/filtros-blancos.jpg 980w, https:\/\/www.grieta.org.mx\/wp-content\/uploads\/2019\/06\/filtros-blancos-300x200.jpg 300w, https:\/\/www.grieta.org.mx\/wp-content\/uploads\/2019\/06\/filtros-blancos-768x513.jpg 768w, https:\/\/www.grieta.org.mx\/wp-content\/uploads\/2019\/06\/filtros-blancos-749x500.jpg 749w\" sizes=\"auto, (max-width: 980px) 100vw, 980px\" \/><\/p>\n<p><img loading=\"lazy\" decoding=\"async\" data-attachment-id=\"35215\" data-permalink=\"https:\/\/www.grieta.org.mx\/index.php\/2019\/06\/16\/el-cancer-tiene-permiso-en-la-laguna-coahuila-y-durango\/filtros-blancotes\/\" data-orig-file=\"https:\/\/www.grieta.org.mx\/wp-content\/uploads\/2019\/06\/filtros-blancotes.jpg\" data-orig-size=\"980,654\" data-comments-opened=\"0\" data-image-meta=\"{&quot;aperture&quot;:&quot;0&quot;,&quot;credit&quot;:&quot;&quot;,&quot;camera&quot;:&quot;&quot;,&quot;caption&quot;:&quot;&quot;,&quot;created_timestamp&quot;:&quot;0&quot;,&quot;copyright&quot;:&quot;&quot;,&quot;focal_length&quot;:&quot;0&quot;,&quot;iso&quot;:&quot;0&quot;,&quot;shutter_speed&quot;:&quot;0&quot;,&quot;title&quot;:&quot;&quot;,&quot;orientation&quot;:&quot;0&quot;}\" data-image-title=\"filtros blancotes\" data-image-description=\"\" data-image-caption=\"\" data-medium-file=\"https:\/\/www.grieta.org.mx\/wp-content\/uploads\/2019\/06\/filtros-blancotes-300x200.jpg\" data-large-file=\"https:\/\/www.grieta.org.mx\/wp-content\/uploads\/2019\/06\/filtros-blancotes.jpg\" class=\"alignleft size-full wp-image-35215\" src=\"http:\/\/www.grieta.org.mx\/wp-content\/uploads\/2019\/06\/filtros-blancotes.jpg\" alt=\"\" width=\"980\" height=\"654\" srcset=\"https:\/\/www.grieta.org.mx\/wp-content\/uploads\/2019\/06\/filtros-blancotes.jpg 980w, https:\/\/www.grieta.org.mx\/wp-content\/uploads\/2019\/06\/filtros-blancotes-300x200.jpg 300w, https:\/\/www.grieta.org.mx\/wp-content\/uploads\/2019\/06\/filtros-blancotes-768x513.jpg 768w, https:\/\/www.grieta.org.mx\/wp-content\/uploads\/2019\/06\/filtros-blancotes-749x500.jpg 749w\" sizes=\"auto, (max-width: 980px) 100vw, 980px\" \/><\/p>\n<blockquote><p>&#8220;Yo digo que \u00e9sa es y debe ser la prioridad del Gobierno del Estado, del Gobierno Federal, del Municipal, de poner atenci\u00f3n en las cuestiones de salud\u201d.<br \/>\nDO\u00d1A MATI\/ HABITANTE DE FINISTERRE<\/p><\/blockquote>\n<p>SEMANARIO busc\u00f3 por m\u00e1s de un mes a \u00d3scar Guti\u00e9rrez Santana, el director general del organismos Cuencas Centrales del Norte, para que hablara de las condiciones actuales de los filtros.<\/p>\n<p>\u201cLa agenda del ingeniero est\u00e1 bastante cargadita. En cuanto tenga instrucci\u00f3n yo me comunico con usted\u201d, dijo Guadalupe Sald\u00edvar, la vocera de este organismo, en la \u00faltima comunicaci\u00f3n sostenida el pasado 11 de junio.<\/p>\n<p>\u00bfCu\u00e1ndo prev\u00e9 que podr\u00e1 atendernos?<\/p>\n<p>No sabr\u00eda decirle. Es informaci\u00f3n que los directores no traen bajo la manga.<\/p>\n<p><img loading=\"lazy\" decoding=\"async\" data-attachment-id=\"35216\" data-permalink=\"https:\/\/www.grieta.org.mx\/index.php\/2019\/06\/16\/el-cancer-tiene-permiso-en-la-laguna-coahuila-y-durango\/agua-arsenico\/\" data-orig-file=\"https:\/\/www.grieta.org.mx\/wp-content\/uploads\/2019\/06\/Agua-ars\u00e9nico.jpg\" data-orig-size=\"980,654\" data-comments-opened=\"0\" data-image-meta=\"{&quot;aperture&quot;:&quot;0&quot;,&quot;credit&quot;:&quot;&quot;,&quot;camera&quot;:&quot;&quot;,&quot;caption&quot;:&quot;&quot;,&quot;created_timestamp&quot;:&quot;0&quot;,&quot;copyright&quot;:&quot;&quot;,&quot;focal_length&quot;:&quot;0&quot;,&quot;iso&quot;:&quot;0&quot;,&quot;shutter_speed&quot;:&quot;0&quot;,&quot;title&quot;:&quot;&quot;,&quot;orientation&quot;:&quot;0&quot;}\" data-image-title=\"Agua ars\u00e9nico\" data-image-description=\"\" data-image-caption=\"\" data-medium-file=\"https:\/\/www.grieta.org.mx\/wp-content\/uploads\/2019\/06\/Agua-ars\u00e9nico-300x200.jpg\" data-large-file=\"https:\/\/www.grieta.org.mx\/wp-content\/uploads\/2019\/06\/Agua-ars\u00e9nico.jpg\" class=\"alignleft size-full wp-image-35216\" src=\"http:\/\/www.grieta.org.mx\/wp-content\/uploads\/2019\/06\/Agua-ars\u00e9nico.jpg\" alt=\"\" width=\"980\" height=\"654\" srcset=\"https:\/\/www.grieta.org.mx\/wp-content\/uploads\/2019\/06\/Agua-ars\u00e9nico.jpg 980w, https:\/\/www.grieta.org.mx\/wp-content\/uploads\/2019\/06\/Agua-ars\u00e9nico-300x200.jpg 300w, https:\/\/www.grieta.org.mx\/wp-content\/uploads\/2019\/06\/Agua-ars\u00e9nico-768x513.jpg 768w, https:\/\/www.grieta.org.mx\/wp-content\/uploads\/2019\/06\/Agua-ars\u00e9nico-749x500.jpg 749w\" sizes=\"auto, (max-width: 980px) 100vw, 980px\" \/><img loading=\"lazy\" decoding=\"async\" data-attachment-id=\"35216\" data-permalink=\"https:\/\/www.grieta.org.mx\/index.php\/2019\/06\/16\/el-cancer-tiene-permiso-en-la-laguna-coahuila-y-durango\/agua-arsenico\/\" data-orig-file=\"https:\/\/www.grieta.org.mx\/wp-content\/uploads\/2019\/06\/Agua-ars\u00e9nico.jpg\" data-orig-size=\"980,654\" data-comments-opened=\"0\" data-image-meta=\"{&quot;aperture&quot;:&quot;0&quot;,&quot;credit&quot;:&quot;&quot;,&quot;camera&quot;:&quot;&quot;,&quot;caption&quot;:&quot;&quot;,&quot;created_timestamp&quot;:&quot;0&quot;,&quot;copyright&quot;:&quot;&quot;,&quot;focal_length&quot;:&quot;0&quot;,&quot;iso&quot;:&quot;0&quot;,&quot;shutter_speed&quot;:&quot;0&quot;,&quot;title&quot;:&quot;&quot;,&quot;orientation&quot;:&quot;0&quot;}\" data-image-title=\"Agua ars\u00e9nico\" data-image-description=\"\" data-image-caption=\"\" data-medium-file=\"https:\/\/www.grieta.org.mx\/wp-content\/uploads\/2019\/06\/Agua-ars\u00e9nico-300x200.jpg\" data-large-file=\"https:\/\/www.grieta.org.mx\/wp-content\/uploads\/2019\/06\/Agua-ars\u00e9nico.jpg\" class=\"alignleft size-full wp-image-35216\" src=\"http:\/\/www.grieta.org.mx\/wp-content\/uploads\/2019\/06\/Agua-ars\u00e9nico.jpg\" alt=\"\" width=\"980\" height=\"654\" srcset=\"https:\/\/www.grieta.org.mx\/wp-content\/uploads\/2019\/06\/Agua-ars\u00e9nico.jpg 980w, https:\/\/www.grieta.org.mx\/wp-content\/uploads\/2019\/06\/Agua-ars\u00e9nico-300x200.jpg 300w, https:\/\/www.grieta.org.mx\/wp-content\/uploads\/2019\/06\/Agua-ars\u00e9nico-768x513.jpg 768w, https:\/\/www.grieta.org.mx\/wp-content\/uploads\/2019\/06\/Agua-ars\u00e9nico-749x500.jpg 749w\" sizes=\"auto, (max-width: 980px) 100vw, 980px\" \/><\/p>\n<blockquote><p>&#8220;Nom\u00e1s se vinieron a tomar la foto y ya no volvieron, \u00e1i nom\u00e1s dejaron\u201d.<br \/>\nJUAN, VECINO DEL POZO 4.<\/p><\/blockquote>\n<p>SEMANARIO busc\u00f3 tambi\u00e9n durante casi un mes a Juan Jos\u00e9 G\u00f3mez, el gerente general del SIMAS Torre\u00f3n, para que diera su versi\u00f3n en torno a los problemas que enfrenta el proyecto de los filtros antiars\u00e9nico en Torre\u00f3n.<\/p>\n<p>Hasta el cierre de esta edici\u00f3n no se hab\u00eda reportado.<\/p>\n<p>Por su parte Antonio Nerio Maltos, director general de la Comisi\u00f3n Estatal de Aguas y Saneamiento de Coahuila, reconoci\u00f3 que no todos los filtros para la eliminaci\u00f3n de ars\u00e9nico instalados en la Laguna de Coahuila est\u00e1n operando.<\/p>\n<p>\u201cHay algunos que probablemente requieran mantenimiento, hay algunos que, quiz\u00e1 por los costos operativos, dejaron de funcionar y el SIMAS decidi\u00f3 trabajar \u00fanicamente con otros pozos que no tuvieran problemas de ars\u00e9nico\u201d.<\/p>\n<p>\u00bfCu\u00e1nto representa en dinero la operaci\u00f3n de los filtros?<\/p>\n<p>No tengo el dato exacto, pero sabemos que es costosa porque tenemos mucha relaci\u00f3n con los sistemas operadores y de por s\u00ed el gasto en energ\u00eda el\u00e9ctrica ya casi alcanza el 90 por ciento de su presupuesto en algunos casos, con estas plantas se incrementa a\u00fan m\u00e1s. Es lo que escuchamos de ellos y es donde buscamos colaborar directamente ante Comisi\u00f3n Federal de Electricidad, pero tambi\u00e9n con algunos esquemas de inversi\u00f3n en p\u00e1neles solares \u2026\u201d.<\/p>\n<p>Nerio Maltos subray\u00f3 que esta tecnolog\u00eda, avalada por el Instituto Mexicano de Tecnolog\u00eda del Agua, ha resultado efectiva en la eliminaci\u00f3n de ars\u00e9nico de los pozos donde se encuentra instalada.<\/p>\n<p>\u201cS\u00ed, donde est\u00e1n funcionando los filtros el agua cumple los par\u00e1metros aceptables\u201d.<\/p>\n<p>Fernando Ulises Adame de Le\u00f3n, doctor en biolog\u00eda molecular, con 30 a\u00f1os de experiencia en el tema del ars\u00e9nico, advirti\u00f3 que si no se toman acciones adecuadas para solucionar el problema del hidroarsenicismo en la Comarca Lagunera, no solamente seguir\u00e1n los da\u00f1os ocasionados por el consumo de ars\u00e9nico, como la gran incidencia de c\u00e1ncer que existe en la regi\u00f3n, sino que se van a desencadenar problemas de cadmio, fl\u00faor y boro en el agua.<\/p>\n<p>\u201cYa hay muchos problemas de deformaciones \u00f3seas, de alergias, de c\u00e1ncer\u201d, dijo.<\/p>\n<p>Aunque la Secretar\u00eda de Salud no cuenta con estad\u00edsticas sobre enfermedades y muertes provocadas por el hidroarsenicismo en la Laguna de Coahuila.<\/p>\n<p>\u201cHay muchas muertes que se dan en las comunidades, en los ejidos donde solamente se muri\u00f3 y lo enterraron. Hay poca, muy poca informaci\u00f3n al respecto\u201d.<\/p>\n<p>Sin embargo, Adame de Le\u00f3n detall\u00f3 que La Laguna es un referente mundial de la presencia de c\u00e1ncer, asociado con el consumo de metales pesados.<\/p>\n<p>\u201cM\u00e9tase en al buscador de google y pregunte sobre los temas asociados con el ars\u00e9nico, con el cadmio, con el fl\u00faor y le va a aparecer como referencia la Comarca Lagunera. A nivel mundial la Comarca Lagunera es un foco donde ocurren esos problemas. No somos la \u00fanica zona, pero tampoco es un orgullo\u201d, dijo.<\/p>\n<p>Y declar\u00f3 que las plantas potabilizadoras para la remoci\u00f3n de ars\u00e9nico a pie de pozo, pronto resultar\u00e1n insuficientes porque el agua del acu\u00edfero ya no es tan abundante.<\/p>\n<p>\u201cLos pozos hay que reponerlos constantemente porque se abaten, \u00bfpara qu\u00e9 quiere usted un filtro en un pozo que ya no tiene agua?\u201d.<\/p>\n<p>Jorge Antonio Espinoza Femmat, m\u00e9dico cirujano, doctorado en medicina molecular y maestro investigador de la Universidad Ju\u00e1rez del Estado de Durango, dijo que hoy m\u00e1s que nunca se requiere un trabajo conjunto entre las fuerza pol\u00edticas, las fuerzas acad\u00e9micas y la poblaci\u00f3n en general, para resolver el problema del ars\u00e9nico en la Laguna.<\/p>\n<p>\u201cPor m\u00e1s que nosotros descubramos el hilo negro y sepamos cu\u00e1l es el problema del ars\u00e9nico, si no hay un esfuerzo conjunto no va a haber una soluci\u00f3n\u201d.<\/p>\n<p>Jes\u00fas Burciaga, m\u00e9dico general, estudioso del tema del ars\u00e9nico desde la d\u00e9cada de los setentas, lament\u00f3 que a pesar de que ya se ha dicho demasiado sobre los efectos del consumo de este metaloide en la salud humana, no se ha hecho nada.<\/p>\n<p>\u201cHay antecedentes en la Laguna desde 1958, de las consecuencias en la salud por la exposici\u00f3n al ars\u00e9nico, al plomo, al cadmio y el problema es que no pasa nada\u201d.<\/p>\n<p>En tanto las manchas en la espalda de do\u00f1a Mati, la asistente de salud del pueblo de Finisterre, siguen creciendo y creciendo, hasta que un d\u00eda, como a sus vecinos, en el pueblo no la vuelvan a ver\u2026<br \/>\n<img loading=\"lazy\" decoding=\"async\" data-attachment-id=\"35217\" data-permalink=\"https:\/\/www.grieta.org.mx\/index.php\/2019\/06\/16\/el-cancer-tiene-permiso-en-la-laguna-coahuila-y-durango\/arsenico\/\" data-orig-file=\"https:\/\/www.grieta.org.mx\/wp-content\/uploads\/2019\/06\/Ars\u00e9nico.jpg\" data-orig-size=\"980,654\" data-comments-opened=\"0\" data-image-meta=\"{&quot;aperture&quot;:&quot;0&quot;,&quot;credit&quot;:&quot;&quot;,&quot;camera&quot;:&quot;&quot;,&quot;caption&quot;:&quot;&quot;,&quot;created_timestamp&quot;:&quot;0&quot;,&quot;copyright&quot;:&quot;&quot;,&quot;focal_length&quot;:&quot;0&quot;,&quot;iso&quot;:&quot;0&quot;,&quot;shutter_speed&quot;:&quot;0&quot;,&quot;title&quot;:&quot;&quot;,&quot;orientation&quot;:&quot;0&quot;}\" data-image-title=\"Ars\u00e9nico\" data-image-description=\"\" data-image-caption=\"\" data-medium-file=\"https:\/\/www.grieta.org.mx\/wp-content\/uploads\/2019\/06\/Ars\u00e9nico-300x200.jpg\" data-large-file=\"https:\/\/www.grieta.org.mx\/wp-content\/uploads\/2019\/06\/Ars\u00e9nico.jpg\" class=\"alignleft size-full wp-image-35217\" src=\"http:\/\/www.grieta.org.mx\/wp-content\/uploads\/2019\/06\/Ars\u00e9nico.jpg\" alt=\"\" width=\"980\" height=\"654\" srcset=\"https:\/\/www.grieta.org.mx\/wp-content\/uploads\/2019\/06\/Ars\u00e9nico.jpg 980w, https:\/\/www.grieta.org.mx\/wp-content\/uploads\/2019\/06\/Ars\u00e9nico-300x200.jpg 300w, https:\/\/www.grieta.org.mx\/wp-content\/uploads\/2019\/06\/Ars\u00e9nico-768x513.jpg 768w, https:\/\/www.grieta.org.mx\/wp-content\/uploads\/2019\/06\/Ars\u00e9nico-749x500.jpg 749w\" sizes=\"auto, (max-width: 980px) 100vw, 980px\" \/><\/p>\n<p>\u201cUn gran fraude en contra de la salud de los habitantes de la Regi\u00f3n Lagunera (El abandono de las plantas tratadoras)\u201d.<\/p>\n<p>Juan Carlos Parga Torres, presidente del Comit\u00e9 Ciudadano por la Calidad y Cantidad del Agua en la Laguna<\/p>\n<p>\u201cSi no le dan mantenimiento adecuado a la bomba, mucho menos les est\u00e1n dando a los filtros de ars\u00e9nico. Y al no darle mantenimiento a estos filtros obviamente no est\u00e1s previniendo el ars\u00e9nico\u201d<\/p>\n<p>Dulce Pereda\/ S\u00edndica del municipio de Torre\u00f3n<\/p>\n<figure id=\"attachment_35218\" aria-describedby=\"caption-attachment-35218\" style=\"width: 980px\" class=\"wp-caption alignleft\"><img loading=\"lazy\" decoding=\"async\" data-attachment-id=\"35218\" data-permalink=\"https:\/\/www.grieta.org.mx\/index.php\/2019\/06\/16\/el-cancer-tiene-permiso-en-la-laguna-coahuila-y-durango\/simas-san-pedro\/\" data-orig-file=\"https:\/\/www.grieta.org.mx\/wp-content\/uploads\/2019\/06\/SIMAS-San-Pedro.jpg\" data-orig-size=\"980,654\" data-comments-opened=\"0\" data-image-meta=\"{&quot;aperture&quot;:&quot;0&quot;,&quot;credit&quot;:&quot;&quot;,&quot;camera&quot;:&quot;&quot;,&quot;caption&quot;:&quot;&quot;,&quot;created_timestamp&quot;:&quot;0&quot;,&quot;copyright&quot;:&quot;&quot;,&quot;focal_length&quot;:&quot;0&quot;,&quot;iso&quot;:&quot;0&quot;,&quot;shutter_speed&quot;:&quot;0&quot;,&quot;title&quot;:&quot;&quot;,&quot;orientation&quot;:&quot;0&quot;}\" data-image-title=\"SIMAS San Pedro\" data-image-description=\"\" data-image-caption=\"&lt;p&gt;En los setentas y ochentas se dio la incidencia de c\u00e1ncer de piel y de pie negro, con amputaciones, y se concluy\u00f3 que se deb\u00eda al ars\u00e9nico&lt;\/p&gt;\n\" data-medium-file=\"https:\/\/www.grieta.org.mx\/wp-content\/uploads\/2019\/06\/SIMAS-San-Pedro-300x200.jpg\" data-large-file=\"https:\/\/www.grieta.org.mx\/wp-content\/uploads\/2019\/06\/SIMAS-San-Pedro.jpg\" class=\"size-full wp-image-35218\" src=\"http:\/\/www.grieta.org.mx\/wp-content\/uploads\/2019\/06\/SIMAS-San-Pedro.jpg\" alt=\"\" width=\"980\" height=\"654\" srcset=\"https:\/\/www.grieta.org.mx\/wp-content\/uploads\/2019\/06\/SIMAS-San-Pedro.jpg 980w, https:\/\/www.grieta.org.mx\/wp-content\/uploads\/2019\/06\/SIMAS-San-Pedro-300x200.jpg 300w, https:\/\/www.grieta.org.mx\/wp-content\/uploads\/2019\/06\/SIMAS-San-Pedro-768x513.jpg 768w, https:\/\/www.grieta.org.mx\/wp-content\/uploads\/2019\/06\/SIMAS-San-Pedro-749x500.jpg 749w\" sizes=\"auto, (max-width: 980px) 100vw, 980px\" \/><figcaption id=\"caption-attachment-35218\" class=\"wp-caption-text\">En los setentas y ochentas se dio la incidencia de c\u00e1ncer de piel y de pie negro, con amputaciones, y se concluy\u00f3 que se deb\u00eda al ars\u00e9nico<\/figcaption><\/figure>\n<p>100 % m\u00e1s del ars\u00e9nico permitido son los niveles de contaminaci\u00f3n de 0,045 y 0.050 microgramos de ars\u00e9nico por litro<\/p>\n<p>29 plantas potabilizadoras para remoci\u00f3n de ars\u00e9nico a pie de pozo, con una inversi\u00f3n de 267 millones 976 mil 074 pesos.<\/p>\n<p>12 de 29 plantas que costaron al erario p\u00fablico entre 5 y 12 millones de pesos, est\u00e1n en el olvido y deterioro<\/p>\n<p>PARA LA HISTORIA:<\/p>\n<p>Desde 1958 existen en la Laguna antecedentes de c\u00e1ncer de vejiga, pulm\u00f3n, h\u00edgado, col\u00f3n, a consecuencia del hodroarsenicismo<\/p>\n<p>En los setentas y ochentas se dio la incidencia de c\u00e1ncer de piel y de pie negro, con amputaciones, y se concluy\u00f3 que se deb\u00eda al ars\u00e9nico<\/p>\n<p><img loading=\"lazy\" decoding=\"async\" data-attachment-id=\"35219\" data-permalink=\"https:\/\/www.grieta.org.mx\/index.php\/2019\/06\/16\/el-cancer-tiene-permiso-en-la-laguna-coahuila-y-durango\/paliacate-y-arsenico\/\" data-orig-file=\"https:\/\/www.grieta.org.mx\/wp-content\/uploads\/2019\/06\/Paliacate-y-ars\u00e9nico.jpg\" data-orig-size=\"980,551\" data-comments-opened=\"0\" data-image-meta=\"{&quot;aperture&quot;:&quot;0&quot;,&quot;credit&quot;:&quot;&quot;,&quot;camera&quot;:&quot;&quot;,&quot;caption&quot;:&quot;&quot;,&quot;created_timestamp&quot;:&quot;0&quot;,&quot;copyright&quot;:&quot;&quot;,&quot;focal_length&quot;:&quot;0&quot;,&quot;iso&quot;:&quot;0&quot;,&quot;shutter_speed&quot;:&quot;0&quot;,&quot;title&quot;:&quot;&quot;,&quot;orientation&quot;:&quot;0&quot;}\" data-image-title=\"Paliacate y ars\u00e9nico\" data-image-description=\"\" data-image-caption=\"\" data-medium-file=\"https:\/\/www.grieta.org.mx\/wp-content\/uploads\/2019\/06\/Paliacate-y-ars\u00e9nico-300x169.jpg\" data-large-file=\"https:\/\/www.grieta.org.mx\/wp-content\/uploads\/2019\/06\/Paliacate-y-ars\u00e9nico.jpg\" class=\"alignleft size-full wp-image-35219\" src=\"http:\/\/www.grieta.org.mx\/wp-content\/uploads\/2019\/06\/Paliacate-y-ars\u00e9nico.jpg\" alt=\"\" width=\"980\" height=\"551\" srcset=\"https:\/\/www.grieta.org.mx\/wp-content\/uploads\/2019\/06\/Paliacate-y-ars\u00e9nico.jpg 980w, https:\/\/www.grieta.org.mx\/wp-content\/uploads\/2019\/06\/Paliacate-y-ars\u00e9nico-300x169.jpg 300w, https:\/\/www.grieta.org.mx\/wp-content\/uploads\/2019\/06\/Paliacate-y-ars\u00e9nico-768x432.jpg 768w, https:\/\/www.grieta.org.mx\/wp-content\/uploads\/2019\/06\/Paliacate-y-ars\u00e9nico-889x500.jpg 889w\" sizes=\"auto, (max-width: 980px) 100vw, 980px\" \/><\/p>\n<p>En torno al m\u00e9todo de filtraci\u00f3n directa con cloruro f\u00e9rrico e hipoclorito de sodio, recomendado por IMTA y utilizado en las plantas potabilizadoras para la remoci\u00f3n de ars\u00e9nico a pie de pozo instalas en la Regi\u00f3n Lagunera, Jes\u00fas Guadalupe Moreno Rodr\u00edguez, experto en el tema del agua, advirti\u00f3 que esta tecnolog\u00eda es nociva para la salud humana.<\/p>\n<p>\u201cYo les puedo demostrar que esta tecnolog\u00eda es una ocurrencia. El hipoclorito de sodio es cloro activo, muy oxidante. oxida al cloro y ese cloro que va ah\u00ed, cuando la gente lo consume y se topa en el est\u00f3mago con la materia org\u00e1nica, se vuelve triahalometano\u201d.<\/p>\n<p>El trihalometano, asegura Morano Rodr\u00edguez, es un cancer\u00edgeno que resulta mil veces m\u00e1s peligroso que el ars\u00e9nico.<\/p>\n<p>\u201c\u00bfQu\u00e9 hacemos con el agua que usamos para la ducha?, esa agua que sali\u00f3 de los filtros esos de cloruro f\u00e9rrico va rica en hal\u00f3genos, llega al drenaje y se vuele a topar con la materia org\u00e1nica y ah\u00ed se vuelve trihalometano\u201d.<\/p>\n<p>El trihalometano, explica, es vol\u00e1til y sale por las alcantarillas. Hay un cancer\u00edgeno en el ambiente. \u201cEsa m\u00e1quinas van a quedar como monumento a la corrupci\u00f3n, a la ignorancia y a la estupidez humana\u201d dice y recuerda que la electrocoagulaci\u00f3n, m\u00e9todo basado en el uso de corriente el\u00e9ctrica, es la alternativa m\u00e1s barata y que adem\u00e1s no tiene agua de rechazo, porque no usa reactivos qu\u00edmicos.<\/p>\n<p>Alejandra Mart\u00edn Dom\u00ednguez, tecn\u00f3loga del agua adscrita al IMTA, declar\u00f3 que los sistemas a pie de pozo que cuentan con la tecnolog\u00eda de filtraci\u00f3n directa, est\u00e1n avalados por la OPS y la OMS.Y a\u00f1adi\u00f3 que dicho m\u00e9todo es el m\u00e1s econ\u00f3mico, el m\u00e1s f\u00e1cil de operar y el que permit\u00eda remover el ars\u00e9nico.<\/p>\n<p>Cuestionada sobre si el m\u00e9todo de filtraci\u00f3n directa es da\u00f1ino para la salud, Mart\u00edn Dom\u00ednguez subray\u00f3: \u201cNo es cierto. El hierro ni siquiera es un contaminante que est\u00e9 considerado dentro de las normas por da\u00f1os a la salud. Los cloruros\u2026 \u00bfUsted no toma cloruro de sodio que se llama sal?\u201d. Aparte, detall\u00f3 Alejandra Mart\u00edn, la cantidad que se agrega es tan peque\u00f1a que ni siquiera contabiliza fuera de la norma los cloruros. Y el hierro se queda en los lodos, se precipita.<\/p>\n<p><a href=\"https:\/\/vanguardia.com.mx\/articulo\/el-cancer-tiene-permiso-en-la-laguna\" target=\"_blank\" rel=\"noopener noreferrer\">https:\/\/vanguardia.com.mx\/articulo\/el-cancer-tiene-permiso-en-la-laguna<\/a><\/p>\n","protected":false},"excerpt":{"rendered":"<p>Jes\u00fas Pe\u00f1a; fotos: Marco Medina y Jes\u00fas Pe\u00f1a; video: Estefan Baltez\u00e1n y Jes\u00fas Pe\u00f1a; dise\u00f1o: \u00c9dgar de la Garza; edici\u00f3n: Quetzali Garc\u00eda\/ LA VANGUARDIA MX. Los niveles de ars\u00e9nico en &hellip; <a href=\"https:\/\/www.grieta.org.mx\/index.php\/2019\/06\/16\/el-cancer-tiene-permiso-en-la-laguna-coahuila-y-durango\/\" class=\"more-link\">Leer m\u00e1s<\/a><\/p>\n","protected":false},"author":2,"featured_media":21928,"comment_status":"closed","ping_status":"closed","sticky":false,"template":"","format":"standard","meta":{"ngg_post_thumbnail":0,"_jetpack_newsletter_access":"","_jetpack_dont_email_post_to_subs":false,"_jetpack_newsletter_tier_id":0,"_jetpack_memberships_contains_paywalled_content":false,"_jetpack_memberships_contains_paid_content":false,"footnotes":""},"categories":[80,419,1960,914,2393,2,1751],"tags":[2687,2171,2610,888,425,2403,764],"class_list":["post-35210","post","type-post","status-publish","format-standard","has-post-thumbnail","hentry","category-cintillo","category-coahuila","category-contaminacion-ambiental-en-coahuila","category-privatizacion-del-agua","category-escasez-de-agua-en-coahuila","category-noticias-nacionales","category-privatizacion-del-agua-en-coahuila","tag-agua-con-arsenico","tag-agua-insalubre","tag-aguas-de-barcelona","tag-conagua","tag-contaminacion-agua","tag-crisis-del-agua","tag-privatizacion-del-agua","entry"],"jetpack_featured_media_url":"https:\/\/www.grieta.org.mx\/wp-content\/uploads\/2018\/03\/14524434_1106112876131411_958039263622046936_o.jpg","jetpack_sharing_enabled":true,"jetpack_shortlink":"https:\/\/wp.me\/p7ZJR4-99U","jetpack_likes_enabled":false,"jetpack-related-posts":[{"id":30316,"url":"https:\/\/www.grieta.org.mx\/index.php\/2019\/03\/09\/solapa-simas-la-contaminacion-coahuila\/","url_meta":{"origin":35210,"position":0},"title":"Solapa Simas la contaminaci\u00f3n (Coahuila)","author":"grieta","date":"9 marzo, 2019","format":false,"excerpt":"Redacci\u00f3n\/Z\u00d3CALO Monclova, Coah.- Vecinos que residen en \u00e1reas aleda\u00f1as al R\u00edo Monclova afirmaron que durante la instalaci\u00f3n de tuber\u00eda para desviar la ampliaci\u00f3n de descarga de aguas negras a los cauces de esa corriente, observaron camionetas del Simas cuyas cuadrillas trabajaban d\u00eda y noche para favorecer a particulares que ordenaron\u2026","rel":"","context":"En &quot;Coahuila&quot;","block_context":{"text":"Coahuila","link":"https:\/\/www.grieta.org.mx\/index.php\/category\/noticias-nacionales\/coahuila\/"},"img":{"alt_text":"","src":"https:\/\/i0.wp.com\/www.grieta.org.mx\/wp-content\/uploads\/2019\/03\/simas.jpg?resize=350%2C200&ssl=1","width":350,"height":200,"srcset":"https:\/\/i0.wp.com\/www.grieta.org.mx\/wp-content\/uploads\/2019\/03\/simas.jpg?resize=350%2C200&ssl=1 1x, https:\/\/i0.wp.com\/www.grieta.org.mx\/wp-content\/uploads\/2019\/03\/simas.jpg?resize=525%2C300&ssl=1 1.5x"},"classes":[]},{"id":6582,"url":"https:\/\/www.grieta.org.mx\/index.php\/2016\/07\/23\/privatizacion-del-agua-en-coahuila\/","url_meta":{"origin":35210,"position":1},"title":"Privatizaci\u00f3n del agua en Coahuila","author":"grieta","date":"23 julio, 2016","format":false,"excerpt":"21\/07\/16. Pozo de agua en Mieleras beneficiar\u00e1 a 4 parques industriales El Siglo 12\/03\/16. Proyectan privatizar el servicio del agua El Siglo de Torre\u00f3n 16\/10\/12. Coahuila opera privatizaci\u00f3n silenciosa del agua; gobierno de Moreira la cede a extranjeros, acusan Sin Embargo","rel":"","context":"En &quot;Coahuila&quot;","block_context":{"text":"Coahuila","link":"https:\/\/www.grieta.org.mx\/index.php\/category\/noticias-nacionales\/coahuila\/"},"img":{"alt_text":"","src":"https:\/\/i0.wp.com\/www.grieta.org.mx\/wp-content\/uploads\/2018\/03\/14524434_1106112876131411_958039263622046936_o.jpg?resize=350%2C200&ssl=1","width":350,"height":200,"srcset":"https:\/\/i0.wp.com\/www.grieta.org.mx\/wp-content\/uploads\/2018\/03\/14524434_1106112876131411_958039263622046936_o.jpg?resize=350%2C200&ssl=1 1x, https:\/\/i0.wp.com\/www.grieta.org.mx\/wp-content\/uploads\/2018\/03\/14524434_1106112876131411_958039263622046936_o.jpg?resize=525%2C300&ssl=1 1.5x, https:\/\/i0.wp.com\/www.grieta.org.mx\/wp-content\/uploads\/2018\/03\/14524434_1106112876131411_958039263622046936_o.jpg?resize=700%2C400&ssl=1 2x"},"classes":[]},{"id":31049,"url":"https:\/\/www.grieta.org.mx\/index.php\/2019\/03\/18\/en-coahuila-frenan-concesiones-en-zona-protegida-de-cuatro-cienegas-pronatura-coahuila\/","url_meta":{"origin":35210,"position":2},"title":"En Coahuila, &#8216;frenan concesiones en zona protegida de Cuatro Ci\u00e9negas&#8217;: Pronatura (Coahuila)","author":"grieta","date":"18 marzo, 2019","format":false,"excerpt":"Ante la demanda, un juez otorg\u00f3 una suspensi\u00f3n definitiva Jos\u00e9 Reyes\/LA VANGUARDIA MX Tras meses de alegatos judiciales, la organizaci\u00f3n civil\u00a0Pronatura Noreste asegur\u00f3 haber ganado una suspensi\u00f3n definitiva en juicio de amparo contra acciones de la\u00a0Comisi\u00f3n Nacional del Agua\u00a0para que \u00e9sta frene la expedici\u00f3n de concesiones para el aprovechamiento, uso\u2026","rel":"","context":"En &quot;CINTILLO&quot;","block_context":{"text":"CINTILLO","link":"https:\/\/www.grieta.org.mx\/index.php\/category\/cintillo\/"},"img":{"alt_text":"","src":"https:\/\/i0.wp.com\/www.grieta.org.mx\/wp-content\/uploads\/2019\/03\/cuatro-ci%C3%A9negas.jpg?resize=350%2C200&ssl=1","width":350,"height":200,"srcset":"https:\/\/i0.wp.com\/www.grieta.org.mx\/wp-content\/uploads\/2019\/03\/cuatro-ci%C3%A9negas.jpg?resize=350%2C200&ssl=1 1x, https:\/\/i0.wp.com\/www.grieta.org.mx\/wp-content\/uploads\/2019\/03\/cuatro-ci%C3%A9negas.jpg?resize=525%2C300&ssl=1 1.5x, https:\/\/i0.wp.com\/www.grieta.org.mx\/wp-content\/uploads\/2019\/03\/cuatro-ci%C3%A9negas.jpg?resize=700%2C400&ssl=1 2x"},"classes":[]},{"id":26742,"url":"https:\/\/www.grieta.org.mx\/index.php\/2012\/11\/10\/opg-mision-privatizar-el-agua-de-coahuila-426\/","url_meta":{"origin":35210,"position":3},"title":"OPG; misi\u00f3n: privatizar el agua de Coahuila \/ 426","author":"grieta","date":"10 noviembre, 2012","format":false,"excerpt":"SIN CENSURA Torre\u00f3n, Coahuila.-\u00a0El Art\u00edculo 27 de la Constituci\u00f3n Pol\u00edtica Mexicana establece que \u201cLa propiedad de las tierras y aguas comprendidas dentro de los l\u00edmites del territorio nacional corresponde originariamente a la naci\u00f3n\u2026\u201d, y agrega que \u201c\u2026el dominio de la naci\u00f3n es inalienable e imprescriptible y la explotaci\u00f3n, el uso\u2026","rel":"","context":"En &quot;CINTILLO&quot;","block_context":{"text":"CINTILLO","link":"https:\/\/www.grieta.org.mx\/index.php\/category\/cintillo\/"},"img":{"alt_text":"","src":"https:\/\/i0.wp.com\/www.grieta.org.mx\/wp-content\/uploads\/2018\/03\/14524434_1106112876131411_958039263622046936_o.jpg?resize=350%2C200&ssl=1","width":350,"height":200,"srcset":"https:\/\/i0.wp.com\/www.grieta.org.mx\/wp-content\/uploads\/2018\/03\/14524434_1106112876131411_958039263622046936_o.jpg?resize=350%2C200&ssl=1 1x, https:\/\/i0.wp.com\/www.grieta.org.mx\/wp-content\/uploads\/2018\/03\/14524434_1106112876131411_958039263622046936_o.jpg?resize=525%2C300&ssl=1 1.5x, https:\/\/i0.wp.com\/www.grieta.org.mx\/wp-content\/uploads\/2018\/03\/14524434_1106112876131411_958039263622046936_o.jpg?resize=700%2C400&ssl=1 2x"},"classes":[]},{"id":31456,"url":"https:\/\/www.grieta.org.mx\/index.php\/2019\/03\/23\/acuifero-saltillo-sur-sin-disponibilidad-del-agua-coahuila\/","url_meta":{"origin":35210,"position":4},"title":"Acu\u00edfero Saltillo Sur, sin disponibilidad del agua (Coahuila)","author":"grieta","date":"23 marzo, 2019","format":false,"excerpt":"En los \u00faltimos 5 a\u00f1os los niveles de los mantos han permanecido estables Armando R\u00edos\/VANGUARDIA MX Durante el marco del D\u00eda Mundial del Agua, el experto en temas hidrol\u00f3gicos y representante de la Conagua en la cuenca de R\u00edo Bravo en el evento, inform\u00f3 que el acu\u00edfero Saltillo Sur no\u2026","rel":"","context":"En &quot;CINTILLO&quot;","block_context":{"text":"CINTILLO","link":"https:\/\/www.grieta.org.mx\/index.php\/category\/cintillo\/"},"img":{"alt_text":"","src":"https:\/\/i0.wp.com\/www.grieta.org.mx\/wp-content\/uploads\/2019\/03\/agua-del-grifo.jpg?resize=350%2C200&ssl=1","width":350,"height":200,"srcset":"https:\/\/i0.wp.com\/www.grieta.org.mx\/wp-content\/uploads\/2019\/03\/agua-del-grifo.jpg?resize=350%2C200&ssl=1 1x, https:\/\/i0.wp.com\/www.grieta.org.mx\/wp-content\/uploads\/2019\/03\/agua-del-grifo.jpg?resize=525%2C300&ssl=1 1.5x, https:\/\/i0.wp.com\/www.grieta.org.mx\/wp-content\/uploads\/2019\/03\/agua-del-grifo.jpg?resize=700%2C400&ssl=1 2x"},"classes":[]},{"id":44322,"url":"https:\/\/www.grieta.org.mx\/index.php\/2020\/02\/14\/campesinos-exponen-lucha-contra-injusticias-coahuila\/","url_meta":{"origin":35210,"position":5},"title":"Campesinos exponen lucha contra injusticias (Coahuila)","author":"grieta","date":"14 febrero, 2020","format":false,"excerpt":"Christian Mart\u00ednez\/ VANGUARDIA MX Participaron en el foro \u201cTodas las voces, todas las lucha\u201d La Casa San Jos\u00e9, que depende de la Di\u00f3cesis de Saltillo, sirvi\u00f3 como punto de reuni\u00f3n para decenas de campesinos quienes se manifestaron en contra de las injusticias, que los han afectado durante los \u00faltimos a\u00f1os,\u2026","rel":"","context":"En &quot;CINTILLO&quot;","block_context":{"text":"CINTILLO","link":"https:\/\/www.grieta.org.mx\/index.php\/category\/cintillo\/"},"img":{"alt_text":"","src":"https:\/\/i0.wp.com\/www.grieta.org.mx\/wp-content\/uploads\/2020\/02\/Marcos-Medina.jpg?resize=350%2C200&ssl=1","width":350,"height":200,"srcset":"https:\/\/i0.wp.com\/www.grieta.org.mx\/wp-content\/uploads\/2020\/02\/Marcos-Medina.jpg?resize=350%2C200&ssl=1 1x, https:\/\/i0.wp.com\/www.grieta.org.mx\/wp-content\/uploads\/2020\/02\/Marcos-Medina.jpg?resize=525%2C300&ssl=1 1.5x, https:\/\/i0.wp.com\/www.grieta.org.mx\/wp-content\/uploads\/2020\/02\/Marcos-Medina.jpg?resize=700%2C400&ssl=1 2x"},"classes":[]}],"_links":{"self":[{"href":"https:\/\/www.grieta.org.mx\/index.php\/wp-json\/wp\/v2\/posts\/35210","targetHints":{"allow":["GET"]}}],"collection":[{"href":"https:\/\/www.grieta.org.mx\/index.php\/wp-json\/wp\/v2\/posts"}],"about":[{"href":"https:\/\/www.grieta.org.mx\/index.php\/wp-json\/wp\/v2\/types\/post"}],"author":[{"embeddable":true,"href":"https:\/\/www.grieta.org.mx\/index.php\/wp-json\/wp\/v2\/users\/2"}],"replies":[{"embeddable":true,"href":"https:\/\/www.grieta.org.mx\/index.php\/wp-json\/wp\/v2\/comments?post=35210"}],"version-history":[{"count":1,"href":"https:\/\/www.grieta.org.mx\/index.php\/wp-json\/wp\/v2\/posts\/35210\/revisions"}],"predecessor-version":[{"id":35220,"href":"https:\/\/www.grieta.org.mx\/index.php\/wp-json\/wp\/v2\/posts\/35210\/revisions\/35220"}],"wp:featuredmedia":[{"embeddable":true,"href":"https:\/\/www.grieta.org.mx\/index.php\/wp-json\/wp\/v2\/media\/21928"}],"wp:attachment":[{"href":"https:\/\/www.grieta.org.mx\/index.php\/wp-json\/wp\/v2\/media?parent=35210"}],"wp:term":[{"taxonomy":"category","embeddable":true,"href":"https:\/\/www.grieta.org.mx\/index.php\/wp-json\/wp\/v2\/categories?post=35210"},{"taxonomy":"post_tag","embeddable":true,"href":"https:\/\/www.grieta.org.mx\/index.php\/wp-json\/wp\/v2\/tags?post=35210"}],"curies":[{"name":"wp","href":"https:\/\/api.w.org\/{rel}","templated":true}]}}