{"id":35199,"date":"2019-06-15T21:28:10","date_gmt":"2019-06-16T02:28:10","guid":{"rendered":"http:\/\/www.grieta.org.mx\/?p=35199"},"modified":"2019-06-21T21:44:52","modified_gmt":"2019-06-22T02:44:52","slug":"rastas-tatuajes-o-apariencia-los-motivos-de-arrestos-juveniles-en-ciudad-juarez-chihuahua","status":"publish","type":"post","link":"https:\/\/www.grieta.org.mx\/index.php\/2019\/06\/15\/rastas-tatuajes-o-apariencia-los-motivos-de-arrestos-juveniles-en-ciudad-juarez-chihuahua\/","title":{"rendered":"Rastas, tatuajes o apariencia, los motivos de arrestos juveniles en Ciudad Ju\u00e1rez (Chihuahua)"},"content":{"rendered":"<figure id=\"attachment_35200\" aria-describedby=\"caption-attachment-35200\" style=\"width: 1632px\" class=\"wp-caption alignleft\"><img loading=\"lazy\" decoding=\"async\" data-attachment-id=\"35200\" data-permalink=\"https:\/\/www.grieta.org.mx\/index.php\/2019\/06\/15\/rastas-tatuajes-o-apariencia-los-motivos-de-arrestos-juveniles-en-ciudad-juarez-chihuahua\/tira-paro-ok\/\" data-orig-file=\"https:\/\/www.grieta.org.mx\/wp-content\/uploads\/2019\/06\/Tira-Paro-OK.jpg\" data-orig-size=\"1632,1224\" data-comments-opened=\"0\" data-image-meta=\"{&quot;aperture&quot;:&quot;0&quot;,&quot;credit&quot;:&quot;&quot;,&quot;camera&quot;:&quot;&quot;,&quot;caption&quot;:&quot;&quot;,&quot;created_timestamp&quot;:&quot;1560514037&quot;,&quot;copyright&quot;:&quot;&quot;,&quot;focal_length&quot;:&quot;0&quot;,&quot;iso&quot;:&quot;0&quot;,&quot;shutter_speed&quot;:&quot;0&quot;,&quot;title&quot;:&quot;&quot;,&quot;orientation&quot;:&quot;1&quot;}\" data-image-title=\"Tira-Paro-OK\" data-image-description=\"\" data-image-caption=\"&lt;p&gt;FOTOGRAF\u00cdA: LA VERDAD&lt;\/p&gt;\n\" data-medium-file=\"https:\/\/www.grieta.org.mx\/wp-content\/uploads\/2019\/06\/Tira-Paro-OK-300x225.jpg\" data-large-file=\"https:\/\/www.grieta.org.mx\/wp-content\/uploads\/2019\/06\/Tira-Paro-OK-1024x768.jpg\" src=\"http:\/\/www.grieta.org.mx\/wp-content\/uploads\/2019\/06\/Tira-Paro-OK.jpg\" alt=\"\" width=\"816\" height=\"612\" class=\"size-full wp-image-35200\" srcset=\"https:\/\/www.grieta.org.mx\/wp-content\/uploads\/2019\/06\/Tira-Paro-OK.jpg 1632w, https:\/\/www.grieta.org.mx\/wp-content\/uploads\/2019\/06\/Tira-Paro-OK-300x225.jpg 300w, https:\/\/www.grieta.org.mx\/wp-content\/uploads\/2019\/06\/Tira-Paro-OK-768x576.jpg 768w, https:\/\/www.grieta.org.mx\/wp-content\/uploads\/2019\/06\/Tira-Paro-OK-1024x768.jpg 1024w, https:\/\/www.grieta.org.mx\/wp-content\/uploads\/2019\/06\/Tira-Paro-OK-667x500.jpg 667w\" sizes=\"auto, (max-width: 816px) 100vw, 816px\" \/><figcaption id=\"caption-attachment-35200\" class=\"wp-caption-text\">FOTOGRAF\u00cdA: LA VERDAD<\/figcaption><\/figure>\n<p>LA VERDAD<\/p>\n<blockquote><p>Colectivo de organizaciones sociales en alianza con CEDH y Uni Unida arman un frente contra las detenciones arbitrarias de adolescentes y j\u00f3venes que realizan corporaciones policiacas, principalmente la Municipal; son un atropello, advierten en campa\u00f1a informativa que llevan a la v\u00eda p\u00fablica<\/p><\/blockquote>\n<p>Ciudad Ju\u00e1rez \u2013 Usar rastas, tatuajes o la simple manera de caminar y de vestir son motivos para que agentes de la polic\u00eda arresten a los adolescentes y j\u00f3venes en la v\u00eda p\u00fablica de la ciudad y los env\u00eden tras las rejas atribuy\u00e9ndoles cualquier cargo, incluso, la falta de respeto a la autoridad.<\/p>\n<p>\u201cSon detenciones arbitrarias, son un atropello a la libertad de los j\u00f3venes y queremos frenarlas\u201d, dice Laurencio Barraza, de \u00a1Tira Paro!, un colectivo de organizaciones que trabaja con j\u00f3venes para interrumpir ciclos de violencia en Ciudad Ju\u00e1rez.<\/p>\n<p>En alianza con la Comisi\u00f3n Estatal de Derechos Humanos (CEDH) y Uni Unida, el colectivo integr\u00f3 un frente contra las detenciones arbitrarias. Unieron fuerzas para lanzar una campa\u00f1a con la que buscan generar conciencia, dar orientaci\u00f3n sobre qu\u00e9 hacer ante esas situaciones y combatir la problem\u00e1tica.<\/p>\n<figure id=\"attachment_35201\" aria-describedby=\"caption-attachment-35201\" style=\"width: 1024px\" class=\"wp-caption alignleft\"><img loading=\"lazy\" decoding=\"async\" data-attachment-id=\"35201\" data-permalink=\"https:\/\/www.grieta.org.mx\/index.php\/2019\/06\/15\/rastas-tatuajes-o-apariencia-los-motivos-de-arrestos-juveniles-en-ciudad-juarez-chihuahua\/tira-paro-perform-1024x576\/\" data-orig-file=\"https:\/\/www.grieta.org.mx\/wp-content\/uploads\/2019\/06\/Tira-PARO-perFORM-1024x576.jpg\" data-orig-size=\"1024,576\" data-comments-opened=\"0\" data-image-meta=\"{&quot;aperture&quot;:&quot;0&quot;,&quot;credit&quot;:&quot;&quot;,&quot;camera&quot;:&quot;&quot;,&quot;caption&quot;:&quot;&quot;,&quot;created_timestamp&quot;:&quot;1560513383&quot;,&quot;copyright&quot;:&quot;&quot;,&quot;focal_length&quot;:&quot;0&quot;,&quot;iso&quot;:&quot;0&quot;,&quot;shutter_speed&quot;:&quot;0&quot;,&quot;title&quot;:&quot;&quot;,&quot;orientation&quot;:&quot;1&quot;}\" data-image-title=\"Tira-PARO-perFORM-1024&amp;#215;576\" data-image-description=\"\" data-image-caption=\"&lt;p&gt;Adolescentes y j\u00f3venes realizan un performance (representaci\u00f3n) sobre arrestos de polic\u00edas municipales en crucero de las avenidas De la Raza y Tecnol\u00f3gico, bajo el conocido como puente al rev\u00e9s.&lt;br \/&gt;\nFotograf\u00eda: La Verdad&lt;\/p&gt;\n\" data-medium-file=\"https:\/\/www.grieta.org.mx\/wp-content\/uploads\/2019\/06\/Tira-PARO-perFORM-1024x576-300x169.jpg\" data-large-file=\"https:\/\/www.grieta.org.mx\/wp-content\/uploads\/2019\/06\/Tira-PARO-perFORM-1024x576-1024x576.jpg\" src=\"http:\/\/www.grieta.org.mx\/wp-content\/uploads\/2019\/06\/Tira-PARO-perFORM-1024x576.jpg\" alt=\"\" width=\"1024\" height=\"576\" class=\"size-full wp-image-35201\" srcset=\"https:\/\/www.grieta.org.mx\/wp-content\/uploads\/2019\/06\/Tira-PARO-perFORM-1024x576.jpg 1024w, https:\/\/www.grieta.org.mx\/wp-content\/uploads\/2019\/06\/Tira-PARO-perFORM-1024x576-300x169.jpg 300w, https:\/\/www.grieta.org.mx\/wp-content\/uploads\/2019\/06\/Tira-PARO-perFORM-1024x576-768x432.jpg 768w, https:\/\/www.grieta.org.mx\/wp-content\/uploads\/2019\/06\/Tira-PARO-perFORM-1024x576-889x500.jpg 889w\" sizes=\"auto, (max-width: 1024px) 100vw, 1024px\" \/><figcaption id=\"caption-attachment-35201\" class=\"wp-caption-text\">Adolescentes y j\u00f3venes realizan un performance (representaci\u00f3n) sobre arrestos de polic\u00edas municipales en crucero de las avenidas De la Raza y Tecnol\u00f3gico, bajo el conocido como puente al rev\u00e9s.<br \/>Fotograf\u00eda: La Verdad<\/figcaption><\/figure>\n<p>Carlos Casas, visitador de la CEDH en Ciudad Ju\u00e1rez, dice que los arrestos de muchos j\u00f3venes no est\u00e1n fundados en ning\u00fan delito o falta administrativa, por lo que se busca alentar a las v\u00edctimas de estas acciones para que presenten su queja con la intenci\u00f3n de documentar la situaci\u00f3n en la localidad.<\/p>\n<p>Es imposible documentar esta arbitrariedad de oficio porque cuando los j\u00f3venes son trasladados a las estaciones de polic\u00edas les atribuyen cualquier falta, como esc\u00e1ndalo en la v\u00eda p\u00fablica o faltas a la moral, y los jueces de barandilla le creen a la autoridad, indic\u00f3 el derechohumanista.<\/p>\n<p>Por ello, comenta Barraza, se lanz\u00f3 la campa\u00f1a para llamar a los chavos a que se sumen a este proyecto y a denunciar con nosotros cualquier acci\u00f3n que se considere irregular por parte de la polic\u00eda, por medio de mensajes en redes sociales de Tira Paro o al tel\u00e9fono 6124747.<\/p>\n<figure id=\"attachment_35202\" aria-describedby=\"caption-attachment-35202\" style=\"width: 1024px\" class=\"wp-caption alignleft\"><img loading=\"lazy\" decoding=\"async\" data-attachment-id=\"35202\" data-permalink=\"https:\/\/www.grieta.org.mx\/index.php\/2019\/06\/15\/rastas-tatuajes-o-apariencia-los-motivos-de-arrestos-juveniles-en-ciudad-juarez-chihuahua\/tiran-paro-volantes-1024x682\/\" data-orig-file=\"https:\/\/www.grieta.org.mx\/wp-content\/uploads\/2019\/06\/Tiran-Paro-volantes-1024x682.jpg\" data-orig-size=\"1024,682\" data-comments-opened=\"0\" data-image-meta=\"{&quot;aperture&quot;:&quot;0&quot;,&quot;credit&quot;:&quot;&quot;,&quot;camera&quot;:&quot;&quot;,&quot;caption&quot;:&quot;&quot;,&quot;created_timestamp&quot;:&quot;0&quot;,&quot;copyright&quot;:&quot;&quot;,&quot;focal_length&quot;:&quot;0&quot;,&quot;iso&quot;:&quot;0&quot;,&quot;shutter_speed&quot;:&quot;0&quot;,&quot;title&quot;:&quot;&quot;,&quot;orientation&quot;:&quot;0&quot;}\" data-image-title=\"Tiran-Paro-volantes-1024&amp;#215;682\" data-image-description=\"\" data-image-caption=\"&lt;p&gt;Fotograf\u00eda: Cortes\u00eda&lt;\/p&gt;\n\" data-medium-file=\"https:\/\/www.grieta.org.mx\/wp-content\/uploads\/2019\/06\/Tiran-Paro-volantes-1024x682-300x200.jpg\" data-large-file=\"https:\/\/www.grieta.org.mx\/wp-content\/uploads\/2019\/06\/Tiran-Paro-volantes-1024x682-1024x682.jpg\" src=\"http:\/\/www.grieta.org.mx\/wp-content\/uploads\/2019\/06\/Tiran-Paro-volantes-1024x682.jpg\" alt=\"\" width=\"1024\" height=\"682\" class=\"size-full wp-image-35202\" srcset=\"https:\/\/www.grieta.org.mx\/wp-content\/uploads\/2019\/06\/Tiran-Paro-volantes-1024x682.jpg 1024w, https:\/\/www.grieta.org.mx\/wp-content\/uploads\/2019\/06\/Tiran-Paro-volantes-1024x682-300x200.jpg 300w, https:\/\/www.grieta.org.mx\/wp-content\/uploads\/2019\/06\/Tiran-Paro-volantes-1024x682-768x512.jpg 768w, https:\/\/www.grieta.org.mx\/wp-content\/uploads\/2019\/06\/Tiran-Paro-volantes-1024x682-751x500.jpg 751w\" sizes=\"auto, (max-width: 1024px) 100vw, 1024px\" \/><figcaption id=\"caption-attachment-35202\" class=\"wp-caption-text\">Fotograf\u00eda: Cortes\u00eda<\/figcaption><\/figure>\n<figure id=\"attachment_35203\" aria-describedby=\"caption-attachment-35203\" style=\"width: 1024px\" class=\"wp-caption alignleft\"><img loading=\"lazy\" decoding=\"async\" data-attachment-id=\"35203\" data-permalink=\"https:\/\/www.grieta.org.mx\/index.php\/2019\/06\/15\/rastas-tatuajes-o-apariencia-los-motivos-de-arrestos-juveniles-en-ciudad-juarez-chihuahua\/tira-paro-entre-carros-1024x683\/\" data-orig-file=\"https:\/\/www.grieta.org.mx\/wp-content\/uploads\/2019\/06\/Tira-PARO-ENTRE-CARROS-1024x683.jpg\" data-orig-size=\"1024,683\" data-comments-opened=\"0\" data-image-meta=\"{&quot;aperture&quot;:&quot;0&quot;,&quot;credit&quot;:&quot;&quot;,&quot;camera&quot;:&quot;&quot;,&quot;caption&quot;:&quot;&quot;,&quot;created_timestamp&quot;:&quot;0&quot;,&quot;copyright&quot;:&quot;&quot;,&quot;focal_length&quot;:&quot;0&quot;,&quot;iso&quot;:&quot;0&quot;,&quot;shutter_speed&quot;:&quot;0&quot;,&quot;title&quot;:&quot;&quot;,&quot;orientation&quot;:&quot;0&quot;}\" data-image-title=\"Tira-PARO-ENTRE-CARROS-1024&amp;#215;683\" data-image-description=\"\" data-image-caption=\"&lt;p&gt;Fotograf\u00eda: Cortes\u00eda&lt;\/p&gt;\n\" data-medium-file=\"https:\/\/www.grieta.org.mx\/wp-content\/uploads\/2019\/06\/Tira-PARO-ENTRE-CARROS-1024x683-300x200.jpg\" data-large-file=\"https:\/\/www.grieta.org.mx\/wp-content\/uploads\/2019\/06\/Tira-PARO-ENTRE-CARROS-1024x683-1024x683.jpg\" src=\"http:\/\/www.grieta.org.mx\/wp-content\/uploads\/2019\/06\/Tira-PARO-ENTRE-CARROS-1024x683.jpg\" alt=\"\" width=\"1024\" height=\"683\" class=\"size-full wp-image-35203\" srcset=\"https:\/\/www.grieta.org.mx\/wp-content\/uploads\/2019\/06\/Tira-PARO-ENTRE-CARROS-1024x683.jpg 1024w, https:\/\/www.grieta.org.mx\/wp-content\/uploads\/2019\/06\/Tira-PARO-ENTRE-CARROS-1024x683-300x200.jpg 300w, https:\/\/www.grieta.org.mx\/wp-content\/uploads\/2019\/06\/Tira-PARO-ENTRE-CARROS-1024x683-768x512.jpg 768w, https:\/\/www.grieta.org.mx\/wp-content\/uploads\/2019\/06\/Tira-PARO-ENTRE-CARROS-1024x683-750x500.jpg 750w\" sizes=\"auto, (max-width: 1024px) 100vw, 1024px\" \/><figcaption id=\"caption-attachment-35203\" class=\"wp-caption-text\">Fotograf\u00eda: Cortes\u00eda<\/figcaption><\/figure>\n<p>\u201cQueremos que quienes deben cuidarnos ya no nos violenten\u201d, dice a su vez Giovanna Alarc\u00f3n, estudiante de Sociolog\u00eda e integrante de Uni Unida, quien particip\u00f3 en la brigada informativa sobre detenciones arbitraras que se present\u00f3 este viernes a la comunidad.<\/p>\n<p>Recuerda que hace unos meses caminaba junto a uno de sus compa\u00f1eros, Mario, cuando agentes de una patrulla les marcaron un alto. \u201cNos detuvieron, nos revisaron, tambi\u00e9n a nuestro celular, y cuando nos arrestaban, unas mujeres que estaban en la calle cuestionaron a los agentes por su actuaci\u00f3n y estos le respondieron: por qu\u00e9 se mete, m\u00edreles su aspecto, no se metan\u201d.<\/p>\n<p>Ambos son coordinadores de grupos juveniles de \u00a1Tira Paro!. Mario es maestro de artes pl\u00e1sticas e Isabel estudiante, pero por su aspecto y la zona donde viven son criminalizados. Llevan rastas, tienen tatuajes y usan piercing.<\/p>\n<p>Su testimonio lo comparti\u00f3 Isabel mientras esperaba el cambio de luz en el sem\u00e1foro del crucero de avenida De La Raza y Tecnol\u00f3gico, donde se apostaron el viernes durante la ma\u00f1ana para lanzar el mensaje de cese al abuso policiaco hacia los j\u00f3venes y ofrecer orientaci\u00f3n gratuita de qu\u00e9 hacer ante una detenci\u00f3n arbitraria.<\/p>\n<p>Lo que ocurre es una practica que fue la principal estrategia de seguridad de lo que se denomin\u00f3 la guerra contra el crimen organizado, en el sexenio de Felipe Calder\u00f3n, que desgraciadamente sigue escalando a pasos preocupantes, dice Laurencio Barraza.<\/p>\n<p>Asegura que, del an\u00e1lisis de la situaci\u00f3n, destaca tambi\u00e9n el car\u00e1cter recaudatorio de esos arrestos, ya que para ser liberados las familias de los j\u00f3venes pagan multas cuyos montos var\u00edan seg\u00fan el d\u00eda de la detenci\u00f3n, de los 500 a los mil pesos.<\/p>\n<p><a href=\"https:\/\/laverdadjuarez.com\/index.php\/2019\/06\/15\/rastras-tatuajes-o-apariencia-los-motivos-de-arrestos-juveniles-en-ciudad-juarez\/\" rel=\"noopener noreferrer\" target=\"_blank\">https:\/\/laverdadjuarez.com\/index.php\/2019\/06\/15\/rastras-tatuajes-o-apariencia-los-motivos-de-arrestos-juveniles-en-ciudad-juarez\/<\/a><\/p>\n","protected":false},"excerpt":{"rendered":"<p>LA VERDAD Colectivo de organizaciones sociales en alianza con CEDH y Uni Unida arman un frente contra las detenciones arbitrarias de adolescentes y j\u00f3venes que realizan corporaciones policiacas, principalmente la &hellip; <a href=\"https:\/\/www.grieta.org.mx\/index.php\/2019\/06\/15\/rastas-tatuajes-o-apariencia-los-motivos-de-arrestos-juveniles-en-ciudad-juarez-chihuahua\/\" class=\"more-link\">Leer m\u00e1s<\/a><\/p>\n","protected":false},"author":2,"featured_media":35200,"comment_status":"closed","ping_status":"closed","sticky":false,"template":"","format":"standard","meta":{"ngg_post_thumbnail":0,"_jetpack_newsletter_access":"","_jetpack_dont_email_post_to_subs":false,"_jetpack_newsletter_tier_id":0,"_jetpack_memberships_contains_paywalled_content":false,"_jetpack_memberships_contains_paid_content":false,"footnotes":""},"categories":[12,80,1827,2,83,2680],"tags":[199,2685,2681,2682,2683,2684,1165,703],"class_list":["post-35199","post","type-post","status-publish","format-standard","has-post-thumbnail","hentry","category-chihuahua","category-cintillo","category-la-ninez-en-la-tormenta-capitalista","category-noticias-nacionales","category-temas-nacionales","category-violencia-de-las-fuerzas-represivas-en-chihuahua","tag-abuso-policiaco","tag-abuso-policiaco-hacia-los-jovenes","tag-criminalizacion-de-la-juventud","tag-detenciones-arbitrarias-de-jovenes","tag-estudiantes-organizados","tag-jovenes-organizados","tag-violencia-contra-jovenes","tag-violencia-policiaca","entry"],"jetpack_featured_media_url":"https:\/\/www.grieta.org.mx\/wp-content\/uploads\/2019\/06\/Tira-Paro-OK.jpg","jetpack_sharing_enabled":true,"jetpack_shortlink":"https:\/\/wp.me\/p7ZJR4-99J","jetpack_likes_enabled":false,"jetpack-related-posts":[{"id":43401,"url":"https:\/\/www.grieta.org.mx\/index.php\/2020\/01\/23\/liberan-a-estudiantes-de-filosofia-y-letras-detenidas-injustificadamente-ciudad-de-mexico\/","url_meta":{"origin":35199,"position":0},"title":"LIBERAN A ESTUDIANTES DE FILOSOF\u00cdA Y LETRAS DETENIDAS INJUSTIFICADAMENTE (Ciudad de M\u00e9xico)","author":"grieta","date":"23 enero, 2020","format":false,"excerpt":"Reporte \u00cdndigo Tres estudiantes de la Facultad de Filosof\u00eda y Letras de la UNAM. fueron detenidas despu\u00e9s de buscar un trato justo para una menor de edad acusada de robo Tres estudiantes de la Facultad de Filosof\u00eda y Letras de la UNAM fueron liberadas despu\u00e9s de que no se encontraran\u2026","rel":"","context":"En &quot;Abuso policiaco y tortura en la Ciudad de M\u00e9xico&quot;","block_context":{"text":"Abuso policiaco y tortura en la Ciudad de M\u00e9xico","link":"https:\/\/www.grieta.org.mx\/index.php\/category\/noticias-nacionales\/ciudad-de-mexico\/abuso-policiaco-y-tortura-en-la-ciudad-de-mexico\/"},"img":{"alt_text":"","src":"https:\/\/i0.wp.com\/www.grieta.org.mx\/wp-content\/uploads\/2020\/01\/LIBERAN-A-ESTUDIANTES-DE-FILOSOF%C3%8DA-Y-LETRAS-DETENIDAS-INJUSTIFICADAMENTE-cdmx-ene.jpg?resize=350%2C200","width":350,"height":200},"classes":[]},{"id":50597,"url":"https:\/\/www.grieta.org.mx\/index.php\/2020\/06\/09\/protestan-pacificamente-para-solidarizarse-con-manifestantes-detenidos-en-torreon-coahuila\/","url_meta":{"origin":35199,"position":1},"title":"Protestan pac\u00edficamente para solidarizarse con manifestantes detenidos en Torre\u00f3n (Coahuila)","author":"grieta","date":"9 junio, 2020","format":false,"excerpt":"Exigieron que se respete el derecho a la libre expresi\u00f3n y manifestaci\u00f3n Mary V\u00e1zquez\/ EL SIGLO DE TORRE\u00d6N Simpatizantes del colectivo \"Anarkos Laguneros\" realizaron una manifestaci\u00f3n pacifica al pie de la Presidencia Municipal, en protesta por las detenciones realizadas el pasado domingo, en donde siete j\u00f3venes, entre ellos dos menores\u2026","rel":"","context":"En &quot;CINTILLO&quot;","block_context":{"text":"CINTILLO","link":"https:\/\/www.grieta.org.mx\/index.php\/category\/cintillo\/"},"img":{"alt_text":"","src":"https:\/\/i0.wp.com\/www.grieta.org.mx\/wp-content\/uploads\/2020\/06\/1315893.jpeg?resize=350%2C200&ssl=1","width":350,"height":200,"srcset":"https:\/\/i0.wp.com\/www.grieta.org.mx\/wp-content\/uploads\/2020\/06\/1315893.jpeg?resize=350%2C200&ssl=1 1x, https:\/\/i0.wp.com\/www.grieta.org.mx\/wp-content\/uploads\/2020\/06\/1315893.jpeg?resize=525%2C300&ssl=1 1.5x, https:\/\/i0.wp.com\/www.grieta.org.mx\/wp-content\/uploads\/2020\/06\/1315893.jpeg?resize=700%2C400&ssl=1 2x"},"classes":[]},{"id":50583,"url":"https:\/\/www.grieta.org.mx\/index.php\/2020\/06\/09\/jovenes-detenidos-denuncian-abuso-policiaco-en-torreon-coahuila\/","url_meta":{"origin":35199,"position":2},"title":"Jovenes detenidos denuncian abuso policiaco en Torre\u00f3n (Coahuila)","author":"grieta","date":"9 junio, 2020","format":false,"excerpt":"La mayor\u00eda de los j\u00f3venes detenidos, aseguran que recibieron amenazas de desaparici\u00f3n, los torturaron f\u00edsica y psicol\u00f3gicamente, en las patrullas y en las instalaciones del corral\u00f3n municipal. Lilia Ovalle\/ MILENIO Los j\u00f3venes que fueron detenidos explican que el pasado 7 de junio en la Plaza Mayor de Torre\u00f3n, por medio\u2026","rel":"","context":"En &quot;CINTILLO&quot;","block_context":{"text":"CINTILLO","link":"https:\/\/www.grieta.org.mx\/index.php\/category\/cintillo\/"},"img":{"alt_text":"","src":"https:\/\/i0.wp.com\/www.grieta.org.mx\/wp-content\/uploads\/2020\/06\/denuncian-abuso-policiaco-en-torreon_0_50_912_568.jpg?resize=350%2C200&ssl=1","width":350,"height":200,"srcset":"https:\/\/i0.wp.com\/www.grieta.org.mx\/wp-content\/uploads\/2020\/06\/denuncian-abuso-policiaco-en-torreon_0_50_912_568.jpg?resize=350%2C200&ssl=1 1x, https:\/\/i0.wp.com\/www.grieta.org.mx\/wp-content\/uploads\/2020\/06\/denuncian-abuso-policiaco-en-torreon_0_50_912_568.jpg?resize=525%2C300&ssl=1 1.5x, https:\/\/i0.wp.com\/www.grieta.org.mx\/wp-content\/uploads\/2020\/06\/denuncian-abuso-policiaco-en-torreon_0_50_912_568.jpg?resize=700%2C400&ssl=1 2x"},"classes":[]},{"id":38097,"url":"https:\/\/www.grieta.org.mx\/index.php\/2019\/08\/16\/galeria-glitter-rosa-la-marcha-feminista-en-ciudad-juarez-chihuahua\/","url_meta":{"origin":35199,"position":3},"title":"Galer\u00eda: Glitter Rosa, la marcha feminista en Ciudad Ju\u00e1rez (Chihuahua)","author":"grieta","date":"16 agosto, 2019","format":false,"excerpt":"Redacci\u00f3n; Fotograf\u00edas: Rey J. Jauregui\/ LA VERDAD DE JU\u00c1REZ Ciudad Ju\u00e1rez \u2013 Entre gritos de consignas contra \u201cactitudes machistas\u201d, haciendo pintas y lanzando brillantina rosa, decenas de mujeres marcharon en Ciudad Ju\u00e1rez para exigir un alto a la violencia de g\u00e9nero y en protesta por la revictimizaci\u00f3n de las autoridades\u2026","rel":"","context":"En &quot;Chihuahua&quot;","block_context":{"text":"Chihuahua","link":"https:\/\/www.grieta.org.mx\/index.php\/category\/noticias-nacionales\/chihuahua\/"},"img":{"alt_text":"","src":"https:\/\/i0.wp.com\/www.grieta.org.mx\/wp-content\/uploads\/2019\/08\/Foto-Galer%C3%ADa-Mujeres.jpg?resize=350%2C200&ssl=1","width":350,"height":200,"srcset":"https:\/\/i0.wp.com\/www.grieta.org.mx\/wp-content\/uploads\/2019\/08\/Foto-Galer%C3%ADa-Mujeres.jpg?resize=350%2C200&ssl=1 1x, https:\/\/i0.wp.com\/www.grieta.org.mx\/wp-content\/uploads\/2019\/08\/Foto-Galer%C3%ADa-Mujeres.jpg?resize=525%2C300&ssl=1 1.5x, https:\/\/i0.wp.com\/www.grieta.org.mx\/wp-content\/uploads\/2019\/08\/Foto-Galer%C3%ADa-Mujeres.jpg?resize=700%2C400&ssl=1 2x, https:\/\/i0.wp.com\/www.grieta.org.mx\/wp-content\/uploads\/2019\/08\/Foto-Galer%C3%ADa-Mujeres.jpg?resize=1050%2C600&ssl=1 3x, https:\/\/i0.wp.com\/www.grieta.org.mx\/wp-content\/uploads\/2019\/08\/Foto-Galer%C3%ADa-Mujeres.jpg?resize=1400%2C800&ssl=1 4x"},"classes":[]},{"id":53054,"url":"https:\/\/www.grieta.org.mx\/index.php\/2020\/09\/05\/detienen-a-40-activistas-en-marcha-contra-violencia-policial-en-ciudad-juarez-chihuahua\/","url_meta":{"origin":35199,"position":4},"title":"Detienen a 40 activistas en marcha contra violencia policial en Ciudad Ju\u00e1rez (Chihuahua)","author":"grieta","date":"5 septiembre, 2020","format":false,"excerpt":"Manifestantes feministas de Ciudad Ju\u00e1rez fueron reprimidas el d\u00eda de hoy por el gobierno de Armando Cabada. Hasta ahora s\u00f3lo se conoce la identidad de 25 de ellas, pero se reporta que la cifra puede alcanzar hasta 40 mujeres. Pan y Rosas Ciudad Ju\u00e1rez\/ LA IZQUIERDA DIARIO Alrededor de las\u2026","rel":"","context":"En &quot;Chihuahua&quot;","block_context":{"text":"Chihuahua","link":"https:\/\/www.grieta.org.mx\/index.php\/category\/noticias-nacionales\/chihuahua\/"},"img":{"alt_text":"","src":"https:\/\/i0.wp.com\/www.grieta.org.mx\/wp-content\/uploads\/2020\/09\/arton172051-6c3eb.jpg?resize=350%2C200&ssl=1","width":350,"height":200,"srcset":"https:\/\/i0.wp.com\/www.grieta.org.mx\/wp-content\/uploads\/2020\/09\/arton172051-6c3eb.jpg?resize=350%2C200&ssl=1 1x, https:\/\/i0.wp.com\/www.grieta.org.mx\/wp-content\/uploads\/2020\/09\/arton172051-6c3eb.jpg?resize=525%2C300&ssl=1 1.5x, https:\/\/i0.wp.com\/www.grieta.org.mx\/wp-content\/uploads\/2020\/09\/arton172051-6c3eb.jpg?resize=700%2C400&ssl=1 2x"},"classes":[]},{"id":61366,"url":"https:\/\/www.grieta.org.mx\/index.php\/2021\/08\/29\/jovenes-se-manifiestan-contra-el-abuso-policiaco-en-el-centro-de-merida-yucatan\/","url_meta":{"origin":35199,"position":5},"title":"J\u00f3venes se manifiestan contra el abuso policiaco en el Centro de M\u00e9rida (Yucat\u00e1n)","author":"grieta","date":"29 agosto, 2021","format":false,"excerpt":"Jes\u00fas C\u00e1mara \/ PorEsto! Un grupo de j\u00f3venes pertenecientes a la agrupaci\u00f3n Sureste en Resistencia, realizaron una manifestaci\u00f3n de micr\u00f3fono en la Plaza Grande en el Centro de M\u00e9rida, para denunciar distintos casos de abuso policiaco por parte de la Polic\u00eda Estatal y Municipal de M\u00e9rida y otras localidades. Frente\u2026","rel":"","context":"En &quot;Abuso Autoridades en Yucat\u00e1n&quot;","block_context":{"text":"Abuso Autoridades en Yucat\u00e1n","link":"https:\/\/www.grieta.org.mx\/index.php\/category\/noticias-nacionales\/yucatan\/abuso-autoridades-en-yucatan\/"},"img":{"alt_text":"","src":"https:\/\/i0.wp.com\/www.grieta.org.mx\/wp-content\/uploads\/2021\/08\/ProtestaJovenes-e1630267522216.png?resize=350%2C200&ssl=1","width":350,"height":200,"srcset":"https:\/\/i0.wp.com\/www.grieta.org.mx\/wp-content\/uploads\/2021\/08\/ProtestaJovenes-e1630267522216.png?resize=350%2C200&ssl=1 1x, https:\/\/i0.wp.com\/www.grieta.org.mx\/wp-content\/uploads\/2021\/08\/ProtestaJovenes-e1630267522216.png?resize=525%2C300&ssl=1 1.5x, https:\/\/i0.wp.com\/www.grieta.org.mx\/wp-content\/uploads\/2021\/08\/ProtestaJovenes-e1630267522216.png?resize=700%2C400&ssl=1 2x"},"classes":[]}],"_links":{"self":[{"href":"https:\/\/www.grieta.org.mx\/index.php\/wp-json\/wp\/v2\/posts\/35199","targetHints":{"allow":["GET"]}}],"collection":[{"href":"https:\/\/www.grieta.org.mx\/index.php\/wp-json\/wp\/v2\/posts"}],"about":[{"href":"https:\/\/www.grieta.org.mx\/index.php\/wp-json\/wp\/v2\/types\/post"}],"author":[{"embeddable":true,"href":"https:\/\/www.grieta.org.mx\/index.php\/wp-json\/wp\/v2\/users\/2"}],"replies":[{"embeddable":true,"href":"https:\/\/www.grieta.org.mx\/index.php\/wp-json\/wp\/v2\/comments?post=35199"}],"version-history":[{"count":1,"href":"https:\/\/www.grieta.org.mx\/index.php\/wp-json\/wp\/v2\/posts\/35199\/revisions"}],"predecessor-version":[{"id":35205,"href":"https:\/\/www.grieta.org.mx\/index.php\/wp-json\/wp\/v2\/posts\/35199\/revisions\/35205"}],"wp:featuredmedia":[{"embeddable":true,"href":"https:\/\/www.grieta.org.mx\/index.php\/wp-json\/wp\/v2\/media\/35200"}],"wp:attachment":[{"href":"https:\/\/www.grieta.org.mx\/index.php\/wp-json\/wp\/v2\/media?parent=35199"}],"wp:term":[{"taxonomy":"category","embeddable":true,"href":"https:\/\/www.grieta.org.mx\/index.php\/wp-json\/wp\/v2\/categories?post=35199"},{"taxonomy":"post_tag","embeddable":true,"href":"https:\/\/www.grieta.org.mx\/index.php\/wp-json\/wp\/v2\/tags?post=35199"}],"curies":[{"name":"wp","href":"https:\/\/api.w.org\/{rel}","templated":true}]}}