{"id":35165,"date":"2019-05-24T18:16:45","date_gmt":"2019-05-24T23:16:45","guid":{"rendered":"http:\/\/www.grieta.org.mx\/?p=35165"},"modified":"2019-06-21T19:47:03","modified_gmt":"2019-06-22T00:47:03","slug":"tribu-lipan-apache-lucha-contra-la-discriminacion-y-el-odio-para-preservar-su-cultura-chihuahua","status":"publish","type":"post","link":"https:\/\/www.grieta.org.mx\/index.php\/2019\/05\/24\/tribu-lipan-apache-lucha-contra-la-discriminacion-y-el-odio-para-preservar-su-cultura-chihuahua\/","title":{"rendered":"Tribu Lip\u00e1n Apache lucha contra la discriminaci\u00f3n y el odio para preservar su cultura (Chihuahua)"},"content":{"rendered":"<p><img loading=\"lazy\" decoding=\"async\" data-attachment-id=\"35166\" data-permalink=\"https:\/\/www.grieta.org.mx\/index.php\/2019\/05\/24\/tribu-lipan-apache-lucha-contra-la-discriminacion-y-el-odio-para-preservar-su-cultura-chihuahua\/lipan-apache-tribu\/\" data-orig-file=\"https:\/\/www.grieta.org.mx\/wp-content\/uploads\/2019\/06\/Lip\u00e1n-Apache-Tribu.jpg\" data-orig-size=\"672,437\" data-comments-opened=\"0\" data-image-meta=\"{&quot;aperture&quot;:&quot;0&quot;,&quot;credit&quot;:&quot;&quot;,&quot;camera&quot;:&quot;&quot;,&quot;caption&quot;:&quot;&quot;,&quot;created_timestamp&quot;:&quot;0&quot;,&quot;copyright&quot;:&quot;&quot;,&quot;focal_length&quot;:&quot;0&quot;,&quot;iso&quot;:&quot;0&quot;,&quot;shutter_speed&quot;:&quot;0&quot;,&quot;title&quot;:&quot;&quot;,&quot;orientation&quot;:&quot;1&quot;}\" data-image-title=\"Lip\u00e1n Apache Tribu\" data-image-description=\"\" data-image-caption=\"\" data-medium-file=\"https:\/\/www.grieta.org.mx\/wp-content\/uploads\/2019\/06\/Lip\u00e1n-Apache-Tribu-300x195.jpg\" data-large-file=\"https:\/\/www.grieta.org.mx\/wp-content\/uploads\/2019\/06\/Lip\u00e1n-Apache-Tribu.jpg\" src=\"http:\/\/www.grieta.org.mx\/wp-content\/uploads\/2019\/06\/Lip\u00e1n-Apache-Tribu.jpg\" alt=\"\" width=\"672\" height=\"437\" class=\"alignleft size-full wp-image-35166\" srcset=\"https:\/\/www.grieta.org.mx\/wp-content\/uploads\/2019\/06\/Lip\u00e1n-Apache-Tribu.jpg 672w, https:\/\/www.grieta.org.mx\/wp-content\/uploads\/2019\/06\/Lip\u00e1n-Apache-Tribu-300x195.jpg 300w\" sizes=\"auto, (max-width: 672px) 100vw, 672px\" \/><\/p>\n<p>Chihuahua.- Hasta sus 32 a\u00f1os, Anita Anaya descubri\u00f3 que su verdadera identidad \u00e9tnica era Lip\u00e1n Apache. Por seguridad sus padres decidieron ocultarse y llevar una vida como mexicanos mestizos por miedo de ser v\u00edctimas de un ataque.<\/p>\n<p>La historia de Anita no es un caso aislado. La migraci\u00f3n de este pueblo nativo arrastra una larga lucha contra la discriminaci\u00f3n y la cacer\u00eda en su contra por el imperio espa\u00f1ol en 1600, y que se extendi\u00f3 hasta 1873.<\/p>\n<figure id=\"attachment_35167\" aria-describedby=\"caption-attachment-35167\" style=\"width: 471px\" class=\"wp-caption alignleft\"><img loading=\"lazy\" decoding=\"async\" data-attachment-id=\"35167\" data-permalink=\"https:\/\/www.grieta.org.mx\/index.php\/2019\/05\/24\/tribu-lipan-apache-lucha-contra-la-discriminacion-y-el-odio-para-preservar-su-cultura-chihuahua\/lipan-apache-tribu-1\/\" data-orig-file=\"https:\/\/www.grieta.org.mx\/wp-content\/uploads\/2019\/06\/Lip\u00e1n-Apache-Tribu-1.jpg\" data-orig-size=\"471,324\" data-comments-opened=\"0\" data-image-meta=\"{&quot;aperture&quot;:&quot;0&quot;,&quot;credit&quot;:&quot;&quot;,&quot;camera&quot;:&quot;&quot;,&quot;caption&quot;:&quot;&quot;,&quot;created_timestamp&quot;:&quot;0&quot;,&quot;copyright&quot;:&quot;&quot;,&quot;focal_length&quot;:&quot;0&quot;,&quot;iso&quot;:&quot;0&quot;,&quot;shutter_speed&quot;:&quot;0&quot;,&quot;title&quot;:&quot;&quot;,&quot;orientation&quot;:&quot;1&quot;}\" data-image-title=\"Lip\u00e1n Apache Tribu 1\" data-image-description=\"\" data-image-caption=\"&lt;p&gt;Para Anita, la palabra indio es ofensiva: \u201cGente ind\u00edgena, somos gente ind\u00edgena. Nuestras familias han estado aqu\u00ed de a\u00f1os, viaj\u00e1bamos hasta la china, viaj\u00e1bamos hasta saltillo.\u201d&lt;\/p&gt;\n\" data-medium-file=\"https:\/\/www.grieta.org.mx\/wp-content\/uploads\/2019\/06\/Lip\u00e1n-Apache-Tribu-1-300x206.jpg\" data-large-file=\"https:\/\/www.grieta.org.mx\/wp-content\/uploads\/2019\/06\/Lip\u00e1n-Apache-Tribu-1.jpg\" src=\"http:\/\/www.grieta.org.mx\/wp-content\/uploads\/2019\/06\/Lip\u00e1n-Apache-Tribu-1.jpg\" alt=\"\" width=\"471\" height=\"324\" class=\"size-full wp-image-35167\" srcset=\"https:\/\/www.grieta.org.mx\/wp-content\/uploads\/2019\/06\/Lip\u00e1n-Apache-Tribu-1.jpg 471w, https:\/\/www.grieta.org.mx\/wp-content\/uploads\/2019\/06\/Lip\u00e1n-Apache-Tribu-1-300x206.jpg 300w\" sizes=\"auto, (max-width: 471px) 100vw, 471px\" \/><figcaption id=\"caption-attachment-35167\" class=\"wp-caption-text\">Para Anita, la palabra indio es ofensiva: \u201cGente ind\u00edgena, somos gente ind\u00edgena. Nuestras familias han estado aqu\u00ed de a\u00f1os, viaj\u00e1bamos hasta la china, viaj\u00e1bamos hasta saltillo.\u201d<\/figcaption><\/figure>\n<p>Pero su familia logro ocultarse. De las historias que le han contado recuerda que una de sus descendientes sobrevivi\u00f3 a esta masacre y, a la edad de 7 a\u00f1os, camin\u00f3 m\u00e1s de 250 millas junto a otro ni\u00f1o de 10 a\u00f1os, desde el remolino M\u00e9xico cruzaron a Brackettville, hasta llegar a San Juan Texas.<\/p>\n<p>\u201cEl gobierno mand\u00f3 a 200 soldados a cruzar el border y matar a los lipanes y entonces pensaron que se deshicieron de todos los lipanes, pero a muchos los mandaron a nuevo M\u00e9xico a otros a Oklahoma\u201d<\/p>\n<p>Fue a partir de este momento que su tribu se tuvo que \u201ccamuflar\u201d socialmente por miedo alg\u00fan otro ataque. Por estar tan cerca a la frontera con M\u00e9xico, sus padres la criaron como mexicana y ella vivi\u00f3 as\u00ed, creyendo que era mexicana y adoptando el espa\u00f1ol como su idioma.<\/p>\n<p>La raz\u00f3n por la cual sus pap\u00e1s nunca le hablaron de esto, menciona, es porque seg\u00fan ellos \u201clos ni\u00f1os no saben mentir\u201d.<\/p>\n<p>Una vez que conoci\u00f3 sus or\u00edgenes \u00e9tnicos, Anita dej\u00f3 de tomar cualquier tipo de medicamento para empezar una vida m\u00e1s saludable y apegada a la naturaleza.<\/p>\n<p>\u201cDej\u00e9 todo qu\u00edmico y todo lo que como o consumo es algo saludable, o si no hierbas naturales para las enfermedades\u201d<\/p>\n<p>Tambi\u00e9n habla de la importancia de cuidar y respetar la tierra, un valor que se ha venido perdiendo con las nuevas generaciones y por el desinter\u00e9s de la gente. <\/p>\n<p>\u201cNosotros segu\u00edamos el clima, los b\u00fafalos segu\u00edan el clima y nosotros segu\u00edamos a los b\u00fafalos, y a veces si nos cobij\u00e1bamos con las pieles del b\u00fafalo, pero no mat\u00e1bamos al animal no m\u00e1s por matarlo, lo mat\u00e1bamos porque ten\u00edamos m\u00e1s hambre. Respet\u00e1bamos a la tierra, mucho porque decimos que es la madre de nosotros, nos da de comer, le da de comer a los animales. Nosotros nos comemos a los animales a los p\u00e1jaros a las aves entonces hay mucho que hay que respetar, y no la estamos respetando\u201d<\/p>\n<p>Anaya hace lo posible por platicar de su origen, lo que para ella representa ser una Lip\u00e1n Apache que han logrado sobrevivir y quiere que la gente sepa que su cultura sigue viva, por lo que porta orgullosa la vestimenta que ella misma confecciona.<\/p>\n<p><img loading=\"lazy\" decoding=\"async\" data-attachment-id=\"35168\" data-permalink=\"https:\/\/www.grieta.org.mx\/index.php\/2019\/05\/24\/tribu-lipan-apache-lucha-contra-la-discriminacion-y-el-odio-para-preservar-su-cultura-chihuahua\/lipan-apache-tribu-2\/\" data-orig-file=\"https:\/\/www.grieta.org.mx\/wp-content\/uploads\/2019\/06\/Lip\u00e1n-Apache-Tribu-2.jpg\" data-orig-size=\"607,394\" data-comments-opened=\"0\" data-image-meta=\"{&quot;aperture&quot;:&quot;0&quot;,&quot;credit&quot;:&quot;&quot;,&quot;camera&quot;:&quot;&quot;,&quot;caption&quot;:&quot;&quot;,&quot;created_timestamp&quot;:&quot;0&quot;,&quot;copyright&quot;:&quot;&quot;,&quot;focal_length&quot;:&quot;0&quot;,&quot;iso&quot;:&quot;0&quot;,&quot;shutter_speed&quot;:&quot;0&quot;,&quot;title&quot;:&quot;&quot;,&quot;orientation&quot;:&quot;1&quot;}\" data-image-title=\"Lip\u00e1n Apache Tribu 2\" data-image-description=\"\" data-image-caption=\"\" data-medium-file=\"https:\/\/www.grieta.org.mx\/wp-content\/uploads\/2019\/06\/Lip\u00e1n-Apache-Tribu-2-300x195.jpg\" data-large-file=\"https:\/\/www.grieta.org.mx\/wp-content\/uploads\/2019\/06\/Lip\u00e1n-Apache-Tribu-2.jpg\" src=\"http:\/\/www.grieta.org.mx\/wp-content\/uploads\/2019\/06\/Lip\u00e1n-Apache-Tribu-2.jpg\" alt=\"\" width=\"607\" height=\"394\" class=\"alignleft size-full wp-image-35168\" srcset=\"https:\/\/www.grieta.org.mx\/wp-content\/uploads\/2019\/06\/Lip\u00e1n-Apache-Tribu-2.jpg 607w, https:\/\/www.grieta.org.mx\/wp-content\/uploads\/2019\/06\/Lip\u00e1n-Apache-Tribu-2-300x195.jpg 300w\" sizes=\"auto, (max-width: 607px) 100vw, 607px\" \/><\/p>\n<p>El nombre lipan significa \u201cla gente gris claro\u201d. Esto viene de la palabra lipan para un color gris claro (kleh-pai) y la palabra para la gente o la tribu (indeh o nd\u00e9).<\/p>\n<p>La discriminaci\u00f3n contin\u00faa<\/p>\n<p>Aunque la cacer\u00eda contra la tribu termin\u00f3, la discriminaci\u00f3n todav\u00eda los persigue. En la lucha para el reconocimiento de su etnia han soportado malos tratos y abuso por autoridades estatales y municipales.<\/p>\n<p>Una muestra de ello, coment\u00f3 el representante legal de la tribu Lip\u00e1n apache, Iv\u00e1n Alexander De Le\u00f3n Aguirre, fueron las trabas que el Gobierno del Estado puso para que se realizara en Chihuahua el cuarto encuentro de la comunidad Nde\u00e9 Apache, lo que los oblig\u00f3 a cambiar la sede y el programa tres d\u00edas antes. <\/p>\n<p><img loading=\"lazy\" decoding=\"async\" data-attachment-id=\"35169\" data-permalink=\"https:\/\/www.grieta.org.mx\/index.php\/2019\/05\/24\/tribu-lipan-apache-lucha-contra-la-discriminacion-y-el-odio-para-preservar-su-cultura-chihuahua\/lipan-apache-tribu-3\/\" data-orig-file=\"https:\/\/www.grieta.org.mx\/wp-content\/uploads\/2019\/06\/Lip\u00e1n-Apache-Tribu-3.jpg\" data-orig-size=\"622,415\" data-comments-opened=\"0\" data-image-meta=\"{&quot;aperture&quot;:&quot;0&quot;,&quot;credit&quot;:&quot;&quot;,&quot;camera&quot;:&quot;&quot;,&quot;caption&quot;:&quot;&quot;,&quot;created_timestamp&quot;:&quot;0&quot;,&quot;copyright&quot;:&quot;&quot;,&quot;focal_length&quot;:&quot;0&quot;,&quot;iso&quot;:&quot;0&quot;,&quot;shutter_speed&quot;:&quot;0&quot;,&quot;title&quot;:&quot;&quot;,&quot;orientation&quot;:&quot;1&quot;}\" data-image-title=\"Lip\u00e1n Apache Tribu 3\" data-image-description=\"\" data-image-caption=\"\" data-medium-file=\"https:\/\/www.grieta.org.mx\/wp-content\/uploads\/2019\/06\/Lip\u00e1n-Apache-Tribu-3-300x200.jpg\" data-large-file=\"https:\/\/www.grieta.org.mx\/wp-content\/uploads\/2019\/06\/Lip\u00e1n-Apache-Tribu-3.jpg\" src=\"http:\/\/www.grieta.org.mx\/wp-content\/uploads\/2019\/06\/Lip\u00e1n-Apache-Tribu-3.jpg\" alt=\"\" width=\"622\" height=\"415\" class=\"alignleft size-full wp-image-35169\" srcset=\"https:\/\/www.grieta.org.mx\/wp-content\/uploads\/2019\/06\/Lip\u00e1n-Apache-Tribu-3.jpg 622w, https:\/\/www.grieta.org.mx\/wp-content\/uploads\/2019\/06\/Lip\u00e1n-Apache-Tribu-3-300x200.jpg 300w\" sizes=\"auto, (max-width: 622px) 100vw, 622px\" \/><\/p>\n<p>Pese a que hab\u00edan recibido apoyo para promocionar el evento, destac\u00f3 que Protecci\u00f3n Civil del estado les intent\u00f3 cobrar \u201cmoches\u201d por entregarles el permiso, mientras que Roberto Barrios de la direcci\u00f3n de Turismo del Ayuntamiento, les quiso cobrar por plato de comida 80 pesos. <\/p>\n<p>\u201cEn Protecci\u00f3n Civil nos pidieron moches de mil pesos por d\u00eda, algo que no podemos pagar. Tambi\u00e9n nos apreci\u00f3 mal que el encargado de la Hacienda el Torre\u00f3n, nos quer\u00eda cobrar la comida muy cara. Al encuentro vinieron compa\u00f1eros rar\u00e1muri y pimas por sus medios y Roberto Barrios quer\u00eda que pagaran por un plato de comida 80 pesos cuando no tienen dinero\u201d<\/p>\n<p>Iv\u00e1n consider\u00f3 que la lucha que han emprendido para preservar su cultura es m\u00e1s grande que las trabas institucionales, por lo que no permitir\u00e1n que la discriminaci\u00f3n contra su pueblo los calle.<\/p>\n<p>\u201cEllos no quer\u00edan ayudarnos y creo que ah\u00ed te puedo dar una respuesta de por qu\u00e9 nos desplazamos, de porque no hay cultura apache aqu\u00ed y no s\u00f3lo a nosotros, aqu\u00ed nos discriminan y la cultura va desapareciendo\u201d<\/p>\n<p>El encuentro inici\u00f3 este jueves en una granja privada por la carretera Aldama-Ojinaga, en donde decenas de descendientes de la tribu se concentraron para realizar ceremonias sagradas, danzas y talleres para promover su cultura.<\/p>\n<p><a href=\"https:\/\/raichali.com\/2019\/05\/24\/tribu-lipan-apache-lucha-contra-la-discriminacion-y-el-odio-para-preservar-su-cultura\/\" rel=\"noopener noreferrer\" target=\"_blank\">https:\/\/raichali.com\/2019\/05\/24\/tribu-lipan-apache-lucha-contra-la-discriminacion-y-el-odio-para-preservar-su-cultura\/<\/a><\/p>\n","protected":false},"excerpt":{"rendered":"<p>Chihuahua.- Hasta sus 32 a\u00f1os, Anita Anaya descubri\u00f3 que su verdadera identidad \u00e9tnica era Lip\u00e1n Apache. Por seguridad sus padres decidieron ocultarse y llevar una vida como mexicanos mestizos por &hellip; <a href=\"https:\/\/www.grieta.org.mx\/index.php\/2019\/05\/24\/tribu-lipan-apache-lucha-contra-la-discriminacion-y-el-odio-para-preservar-su-cultura-chihuahua\/\" class=\"more-link\">Leer m\u00e1s<\/a><\/p>\n","protected":false},"author":2,"featured_media":21928,"comment_status":"closed","ping_status":"closed","sticky":false,"template":"","format":"standard","meta":{"ngg_post_thumbnail":0,"_jetpack_newsletter_access":"","_jetpack_dont_email_post_to_subs":false,"_jetpack_newsletter_tier_id":0,"_jetpack_memberships_contains_paywalled_content":false,"_jetpack_memberships_contains_paid_content":false,"footnotes":""},"categories":[12,80,2669,2662,2],"tags":[2670,2666],"class_list":["post-35165","post","type-post","status-publish","format-standard","has-post-thumbnail","hentry","category-chihuahua","category-cintillo","category-lipan-apache","category-lucha-y-resistencia-de-los-pueblos-originarios-de-chihuahua","category-noticias-nacionales","tag-lipan-apache","tag-pueblos-indios","entry"],"jetpack_featured_media_url":"https:\/\/www.grieta.org.mx\/wp-content\/uploads\/2018\/03\/14524434_1106112876131411_958039263622046936_o.jpg","jetpack_sharing_enabled":true,"jetpack_shortlink":"https:\/\/wp.me\/p7ZJR4-99b","jetpack_likes_enabled":false,"jetpack-related-posts":[{"id":35138,"url":"https:\/\/www.grieta.org.mx\/index.php\/2019\/06\/01\/crean-la-primera-organizacion-ndee-para-exigir-el-reconocimiento-de-la-etnia-chihuahua\/","url_meta":{"origin":35165,"position":0},"title":"Crean la primera organizaci\u00f3n nde\u00e9 para exigir el reconocimiento de la etnia (Chihuahua)","author":"grieta","date":"1 junio, 2019","format":false,"excerpt":"Redacci\u00f3n\/ RA\u00cdCHALI Para ello se eligieron representantes para coordinar los estados de Sonora, Chihuahua y Coahuila quienes, a su vez, trabajar\u00e1n de la mano con la Naci\u00f3n chihene nde\u00e9 y con los jicarilla apache en el estado de Nuevo M\u00e9xico. Como coordinador fue nombrado Iv\u00e1n Alexander de Le\u00f3n; Juan Luis\u2026","rel":"","context":"En &quot;Chihuahua&quot;","block_context":{"text":"Chihuahua","link":"https:\/\/www.grieta.org.mx\/index.php\/category\/noticias-nacionales\/chihuahua\/"},"img":{"alt_text":"","src":"https:\/\/i0.wp.com\/www.grieta.org.mx\/wp-content\/uploads\/2019\/06\/Pueblos-de-chihuahua.jpg?resize=350%2C200&ssl=1","width":350,"height":200},"classes":[]},{"id":56489,"url":"https:\/\/www.grieta.org.mx\/index.php\/2021\/01\/15\/apaches-vivos-y-presentes-en-el-mexico-del-siglo-xxi\/","url_meta":{"origin":35165,"position":1},"title":"Apaches, vivos y presentes en el M\u00e9xico del siglo XXI","author":"grieta","date":"15 enero, 2021","format":false,"excerpt":"Juan Luis Longoria, historiador N'dee\/N'nee\/Nd\u00e9, en Sonora. Los conocen como apaches y no s\u00f3lo residen\u00a0en Estados Unidos. Tienen hogares y comunidades en Chihuahua, Sonora, norte de Durango, Nuevo Le\u00f3n y Tamaulipas. Est\u00e1n vivos, aqu\u00ed y ahora, en pleno siglo XXI, pero, oficialmente, en la Rep\u00fablica Mexicana no existen. Desde 2017\u2026","rel":"","context":"En &quot;Chihuahua&quot;","block_context":{"text":"Chihuahua","link":"https:\/\/www.grieta.org.mx\/index.php\/category\/noticias-nacionales\/chihuahua\/"},"img":{"alt_text":"","src":"https:\/\/i0.wp.com\/www.grieta.org.mx\/wp-content\/uploads\/2021\/01\/Apaches_bosquedeCoyas_Sonora1_especial-1200x750-1.jpg?resize=350%2C200&ssl=1","width":350,"height":200,"srcset":"https:\/\/i0.wp.com\/www.grieta.org.mx\/wp-content\/uploads\/2021\/01\/Apaches_bosquedeCoyas_Sonora1_especial-1200x750-1.jpg?resize=350%2C200&ssl=1 1x, https:\/\/i0.wp.com\/www.grieta.org.mx\/wp-content\/uploads\/2021\/01\/Apaches_bosquedeCoyas_Sonora1_especial-1200x750-1.jpg?resize=525%2C300&ssl=1 1.5x, https:\/\/i0.wp.com\/www.grieta.org.mx\/wp-content\/uploads\/2021\/01\/Apaches_bosquedeCoyas_Sonora1_especial-1200x750-1.jpg?resize=700%2C400&ssl=1 2x, https:\/\/i0.wp.com\/www.grieta.org.mx\/wp-content\/uploads\/2021\/01\/Apaches_bosquedeCoyas_Sonora1_especial-1200x750-1.jpg?resize=1050%2C600&ssl=1 3x"},"classes":[]},{"id":39381,"url":"https:\/\/www.grieta.org.mx\/index.php\/2019\/09\/11\/yosigai-las-flores-de-guadalupe-y-calvo-que-danzan-en-resistencia-al-desplazamiento-chihuahua\/","url_meta":{"origin":35165,"position":2},"title":"Yos\u00efga\u00ef: Las flores de Guadalupe y Calvo que danzan en resistencia al desplazamiento (Chihuahua)","author":"grieta","date":"11 septiembre, 2019","format":false,"excerpt":"RA\u00cdCHALI Yos\u00efga\u00ef (Las Flores) matach\u00edn \u00f3dami Chihuahua.- Se organizaron para danzar juntas, para resistir juntas. Se sent\u00edan tristes lejos de Baborigame, municipio Guadalupe y Calvo, la tierra que heredaron de sus abuelos y que les fue arrebatada por la violencia que deton\u00f3 el narcotr\u00e1fico en la Sierra Tarahumara. En sus\u2026","rel":"","context":"En &quot;Chihuahua&quot;","block_context":{"text":"Chihuahua","link":"https:\/\/www.grieta.org.mx\/index.php\/category\/noticias-nacionales\/chihuahua\/"},"img":{"alt_text":"","src":"https:\/\/i0.wp.com\/www.grieta.org.mx\/wp-content\/uploads\/2019\/09\/Yos%C3%AFga%C3%AF.jpg?resize=350%2C200&ssl=1","width":350,"height":200,"srcset":"https:\/\/i0.wp.com\/www.grieta.org.mx\/wp-content\/uploads\/2019\/09\/Yos%C3%AFga%C3%AF.jpg?resize=350%2C200&ssl=1 1x, https:\/\/i0.wp.com\/www.grieta.org.mx\/wp-content\/uploads\/2019\/09\/Yos%C3%AFga%C3%AF.jpg?resize=525%2C300&ssl=1 1.5x, https:\/\/i0.wp.com\/www.grieta.org.mx\/wp-content\/uploads\/2019\/09\/Yos%C3%AFga%C3%AF.jpg?resize=700%2C400&ssl=1 2x"},"classes":[]},{"id":33741,"url":"https:\/\/www.grieta.org.mx\/index.php\/2019\/04\/25\/secuestran-al-hijo-de-cruz-sanchez-defensor-indigena-en-chihuahua\/","url_meta":{"origin":35165,"position":3},"title":"Secuestran al hijo de Cruz S\u00e1nchez, defensor ind\u00edgena en Chihuahua","author":"grieta","date":"25 abril, 2019","format":false,"excerpt":"Hombres armados sacaron a la fuerza de su casa a Joel S\u00e1nchez. La familia es parte de la comunidad El Manzano, cuyos habitantes son v\u00edctimas de desplazamiento por la violencia del crimen organizado. Redacci\u00f3n\/ ANIMAL POL\u00cdTICO Hombres armados secuestraron este mi\u00e9rcoles a Joel S\u00e1nchez Cruz, hijo del defensor y activista\u2026","rel":"","context":"En &quot;Chihuahua&quot;","block_context":{"text":"Chihuahua","link":"https:\/\/www.grieta.org.mx\/index.php\/category\/noticias-nacionales\/chihuahua\/"},"img":{"alt_text":"","src":"https:\/\/i0.wp.com\/www.grieta.org.mx\/wp-content\/uploads\/2019\/05\/Secuestro.jpg?resize=350%2C200&ssl=1","width":350,"height":200,"srcset":"https:\/\/i0.wp.com\/www.grieta.org.mx\/wp-content\/uploads\/2019\/05\/Secuestro.jpg?resize=350%2C200&ssl=1 1x, https:\/\/i0.wp.com\/www.grieta.org.mx\/wp-content\/uploads\/2019\/05\/Secuestro.jpg?resize=525%2C300&ssl=1 1.5x, https:\/\/i0.wp.com\/www.grieta.org.mx\/wp-content\/uploads\/2019\/05\/Secuestro.jpg?resize=700%2C400&ssl=1 2x, https:\/\/i0.wp.com\/www.grieta.org.mx\/wp-content\/uploads\/2019\/05\/Secuestro.jpg?resize=1050%2C600&ssl=1 3x, https:\/\/i0.wp.com\/www.grieta.org.mx\/wp-content\/uploads\/2019\/05\/Secuestro.jpg?resize=1400%2C800&ssl=1 4x"},"classes":[]},{"id":63899,"url":"https:\/\/www.grieta.org.mx\/index.php\/2022\/03\/27\/coloradas-de-la-virgen-la-comunidad-de-la-sierra-tarahumara-con-defensores-asesinados-y-familias-desplazadas\/","url_meta":{"origin":35165,"position":4},"title":"Coloradas de la Virgen, la comunidad de la Sierra Tarahumara con defensores asesinados y familias desplazadas","author":"grieta","date":"27 marzo, 2022","format":false,"excerpt":"Thelma G\u00f3mez Dur\u00e1n \/ Mongabay Latinoam\u00e9rica Animal Pol\u00edtica Jos\u00e9 Trinidad Baldenegro ten\u00eda 11 a\u00f1os cuando se qued\u00f3 hu\u00e9rfano de padre. Fue\u00a0en 1986 cuando asesinaron a Julio Baldenegro, ind\u00edgena rar\u00e1muri y gobernador tradicional de Coloradas de la Virgen que se opon\u00eda a que despojaran a su comunidad de su bosque y\u2026","rel":"","context":"En &quot;Chihuahua&quot;","block_context":{"text":"Chihuahua","link":"https:\/\/www.grieta.org.mx\/index.php\/category\/noticias-nacionales\/chihuahua\/"},"img":{"alt_text":"","src":"https:\/\/i0.wp.com\/www.grieta.org.mx\/wp-content\/uploads\/2022\/04\/Isidro-Baldenegro-Goldman-Prize-768x511-1.jpg?resize=350%2C200&ssl=1","width":350,"height":200,"srcset":"https:\/\/i0.wp.com\/www.grieta.org.mx\/wp-content\/uploads\/2022\/04\/Isidro-Baldenegro-Goldman-Prize-768x511-1.jpg?resize=350%2C200&ssl=1 1x, https:\/\/i0.wp.com\/www.grieta.org.mx\/wp-content\/uploads\/2022\/04\/Isidro-Baldenegro-Goldman-Prize-768x511-1.jpg?resize=525%2C300&ssl=1 1.5x, https:\/\/i0.wp.com\/www.grieta.org.mx\/wp-content\/uploads\/2022\/04\/Isidro-Baldenegro-Goldman-Prize-768x511-1.jpg?resize=700%2C400&ssl=1 2x"},"classes":[]},{"id":67972,"url":"https:\/\/www.grieta.org.mx\/index.php\/2023\/10\/21\/67972\/","url_meta":{"origin":35165,"position":5},"title":"A m\u00e1s de 30 a\u00f1os\u2026","author":"grieta","date":"21 octubre, 2023","format":false,"excerpt":"A m\u00e1s de 30 a\u00f1os de que se empezaron a documentar los asesinatos de mujeres en Chihuahua y Ciudad Ju\u00e1rez, cientos de familias de v\u00edctimas a\u00fan no tienen acceso a la justicia Feminicidios: Paula y Julia, primeras v\u00edctimas, \u00edconos de la lucha por justicia en Ciudad Ju\u00e1rez.A m\u00e1s de 30\u2026","rel":"","context":"En &quot;Chihuahua&quot;","block_context":{"text":"Chihuahua","link":"https:\/\/www.grieta.org.mx\/index.php\/category\/noticias-nacionales\/chihuahua\/"},"img":{"alt_text":"","src":"https:\/\/i0.wp.com\/www.grieta.org.mx\/wp-content\/uploads\/2023\/10\/imagen.jpg?resize=350%2C200&ssl=1","width":350,"height":200,"srcset":"https:\/\/i0.wp.com\/www.grieta.org.mx\/wp-content\/uploads\/2023\/10\/imagen.jpg?resize=350%2C200&ssl=1 1x, https:\/\/i0.wp.com\/www.grieta.org.mx\/wp-content\/uploads\/2023\/10\/imagen.jpg?resize=525%2C300&ssl=1 1.5x, https:\/\/i0.wp.com\/www.grieta.org.mx\/wp-content\/uploads\/2023\/10\/imagen.jpg?resize=700%2C400&ssl=1 2x"},"classes":[]}],"_links":{"self":[{"href":"https:\/\/www.grieta.org.mx\/index.php\/wp-json\/wp\/v2\/posts\/35165","targetHints":{"allow":["GET"]}}],"collection":[{"href":"https:\/\/www.grieta.org.mx\/index.php\/wp-json\/wp\/v2\/posts"}],"about":[{"href":"https:\/\/www.grieta.org.mx\/index.php\/wp-json\/wp\/v2\/types\/post"}],"author":[{"embeddable":true,"href":"https:\/\/www.grieta.org.mx\/index.php\/wp-json\/wp\/v2\/users\/2"}],"replies":[{"embeddable":true,"href":"https:\/\/www.grieta.org.mx\/index.php\/wp-json\/wp\/v2\/comments?post=35165"}],"version-history":[{"count":1,"href":"https:\/\/www.grieta.org.mx\/index.php\/wp-json\/wp\/v2\/posts\/35165\/revisions"}],"predecessor-version":[{"id":35170,"href":"https:\/\/www.grieta.org.mx\/index.php\/wp-json\/wp\/v2\/posts\/35165\/revisions\/35170"}],"wp:featuredmedia":[{"embeddable":true,"href":"https:\/\/www.grieta.org.mx\/index.php\/wp-json\/wp\/v2\/media\/21928"}],"wp:attachment":[{"href":"https:\/\/www.grieta.org.mx\/index.php\/wp-json\/wp\/v2\/media?parent=35165"}],"wp:term":[{"taxonomy":"category","embeddable":true,"href":"https:\/\/www.grieta.org.mx\/index.php\/wp-json\/wp\/v2\/categories?post=35165"},{"taxonomy":"post_tag","embeddable":true,"href":"https:\/\/www.grieta.org.mx\/index.php\/wp-json\/wp\/v2\/tags?post=35165"}],"curies":[{"name":"wp","href":"https:\/\/api.w.org\/{rel}","templated":true}]}}