{"id":35144,"date":"2019-06-15T21:53:49","date_gmt":"2019-06-16T02:53:49","guid":{"rendered":"http:\/\/www.grieta.org.mx\/?p=35144"},"modified":"2019-06-20T22:02:19","modified_gmt":"2019-06-21T03:02:19","slug":"grupos-armados-se-apoderan-de-pueblos-en-guerrero-y-ya-van-5-mil-desplazados-590-son-menores","status":"publish","type":"post","link":"https:\/\/www.grieta.org.mx\/index.php\/2019\/06\/15\/grupos-armados-se-apoderan-de-pueblos-en-guerrero-y-ya-van-5-mil-desplazados-590-son-menores\/","title":{"rendered":"Grupos armados se apoderan de pueblos en Guerrero y ya van 5 mil desplazados, 590 son menores"},"content":{"rendered":"<figure id=\"attachment_35145\" aria-describedby=\"caption-attachment-35145\" style=\"width: 702px\" class=\"wp-caption aligncenter\"><a href=\"http:\/\/www.grieta.org.mx\/wp-content\/uploads\/2019\/06\/guerrero-desplazados-b.jpg\"><img loading=\"lazy\" decoding=\"async\" data-attachment-id=\"35145\" data-permalink=\"https:\/\/www.grieta.org.mx\/index.php\/2019\/06\/15\/grupos-armados-se-apoderan-de-pueblos-en-guerrero-y-ya-van-5-mil-desplazados-590-son-menores\/guerrero-desplazados-b\/\" data-orig-file=\"https:\/\/www.grieta.org.mx\/wp-content\/uploads\/2019\/06\/guerrero-desplazados-b.jpg\" data-orig-size=\"1100,580\" data-comments-opened=\"0\" data-image-meta=\"{&quot;aperture&quot;:&quot;0&quot;,&quot;credit&quot;:&quot;&quot;,&quot;camera&quot;:&quot;&quot;,&quot;caption&quot;:&quot;&quot;,&quot;created_timestamp&quot;:&quot;0&quot;,&quot;copyright&quot;:&quot;&quot;,&quot;focal_length&quot;:&quot;0&quot;,&quot;iso&quot;:&quot;0&quot;,&quot;shutter_speed&quot;:&quot;0&quot;,&quot;title&quot;:&quot;&quot;,&quot;orientation&quot;:&quot;0&quot;}\" data-image-title=\"guerrero-desplazados-b\" data-image-description=\"\" data-image-caption=\"&lt;p&gt;De acuerdo con la la Comisi\u00f3n Mexicana de Defensa y Promoci\u00f3n de Derechos Humanos, 590 menores se encuentran entra los m\u00e1s de 5 mil desplazados por la violencia. Foto: El Sur&lt;\/p&gt;\n\" data-medium-file=\"https:\/\/www.grieta.org.mx\/wp-content\/uploads\/2019\/06\/guerrero-desplazados-b-300x158.jpg\" data-large-file=\"https:\/\/www.grieta.org.mx\/wp-content\/uploads\/2019\/06\/guerrero-desplazados-b-1024x540.jpg\" class=\"wp-image-35145\" src=\"http:\/\/www.grieta.org.mx\/wp-content\/uploads\/2019\/06\/guerrero-desplazados-b-300x158.jpg\" alt=\"\" width=\"702\" height=\"370\" srcset=\"https:\/\/www.grieta.org.mx\/wp-content\/uploads\/2019\/06\/guerrero-desplazados-b-300x158.jpg 300w, https:\/\/www.grieta.org.mx\/wp-content\/uploads\/2019\/06\/guerrero-desplazados-b-768x405.jpg 768w, https:\/\/www.grieta.org.mx\/wp-content\/uploads\/2019\/06\/guerrero-desplazados-b-1024x540.jpg 1024w, https:\/\/www.grieta.org.mx\/wp-content\/uploads\/2019\/06\/guerrero-desplazados-b-948x500.jpg 948w, https:\/\/www.grieta.org.mx\/wp-content\/uploads\/2019\/06\/guerrero-desplazados-b.jpg 1100w\" sizes=\"auto, (max-width: 702px) 100vw, 702px\" \/><\/a><figcaption id=\"caption-attachment-35145\" class=\"wp-caption-text\">De acuerdo con la la Comisi\u00f3n Mexicana de Defensa y Promoci\u00f3n de Derechos Humanos, 590 menores se encuentran entra los m\u00e1s de 5 mil desplazados por la violencia. Foto: El Sur<\/figcaption><\/figure>\n<p>Redacci\u00f3n \/ El Sur \/ Sinembargo<\/p>\n<p>Representan el 44 por ciento de las 11 mil 491 v\u00edctimas del pa\u00eds y aumentan a 338 mil 405 desde 2006.<\/p>\n<p>Muy cerca est\u00e1 Chiapas con 5 mil 35 desplazados, luego Sinaloa con 860, Oaxaca con 300 y Michoac\u00e1n con 240.<\/p>\n<p>El informe se\u00f1ala que la causa de los 13 desplazamientos en Guerrero es la violencia de grupos armados.<\/p>\n<p>V\u00eda telef\u00f3nica se le pregunt\u00f3 a la coordinadora del \u00e1rea de desplazamiento de la CMDPDH, Brenda P\u00e9rez por qu\u00e9 el estado presenta varios episodios mientras que otros igual de violentos no. Dijo que probablemente influya la disputa del territorio que ocasiona una singular violencia con el fin de ahuyentar a comunidades enteras.<\/p>\n<p>Tambi\u00e9n puede existir un sesgo informativo de los medios en otros estados que no publican sobre estos hechos como en Guerrero. Critic\u00f3 la falta de registro gubernamental que no permite cuantificar de manera exacta la magnitud del problema.<\/p>\n<p>El episodio m\u00e1s numeroso ocurri\u00f3 el 11 de noviembre cuando 2 mil personas aproximadamente, 400 menores de edad, de las comunidades Puerto General Nicol\u00e1s Bravo (Filo de Caballos), Los Morros, Campo de Aviaci\u00f3n, La Escalera, El Naranjo, Carrizal de la V\u00eda, El Balzamar y Tepozonalco, municipio de Leonardo Bravo, se desplazaron por enfrentamientos entre grupos armados, uno de ellos el Frente Unido de Polic\u00edas Comunitarias del Estado de Guerrero (FUPCEG) conformado por 3 mil hombres.<\/p>\n<p>El 17 de noviembre intentaron retornar pero su caravana, acompa\u00f1ada de militares, polic\u00edas, periodistas y personal de la Comisi\u00f3n Nacional de Derechos Humanos (CNDH), fue atacada entre Los Morros y Campo de Aviaci\u00f3n.<\/p>\n<p>En marzo pasado se plantaron frente a Palacio Nacional y luego regresaron a Chichihualco, donde se han refugiado todo este periodo, con la promesa de la ayuda federal que ha llegado por partes.<\/p>\n<p>El Marco de Soluciones Duraderas para los Desplazados Internos que se present\u00f3 ante el Consejo de Derechos Humanos de las Naciones Unidas establece que las v\u00edctimas deben tener seguridad y libertad de circulaci\u00f3n, acceso a la alimentaci\u00f3n, vivienda, agua, salud, educaci\u00f3n y empleo, entre otros derechos.<br \/>\nNO SE GARANTIZA EL DERECHO AL RETORNO <\/p>\n<p>Brenda P\u00e9rez se\u00f1al\u00f3 que los desplazados de Chichihualco evidenciaron la falta de entendimiento de las necesidades de las v\u00edctimas, de protocolos de actuaci\u00f3n y de una repartici\u00f3n clara de las responsabilidades de las dependencias involucradas. Expuso que el derecho al retorno debe ser asistido, seguro y digno lo cual no se ha logrado ante la falta de condiciones \u201cporque no se combaten las causas estructurales que causaron el desplazamiento\u201d.<\/p>\n<p>Guerrero es el \u00fanico estado junto con Chiapas que cuenta con una ley sobre la materia desde 2014 \u2013\u201cest\u00e1 bien hecha\u201d a criterio de la entrevistada\u2013 pero no tiene reglamento, \u201comisi\u00f3n de las autoridades locales por no poder ofrecer medidas integrales a las v\u00edctimas\u201d, y debe crearse, asignarle presupuesto y formar un consejo que planee programas y pol\u00edticas p\u00fablicas.<\/p>\n<p>La irrupci\u00f3n de 200 hombres armados en el poblado Los Corralitos el 9 de junio desplaz\u00f3 a 92 familias y regresaron 16. En Las Palmas, Eduardo Neri, 300 habitantes lo sufrieron el mismo d\u00eda. Todos se refugiaron a Tlacotepec o Chichihualco. En Carrizal de Bravo, comunidad de Leonardo Bravo, 225 habitantes huyeron entre el 5 y 9 de septiembre por la llegada de un grupo armado que realiz\u00f3 diversas agresiones en esas fechas.<\/p>\n<p>De las comunidades de San Bartolo y Laguna de Hueyanalco, municipio San Miguel Totolapan, 100 habitantes huyeron alrededor del 20 de marzo ante la presencia de Los Tequileros que llegaron a esa \u00faltima comunidad en mayo de 2017 tras abandonar La Gavia, su basti\u00f3n.<\/p>\n<p>El 10 de abril 92 habitantes, 40 menores, de esas comunidades m\u00e1s Jimotla salieron con resguardo del Ej\u00e9rcito y la polic\u00eda estatal rumbo a Atoyac por los enfrentamientos entre La Familia Michoacana y Los Tequileros.<\/p>\n<p>De la misma forma se desplazaron 131 integrantes de la comunidad Las Ventanas el 17 de julio por el \u201cacoso\u201d de Los Tlacoleros de Tlacotepec.<\/p>\n<p>La comunidad nahua Tlatempanapa, Zitlala, vivi\u00f3 su primer desplazamiento el 6 de noviembre cuando 70 personas, 35 menores, huyeron de un supuesto grupo de autodefensa al servicio de Los Ardillos caminando por dos noches hacia Zitlala, donde les negaron ayuda, y se fueron a Copalillo, al igual que otras 62 personas, 32 menores, en un segundo evento fechado el 3 de diciembre.<\/p>\n<p>El primer desplazamiento del a\u00f1o fue el 5 de enero cuando 900 habitantes de San Felipe del Ocote, Apaxtla, con apoyo de la Polic\u00eda Comunitaria de ese municipio, huyeron de La Familia Michoacana que los obligaba desde hace m\u00e1s diez a\u00f1os a proveerles de \u201calimento, agua y hospedaje\u201d. Una semana despu\u00e9s 86 personas huyeron de la localidad San Pedro de los Limones.<br \/>\nEntre las fechas 19 y 21 de ese mes 82 habitantes de la Uni\u00f3n y Buenavista Tomatl\u00e1n, municipio de Michoac\u00e1n, huyeron por una persecuci\u00f3n de grupos armados vinculados al c\u00e1rtel de Los Viagras rumbo al cruce fronterizo El Chaparral, en Tijuana, donde solicitaron asilo a Estados Unidos. Otras 15 familias de Guerrero y Michoac\u00e1n\u2013no se especifica el municipio de residencia\u2013tambi\u00e9n lo hicieron en primera semana de marzo al igual que 109 entre enero y febrero, de acuerdo con La Casa del Migrante a la que se cita.<\/p>\n<p>El 29 de mayo 306 habitantes, 83 menores, de Los Horcones y Las Mesas en Cerro Azul, Ajuchitl\u00e1n del Progreso, huyeron hacia Tecpan por la irrupci\u00f3n de hombres armados en sus localidades.<\/p>\n<p>El 4 de octubre 16 familias de El Zapotillal y 8 de Las Canalejas, poblados de la ruta de los Campesinos Ecologistas de Petatl\u00e1n y Coyuca de Catal\u00e1n destaca el documento, salieron por amenazas de un grupo relacionado a la Familia Michoacana. Despu\u00e9s 4 familias de Las Canalejas huyeron y sumaron 112 desplazados.<\/p>\n<p><a href=\"https:\/\/www.sinembargo.mx\/15-06-2019\/3597274\">https:\/\/www.sinembargo.mx\/15-06-2019\/3597274<\/a><\/p>\n","protected":false},"excerpt":{"rendered":"<p>Redacci\u00f3n \/ El Sur \/ Sinembargo Representan el 44 por ciento de las 11 mil 491 v\u00edctimas del pa\u00eds y aumentan a 338 mil 405 desde 2006. Muy cerca est\u00e1 &hellip; <a href=\"https:\/\/www.grieta.org.mx\/index.php\/2019\/06\/15\/grupos-armados-se-apoderan-de-pueblos-en-guerrero-y-ya-van-5-mil-desplazados-590-son-menores\/\" class=\"more-link\">Leer m\u00e1s<\/a><\/p>\n","protected":false},"author":1,"featured_media":35145,"comment_status":"closed","ping_status":"closed","sticky":false,"template":"","format":"standard","meta":{"ngg_post_thumbnail":0,"_jetpack_newsletter_access":"","_jetpack_dont_email_post_to_subs":false,"_jetpack_newsletter_tier_id":0,"_jetpack_memberships_contains_paywalled_content":false,"_jetpack_memberships_contains_paid_content":false,"footnotes":""},"categories":[80,1342,18,2],"tags":[232,2157],"class_list":["post-35144","post","type-post","status-publish","format-standard","has-post-thumbnail","hentry","category-cintillo","category-desplazados-por-violencia-en-guerrero","category-guerrero","category-noticias-nacionales","tag-desplazados","tag-desplazados-por-violencia","entry"],"jetpack_featured_media_url":"https:\/\/www.grieta.org.mx\/wp-content\/uploads\/2019\/06\/guerrero-desplazados-b.jpg","jetpack_sharing_enabled":true,"jetpack_shortlink":"https:\/\/wp.me\/p7ZJR4-98Q","jetpack_likes_enabled":false,"jetpack-related-posts":[{"id":9451,"url":"https:\/\/www.grieta.org.mx\/index.php\/2016\/09\/09\/desplazados-por-la-violencia-en-guerrero\/","url_meta":{"origin":35144,"position":0},"title":"Desplazados por la violencia en Guerrero","author":"grieta","date":"9 septiembre, 2016","format":false,"excerpt":"09\/09\/16. Aumentan desplazados por violencia en Guerrero y Michoac\u00e1nMilenio 08\/08\/16. Huyen familias de Guerrero por crimen organizado Vanguardia 22\/06\/16. Desplazados en Guerrero, viven en el olvido Bajo Palabra 02\/04\/16. 12 mil 590 desplazados por inseguridad en Guerrero de 2009 a 2014: Inegi El Sur 28\/02\/16. Desplazados por la violencia en\u2026","rel":"","context":"En &quot;Guerrero&quot;","block_context":{"text":"Guerrero","link":"https:\/\/www.grieta.org.mx\/index.php\/category\/noticias-nacionales\/guerrero\/"},"img":{"alt_text":"","src":"https:\/\/i0.wp.com\/www.grieta.org.mx\/wp-content\/uploads\/2018\/03\/14524434_1106112876131411_958039263622046936_o.jpg?resize=350%2C200&ssl=1","width":350,"height":200,"srcset":"https:\/\/i0.wp.com\/www.grieta.org.mx\/wp-content\/uploads\/2018\/03\/14524434_1106112876131411_958039263622046936_o.jpg?resize=350%2C200&ssl=1 1x, https:\/\/i0.wp.com\/www.grieta.org.mx\/wp-content\/uploads\/2018\/03\/14524434_1106112876131411_958039263622046936_o.jpg?resize=525%2C300&ssl=1 1.5x, https:\/\/i0.wp.com\/www.grieta.org.mx\/wp-content\/uploads\/2018\/03\/14524434_1106112876131411_958039263622046936_o.jpg?resize=700%2C400&ssl=1 2x"},"classes":[]},{"id":31419,"url":"https:\/\/www.grieta.org.mx\/index.php\/2019\/03\/28\/35-mil-desplazados-en-michoacan-y-guerrero-por-conflictos-armados\/","url_meta":{"origin":35144,"position":1},"title":"35 mil desplazados en Michoac\u00e1n y Guerrero por conflictos armados","author":"grieta","date":"28 marzo, 2019","format":false,"excerpt":"Benjam\u00edn Alvarez \/Contramuro, 28 de marzo, 2019 Circe L\u00f3pez se\u00f1al\u00f3 que mujeres y ni\u00f1os son de las principales v\u00edctimas del crimen organizado y su colusi\u00f3n con las autoridades Morelia, Michoac\u00e1n.- Alrededor de 35 mil desplazados producto de conflictos armados se registran en Michoac\u00e1n y Guerrero, se\u00f1al\u00f3 la activista Lucero Circe\u2026","rel":"","context":"En &quot;CINTILLO&quot;","block_context":{"text":"CINTILLO","link":"https:\/\/www.grieta.org.mx\/index.php\/category\/cintillo\/"},"img":{"alt_text":"","src":"https:\/\/i0.wp.com\/www.grieta.org.mx\/wp-content\/uploads\/2019\/03\/IMG-20190328-WA0110-1000x500.jpg?resize=350%2C200&ssl=1","width":350,"height":200,"srcset":"https:\/\/i0.wp.com\/www.grieta.org.mx\/wp-content\/uploads\/2019\/03\/IMG-20190328-WA0110-1000x500.jpg?resize=350%2C200&ssl=1 1x, https:\/\/i0.wp.com\/www.grieta.org.mx\/wp-content\/uploads\/2019\/03\/IMG-20190328-WA0110-1000x500.jpg?resize=525%2C300&ssl=1 1.5x, https:\/\/i0.wp.com\/www.grieta.org.mx\/wp-content\/uploads\/2019\/03\/IMG-20190328-WA0110-1000x500.jpg?resize=700%2C400&ssl=1 2x"},"classes":[]},{"id":11351,"url":"https:\/\/www.grieta.org.mx\/index.php\/2016\/04\/02\/12-mil-590-desplazados-por-inseguridad-en-guerrero-de-2009-a-2014-inegi\/","url_meta":{"origin":35144,"position":2},"title":"12 mil 590 desplazados por inseguridad en Guerrero de 2009 a 2014: Inegi","author":"grieta","date":"2 abril, 2016","format":false,"excerpt":"El Sur Jacob Morales El 10.7 por ciento de los 117 mil 365 que emigraron de Guerrero a otros estados se mud\u00f3 por esta causa. El estado ocupa el quinto lugar en ese rubro. En el pa\u00eds, un total de 2 millones 894 mil 229 personas se movieron a otros\u2026","rel":"","context":"En &quot;CINTILLO&quot;","block_context":{"text":"CINTILLO","link":"https:\/\/www.grieta.org.mx\/index.php\/category\/cintillo\/"},"img":{"alt_text":"","src":"https:\/\/i0.wp.com\/www.grieta.org.mx\/wp-content\/uploads\/2018\/03\/14524434_1106112876131411_958039263622046936_o.jpg?resize=350%2C200&ssl=1","width":350,"height":200,"srcset":"https:\/\/i0.wp.com\/www.grieta.org.mx\/wp-content\/uploads\/2018\/03\/14524434_1106112876131411_958039263622046936_o.jpg?resize=350%2C200&ssl=1 1x, https:\/\/i0.wp.com\/www.grieta.org.mx\/wp-content\/uploads\/2018\/03\/14524434_1106112876131411_958039263622046936_o.jpg?resize=525%2C300&ssl=1 1.5x, https:\/\/i0.wp.com\/www.grieta.org.mx\/wp-content\/uploads\/2018\/03\/14524434_1106112876131411_958039263622046936_o.jpg?resize=700%2C400&ssl=1 2x"},"classes":[]},{"id":35705,"url":"https:\/\/www.grieta.org.mx\/index.php\/2019\/06\/10\/hubo-en-michoacan-240-desplazados-en-2018\/","url_meta":{"origin":35144,"position":3},"title":"Hubo en Michoac\u00e1n 240 desplazados en 2018","author":"Admin","date":"10 junio, 2019","format":false,"excerpt":"Los municipios afectados fueron Par\u00e1cuaro, Buenavista y Aguililla Gilbert Gil Y\u00e1\u00f1ez \/ El Sol de Zamora, 10 de junio de 2019 Entre enero de 2016 y diciembre de 2018, en el estado de Michoac\u00e1n han sido desplazadas 11 mil 590 personas en seis episodios de violencia y amenazas del crimen\u2026","rel":"","context":"En &quot;CINTILLO&quot;","block_context":{"text":"CINTILLO","link":"https:\/\/www.grieta.org.mx\/index.php\/category\/cintillo\/"},"img":{"alt_text":"","src":"https:\/\/i0.wp.com\/www.grieta.org.mx\/wp-content\/uploads\/2019\/07\/DESPLAZAMIENTOS.jpg?resize=350%2C200&ssl=1","width":350,"height":200,"srcset":"https:\/\/i0.wp.com\/www.grieta.org.mx\/wp-content\/uploads\/2019\/07\/DESPLAZAMIENTOS.jpg?resize=350%2C200&ssl=1 1x, https:\/\/i0.wp.com\/www.grieta.org.mx\/wp-content\/uploads\/2019\/07\/DESPLAZAMIENTOS.jpg?resize=525%2C300&ssl=1 1.5x, https:\/\/i0.wp.com\/www.grieta.org.mx\/wp-content\/uploads\/2019\/07\/DESPLAZAMIENTOS.jpg?resize=700%2C400&ssl=1 2x"},"classes":[]},{"id":36009,"url":"https:\/\/www.grieta.org.mx\/index.php\/2019\/07\/01\/al-menos-800-nuevos-desplazados-en-el-naranjo-guerrero-por-choque-de-grupos-armados\/","url_meta":{"origin":35144,"position":4},"title":"Al menos 800 nuevos desplazados en El Naranjo, Guerrero, por choque de grupos armados","author":"Admin","date":"1 julio, 2019","format":false,"excerpt":"Ezequiel Flores Contreras \/ PROCESO CHILPANCINGO, Gro. (apro).- Al menos 800 personas fueron desplazadas del poblado de El Naranjo, municipio de Leonardo Bravo, ante la confrontaci\u00f3n que mantienen grupos armados por el control de las zonas de producci\u00f3n de amapola y la industria minera en la Sierra de la entidad.\u2026","rel":"","context":"En &quot;CINTILLO&quot;","block_context":{"text":"CINTILLO","link":"https:\/\/www.grieta.org.mx\/index.php\/category\/cintillo\/"},"img":{"alt_text":"","src":"https:\/\/i0.wp.com\/www.grieta.org.mx\/wp-content\/uploads\/2019\/07\/WhatsApp-Image-2019-07-01-at-18.12.37-1078x640.jpg?resize=350%2C200&ssl=1","width":350,"height":200,"srcset":"https:\/\/i0.wp.com\/www.grieta.org.mx\/wp-content\/uploads\/2019\/07\/WhatsApp-Image-2019-07-01-at-18.12.37-1078x640.jpg?resize=350%2C200&ssl=1 1x, https:\/\/i0.wp.com\/www.grieta.org.mx\/wp-content\/uploads\/2019\/07\/WhatsApp-Image-2019-07-01-at-18.12.37-1078x640.jpg?resize=525%2C300&ssl=1 1.5x, https:\/\/i0.wp.com\/www.grieta.org.mx\/wp-content\/uploads\/2019\/07\/WhatsApp-Image-2019-07-01-at-18.12.37-1078x640.jpg?resize=700%2C400&ssl=1 2x, https:\/\/i0.wp.com\/www.grieta.org.mx\/wp-content\/uploads\/2019\/07\/WhatsApp-Image-2019-07-01-at-18.12.37-1078x640.jpg?resize=1050%2C600&ssl=1 3x"},"classes":[]},{"id":23426,"url":"https:\/\/www.grieta.org.mx\/index.php\/2017\/08\/29\/veracruz-en-el-mapa-nacional-de-los-desplazados-por-conflictos-de-violencia\/","url_meta":{"origin":35144,"position":5},"title":"Veracruz, en el mapa nacional de los desplazados por conflictos de violencia","author":"grieta","date":"29 agosto, 2017","format":false,"excerpt":"Redacci\u00f3n \/ horaceromx Debido a conflictos de violencia, 311 mil mexicanos han sido obligados a desplazarse. En el mapa nacional de los desplazados por problemas relacionados con la violencia figuran entidades como Michoac\u00e1n, Guerrero, Sinaloa, Chihuahua y Veracruz, de acuerdo con cifras del Centro de Monitoreo de Desplazamiento Interno (IDMC,\u2026","rel":"","context":"En &quot;CINTILLO&quot;","block_context":{"text":"CINTILLO","link":"https:\/\/www.grieta.org.mx\/index.php\/category\/cintillo\/"},"img":{"alt_text":"","src":"https:\/\/i0.wp.com\/www.grieta.org.mx\/wp-content\/uploads\/2018\/06\/direct.jpeg?resize=350%2C200&ssl=1","width":350,"height":200},"classes":[]}],"_links":{"self":[{"href":"https:\/\/www.grieta.org.mx\/index.php\/wp-json\/wp\/v2\/posts\/35144","targetHints":{"allow":["GET"]}}],"collection":[{"href":"https:\/\/www.grieta.org.mx\/index.php\/wp-json\/wp\/v2\/posts"}],"about":[{"href":"https:\/\/www.grieta.org.mx\/index.php\/wp-json\/wp\/v2\/types\/post"}],"author":[{"embeddable":true,"href":"https:\/\/www.grieta.org.mx\/index.php\/wp-json\/wp\/v2\/users\/1"}],"replies":[{"embeddable":true,"href":"https:\/\/www.grieta.org.mx\/index.php\/wp-json\/wp\/v2\/comments?post=35144"}],"version-history":[{"count":1,"href":"https:\/\/www.grieta.org.mx\/index.php\/wp-json\/wp\/v2\/posts\/35144\/revisions"}],"predecessor-version":[{"id":35146,"href":"https:\/\/www.grieta.org.mx\/index.php\/wp-json\/wp\/v2\/posts\/35144\/revisions\/35146"}],"wp:featuredmedia":[{"embeddable":true,"href":"https:\/\/www.grieta.org.mx\/index.php\/wp-json\/wp\/v2\/media\/35145"}],"wp:attachment":[{"href":"https:\/\/www.grieta.org.mx\/index.php\/wp-json\/wp\/v2\/media?parent=35144"}],"wp:term":[{"taxonomy":"category","embeddable":true,"href":"https:\/\/www.grieta.org.mx\/index.php\/wp-json\/wp\/v2\/categories?post=35144"},{"taxonomy":"post_tag","embeddable":true,"href":"https:\/\/www.grieta.org.mx\/index.php\/wp-json\/wp\/v2\/tags?post=35144"}],"curies":[{"name":"wp","href":"https:\/\/api.w.org\/{rel}","templated":true}]}}