{"id":35122,"date":"2019-06-20T18:34:35","date_gmt":"2019-06-20T23:34:35","guid":{"rendered":"http:\/\/www.grieta.org.mx\/?p=35122"},"modified":"2019-06-20T18:34:35","modified_gmt":"2019-06-20T23:34:35","slug":"rayos-x-del-imss-en-malas-condiciones-queretaro","status":"publish","type":"post","link":"https:\/\/www.grieta.org.mx\/index.php\/2019\/06\/20\/rayos-x-del-imss-en-malas-condiciones-queretaro\/","title":{"rendered":"Rayos X del IMSS en malas condiciones (Quer\u00e9taro)"},"content":{"rendered":"<p><img loading=\"lazy\" decoding=\"async\" data-attachment-id=\"35123\" data-permalink=\"https:\/\/www.grieta.org.mx\/index.php\/2019\/06\/20\/rayos-x-del-imss-en-malas-condiciones-queretaro\/malas-condiciones\/\" data-orig-file=\"https:\/\/www.grieta.org.mx\/wp-content\/uploads\/2019\/06\/MALAS-CONDICIONES.jpg\" data-orig-size=\"768,479\" data-comments-opened=\"0\" data-image-meta=\"{&quot;aperture&quot;:&quot;0&quot;,&quot;credit&quot;:&quot;&quot;,&quot;camera&quot;:&quot;&quot;,&quot;caption&quot;:&quot;&quot;,&quot;created_timestamp&quot;:&quot;0&quot;,&quot;copyright&quot;:&quot;&quot;,&quot;focal_length&quot;:&quot;0&quot;,&quot;iso&quot;:&quot;0&quot;,&quot;shutter_speed&quot;:&quot;0&quot;,&quot;title&quot;:&quot;&quot;,&quot;orientation&quot;:&quot;0&quot;}\" data-image-title=\"MALAS CONDICIONES\" data-image-description=\"\" data-image-caption=\"\" data-medium-file=\"https:\/\/www.grieta.org.mx\/wp-content\/uploads\/2019\/06\/MALAS-CONDICIONES-300x187.jpg\" data-large-file=\"https:\/\/www.grieta.org.mx\/wp-content\/uploads\/2019\/06\/MALAS-CONDICIONES.jpg\" class=\" wp-image-35123 aligncenter\" src=\"http:\/\/www.grieta.org.mx\/wp-content\/uploads\/2019\/06\/MALAS-CONDICIONES.jpg\" alt=\"\" width=\"766\" height=\"478\" srcset=\"https:\/\/www.grieta.org.mx\/wp-content\/uploads\/2019\/06\/MALAS-CONDICIONES.jpg 768w, https:\/\/www.grieta.org.mx\/wp-content\/uploads\/2019\/06\/MALAS-CONDICIONES-300x187.jpg 300w\" sizes=\"auto, (max-width: 766px) 100vw, 766px\" \/><\/p>\n<p class=\"subtitle\"><em>En el techo hasta hoyos hay, a los pacientes los dejan en el pasillo<\/em><\/p>\n<p>Alejandro Pay\u00e1n V\u00e1zquez \/ El Diario de Quer\u00e9taro<\/p>\n<p>Las instalaciones de la unidad de rayos X del Hospital General Regional No. 1 del IMSS se encuentran en malas condiciones, en un recorrido realizado por esta unidad m\u00e9dica se aprecian hoyos en el techo, pacientes en espera en los pasillos y las largas filas para realizar este estudio.<\/p>\n<p>La unidad de estudios del hospital se encuentra en la parte posterior del nosocomio, en la cual los pacientes esperan hasta dos horas despu\u00e9s de su programaci\u00f3n para la toma de placas.<\/p>\n<p>&#8220;Nos dicen que no sirven todos los aparatos de rayos X, me tienen aqu\u00ed desde las siete de la ma\u00f1ana y ya son las nueve y media y sigo esperando, no he visto que avance mucho\u201d, coment\u00f3 un derechohabiente que se encontraba en el pasillo.<\/p>\n<p>Con cartones y cubetas en el piso, los pasillos est\u00e1n saturados de pacientes para realizar radiograf\u00edas.<\/p>\n<p>Los pacientes, que son formados en camillas junto a los elevadores, esperan, algunos con fuertes dolores, mientras personal m\u00e9dico les atiende y toma sus datos para agilizar el servicio.<\/p>\n<p>Se solicit\u00f3 informaci\u00f3n al IMSS sobre la situaci\u00f3n de las unidades de rayos X, pero hasta el momento no han emitido alguna opini\u00f3n al respecto.<\/p>\n<p><a href=\"https:\/\/www.diariodequeretaro.com.mx\/local\/rayos-x-del-imss-en-malas-condiciones-3787913.html\">https:\/\/www.diariodequeretaro.com.mx\/local\/rayos-x-del-imss-en-malas-condiciones-3787913.html<\/a><\/p>\n","protected":false},"excerpt":{"rendered":"<p>En el techo hasta hoyos hay, a los pacientes los dejan en el pasillo Alejandro Pay\u00e1n V\u00e1zquez \/ El Diario de Quer\u00e9taro Las instalaciones de la unidad de rayos X &hellip; <a href=\"https:\/\/www.grieta.org.mx\/index.php\/2019\/06\/20\/rayos-x-del-imss-en-malas-condiciones-queretaro\/\" class=\"more-link\">Leer m\u00e1s<\/a><\/p>\n","protected":false},"author":2,"featured_media":35123,"comment_status":"closed","ping_status":"closed","sticky":false,"template":"","format":"standard","meta":{"ngg_post_thumbnail":0,"_jetpack_newsletter_access":"","_jetpack_dont_email_post_to_subs":false,"_jetpack_newsletter_tier_id":0,"_jetpack_memberships_contains_paywalled_content":false,"_jetpack_memberships_contains_paid_content":false,"footnotes":""},"categories":[80,918,2482,2,27,83],"tags":[2367,2578,893],"class_list":["post-35122","post","type-post","status-publish","format-standard","has-post-thumbnail","hentry","category-cintillo","category-privatizacion-del-sector-salud","category-crisis-del-sector-salud-en-queretaro","category-noticias-nacionales","category-queretaro","category-temas-nacionales","tag-crisis-en-el-sector-salud","tag-desmantelamiento-del-sector-salud","tag-privatizacion-de-la-salud","entry"],"jetpack_featured_media_url":"https:\/\/www.grieta.org.mx\/wp-content\/uploads\/2019\/06\/MALAS-CONDICIONES.jpg","jetpack_sharing_enabled":true,"jetpack_shortlink":"https:\/\/wp.me\/p7ZJR4-98u","jetpack_likes_enabled":false,"jetpack-related-posts":[{"id":35119,"url":"https:\/\/www.grieta.org.mx\/index.php\/2019\/06\/15\/agoniza-servicio-medico-del-issste-en-10-municipios-de-queretaro\/","url_meta":{"origin":35122,"position":0},"title":"Agoniza servicio m\u00e9dico del ISSSTE en 10 municipios de Quer\u00e9taro","author":"grieta","date":"15 junio, 2019","format":false,"excerpt":"Dos m\u00e9dicos para una cl\u00ednica; ni agua para los ba\u00f1os: sindicato Alejandro Pay\u00e1n V\u00e1zquez \/ El Diario de Quer\u00e9taro Personal m\u00e9dico del ISSSTE trabaja a pesar de las carencias y fallas en la infraestructura, asegur\u00f3 el secretario de Trabajo y Conflictos de la secci\u00f3n XXVIII del SNTISSSTE, Emilio Monroy Calvo.\u2026","rel":"","context":"En &quot;CINTILLO&quot;","block_context":{"text":"CINTILLO","link":"https:\/\/www.grieta.org.mx\/index.php\/category\/cintillo\/"},"img":{"alt_text":"","src":"https:\/\/i0.wp.com\/www.grieta.org.mx\/wp-content\/uploads\/2019\/06\/falta-agua.jpg?resize=350%2C200&ssl=1","width":350,"height":200,"srcset":"https:\/\/i0.wp.com\/www.grieta.org.mx\/wp-content\/uploads\/2019\/06\/falta-agua.jpg?resize=350%2C200&ssl=1 1x, https:\/\/i0.wp.com\/www.grieta.org.mx\/wp-content\/uploads\/2019\/06\/falta-agua.jpg?resize=525%2C300&ssl=1 1.5x, https:\/\/i0.wp.com\/www.grieta.org.mx\/wp-content\/uploads\/2019\/06\/falta-agua.jpg?resize=700%2C400&ssl=1 2x"},"classes":[]},{"id":35116,"url":"https:\/\/www.grieta.org.mx\/index.php\/2019\/06\/15\/pacientes-reprueban-atencion-en-clinicas-del-issste-queretaro\/","url_meta":{"origin":35122,"position":1},"title":"Pacientes reprueban atenci\u00f3n en cl\u00ednicas del ISSSTE (Quer\u00e9taro)","author":"grieta","date":"15 junio, 2019","format":false,"excerpt":"Alejandro Pay\u00e1n V\u00e1zquez \/ El Diario de Quer\u00e9taro El servicio m\u00e9dico en el hospital y cl\u00ednicas del ISSSTE es malo, principalmente por los recortes presupuestales y de persona, donde quienes m\u00e1s resienten la carencia son los derechohabientes. Alberto Tecs\u00f3n se atendi\u00f3 una lesi\u00f3n en el brazo derecho en un hospital\u2026","rel":"","context":"En &quot;CINTILLO&quot;","block_context":{"text":"CINTILLO","link":"https:\/\/www.grieta.org.mx\/index.php\/category\/cintillo\/"},"img":{"alt_text":"","src":"https:\/\/i0.wp.com\/www.grieta.org.mx\/wp-content\/uploads\/2019\/06\/PASILLOS-DEL-HOSPITAL.jpg?resize=350%2C200&ssl=1","width":350,"height":200,"srcset":"https:\/\/i0.wp.com\/www.grieta.org.mx\/wp-content\/uploads\/2019\/06\/PASILLOS-DEL-HOSPITAL.jpg?resize=350%2C200&ssl=1 1x, https:\/\/i0.wp.com\/www.grieta.org.mx\/wp-content\/uploads\/2019\/06\/PASILLOS-DEL-HOSPITAL.jpg?resize=525%2C300&ssl=1 1.5x, https:\/\/i0.wp.com\/www.grieta.org.mx\/wp-content\/uploads\/2019\/06\/PASILLOS-DEL-HOSPITAL.jpg?resize=700%2C400&ssl=1 2x"},"classes":[]},{"id":35464,"url":"https:\/\/www.grieta.org.mx\/index.php\/2019\/06\/26\/el-imss-de-mazatlan-se-queda-ahora-sin-rayos-x-sinaloa\/","url_meta":{"origin":35122,"position":2},"title":"El IMSS de Mazatl\u00e1n se queda ahora sin rayos X (Sinaloa)","author":"grieta","date":"26 junio, 2019","format":false,"excerpt":"Foto: El Debate Personas de todas edades, que provienen hasta de zona rural, no pudieron realizarse los estudios Blanca Regalado \/ El Debate Mazatl\u00e1n, Sinaloa.- El equipo de rayos X del Hospital General de Zona (HGZ) 3, del Instituto Mexicano del Seguro Social (IMSS), se descompuso. Esta falla dej\u00f3 a\u2026","rel":"","context":"En &quot;CINTILLO&quot;","block_context":{"text":"CINTILLO","link":"https:\/\/www.grieta.org.mx\/index.php\/category\/cintillo\/"},"img":{"alt_text":"","src":"https:\/\/i0.wp.com\/www.grieta.org.mx\/wp-content\/uploads\/2019\/06\/sala_de_espera_imss_crop1561561952953.jpg_1727466156.jpg?resize=350%2C200&ssl=1","width":350,"height":200,"srcset":"https:\/\/i0.wp.com\/www.grieta.org.mx\/wp-content\/uploads\/2019\/06\/sala_de_espera_imss_crop1561561952953.jpg_1727466156.jpg?resize=350%2C200&ssl=1 1x, https:\/\/i0.wp.com\/www.grieta.org.mx\/wp-content\/uploads\/2019\/06\/sala_de_espera_imss_crop1561561952953.jpg_1727466156.jpg?resize=525%2C300&ssl=1 1.5x, https:\/\/i0.wp.com\/www.grieta.org.mx\/wp-content\/uploads\/2019\/06\/sala_de_espera_imss_crop1561561952953.jpg_1727466156.jpg?resize=700%2C400&ssl=1 2x"},"classes":[]},{"id":49762,"url":"https:\/\/www.grieta.org.mx\/index.php\/2020\/05\/17\/enfermeras-se-dicen-en-riesgo-queretaro\/","url_meta":{"origin":35122,"position":3},"title":"Enfermeras se dicen en riesgo (Quer\u00e9taro)","author":"grieta","date":"17 mayo, 2020","format":false,"excerpt":"Foto: Hugo Arciniega \/ Diario de Quer\u00e9taro Alejandro Pay\u00e1n \/ Diario de Quer\u00e9taro Se quejan de falta de protocolos contra el Covid-19 y se\u00f1alan casos sospechosos de contagio Enfermeras del Hospital de Especialidades del Ni\u00f1o y la Mujer denunciaron la falta de protocolos en para detectar pacientes con Covid-19, incluso\u2026","rel":"","context":"En &quot;CINTILLO&quot;","block_context":{"text":"CINTILLO","link":"https:\/\/www.grieta.org.mx\/index.php\/category\/cintillo\/"},"img":{"alt_text":"","src":"https:\/\/i0.wp.com\/www.grieta.org.mx\/wp-content\/uploads\/2020\/05\/Enfermeras-se-dicen-en-riesgo-qro-may.jpg?resize=350%2C200&ssl=1","width":350,"height":200,"srcset":"https:\/\/i0.wp.com\/www.grieta.org.mx\/wp-content\/uploads\/2020\/05\/Enfermeras-se-dicen-en-riesgo-qro-may.jpg?resize=350%2C200&ssl=1 1x, https:\/\/i0.wp.com\/www.grieta.org.mx\/wp-content\/uploads\/2020\/05\/Enfermeras-se-dicen-en-riesgo-qro-may.jpg?resize=525%2C300&ssl=1 1.5x, https:\/\/i0.wp.com\/www.grieta.org.mx\/wp-content\/uploads\/2020\/05\/Enfermeras-se-dicen-en-riesgo-qro-may.jpg?resize=700%2C400&ssl=1 2x"},"classes":[]},{"id":69128,"url":"https:\/\/www.grieta.org.mx\/index.php\/2024\/05\/31\/trabajadores-del-imss-centro-realizan-planton-por-malas-condiciones-del-hospital-campeche\/","url_meta":{"origin":35122,"position":4},"title":"Trabajadores del IMSS centro realizan plant\u00f3n por malas condiciones del Hospital (Campeche)","author":"grieta","date":"31 mayo, 2024","format":false,"excerpt":"JR \/ La I Noticias Trabajadores del IMSS aseguran que llevan m\u00e1s de un a\u00f1os esperando la finalizaci\u00f3n de la remodelaci\u00f3n del hospital CAMPECHE.- Con gritos \u201cHospital nuevo\u201d, trabajadores se manifestaron a las afueras del IMSS del Centro con el prop\u00f3sito de exigir mejores condiciones de trabajo. Esta ma\u00f1ana un\u2026","rel":"","context":"En &quot;Campeche&quot;","block_context":{"text":"Campeche","link":"https:\/\/www.grieta.org.mx\/index.php\/category\/noticias-nacionales\/campeche\/"},"img":{"alt_text":"","src":"https:\/\/i0.wp.com\/www.grieta.org.mx\/wp-content\/uploads\/2024\/06\/ImssCampeche-e1718049949437.jpg?resize=350%2C200&ssl=1","width":350,"height":200,"srcset":"https:\/\/i0.wp.com\/www.grieta.org.mx\/wp-content\/uploads\/2024\/06\/ImssCampeche-e1718049949437.jpg?resize=350%2C200&ssl=1 1x, https:\/\/i0.wp.com\/www.grieta.org.mx\/wp-content\/uploads\/2024\/06\/ImssCampeche-e1718049949437.jpg?resize=525%2C300&ssl=1 1.5x, https:\/\/i0.wp.com\/www.grieta.org.mx\/wp-content\/uploads\/2024\/06\/ImssCampeche-e1718049949437.jpg?resize=700%2C400&ssl=1 2x"},"classes":[]},{"id":32424,"url":"https:\/\/www.grieta.org.mx\/index.php\/2019\/04\/16\/arbitraria-detencion-de-enfermero-acusado-de-robo-de-medicamentos-en-queretaro\/","url_meta":{"origin":35122,"position":5},"title":"Arbitraria detenci\u00f3n de enfermero acusado de robo de medicamentos en Quer\u00e9taro","author":"grieta","date":"16 abril, 2019","format":false,"excerpt":"Mariana Villalobos \/ Quadratin QUER\u00c9TARO, Qro., 16 de abril del 2019.-El personal de enfermer\u00eda del Hospital del Ni\u00f1o y la Mujer acus\u00f3 a las autoridades de haber detenido arbitrariamente al jefe de este departamento en el turno matutino por supuesto robo hormiga de medicamentos. Los compa\u00f1eros del acusado exigieron que\u2026","rel":"","context":"En &quot;CINTILLO&quot;","block_context":{"text":"CINTILLO","link":"https:\/\/www.grieta.org.mx\/index.php\/category\/cintillo\/"},"img":{"alt_text":"","src":"https:\/\/i0.wp.com\/www.grieta.org.mx\/wp-content\/uploads\/2019\/04\/D5B5B06A-CC45-40BF-8457-DDD99DE9694D-1160x700.jpeg?resize=350%2C200&ssl=1","width":350,"height":200,"srcset":"https:\/\/i0.wp.com\/www.grieta.org.mx\/wp-content\/uploads\/2019\/04\/D5B5B06A-CC45-40BF-8457-DDD99DE9694D-1160x700.jpeg?resize=350%2C200&ssl=1 1x, https:\/\/i0.wp.com\/www.grieta.org.mx\/wp-content\/uploads\/2019\/04\/D5B5B06A-CC45-40BF-8457-DDD99DE9694D-1160x700.jpeg?resize=525%2C300&ssl=1 1.5x, https:\/\/i0.wp.com\/www.grieta.org.mx\/wp-content\/uploads\/2019\/04\/D5B5B06A-CC45-40BF-8457-DDD99DE9694D-1160x700.jpeg?resize=700%2C400&ssl=1 2x, https:\/\/i0.wp.com\/www.grieta.org.mx\/wp-content\/uploads\/2019\/04\/D5B5B06A-CC45-40BF-8457-DDD99DE9694D-1160x700.jpeg?resize=1050%2C600&ssl=1 3x"},"classes":[]}],"_links":{"self":[{"href":"https:\/\/www.grieta.org.mx\/index.php\/wp-json\/wp\/v2\/posts\/35122","targetHints":{"allow":["GET"]}}],"collection":[{"href":"https:\/\/www.grieta.org.mx\/index.php\/wp-json\/wp\/v2\/posts"}],"about":[{"href":"https:\/\/www.grieta.org.mx\/index.php\/wp-json\/wp\/v2\/types\/post"}],"author":[{"embeddable":true,"href":"https:\/\/www.grieta.org.mx\/index.php\/wp-json\/wp\/v2\/users\/2"}],"replies":[{"embeddable":true,"href":"https:\/\/www.grieta.org.mx\/index.php\/wp-json\/wp\/v2\/comments?post=35122"}],"version-history":[{"count":1,"href":"https:\/\/www.grieta.org.mx\/index.php\/wp-json\/wp\/v2\/posts\/35122\/revisions"}],"predecessor-version":[{"id":35125,"href":"https:\/\/www.grieta.org.mx\/index.php\/wp-json\/wp\/v2\/posts\/35122\/revisions\/35125"}],"wp:featuredmedia":[{"embeddable":true,"href":"https:\/\/www.grieta.org.mx\/index.php\/wp-json\/wp\/v2\/media\/35123"}],"wp:attachment":[{"href":"https:\/\/www.grieta.org.mx\/index.php\/wp-json\/wp\/v2\/media?parent=35122"}],"wp:term":[{"taxonomy":"category","embeddable":true,"href":"https:\/\/www.grieta.org.mx\/index.php\/wp-json\/wp\/v2\/categories?post=35122"},{"taxonomy":"post_tag","embeddable":true,"href":"https:\/\/www.grieta.org.mx\/index.php\/wp-json\/wp\/v2\/tags?post=35122"}],"curies":[{"name":"wp","href":"https:\/\/api.w.org\/{rel}","templated":true}]}}