{"id":35119,"date":"2019-06-15T18:13:16","date_gmt":"2019-06-15T23:13:16","guid":{"rendered":"http:\/\/www.grieta.org.mx\/?p=35119"},"modified":"2019-06-20T18:21:45","modified_gmt":"2019-06-20T23:21:45","slug":"agoniza-servicio-medico-del-issste-en-10-municipios-de-queretaro","status":"publish","type":"post","link":"https:\/\/www.grieta.org.mx\/index.php\/2019\/06\/15\/agoniza-servicio-medico-del-issste-en-10-municipios-de-queretaro\/","title":{"rendered":"Agoniza servicio m\u00e9dico del ISSSTE en 10 municipios de Quer\u00e9taro"},"content":{"rendered":"<p><img loading=\"lazy\" decoding=\"async\" data-attachment-id=\"35120\" data-permalink=\"https:\/\/www.grieta.org.mx\/index.php\/2019\/06\/15\/agoniza-servicio-medico-del-issste-en-10-municipios-de-queretaro\/falta-agua\/\" data-orig-file=\"https:\/\/www.grieta.org.mx\/wp-content\/uploads\/2019\/06\/falta-agua.jpg\" data-orig-size=\"768,479\" data-comments-opened=\"0\" data-image-meta=\"{&quot;aperture&quot;:&quot;0&quot;,&quot;credit&quot;:&quot;&quot;,&quot;camera&quot;:&quot;&quot;,&quot;caption&quot;:&quot;&quot;,&quot;created_timestamp&quot;:&quot;0&quot;,&quot;copyright&quot;:&quot;&quot;,&quot;focal_length&quot;:&quot;0&quot;,&quot;iso&quot;:&quot;0&quot;,&quot;shutter_speed&quot;:&quot;0&quot;,&quot;title&quot;:&quot;&quot;,&quot;orientation&quot;:&quot;0&quot;}\" data-image-title=\"falta-agua\" data-image-description=\"\" data-image-caption=\"\" data-medium-file=\"https:\/\/www.grieta.org.mx\/wp-content\/uploads\/2019\/06\/falta-agua-300x187.jpg\" data-large-file=\"https:\/\/www.grieta.org.mx\/wp-content\/uploads\/2019\/06\/falta-agua.jpg\" class=\" wp-image-35120 aligncenter\" src=\"http:\/\/www.grieta.org.mx\/wp-content\/uploads\/2019\/06\/falta-agua.jpg\" alt=\"\" width=\"768\" height=\"479\" srcset=\"https:\/\/www.grieta.org.mx\/wp-content\/uploads\/2019\/06\/falta-agua.jpg 768w, https:\/\/www.grieta.org.mx\/wp-content\/uploads\/2019\/06\/falta-agua-300x187.jpg 300w\" sizes=\"auto, (max-width: 768px) 100vw, 768px\" \/><\/p>\n<p class=\"subtitle\"><em>Dos m\u00e9dicos para una cl\u00ednica; ni agua para los ba\u00f1os: sindicato<\/em><\/p>\n<p>Alejandro Pay\u00e1n V\u00e1zquez \/ El Diario de Quer\u00e9taro<\/p>\n<p>Personal m\u00e9dico del ISSSTE trabaja a pesar de las carencias y fallas en la infraestructura, asegur\u00f3 el secretario de Trabajo y Conflictos de la secci\u00f3n XXVIII del SNTISSSTE, Emilio Monroy Calvo.<\/p>\n<p>Reconoci\u00f3 que en las unidades m\u00e9dicas familiares hay carencias, principalmente de personal, donde solo hay uno o dos m\u00e9dicos, las cl\u00ednicas se encuentran en colonia Sat\u00e9lite, Azteca, en Pedro Escobedo, San Juan del R\u00edo, Amealco, Tequisquiapan, Ezequiel Montes, Col\u00f3n, Tolim\u00e1n, Cadereyta y Jalpan.<\/p>\n<p>\u201cDesde hace dos a\u00f1os hemos reportado las deficiencias en equipo, material de curaci\u00f3n, medicamentos y recursos humanos que es lo m\u00e1s valioso y hemos pedido que se respeten los derechos de los trabajos porque las condiciones de trabajo establecen que se les debe proporcionar los recursos para que desempe\u00f1en sus funciones con eficiencia y eficacia\u201d.<\/p>\n<p>El representante del sindicato lament\u00f3 la situaci\u00f3n del servicio que afecta a los usuarios y asegur\u00f3 que el personal que trabaja para el ISSSTE busca brindar la atenci\u00f3n en las mejores condiciones.<\/p>\n<p>\u201cFue lamentable por la forma en que se manej\u00f3 la situaci\u00f3n con el paciente, no debe acontecer y si hay responsabilidad administrativa se debe asumir, buscamos brindar trato digno y con calidad y calidez a los derechohabientes\u201d.<\/p>\n<p>Adem\u00e1s de los elevadores otras \u00e1reas m\u00e9dicas que tienen carencias son quir\u00f3fano, cuidados intensivos, toco quir\u00fargico y rayos x.<\/p>\n<p>Monroy Calvo asegur\u00f3 que trabajar\u00e1n en coordinaci\u00f3n con la direcci\u00f3n del hospital para atender las principales necesidades de usuarios y pacientes, pues son quienes m\u00e1s se han visto afectados por las estas carencias.<\/p>\n<p><a href=\"https:\/\/www.diariodequeretaro.com.mx\/local\/agoniza-servicio-medico-del-issste-en-10-municipios-de-queretaro-3766834.html\">https:\/\/www.diariodequeretaro.com.mx\/local\/agoniza-servicio-medico-del-issste-en-10-municipios-de-queretaro-3766834.html<\/a><\/p>\n","protected":false},"excerpt":{"rendered":"<p>Dos m\u00e9dicos para una cl\u00ednica; ni agua para los ba\u00f1os: sindicato Alejandro Pay\u00e1n V\u00e1zquez \/ El Diario de Quer\u00e9taro Personal m\u00e9dico del ISSSTE trabaja a pesar de las carencias y &hellip; <a href=\"https:\/\/www.grieta.org.mx\/index.php\/2019\/06\/15\/agoniza-servicio-medico-del-issste-en-10-municipios-de-queretaro\/\" class=\"more-link\">Leer m\u00e1s<\/a><\/p>\n","protected":false},"author":2,"featured_media":35120,"comment_status":"closed","ping_status":"closed","sticky":false,"template":"","format":"standard","meta":{"ngg_post_thumbnail":0,"_jetpack_newsletter_access":"","_jetpack_dont_email_post_to_subs":false,"_jetpack_newsletter_tier_id":0,"_jetpack_memberships_contains_paywalled_content":false,"_jetpack_memberships_contains_paid_content":false,"footnotes":""},"categories":[80,918,2482,2,27,83],"tags":[2367,2578,893],"class_list":["post-35119","post","type-post","status-publish","format-standard","has-post-thumbnail","hentry","category-cintillo","category-privatizacion-del-sector-salud","category-crisis-del-sector-salud-en-queretaro","category-noticias-nacionales","category-queretaro","category-temas-nacionales","tag-crisis-en-el-sector-salud","tag-desmantelamiento-del-sector-salud","tag-privatizacion-de-la-salud","entry"],"jetpack_featured_media_url":"https:\/\/www.grieta.org.mx\/wp-content\/uploads\/2019\/06\/falta-agua.jpg","jetpack_sharing_enabled":true,"jetpack_shortlink":"https:\/\/wp.me\/p7ZJR4-98r","jetpack_likes_enabled":false,"jetpack-related-posts":[{"id":50815,"url":"https:\/\/www.grieta.org.mx\/index.php\/2020\/06\/09\/enfermeras-y-doctores-exigen-mejores-insumos-medicos-queretaro\/","url_meta":{"origin":35119,"position":0},"title":"Enfermeras y Doctores exigen mejores insumos m\u00e9dicos (Quer\u00e9taro)","author":"grieta","date":"9 junio, 2020","format":false,"excerpt":"Foto: www.facebook.com\/InboxPolitico Inbox Pol\u00edtico Este martes se llevaron acabo dos manifestaciones -en la capital del Estado de Quer\u00e9taro- ambas integradas por personal m\u00e9dico. En la primera, Enfermeras del Hospital de Especialidades del Ni\u00f1o y la Mujer, en Plaza de Armas, exigieron insumos de calidad para atender a pacientes Covid. En\u2026","rel":"","context":"En &quot;CINTILLO&quot;","block_context":{"text":"CINTILLO","link":"https:\/\/www.grieta.org.mx\/index.php\/category\/cintillo\/"},"img":{"alt_text":"","src":"https:\/\/i0.wp.com\/www.grieta.org.mx\/wp-content\/uploads\/2020\/06\/Enfermeras-y-Doctores-exigen-mejores-insumos-m%C3%A9dicos-qro-jun.jpg?resize=350%2C200&ssl=1","width":350,"height":200,"srcset":"https:\/\/i0.wp.com\/www.grieta.org.mx\/wp-content\/uploads\/2020\/06\/Enfermeras-y-Doctores-exigen-mejores-insumos-m%C3%A9dicos-qro-jun.jpg?resize=350%2C200&ssl=1 1x, https:\/\/i0.wp.com\/www.grieta.org.mx\/wp-content\/uploads\/2020\/06\/Enfermeras-y-Doctores-exigen-mejores-insumos-m%C3%A9dicos-qro-jun.jpg?resize=525%2C300&ssl=1 1.5x, https:\/\/i0.wp.com\/www.grieta.org.mx\/wp-content\/uploads\/2020\/06\/Enfermeras-y-Doctores-exigen-mejores-insumos-m%C3%A9dicos-qro-jun.jpg?resize=700%2C400&ssl=1 2x"},"classes":[]},{"id":32279,"url":"https:\/\/www.grieta.org.mx\/index.php\/2019\/04\/04\/mantiene-issste-qro-solo-a-50-de-200-empleados-medicos-suplentes-queretaro\/","url_meta":{"origin":35119,"position":1},"title":"Mantiene ISSSTE Qro solo a 50 de 200 empleados m\u00e9dicos suplentes (Quer\u00e9taro)","author":"grieta","date":"4 abril, 2019","format":false,"excerpt":"Mariana Villalobos \/ Quadratin QUER\u00c9TARO, Qro., 04 de abril de 2019.- El hospital general del Instituto de Seguridad y Servicios Sociales de los Trabajadores del Estado (ISSSTE) solo conserv\u00f3 activos a 50 personas de las m\u00e1s de 200 que prestaban sus servicios como personal suplente permanente, informo Thal\u00eda Gonz\u00e1lez una\u2026","rel":"","context":"En &quot;CINTILLO&quot;","block_context":{"text":"CINTILLO","link":"https:\/\/www.grieta.org.mx\/index.php\/category\/cintillo\/"},"img":{"alt_text":"","src":"https:\/\/i0.wp.com\/www.grieta.org.mx\/wp-content\/uploads\/2019\/04\/saluqro.jpeg?resize=350%2C200&ssl=1","width":350,"height":200,"srcset":"https:\/\/i0.wp.com\/www.grieta.org.mx\/wp-content\/uploads\/2019\/04\/saluqro.jpeg?resize=350%2C200&ssl=1 1x, https:\/\/i0.wp.com\/www.grieta.org.mx\/wp-content\/uploads\/2019\/04\/saluqro.jpeg?resize=525%2C300&ssl=1 1.5x, https:\/\/i0.wp.com\/www.grieta.org.mx\/wp-content\/uploads\/2019\/04\/saluqro.jpeg?resize=700%2C400&ssl=1 2x, https:\/\/i0.wp.com\/www.grieta.org.mx\/wp-content\/uploads\/2019\/04\/saluqro.jpeg?resize=1050%2C600&ssl=1 3x"},"classes":[]},{"id":34927,"url":"https:\/\/www.grieta.org.mx\/index.php\/2019\/06\/13\/personal-baja-cadaveres-por-escaleras-del-issste-queretaro\/","url_meta":{"origin":35119,"position":2},"title":"Personal baja cad\u00e1veres por escaleras del ISSSTE Quer\u00e9taro","author":"grieta","date":"13 junio, 2019","format":false,"excerpt":"Domingo Valdez y Betsabee Fortanell \/ El Universal Quer\u00e9taro Usuarios de las redes sociales denunciaron que algunos cad\u00e1veres fueron bajados por las escaleras, debido a la falla de los elevadores del hospital del ISSSTE de Quer\u00e9taro. En un v\u00eddeo, se miestra c\u00f3mo el personal m\u00e9dico arrastra y jalonea cad\u00e1veres cuando\u2026","rel":"","context":"En &quot;CINTILLO&quot;","block_context":{"text":"CINTILLO","link":"https:\/\/www.grieta.org.mx\/index.php\/category\/cintillo\/"},"img":{"alt_text":"","src":"https:\/\/i0.wp.com\/www.grieta.org.mx\/wp-content\/uploads\/2019\/06\/issste.jpeg?resize=350%2C200&ssl=1","width":350,"height":200,"srcset":"https:\/\/i0.wp.com\/www.grieta.org.mx\/wp-content\/uploads\/2019\/06\/issste.jpeg?resize=350%2C200&ssl=1 1x, https:\/\/i0.wp.com\/www.grieta.org.mx\/wp-content\/uploads\/2019\/06\/issste.jpeg?resize=525%2C300&ssl=1 1.5x, https:\/\/i0.wp.com\/www.grieta.org.mx\/wp-content\/uploads\/2019\/06\/issste.jpeg?resize=700%2C400&ssl=1 2x"},"classes":[]},{"id":33918,"url":"https:\/\/www.grieta.org.mx\/index.php\/2019\/05\/25\/incrementa-demanda-de-servicios-medicos-privados-en-queretaro\/","url_meta":{"origin":35119,"position":3},"title":"Incrementa demanda de servicios m\u00e9dicos privados en Quer\u00e9taro","author":"grieta","date":"25 mayo, 2019","format":false,"excerpt":"Ante la crisis presupuestal que recienten instituciones de salud p\u00fablicas, se\u00f1al\u00f3 la FECAPEQ Laura Banda Campos \/ Diario de Quer\u00e9taro Se incrementa la demanda de servicios m\u00e9dicos privados en la entidad, ante la crisis presupuestal que recientes instituciones de salud p\u00fablicas, se\u00f1al\u00f3 el presidente de la Federaci\u00f3n de Colegios y\u2026","rel":"","context":"En &quot;CINTILLO&quot;","block_context":{"text":"CINTILLO","link":"https:\/\/www.grieta.org.mx\/index.php\/category\/cintillo\/"},"img":{"alt_text":"","src":"https:\/\/i0.wp.com\/www.grieta.org.mx\/wp-content\/uploads\/2019\/05\/HOSPITALES.jpg?resize=350%2C200&ssl=1","width":350,"height":200,"srcset":"https:\/\/i0.wp.com\/www.grieta.org.mx\/wp-content\/uploads\/2019\/05\/HOSPITALES.jpg?resize=350%2C200&ssl=1 1x, https:\/\/i0.wp.com\/www.grieta.org.mx\/wp-content\/uploads\/2019\/05\/HOSPITALES.jpg?resize=525%2C300&ssl=1 1.5x, https:\/\/i0.wp.com\/www.grieta.org.mx\/wp-content\/uploads\/2019\/05\/HOSPITALES.jpg?resize=700%2C400&ssl=1 2x"},"classes":[]},{"id":35116,"url":"https:\/\/www.grieta.org.mx\/index.php\/2019\/06\/15\/pacientes-reprueban-atencion-en-clinicas-del-issste-queretaro\/","url_meta":{"origin":35119,"position":4},"title":"Pacientes reprueban atenci\u00f3n en cl\u00ednicas del ISSSTE (Quer\u00e9taro)","author":"grieta","date":"15 junio, 2019","format":false,"excerpt":"Alejandro Pay\u00e1n V\u00e1zquez \/ El Diario de Quer\u00e9taro El servicio m\u00e9dico en el hospital y cl\u00ednicas del ISSSTE es malo, principalmente por los recortes presupuestales y de persona, donde quienes m\u00e1s resienten la carencia son los derechohabientes. Alberto Tecs\u00f3n se atendi\u00f3 una lesi\u00f3n en el brazo derecho en un hospital\u2026","rel":"","context":"En &quot;CINTILLO&quot;","block_context":{"text":"CINTILLO","link":"https:\/\/www.grieta.org.mx\/index.php\/category\/cintillo\/"},"img":{"alt_text":"","src":"https:\/\/i0.wp.com\/www.grieta.org.mx\/wp-content\/uploads\/2019\/06\/PASILLOS-DEL-HOSPITAL.jpg?resize=350%2C200&ssl=1","width":350,"height":200,"srcset":"https:\/\/i0.wp.com\/www.grieta.org.mx\/wp-content\/uploads\/2019\/06\/PASILLOS-DEL-HOSPITAL.jpg?resize=350%2C200&ssl=1 1x, https:\/\/i0.wp.com\/www.grieta.org.mx\/wp-content\/uploads\/2019\/06\/PASILLOS-DEL-HOSPITAL.jpg?resize=525%2C300&ssl=1 1.5x, https:\/\/i0.wp.com\/www.grieta.org.mx\/wp-content\/uploads\/2019\/06\/PASILLOS-DEL-HOSPITAL.jpg?resize=700%2C400&ssl=1 2x"},"classes":[]},{"id":40155,"url":"https:\/\/www.grieta.org.mx\/index.php\/2019\/10\/12\/exigen-al-issste-atencion-a-pacientes-oncologicos-queretaro\/","url_meta":{"origin":35119,"position":5},"title":"Exigen al ISSSTE atenci\u00f3n a pacientes oncol\u00f3gicos (Quer\u00e9taro)","author":"grieta","date":"12 octubre, 2019","format":false,"excerpt":"Domingo Vald\u00e9z \/ El Universal Se manifiestan frente al instituto; no hay medicinas desde hace un mes, se\u00f1alan Familiares y derechohabientes del ISSSTE se manifestaron frente a las oficinas del instituto en demanda de atenci\u00f3n a pacientes oncol\u00f3gicos, pues desde hace un mes carecen de medicamentos. Algunos de los afectados\u2026","rel":"","context":"En &quot;CINTILLO&quot;","block_context":{"text":"CINTILLO","link":"https:\/\/www.grieta.org.mx\/index.php\/category\/cintillo\/"},"img":{"alt_text":"","src":"https:\/\/i0.wp.com\/www.grieta.org.mx\/wp-content\/uploads\/2019\/10\/Exigen-al-ISSSTE-atenci%C3%B3n-a-pacientes-oncol%C3%B3gicos-oct-qro.jpg?resize=350%2C200","width":350,"height":200},"classes":[]}],"_links":{"self":[{"href":"https:\/\/www.grieta.org.mx\/index.php\/wp-json\/wp\/v2\/posts\/35119","targetHints":{"allow":["GET"]}}],"collection":[{"href":"https:\/\/www.grieta.org.mx\/index.php\/wp-json\/wp\/v2\/posts"}],"about":[{"href":"https:\/\/www.grieta.org.mx\/index.php\/wp-json\/wp\/v2\/types\/post"}],"author":[{"embeddable":true,"href":"https:\/\/www.grieta.org.mx\/index.php\/wp-json\/wp\/v2\/users\/2"}],"replies":[{"embeddable":true,"href":"https:\/\/www.grieta.org.mx\/index.php\/wp-json\/wp\/v2\/comments?post=35119"}],"version-history":[{"count":1,"href":"https:\/\/www.grieta.org.mx\/index.php\/wp-json\/wp\/v2\/posts\/35119\/revisions"}],"predecessor-version":[{"id":35121,"href":"https:\/\/www.grieta.org.mx\/index.php\/wp-json\/wp\/v2\/posts\/35119\/revisions\/35121"}],"wp:featuredmedia":[{"embeddable":true,"href":"https:\/\/www.grieta.org.mx\/index.php\/wp-json\/wp\/v2\/media\/35120"}],"wp:attachment":[{"href":"https:\/\/www.grieta.org.mx\/index.php\/wp-json\/wp\/v2\/media?parent=35119"}],"wp:term":[{"taxonomy":"category","embeddable":true,"href":"https:\/\/www.grieta.org.mx\/index.php\/wp-json\/wp\/v2\/categories?post=35119"},{"taxonomy":"post_tag","embeddable":true,"href":"https:\/\/www.grieta.org.mx\/index.php\/wp-json\/wp\/v2\/tags?post=35119"}],"curies":[{"name":"wp","href":"https:\/\/api.w.org\/{rel}","templated":true}]}}