{"id":35106,"date":"2019-06-17T07:33:06","date_gmt":"2019-06-17T12:33:06","guid":{"rendered":"http:\/\/www.grieta.org.mx\/?p=35106"},"modified":"2019-06-20T12:39:35","modified_gmt":"2019-06-20T17:39:35","slug":"tras-varios-dias-padres-de-familia-liberan-secundaria-de-peto-yucatan","status":"publish","type":"post","link":"https:\/\/www.grieta.org.mx\/index.php\/2019\/06\/17\/tras-varios-dias-padres-de-familia-liberan-secundaria-de-peto-yucatan\/","title":{"rendered":"Tras varios d\u00edas, padres de familia liberan secundaria de Peto (Yucat\u00e1n)"},"content":{"rendered":"<p><img loading=\"lazy\" decoding=\"async\" data-attachment-id=\"35107\" data-permalink=\"https:\/\/www.grieta.org.mx\/index.php\/2019\/06\/17\/tras-varios-dias-padres-de-familia-liberan-secundaria-de-peto-yucatan\/pt-sec1-768x420\/\" data-orig-file=\"https:\/\/www.grieta.org.mx\/wp-content\/uploads\/2019\/06\/PT-SEC1-768x420.jpg\" data-orig-size=\"768,420\" data-comments-opened=\"0\" data-image-meta=\"{&quot;aperture&quot;:&quot;0&quot;,&quot;credit&quot;:&quot;&quot;,&quot;camera&quot;:&quot;&quot;,&quot;caption&quot;:&quot;&quot;,&quot;created_timestamp&quot;:&quot;0&quot;,&quot;copyright&quot;:&quot;&quot;,&quot;focal_length&quot;:&quot;0&quot;,&quot;iso&quot;:&quot;0&quot;,&quot;shutter_speed&quot;:&quot;0&quot;,&quot;title&quot;:&quot;&quot;,&quot;orientation&quot;:&quot;0&quot;}\" data-image-title=\"PT-SEC1-768&amp;#215;420\" data-image-description=\"\" data-image-caption=\"\" data-medium-file=\"https:\/\/www.grieta.org.mx\/wp-content\/uploads\/2019\/06\/PT-SEC1-768x420-300x164.jpg\" data-large-file=\"https:\/\/www.grieta.org.mx\/wp-content\/uploads\/2019\/06\/PT-SEC1-768x420.jpg\" src=\"http:\/\/www.grieta.org.mx\/wp-content\/uploads\/2019\/06\/PT-SEC1-768x420.jpg\" alt=\"\" width=\"768\" height=\"420\" class=\"alignleft size-full wp-image-35107\" srcset=\"https:\/\/www.grieta.org.mx\/wp-content\/uploads\/2019\/06\/PT-SEC1-768x420.jpg 768w, https:\/\/www.grieta.org.mx\/wp-content\/uploads\/2019\/06\/PT-SEC1-768x420-300x164.jpg 300w\" sizes=\"auto, (max-width: 768px) 100vw, 768px\" \/><\/p>\n<p>Peto, Yucat\u00e1n; (ACOM).- Despu\u00e9s de varios d\u00edas de tomar la escuela secundaria estatal \u201cPilar Victoria y Victoria\u201d, padres de familia abrieron las rejas de la instituci\u00f3n tras llegar a un arreglo con la Secretar\u00eda de Educaci\u00f3n de Yucat\u00e1n (Segey)  sobre el tema de la directora Janet Sul\u00fa, acusada de malos manejos y hostigamiento a los alumnos.<\/p>\n<p>Mientras que un grupo de padres de familia manten\u00edan guardia en las puertas de la instituci\u00f3n desde el pasado jueves, otro grupo viaj\u00f3 a la ciudad de M\u00e9rida para reunirse con autoridades de educaci\u00f3n, mostrar evidencias y pedir la destituci\u00f3n de la maestra en cuesti\u00f3n.<\/p>\n<p>El comit\u00e9 de padres de familia inform\u00f3 que han tomado acuerdos con la doctora Rosely Francisca Bacelis Be, directora del nivel de secundaria en la Segey, para entregar la escuela y, a partir de ma\u00f1ana, reanudar las clases en los dos turnos de la \u201cPilar Victoria y Victoria\u201d.<\/p>\n<p>Informaron que la directora de educaci\u00f3n secundaria firm\u00f3 un documento de acuerdos, donde se plantea una reuni\u00f3n general con los padres de familia y comunidad escolar de la secundaria estatal No. 14 para ma\u00f1ana martes a las 8:30 de la ma\u00f1ana en el local de la escuela.<\/p>\n<p>Entre los acuerdos pactados est\u00e1 respetar la integridad y fomentar el respeto hacia cada uno de los alumnos, padres de familia y personal docente y administrativo de la secundaria \u201cPilar Victoria y Victoria\u201d, entre otros puntos que ser\u00e1n comunicado en la reuni\u00f3n de ma\u00f1ana.<\/p>\n<p>El pasado jueves por la noche, un grupo de padres de familia coloc\u00f3 candados a la reja de la escuela secundaria estatal No.14 \u201cPilar Victoria y Victoria\u201d para solicitar la destituci\u00f3n de la directora, acusada de malos manejos y hostigamiento a los alumnos del plantel.<\/p>\n<p><a href=\"https:\/\/reporteroshoy.mx\/noticias\/padres-de-familia-liberan-escuela-secundaria-de-peto\/\" rel=\"noopener noreferrer\" target=\"_blank\">https:\/\/reporteroshoy.mx\/noticias\/padres-de-familia-liberan-escuela-secundaria-de-peto\/<\/a><\/p>\n","protected":false},"excerpt":{"rendered":"<p>Peto, Yucat\u00e1n; (ACOM).- Despu\u00e9s de varios d\u00edas de tomar la escuela secundaria estatal \u201cPilar Victoria y Victoria\u201d, padres de familia abrieron las rejas de la instituci\u00f3n tras llegar a un &hellip; <a href=\"https:\/\/www.grieta.org.mx\/index.php\/2019\/06\/17\/tras-varios-dias-padres-de-familia-liberan-secundaria-de-peto-yucatan\/\" class=\"more-link\">Leer m\u00e1s<\/a><\/p>\n","protected":false},"author":2,"featured_media":35107,"comment_status":"closed","ping_status":"closed","sticky":false,"template":"","format":"standard","meta":{"ngg_post_thumbnail":0,"_jetpack_newsletter_access":"","_jetpack_dont_email_post_to_subs":false,"_jetpack_newsletter_tier_id":0,"_jetpack_memberships_contains_paywalled_content":false,"_jetpack_memberships_contains_paid_content":false,"footnotes":""},"categories":[80,2658,2,36],"tags":[1288],"class_list":["post-35106","post","type-post","status-publish","format-standard","has-post-thumbnail","hentry","category-cintillo","category-crisis-de-la-educacion-publica-en-yucatan","category-noticias-nacionales","category-yucatan","tag-educacion-publica","entry"],"jetpack_featured_media_url":"https:\/\/www.grieta.org.mx\/wp-content\/uploads\/2019\/06\/PT-SEC1-768x420.jpg","jetpack_sharing_enabled":true,"jetpack_shortlink":"https:\/\/wp.me\/p7ZJR4-98e","jetpack_likes_enabled":false,"jetpack-related-posts":[{"id":67711,"url":"https:\/\/www.grieta.org.mx\/index.php\/2023\/09\/01\/cierran-primaria-por-falta-de-maestros-yucatan\/","url_meta":{"origin":35106,"position":0},"title":"Cierran primaria por falta de maestros (Yucat\u00e1n)","author":"grieta","date":"1 septiembre, 2023","format":false,"excerpt":"Yucat\u00e1n Ahora Padres de familia de la escuela primaria \u201cErmilo Abreu G\u00f3mez\u201d, de la colonia M\u00e9xico Oriente, cerraron el plantel como protesta por la falta de maestros que les aqueja desde hace a\u00f1os. Seg\u00fan Karina G\u00f3mez, una de las personas que protestaron, la escuela inici\u00f3 el curso con dos maestros\u2026","rel":"","context":"En &quot;CINTILLO&quot;","block_context":{"text":"CINTILLO","link":"https:\/\/www.grieta.org.mx\/index.php\/category\/cintillo\/"},"img":{"alt_text":"","src":"https:\/\/i0.wp.com\/www.grieta.org.mx\/wp-content\/uploads\/2023\/09\/Primaria-e1694448335769.jpg?resize=350%2C200&ssl=1","width":350,"height":200,"srcset":"https:\/\/i0.wp.com\/www.grieta.org.mx\/wp-content\/uploads\/2023\/09\/Primaria-e1694448335769.jpg?resize=350%2C200&ssl=1 1x, https:\/\/i0.wp.com\/www.grieta.org.mx\/wp-content\/uploads\/2023\/09\/Primaria-e1694448335769.jpg?resize=525%2C300&ssl=1 1.5x, https:\/\/i0.wp.com\/www.grieta.org.mx\/wp-content\/uploads\/2023\/09\/Primaria-e1694448335769.jpg?resize=700%2C400&ssl=1 2x"},"classes":[]},{"id":21317,"url":"https:\/\/www.grieta.org.mx\/index.php\/2016\/09\/09\/estudiantes-de-peto-exigen-apoyo-para-la-upn-yucatan\/","url_meta":{"origin":35106,"position":1},"title":"Estudiantes de Peto exigen apoyo para la UPN (Yucat\u00e1n)","author":"grieta","date":"9 septiembre, 2016","format":false,"excerpt":"Alumnos de la Universidad Pedag\u00f3gica Nacional de la unidad 31-A, con subsede en Peto, realizaron la ma\u00f1ana de este viernes 9 de septiembre una protesta frente a palacio de Gobierno, para exigir que el Gobernador Rolando Zapata Bello atendiera las necesidades de la instituci\u00f3n educativa. Los estudiantes se\u00f1alaron que el\u2026","rel":"","context":"En &quot;CINTILLO&quot;","block_context":{"text":"CINTILLO","link":"https:\/\/www.grieta.org.mx\/index.php\/category\/cintillo\/"},"img":{"alt_text":"","src":"https:\/\/i0.wp.com\/www.grieta.org.mx\/wp-content\/uploads\/2018\/03\/14524434_1106112876131411_958039263622046936_o.jpg?resize=350%2C200&ssl=1","width":350,"height":200,"srcset":"https:\/\/i0.wp.com\/www.grieta.org.mx\/wp-content\/uploads\/2018\/03\/14524434_1106112876131411_958039263622046936_o.jpg?resize=350%2C200&ssl=1 1x, https:\/\/i0.wp.com\/www.grieta.org.mx\/wp-content\/uploads\/2018\/03\/14524434_1106112876131411_958039263622046936_o.jpg?resize=525%2C300&ssl=1 1.5x, https:\/\/i0.wp.com\/www.grieta.org.mx\/wp-content\/uploads\/2018\/03\/14524434_1106112876131411_958039263622046936_o.jpg?resize=700%2C400&ssl=1 2x"},"classes":[]},{"id":5134,"url":"https:\/\/www.grieta.org.mx\/index.php\/2015\/08\/17\/padres-de-familia-de-la-escuela-secundaria-tecnica-50-de-juchitan-rechazan-ingreso-de-gendarmeria\/","url_meta":{"origin":35106,"position":2},"title":"Padres de familia de la Escuela Secundaria T\u00e9cnica 50 de Juchit\u00e1n, rechazan ingreso de Gendarmer\u00eda","author":"grieta","date":"17 agosto, 2015","format":false,"excerpt":"Diana Manzo, Oaxaca. JUCHIT\u00c1N, OAX.- La escuela secundaria t\u00e9cnica n\u00famero 50 de Juchit\u00e1n, es la tercera instituci\u00f3n educativa, en donde por asamblea los padres de familia manifestaron su rechazo al ingreso de la Gendarmer\u00eda Nacional como ha ocurrido en instituciones de los valles centrales de Oaxaca, para la realizaci\u00f3n de\u2026","rel":"","context":"En &quot;CINTILLO&quot;","block_context":{"text":"CINTILLO","link":"https:\/\/www.grieta.org.mx\/index.php\/category\/cintillo\/"},"img":{"alt_text":"","src":"https:\/\/i0.wp.com\/www.grieta.org.mx\/wp-content\/uploads\/2018\/03\/14524434_1106112876131411_958039263622046936_o.jpg?resize=350%2C200&ssl=1","width":350,"height":200,"srcset":"https:\/\/i0.wp.com\/www.grieta.org.mx\/wp-content\/uploads\/2018\/03\/14524434_1106112876131411_958039263622046936_o.jpg?resize=350%2C200&ssl=1 1x, https:\/\/i0.wp.com\/www.grieta.org.mx\/wp-content\/uploads\/2018\/03\/14524434_1106112876131411_958039263622046936_o.jpg?resize=525%2C300&ssl=1 1.5x, https:\/\/i0.wp.com\/www.grieta.org.mx\/wp-content\/uploads\/2018\/03\/14524434_1106112876131411_958039263622046936_o.jpg?resize=700%2C400&ssl=1 2x"},"classes":[]},{"id":33910,"url":"https:\/\/www.grieta.org.mx\/index.php\/2019\/05\/25\/maestros-protestan-porque-no-los-incluyen-en-cambios-geograficos-yucatan\/","url_meta":{"origin":35106,"position":3},"title":"Maestros protestan porque no los incluyen en cambios geogr\u00e1ficos (Yucat\u00e1n)","author":"grieta","date":"25 mayo, 2019","format":false,"excerpt":"maes Los profesores quedaron fuera del proceso al entrar en vigor la nueva reforma \u00d3scar Chan\/Novedades Yucat\u00e1n Un grupo de m\u00e1s de 20 maestros evaluados en 2017 se manifest\u00f3 ayer a la entrada del Palacio de Gobierno para solicitar que sean incluidos en los cambios geogr\u00e1ficos que se realizan este\u2026","rel":"","context":"En &quot;CINTILLO&quot;","block_context":{"text":"CINTILLO","link":"https:\/\/www.grieta.org.mx\/index.php\/category\/cintillo\/"},"img":{"alt_text":"","src":"https:\/\/i0.wp.com\/www.grieta.org.mx\/wp-content\/uploads\/2019\/05\/1558803672311.jpg?resize=350%2C200&ssl=1","width":350,"height":200,"srcset":"https:\/\/i0.wp.com\/www.grieta.org.mx\/wp-content\/uploads\/2019\/05\/1558803672311.jpg?resize=350%2C200&ssl=1 1x, https:\/\/i0.wp.com\/www.grieta.org.mx\/wp-content\/uploads\/2019\/05\/1558803672311.jpg?resize=525%2C300&ssl=1 1.5x, https:\/\/i0.wp.com\/www.grieta.org.mx\/wp-content\/uploads\/2019\/05\/1558803672311.jpg?resize=700%2C400&ssl=1 2x"},"classes":[]},{"id":6364,"url":"https:\/\/www.grieta.org.mx\/index.php\/2016\/02\/12\/por-falta-de-maestros-padres-toman-escuela\/","url_meta":{"origin":35106,"position":4},"title":"Por falta de maestros padres toman escuela","author":"grieta","date":"12 febrero, 2016","format":false,"excerpt":"Redacci\u00f3n Diario Avance C\u00c1RDENAS, TAB.- Ante el incumplimiento de la Secretaria de Educaci\u00f3n (SE), por asignarle un maestro a la escuela tele secundaria \u201cLuis Ram\u00f3n Su\u00e1rez\u201d, del ejido Habanero, primera secci\u00f3n padres de familia y alumnos del plantel educativo tomaron las instalaciones educativas por tiempo indefinido en se\u00f1al de protesta.\u2026","rel":"","context":"En &quot;CINTILLO&quot;","block_context":{"text":"CINTILLO","link":"https:\/\/www.grieta.org.mx\/index.php\/category\/cintillo\/"},"img":{"alt_text":"","src":"https:\/\/i0.wp.com\/www.grieta.org.mx\/wp-content\/uploads\/2018\/03\/14524434_1106112876131411_958039263622046936_o.jpg?resize=350%2C200&ssl=1","width":350,"height":200,"srcset":"https:\/\/i0.wp.com\/www.grieta.org.mx\/wp-content\/uploads\/2018\/03\/14524434_1106112876131411_958039263622046936_o.jpg?resize=350%2C200&ssl=1 1x, https:\/\/i0.wp.com\/www.grieta.org.mx\/wp-content\/uploads\/2018\/03\/14524434_1106112876131411_958039263622046936_o.jpg?resize=525%2C300&ssl=1 1.5x, https:\/\/i0.wp.com\/www.grieta.org.mx\/wp-content\/uploads\/2018\/03\/14524434_1106112876131411_958039263622046936_o.jpg?resize=700%2C400&ssl=1 2x"},"classes":[]},{"id":39062,"url":"https:\/\/www.grieta.org.mx\/index.php\/2019\/09\/05\/toman-escuela-de-motul-hasta-que-les-manden-maestro\/","url_meta":{"origin":35106,"position":5},"title":"Toman escuela de Motul hasta que les manden maestro","author":"grieta","date":"5 septiembre, 2019","format":false,"excerpt":"Madres y padres de familia colocaron candados a la primaria \u201cCristobal Col\u00f3n\u201d porque no hay docente para cuarto grado. Por Herbeth Escalante\/ Haz Ruido M\u00e9rida, Yucat\u00e1n- A pesar de que el ciclo escolar inici\u00f3 hace casi dos semanas, hasta el momento las autoridades educativas no han enviado a un maestro\u2026","rel":"","context":"En &quot;CINTILLO&quot;","block_context":{"text":"CINTILLO","link":"https:\/\/www.grieta.org.mx\/index.php\/category\/cintillo\/"},"img":{"alt_text":"","src":"https:\/\/i0.wp.com\/www.grieta.org.mx\/wp-content\/uploads\/2019\/09\/escuela-motul-560x416.jpg?resize=350%2C200&ssl=1","width":350,"height":200,"srcset":"https:\/\/i0.wp.com\/www.grieta.org.mx\/wp-content\/uploads\/2019\/09\/escuela-motul-560x416.jpg?resize=350%2C200&ssl=1 1x, https:\/\/i0.wp.com\/www.grieta.org.mx\/wp-content\/uploads\/2019\/09\/escuela-motul-560x416.jpg?resize=525%2C300&ssl=1 1.5x"},"classes":[]}],"_links":{"self":[{"href":"https:\/\/www.grieta.org.mx\/index.php\/wp-json\/wp\/v2\/posts\/35106","targetHints":{"allow":["GET"]}}],"collection":[{"href":"https:\/\/www.grieta.org.mx\/index.php\/wp-json\/wp\/v2\/posts"}],"about":[{"href":"https:\/\/www.grieta.org.mx\/index.php\/wp-json\/wp\/v2\/types\/post"}],"author":[{"embeddable":true,"href":"https:\/\/www.grieta.org.mx\/index.php\/wp-json\/wp\/v2\/users\/2"}],"replies":[{"embeddable":true,"href":"https:\/\/www.grieta.org.mx\/index.php\/wp-json\/wp\/v2\/comments?post=35106"}],"version-history":[{"count":1,"href":"https:\/\/www.grieta.org.mx\/index.php\/wp-json\/wp\/v2\/posts\/35106\/revisions"}],"predecessor-version":[{"id":35108,"href":"https:\/\/www.grieta.org.mx\/index.php\/wp-json\/wp\/v2\/posts\/35106\/revisions\/35108"}],"wp:featuredmedia":[{"embeddable":true,"href":"https:\/\/www.grieta.org.mx\/index.php\/wp-json\/wp\/v2\/media\/35107"}],"wp:attachment":[{"href":"https:\/\/www.grieta.org.mx\/index.php\/wp-json\/wp\/v2\/media?parent=35106"}],"wp:term":[{"taxonomy":"category","embeddable":true,"href":"https:\/\/www.grieta.org.mx\/index.php\/wp-json\/wp\/v2\/categories?post=35106"},{"taxonomy":"post_tag","embeddable":true,"href":"https:\/\/www.grieta.org.mx\/index.php\/wp-json\/wp\/v2\/tags?post=35106"}],"curies":[{"name":"wp","href":"https:\/\/api.w.org\/{rel}","templated":true}]}}