{"id":35066,"date":"2019-06-18T23:05:41","date_gmt":"2019-06-19T04:05:41","guid":{"rendered":"http:\/\/www.grieta.org.mx\/?p=35066"},"modified":"2019-06-19T23:31:54","modified_gmt":"2019-06-20T04:31:54","slug":"los-narco-paramilitares-y-el-estado-contra-las-defensas-comunitarias-guerrero","status":"publish","type":"post","link":"https:\/\/www.grieta.org.mx\/index.php\/2019\/06\/18\/los-narco-paramilitares-y-el-estado-contra-las-defensas-comunitarias-guerrero\/","title":{"rendered":"Los narco-paramilitares y el estado contra las defensas comunitarias (Guerrero)"},"content":{"rendered":"<p><a href=\"http:\/\/www.grieta.org.mx\/wp-content\/uploads\/2019\/06\/defensas-comunitarias.png\"><img loading=\"lazy\" decoding=\"async\" data-attachment-id=\"35078\" data-permalink=\"https:\/\/www.grieta.org.mx\/index.php\/2019\/06\/18\/los-narco-paramilitares-y-el-estado-contra-las-defensas-comunitarias-guerrero\/defensas-comunitarias\/\" data-orig-file=\"https:\/\/www.grieta.org.mx\/wp-content\/uploads\/2019\/06\/defensas-comunitarias.png\" data-orig-size=\"660,440\" data-comments-opened=\"0\" data-image-meta=\"{&quot;aperture&quot;:&quot;0&quot;,&quot;credit&quot;:&quot;&quot;,&quot;camera&quot;:&quot;&quot;,&quot;caption&quot;:&quot;&quot;,&quot;created_timestamp&quot;:&quot;0&quot;,&quot;copyright&quot;:&quot;&quot;,&quot;focal_length&quot;:&quot;0&quot;,&quot;iso&quot;:&quot;0&quot;,&quot;shutter_speed&quot;:&quot;0&quot;,&quot;title&quot;:&quot;&quot;,&quot;orientation&quot;:&quot;0&quot;}\" data-image-title=\"defensas-comunitarias\" data-image-description=\"\" data-image-caption=\"\" data-medium-file=\"https:\/\/www.grieta.org.mx\/wp-content\/uploads\/2019\/06\/defensas-comunitarias-300x200.png\" data-large-file=\"https:\/\/www.grieta.org.mx\/wp-content\/uploads\/2019\/06\/defensas-comunitarias.png\" class=\"aligncenter wp-image-35078\" src=\"http:\/\/www.grieta.org.mx\/wp-content\/uploads\/2019\/06\/defensas-comunitarias-300x200.png\" alt=\"\" width=\"702\" height=\"468\" srcset=\"https:\/\/www.grieta.org.mx\/wp-content\/uploads\/2019\/06\/defensas-comunitarias-300x200.png 300w, https:\/\/www.grieta.org.mx\/wp-content\/uploads\/2019\/06\/defensas-comunitarias.png 660w\" sizes=\"auto, (max-width: 702px) 100vw, 702px\" \/><\/a><\/p>\n<p>Colectivo del Peri\u00f3dico El Zenzontle \/ La Jornada de Oriente<\/p>\n<p>El d\u00eda 23 de mayo, en Chilapa, Guerrero, fueron \u201clevantados\u201d Bartolo Hilario Morales e Isa\u00edas Xanteco Ahuejote, ambos integrantes de la Polic\u00eda Comunitaria en las comunidades nahuas de Tula y Xicotl\u00e1n, el primero de ellos comandante, promotores del CIPOG\u2013EZ y miembros del Congreso Nacional Ind\u00edgena, quienes fueron encontrados sin vida y descuartizados el d\u00eda de ayer 24 de mayo.<\/p>\n<p>Este crimen se sum\u00f3 al reciente asesinato de los compa\u00f1eros Lucio Bartolo Faustino y Modesto Verales Sebasti\u00e1n, concejal y delegado del CNI-CIG, extendiendo la pol\u00edtica de terror que los grupos narco paramilitares, en acuerdo con el mal gobierno en contra de los miembros del CIPOG-EZ y todos los territorios ind\u00edgenas de M\u00e9xico. El perpetrador reconocido de estos cr\u00edmenes por las comunidades y por algunos retenidos por la polic\u00eda comunitaria (que eran halcones y pistoleros) fue el Grupo Paz y Justicia, ligado al grupo de los Ardillos, quien cuenta con la complicidad del Ej\u00e9rcito Federal y el gobierno estatal.<\/p>\n<p>La acci\u00f3n con esta expresi\u00f3n de terror contra miembros de la Coordinadora Regional de Autoridades Comunitarias-Pueblos Fundadores (CRAC-PF), contra las poblaciones de la regi\u00f3n y contra el CIPOG-EZ se acumulan decenas de casos de personas ejecutadas, desaparecidas y secuestradas, adem\u00e1s de la continua extorsi\u00f3n que grupos como los llamados Ardillos, o los Rojos realizan en esa regi\u00f3n guerrerense de la Monta\u00f1a.<\/p>\n<p>Estos hechos son parte de un extenso plan contra los pueblos originarios, comunidades barrios y organizaciones sociales que han decidido darse la seguridad y la impartici\u00f3n de justicia frente a las amenazas y actos criminales no s\u00f3lo de delincuentes, narcos y funcionarios, sino de la variada forma de aparecer de las empresas con sus megaproyectos mineros, de presas para hidroel\u00e9ctricas, de fraccionamientos tur\u00edsticos, de pistas y aeropuertos, y un largo etc\u00e9tera, que en Guerrero incluye el narco negocio capitalista de la siembra, transformaci\u00f3n y trasiego de mariguana, amapola y otras drogas de amplia demanda, principalmente en los Estados Unidos.<\/p>\n<p>Las poblaciones que no se someten a esos negocios, las personas que quieren vivir en tranquilidad, pero tambi\u00e9n las que han sido forzadas a emplearse o usar sus tierras para algunos de esos negocios ajenos, son acosadas, extorsionadas y si no las someten se les combate con el caudal de armas que los paramilitares y las fuerzas del gobierno han adquirido para proteger a empresas y criminales.<\/p>\n<p>Porque se ha mostrado desde hace 25 a\u00f1os que las comunidades pueden organizarse para darse la defensa inmediata y la justicia interna de sus comunidades, es necesaria y legitima la existencia de las polic\u00edas, guardias y rondas comunitarias creadas por asambleas para servir voluntariamente como una forma m\u00e1s de autogobierno, de soluci\u00f3n propia de sus problemas, como tambi\u00e9n lo hacen en la salud, la educaci\u00f3n, la producci\u00f3n colectiva, la comunicaci\u00f3n e incluso en los cambios profundos que requiere superar las formas patriarcales y violentas de vida.<\/p>\n<p> Ante esos esfuerzos ejemplares, la Crac- PC y la Crac -Fundadores, a pesar de sus diferencias y formas de liderazgo, son fuerzas que el poder quiere eliminar. Lo ha intentado por medios violentos, pero tambi\u00e9n busca negarles la legalidad desde la cual se constituyen como parte de los derechos a la autonom\u00eda de los pueblos originarios, en el caso de Guerrero y con la complicidad de los partidos, anulando la Ley 701. A la vez, as\u00ed como los paramilitares han antecedido los negocios capitalistas que saquean los territorios, ahora se anuncia la instalaci\u00f3n de unidades y coordinaciones de la Guardia Nacional para dar el paso a la militarizaci\u00f3n que los pueblos guerrerenses han repudiado y combatido ante las masacres, violaciones, desapariciones que han sufrido en su historia.<\/p>\n<p>Los grupos comunitarios que realizan su autodefensa al servicio de sus pueblos y no de l\u00edderes o  empresarios necesitan de la solidaridad en la acci\u00f3n para erradicar el paramilitarismo y sus mandos narco-militares, empresariales y gubernamentales.<\/p>\n<p>No es un choque armado y desventajoso, es la organizaci\u00f3n de una conciencia  para la defensa integral y com\u00fan de los territorios y la vida.<\/p>\n<p><a href=\"http:\/\/www.lajornadadeoriente.com.mx\/puebla\/los-narco-paramilitares-y-el-estado-contra-las-defensas-comunitarias\/\">http:\/\/www.lajornadadeoriente.com.mx\/puebla\/los-narco-paramilitares-y-el-estado-contra-las-defensas-comunitarias\/<\/a><\/p>\n","protected":false},"excerpt":{"rendered":"<p>Colectivo del Peri\u00f3dico El Zenzontle \/ La Jornada de Oriente El d\u00eda 23 de mayo, en Chilapa, Guerrero, fueron \u201clevantados\u201d Bartolo Hilario Morales e Isa\u00edas Xanteco Ahuejote, ambos integrantes de &hellip; <a href=\"https:\/\/www.grieta.org.mx\/index.php\/2019\/06\/18\/los-narco-paramilitares-y-el-estado-contra-las-defensas-comunitarias-guerrero\/\" class=\"more-link\">Leer m\u00e1s<\/a><\/p>\n","protected":false},"author":1,"featured_media":35078,"comment_status":"closed","ping_status":"closed","sticky":false,"template":"","format":"standard","meta":{"ngg_post_thumbnail":0,"_jetpack_newsletter_access":"","_jetpack_dont_email_post_to_subs":false,"_jetpack_newsletter_tier_id":0,"_jetpack_memberships_contains_paywalled_content":false,"_jetpack_memberships_contains_paid_content":false,"footnotes":""},"categories":[80,2532,18,2,1577],"tags":[564,95,222,1596],"class_list":["post-35066","post","type-post","status-publish","format-standard","has-post-thumbnail","hentry","category-cintillo","category-defensa-de-la-autonomia-en-guerrero","category-guerrero","category-noticias-nacionales","category-policia-comunitaria-en-guerrero","tag-cipog-ez","tag-cni","tag-policia-comunitaria","tag-pueblos-originarios","entry"],"jetpack_featured_media_url":"https:\/\/www.grieta.org.mx\/wp-content\/uploads\/2019\/06\/defensas-comunitarias.png","jetpack_sharing_enabled":true,"jetpack_shortlink":"https:\/\/wp.me\/p7ZJR4-97A","jetpack_likes_enabled":false,"jetpack-related-posts":[{"id":33887,"url":"https:\/\/www.grieta.org.mx\/index.php\/2019\/05\/26\/alto-a-la-guerra-narcoparamilitar-contra-el-cipog-ez-comunicado-urgente-del-cni-cig-y-el-ezln\/","url_meta":{"origin":35066,"position":0},"title":"ALTO A LA GUERRA NARCOPARAMILITAR CONTRA EL CIPOG-EZ Comunicado urgente del CNI-CIG y el EZLN","author":"grieta","date":"26 mayo, 2019","format":false,"excerpt":"ALTO A LA GUERRA NARCOPARAMILITAR CONTRA EL CIPOG-EZ Comunicado urgente del CNI-CIG y el EZLN Hoy, con indignaci\u00f3n y dolor denunciamos un nuevo y artero crimen contra nuestros compa\u00f1eros del Consejo Ind\u00edgena y Popular de Guerrero \u2013 Emiliano Zapata (CIPOG-EZ). Alrededor de las 13:30 horas del d\u00eda 23 de mayo,\u2026","rel":"","context":"En &quot;CIG&quot;","block_context":{"text":"CIG","link":"https:\/\/www.grieta.org.mx\/index.php\/category\/cig\/"},"img":{"alt_text":"","src":"https:\/\/i0.wp.com\/www.grieta.org.mx\/wp-content\/uploads\/2019\/05\/20190525_222118_0000.png?resize=350%2C200&ssl=1","width":350,"height":200,"srcset":"https:\/\/i0.wp.com\/www.grieta.org.mx\/wp-content\/uploads\/2019\/05\/20190525_222118_0000.png?resize=350%2C200&ssl=1 1x, https:\/\/i0.wp.com\/www.grieta.org.mx\/wp-content\/uploads\/2019\/05\/20190525_222118_0000.png?resize=525%2C300&ssl=1 1.5x, https:\/\/i0.wp.com\/www.grieta.org.mx\/wp-content\/uploads\/2019\/05\/20190525_222118_0000.png?resize=700%2C400&ssl=1 2x"},"classes":[]},{"id":33050,"url":"https:\/\/www.grieta.org.mx\/index.php\/2019\/05\/05\/asesinan-al-concejal-del-cig-cni-jose-lucio-bartolo-faustino-y-a-modesto-verales-delegado-del-cni-guerrero\/","url_meta":{"origin":35066,"position":1},"title":"Asesinan al Concejal del CIG-CNI Jos\u00e9 Lucio Bartolo Faustino y a Modesto Verales, delegado del CNI (Guerrero)","author":"grieta","date":"5 mayo, 2019","format":false,"excerpt":"Redacci\u00f3n \/ Somoselmedio La ma\u00f1ana de este 5 de mayo fueron localizados los cuerpos del Concejal Nahua Jos\u00e9 Lucio Bartolo Faustino y el delegado del Concejo Nacional Ind\u00edgena (CNI), Modesto Verales Sebasti\u00e1n, ambos promotores del Concejo Ind\u00edgena y Popular de Guerrero Emiliano Zapata (CIPOG-EZ). Jos\u00e9 Lucio y Modesto Verales hab\u00edan\u2026","rel":"","context":"En &quot;CINTILLO&quot;","block_context":{"text":"CINTILLO","link":"https:\/\/www.grieta.org.mx\/index.php\/category\/cintillo\/"},"img":{"alt_text":"","src":"https:\/\/i0.wp.com\/www.grieta.org.mx\/wp-content\/uploads\/2019\/05\/direct-3.jpg?resize=350%2C200&ssl=1","width":350,"height":200,"srcset":"https:\/\/i0.wp.com\/www.grieta.org.mx\/wp-content\/uploads\/2019\/05\/direct-3.jpg?resize=350%2C200&ssl=1 1x, https:\/\/i0.wp.com\/www.grieta.org.mx\/wp-content\/uploads\/2019\/05\/direct-3.jpg?resize=525%2C300&ssl=1 1.5x, https:\/\/i0.wp.com\/www.grieta.org.mx\/wp-content\/uploads\/2019\/05\/direct-3.jpg?resize=700%2C400&ssl=1 2x"},"classes":[]},{"id":33010,"url":"https:\/\/www.grieta.org.mx\/index.php\/2019\/05\/05\/comunicado-del-cni-cig-y-el-ezln-ante-el-cobarde-secuestro-y-asesinato-de-los-companeros-del-concejo-indigena-y-popular-de-guerrero-emiliano-zapata\/","url_meta":{"origin":35066,"position":2},"title":"COMUNICADO DEL CNI-CIG Y EL EZLN ANTE EL COBARDE SECUESTRO Y ASESINATO DE LOS COMPA\u00d1EROS DEL CONCEJO IND\u00cdGENA Y POPULAR DE GUERRERO \u2013 EMILIANO ZAPATA.","author":"grieta","date":"5 mayo, 2019","format":false,"excerpt":"COMUNICADO DEL CNI-CIG Y EL EZLN ANTE EL COBARDE SECUESTRO Y ASESINATO DE LOS COMPA\u00d1EROS DEL CONCEJO IND\u00cdGENA Y POPULAR DE GUERRERO \u2013 EMILIANO ZAPATA. El Congreso Nacional Ind\u00edgena, el Concejo Ind\u00edgena de Gobierno y el Ej\u00e9rcito Zapatista de Liberaci\u00f3n Nacional, con dolor e indignaci\u00f3n, condenamos el secuestro y asesinato\u2026","rel":"","context":"En &quot;CIG&quot;","block_context":{"text":"CIG","link":"https:\/\/www.grieta.org.mx\/index.php\/category\/cig\/"},"img":{"alt_text":"","src":"https:\/\/i0.wp.com\/www.grieta.org.mx\/wp-content\/uploads\/2019\/05\/logo-CNI-To.png?resize=350%2C200&ssl=1","width":350,"height":200,"srcset":"https:\/\/i0.wp.com\/www.grieta.org.mx\/wp-content\/uploads\/2019\/05\/logo-CNI-To.png?resize=350%2C200&ssl=1 1x, https:\/\/i0.wp.com\/www.grieta.org.mx\/wp-content\/uploads\/2019\/05\/logo-CNI-To.png?resize=525%2C300&ssl=1 1.5x"},"classes":[]},{"id":71145,"url":"https:\/\/www.grieta.org.mx\/index.php\/2025\/01\/17\/cipog-ez-exige-justicia-a-cinco-anos-de-masacre-de-musicos-en-chilapa-de-alvarez-guerrero\/","url_meta":{"origin":35066,"position":3},"title":"CIPOG-EZ exige justicia a cinco a\u00f1os de masacre de m\u00fasicos en Chilapa de \u00c1lvarez (Guerrero)","author":"Admin","date":"17 enero, 2025","format":false,"excerpt":"Sergio Ocampo Arista, La Jornada Chilpancingo, Gro. Al cumplirse cinco a\u00f1os de la masacre de 10 m\u00fasicos ocurrida en la comunidad nahua de Mexcalcingo, municipio de Chilapa de \u00c1lvarez, en la Monta\u00f1a Alta de Guerrero, el Concejo Ind\u00edgena y Popular de Guerrero\u2013Emiliano Zapata (CIPOG-EZ), demand\u00f3 justicia al gobierno. En comunicado\u2026","rel":"","context":"En &quot;CINTILLO&quot;","block_context":{"text":"CINTILLO","link":"https:\/\/www.grieta.org.mx\/index.php\/category\/cintillo\/"},"img":{"alt_text":"","src":"https:\/\/i0.wp.com\/www.grieta.org.mx\/wp-content\/uploads\/2025\/02\/Captura-de-pantalla-2025-02-25-a-las-2.12.13%E2%80%AFp.m.png?resize=350%2C200&ssl=1","width":350,"height":200,"srcset":"https:\/\/i0.wp.com\/www.grieta.org.mx\/wp-content\/uploads\/2025\/02\/Captura-de-pantalla-2025-02-25-a-las-2.12.13%E2%80%AFp.m.png?resize=350%2C200&ssl=1 1x, https:\/\/i0.wp.com\/www.grieta.org.mx\/wp-content\/uploads\/2025\/02\/Captura-de-pantalla-2025-02-25-a-las-2.12.13%E2%80%AFp.m.png?resize=525%2C300&ssl=1 1.5x, https:\/\/i0.wp.com\/www.grieta.org.mx\/wp-content\/uploads\/2025\/02\/Captura-de-pantalla-2025-02-25-a-las-2.12.13%E2%80%AFp.m.png?resize=700%2C400&ssl=1 2x, https:\/\/i0.wp.com\/www.grieta.org.mx\/wp-content\/uploads\/2025\/02\/Captura-de-pantalla-2025-02-25-a-las-2.12.13%E2%80%AFp.m.png?resize=1050%2C600&ssl=1 3x"},"classes":[]},{"id":36241,"url":"https:\/\/www.grieta.org.mx\/index.php\/2019\/07\/13\/la-violencia-del-crimen-organizado-en-contra-de-delegados-del-cni-en-guerrero-se-recrudece-levantan-y-asesinan-a-cuatro-miembros-mas-del-cipog-ez\/","url_meta":{"origin":35066,"position":4},"title":"La violencia del crimen organizado en contra de delegados del CNI en Guerrero se recrudece: levantan y asesinan a cuatro miembros m\u00e1s del CIPOG-EZ","author":"grieta","date":"13 julio, 2019","format":false,"excerpt":"COLECTIVO GRIETA Ciudad de M\u00e9xico, 12 de julio.- La guerra de exterminio de los grupos narcoparamilitares en contra de las comunidades nahuas de la regi\u00f3n de La Monta\u00f1a baja de Guerrero se ha recrudecido en los \u00faltimos d\u00edas. Tan solo entre el 8 y el 10 de julio de este\u2026","rel":"","context":"En &quot;CINTILLO&quot;","block_context":{"text":"CINTILLO","link":"https:\/\/www.grieta.org.mx\/index.php\/category\/cintillo\/"},"img":{"alt_text":"","src":"https:\/\/i0.wp.com\/www.grieta.org.mx\/wp-content\/uploads\/2019\/07\/foto-2-1.jpg?resize=350%2C200&ssl=1","width":350,"height":200,"srcset":"https:\/\/i0.wp.com\/www.grieta.org.mx\/wp-content\/uploads\/2019\/07\/foto-2-1.jpg?resize=350%2C200&ssl=1 1x, https:\/\/i0.wp.com\/www.grieta.org.mx\/wp-content\/uploads\/2019\/07\/foto-2-1.jpg?resize=525%2C300&ssl=1 1.5x"},"classes":[]},{"id":33007,"url":"https:\/\/www.grieta.org.mx\/index.php\/2019\/05\/04\/informamos-de-la-desaparicion-forzada-del-concejal-del-cig-cni-jose-lucio-bartolo-faustino-y-del-delegado-del-cni-modesto-verales-sebastian-en-el-estado-de-guerrero\/","url_meta":{"origin":35066,"position":5},"title":"Informamos de la desaparici\u00f3n forzada del Concejal del CIG-CNI Jos\u00e9 Lucio Bartolo Faustino, y del delegado del CNI Modesto Verales Sebasti\u00e1n en el estado de Guerrero.","author":"grieta","date":"4 mayo, 2019","format":false,"excerpt":"4 de Mayo 2019. El Concejal Nahua Jos\u00e9 lucio Bartolo Faustino y el delegado Modesto Verales Sebasti\u00e1n sostuvieron una reuni\u00f3n con otros miembros de su organizaci\u00f3n el CIPOG-EZ, integrante del CNI-Guerrero a las 4 pm en la ciudad de Chilpancingo. De regreso a su comunidad fueron emboscados y se encuentran\u2026","rel":"","context":"En &quot;CINTILLO&quot;","block_context":{"text":"CINTILLO","link":"https:\/\/www.grieta.org.mx\/index.php\/category\/cintillo\/"},"img":{"alt_text":"","src":"https:\/\/i0.wp.com\/www.grieta.org.mx\/wp-content\/uploads\/2019\/05\/logo-CNI-To.png?resize=350%2C200&ssl=1","width":350,"height":200,"srcset":"https:\/\/i0.wp.com\/www.grieta.org.mx\/wp-content\/uploads\/2019\/05\/logo-CNI-To.png?resize=350%2C200&ssl=1 1x, https:\/\/i0.wp.com\/www.grieta.org.mx\/wp-content\/uploads\/2019\/05\/logo-CNI-To.png?resize=525%2C300&ssl=1 1.5x"},"classes":[]}],"_links":{"self":[{"href":"https:\/\/www.grieta.org.mx\/index.php\/wp-json\/wp\/v2\/posts\/35066","targetHints":{"allow":["GET"]}}],"collection":[{"href":"https:\/\/www.grieta.org.mx\/index.php\/wp-json\/wp\/v2\/posts"}],"about":[{"href":"https:\/\/www.grieta.org.mx\/index.php\/wp-json\/wp\/v2\/types\/post"}],"author":[{"embeddable":true,"href":"https:\/\/www.grieta.org.mx\/index.php\/wp-json\/wp\/v2\/users\/1"}],"replies":[{"embeddable":true,"href":"https:\/\/www.grieta.org.mx\/index.php\/wp-json\/wp\/v2\/comments?post=35066"}],"version-history":[{"count":1,"href":"https:\/\/www.grieta.org.mx\/index.php\/wp-json\/wp\/v2\/posts\/35066\/revisions"}],"predecessor-version":[{"id":35081,"href":"https:\/\/www.grieta.org.mx\/index.php\/wp-json\/wp\/v2\/posts\/35066\/revisions\/35081"}],"wp:featuredmedia":[{"embeddable":true,"href":"https:\/\/www.grieta.org.mx\/index.php\/wp-json\/wp\/v2\/media\/35078"}],"wp:attachment":[{"href":"https:\/\/www.grieta.org.mx\/index.php\/wp-json\/wp\/v2\/media?parent=35066"}],"wp:term":[{"taxonomy":"category","embeddable":true,"href":"https:\/\/www.grieta.org.mx\/index.php\/wp-json\/wp\/v2\/categories?post=35066"},{"taxonomy":"post_tag","embeddable":true,"href":"https:\/\/www.grieta.org.mx\/index.php\/wp-json\/wp\/v2\/tags?post=35066"}],"curies":[{"name":"wp","href":"https:\/\/api.w.org\/{rel}","templated":true}]}}