{"id":35060,"date":"2018-10-29T22:59:10","date_gmt":"2018-10-30T04:59:10","guid":{"rendered":"http:\/\/www.grieta.org.mx\/?p=35060"},"modified":"2019-06-19T23:10:39","modified_gmt":"2019-06-20T04:10:39","slug":"amenazas-desplazamiento-y-sangre-el-costo-de-la-lucha-por-el-territorio-en-chihuahua","status":"publish","type":"post","link":"https:\/\/www.grieta.org.mx\/index.php\/2018\/10\/29\/amenazas-desplazamiento-y-sangre-el-costo-de-la-lucha-por-el-territorio-en-chihuahua\/","title":{"rendered":"Amenazas, desplazamiento y sangre: el costo de la lucha por el territorio en Chihuahua"},"content":{"rendered":"<p><img loading=\"lazy\" decoding=\"async\" data-attachment-id=\"35061\" data-permalink=\"https:\/\/www.grieta.org.mx\/index.php\/2018\/10\/29\/amenazas-desplazamiento-y-sangre-el-costo-de-la-lucha-por-el-territorio-en-chihuahua\/imagen-de-raramuris-raichali\/\" data-orig-file=\"https:\/\/www.grieta.org.mx\/wp-content\/uploads\/2019\/06\/Imagen-de-raramuris-Ra\u00edchali.jpg\" data-orig-size=\"800,445\" data-comments-opened=\"0\" data-image-meta=\"{&quot;aperture&quot;:&quot;0&quot;,&quot;credit&quot;:&quot;&quot;,&quot;camera&quot;:&quot;&quot;,&quot;caption&quot;:&quot;&quot;,&quot;created_timestamp&quot;:&quot;0&quot;,&quot;copyright&quot;:&quot;&quot;,&quot;focal_length&quot;:&quot;0&quot;,&quot;iso&quot;:&quot;0&quot;,&quot;shutter_speed&quot;:&quot;0&quot;,&quot;title&quot;:&quot;&quot;,&quot;orientation&quot;:&quot;1&quot;}\" data-image-title=\"Imagen-de-raramuris-Ra\u00edchali\" data-image-description=\"\" data-image-caption=\"\" data-medium-file=\"https:\/\/www.grieta.org.mx\/wp-content\/uploads\/2019\/06\/Imagen-de-raramuris-Ra\u00edchali-300x167.jpg\" data-large-file=\"https:\/\/www.grieta.org.mx\/wp-content\/uploads\/2019\/06\/Imagen-de-raramuris-Ra\u00edchali.jpg\" class=\"alignleft size-medium wp-image-35061\" src=\"http:\/\/www.grieta.org.mx\/wp-content\/uploads\/2019\/06\/Imagen-de-raramuris-Ra\u00edchali-300x167.jpg\" alt=\"\" width=\"300\" height=\"167\" srcset=\"https:\/\/www.grieta.org.mx\/wp-content\/uploads\/2019\/06\/Imagen-de-raramuris-Ra\u00edchali-300x167.jpg 300w, https:\/\/www.grieta.org.mx\/wp-content\/uploads\/2019\/06\/Imagen-de-raramuris-Ra\u00edchali-768x427.jpg 768w, https:\/\/www.grieta.org.mx\/wp-content\/uploads\/2019\/06\/Imagen-de-raramuris-Ra\u00edchali.jpg 800w\" sizes=\"auto, (max-width: 300px) 100vw, 300px\" \/><\/p>\n<p>Texto: Ra\u00edchiali.com\/ LA VERDAD<\/p>\n<p>Chihuahua.- El peor enemigo de un cacique -explica la activista Isela Gonz\u00e1lez- es un pueblo ind\u00edgena dispuesto a luchar por el reconocimiento de su territorio ancestral. Amenazas, desplazamiento y la vida: el costo que deben pagar las comunidades.<br \/>\nEse precio lo conocen muy bien los habitantes de Coloradas de la Virgen y Chor\u00e9achi, quienes en 20 a\u00f1os de batalla legal contra el despojo se han enfrentado a un sin n\u00famero de agresiones a ni\u00f1as, ni\u00f1os y adolescentes, violencia sexual contra sus mujeres, cientos de familias desplazadas y, de 2010 a la fecha, el asesinato de nueve personas.<br \/>\nQuedarse callados tampoco es una opci\u00f3n. Ante sus ojos han arrasado con sus bosques, r\u00edos y aguajes; la inseguridad les impide transitar libremente e incluso se les ha limitado el cultivo de sus tierras.<br \/>\nAmbos asentamientos fueron noticia la semana pasada. Chor\u00e9achi se convirti\u00f3 en la primera comunidad rar\u00e1muri de Chihuahua a la cual se le reconoce el derecho a su territorio. Coloradas de la Virgen se visti\u00f3 de luto por el asesinato de su l\u00edder Juli\u00e1n Carrillo.<\/p>\n<p><img loading=\"lazy\" decoding=\"async\" data-attachment-id=\"35063\" data-permalink=\"https:\/\/www.grieta.org.mx\/index.php\/2018\/10\/29\/amenazas-desplazamiento-y-sangre-el-costo-de-la-lucha-por-el-territorio-en-chihuahua\/foto-mujer-indigena-raichiali-300x202\/\" data-orig-file=\"https:\/\/www.grieta.org.mx\/wp-content\/uploads\/2019\/06\/Foto-mujer-indigena-Raichiali-300x202.jpg\" data-orig-size=\"300,202\" data-comments-opened=\"0\" data-image-meta=\"{&quot;aperture&quot;:&quot;0&quot;,&quot;credit&quot;:&quot;&quot;,&quot;camera&quot;:&quot;&quot;,&quot;caption&quot;:&quot;&quot;,&quot;created_timestamp&quot;:&quot;0&quot;,&quot;copyright&quot;:&quot;&quot;,&quot;focal_length&quot;:&quot;0&quot;,&quot;iso&quot;:&quot;0&quot;,&quot;shutter_speed&quot;:&quot;0&quot;,&quot;title&quot;:&quot;&quot;,&quot;orientation&quot;:&quot;1&quot;}\" data-image-title=\"Foto-mujer-indigena-Raichiali-300&amp;#215;202\" data-image-description=\"\" data-image-caption=\"\" data-medium-file=\"https:\/\/www.grieta.org.mx\/wp-content\/uploads\/2019\/06\/Foto-mujer-indigena-Raichiali-300x202-300x202.jpg\" data-large-file=\"https:\/\/www.grieta.org.mx\/wp-content\/uploads\/2019\/06\/Foto-mujer-indigena-Raichiali-300x202.jpg\" class=\"alignleft size-medium wp-image-35063\" src=\"http:\/\/www.grieta.org.mx\/wp-content\/uploads\/2019\/06\/Foto-mujer-indigena-Raichiali-300x202-300x202.jpg\" alt=\"\" width=\"300\" height=\"202\" \/><\/p>\n<p>Victoria Agridulce<\/p>\n<p>El semblante serio de Cayetano Bustillos Ramos no oculta su felicidad. Est\u00e1 rodeado por sus compa\u00f1eros de batalla para anunciar que el Tribunal Superior Agrario reconoci\u00f3 a Chor\u00e9achi el derecho a su territorio y a sus bienes naturales al demostrar ser preexistente al Ejido Pino Gordo.<br \/>\nEn t\u00e9rminos jur\u00eddico, se trata de una resoluci\u00f3n sin precedentes y paradigm\u00e1tica por permitirles ejercer su autonom\u00eda al demostrar la posesi\u00f3n inmemorial. En cifras, hablamos de un terreno de 32,832 hect\u00e1reas de superficie, 56 ranchos mapeados en el que viven 850 personas, es decir, 130 familias de tres a cinco integrantes.<br \/>\nPara sus habitantes ese documento representa el reconocimiento de su lugar, de su esencia como rar\u00e1muri y la alegr\u00eda de que ahora, con la victoria, su tierra les va a agradecer con m\u00e1s ma\u00edz y frijol pues, \u201cde ahora en adelante, todo lo que vamos a cosechar ser\u00e1 en abundancia porque ya tenemos este hecho por el que hemos luchado\u201d.<br \/>\n\u201cPara nuestros antepasados y nosotros, cuidar y preservar nuestro territorio es una parte importante de nuestra vida diaria y es para m\u00ed un gusto y una alegr\u00eda decir que ya, que ya nos dicen que es un hecho, que es nuestro territorio, son nuestros bosques, nuestros r\u00edos y nuestros aguajes (\u2026) Estamos muy contentos, las palabras se me quiebran, pero es reconocer estos a\u00f1os de lucha y en nombre de mi comunidad much\u00edsimo agradezco\u201d, cuenta Cayetano al recordad a los compa\u00f1eros que han dejado en el camino.<br \/>\nComo representante com\u00fan en el litigio, agrega que este triunfo \u201cno nada m\u00e1s es de nosotros y por nosotros, tambi\u00e9n es parte de ustedes y que ustedes conozcan esta parte es muy esencial porque nos est\u00e1n reconociendo y respetando, es una base fundamental como rar\u00e1muris\u201d, por lo que pidi\u00f3 el apoyo de las autoridades estatales y federales para cuidar su comunidad.<br \/>\nLa activista Isela Gonz\u00e1lez detalla que la resoluci\u00f3n abre la pauta para que puedan ejercer en plenitud sus derechos colectivos, proh\u00edbe la explotaci\u00f3n del bosque y, al otorgarles una personalidad y legitimaci\u00f3n como comunidad, sus habitantes podr\u00e1n acordar con el gobierno la entrega de apoyos y servicios que requieren.<br \/>\nLa tambi\u00e9n directora de Alianza Sierra Madre, organizaci\u00f3n que durante 20 a\u00f1os ha acompa\u00f1ado a las comunidades rar\u00e1muri de Guadalupe y Calvo, celebra que el Tribunal marca un precedente con el caso de Chor\u00e9achi para los dem\u00e1s pueblos ind\u00edgenas que luchan por el reconocimiento de su territorio.<br \/>\nPero la batalla no termina aqu\u00ed. Sus a\u00f1os de lucha contra el despojo y las constantes amenazas que han recibido de los particulares que buscan aprovechar su tierra, llev\u00f3 a los habitantes de Chor\u00e9achi a buscar la protecci\u00f3n de la Corte Interamericana de Derechos Humanos, la cual les otorg\u00f3 medidas provisionales por las agresiones, el hostigamiento y los asesinatos de sus defensores comunitarios, entre ellos, Juan Ontiveros Ramos.<br \/>\nEl llamado de Isela a la Fiscal\u00eda General del Estado y la Unidad de Derechos Humanos de la Secretar\u00eda de Gobernaci\u00f3n es claro: extremar las protecciones f\u00edsicas para la comunidad rar\u00e1muri ante cualquier reacci\u00f3n que pueda detonar la resoluci\u00f3n.<br \/>\n\u201cHa habido reacciones de amenazas y asesinatos de compa\u00f1eros cuando se siente limitados en el ejercicio de su cacicazgo. No hay peor enemigo para un cacique, que una comunidad ind\u00edgena que con su inteligencia y el acompa\u00f1amiento de una organizaci\u00f3n les gane jur\u00eddicamente.<br \/>\n\u201cEl costo es el riesgo y el desgaste de una comunidad. Le cuesta la vida de sus compa\u00f1eros, la inseguridad y la descomposici\u00f3n de su comunidad; tiene costos econ\u00f3micos porque no p ueden ejercer libremente sus actividades agr\u00edcolas porque su territorio est\u00e1 tomado de facto por quienes se sienten due\u00f1os de \u00e9l\u201d, explica.<br \/>\nRecuerda que, en los \u00faltimos cuatro a\u00f1os, por lo menos 40 familias se han visto obligadas a salir de su comunidad.<br \/>\nLa ruta del desplazamiento inicia con las redes familiares en ejidos cercanos, pero si no hay condiciones de seguridad se trasladan a municipios como Guachochi, Parral y Chihuahua, en donde comienza otro tipo de acompa\u00f1amiento por el estado de indefensi\u00f3n en el que llegan.<br \/>\nLa defensora lamenta que el \u00fanico camino que les permitir\u00eda a esas familias regresar a sus lugares de origen es que termine la impunidad, que se castigue a los responsables de la violencia que viven y que se imponga un estado de derecho, una soluci\u00f3n que ve lejana para la Sierra Tarahumara.<\/p>\n<p>Leer M\u00e1s: Ante tribunales, m\u00e1s de 30 mil padres ausentes por incumplir con pensi\u00f3n alimenticia<br \/>\nJuli\u00e1n Carrillo, \u00edcono de la lucha por el territorio<\/p>\n<p><img loading=\"lazy\" decoding=\"async\" data-attachment-id=\"35064\" data-permalink=\"https:\/\/www.grieta.org.mx\/index.php\/2018\/10\/29\/amenazas-desplazamiento-y-sangre-el-costo-de-la-lucha-por-el-territorio-en-chihuahua\/julian-raichiali-300x225-1\/\" data-orig-file=\"https:\/\/www.grieta.org.mx\/wp-content\/uploads\/2019\/06\/Julian-Raichiali-300x225-1.jpg\" data-orig-size=\"300,225\" data-comments-opened=\"0\" data-image-meta=\"{&quot;aperture&quot;:&quot;0&quot;,&quot;credit&quot;:&quot;&quot;,&quot;camera&quot;:&quot;&quot;,&quot;caption&quot;:&quot;&quot;,&quot;created_timestamp&quot;:&quot;0&quot;,&quot;copyright&quot;:&quot;&quot;,&quot;focal_length&quot;:&quot;0&quot;,&quot;iso&quot;:&quot;0&quot;,&quot;shutter_speed&quot;:&quot;0&quot;,&quot;title&quot;:&quot;&quot;,&quot;orientation&quot;:&quot;0&quot;}\" data-image-title=\"Julian-Raichiali-300&amp;#215;225 (1)\" data-image-description=\"\" data-image-caption=\"\" data-medium-file=\"https:\/\/www.grieta.org.mx\/wp-content\/uploads\/2019\/06\/Julian-Raichiali-300x225-1-300x225.jpg\" data-large-file=\"https:\/\/www.grieta.org.mx\/wp-content\/uploads\/2019\/06\/Julian-Raichiali-300x225-1.jpg\" class=\"alignleft size-medium wp-image-35064\" src=\"http:\/\/www.grieta.org.mx\/wp-content\/uploads\/2019\/06\/Julian-Raichiali-300x225-1-300x225.jpg\" alt=\"\" width=\"300\" height=\"225\" \/><\/p>\n<p>COMMENTS<br \/>\nTexto: Ra\u00edchiali.com<\/p>\n<p>Chihuahua.- El peor enemigo de un cacique -explica la activista Isela Gonz\u00e1lez- es un pueblo ind\u00edgena dispuesto a luchar por el reconocimiento de su territorio ancestral. Amenazas, desplazamiento y la vida: el costo que deben pagar las comunidades.<br \/>\nEse precio lo conocen muy bien los habitantes de Coloradas de la Virgen y Chor\u00e9achi, quienes en 20 a\u00f1os de batalla legal contra el despojo se han enfrentado a un sin n\u00famero de agresiones a ni\u00f1as, ni\u00f1os y adolescentes, violencia sexual contra sus mujeres, cientos de familias desplazadas y, de 2010 a la fecha, el asesinato de nueve personas.<br \/>\nQuedarse callados tampoco es una opci\u00f3n. Ante sus ojos han arrasado con sus bosques, r\u00edos y aguajes; la inseguridad les impide transitar libremente e incluso se les ha limitado el cultivo de sus tierras.<br \/>\nAmbos asentamientos fueron noticia la semana pasada. Chor\u00e9achi se convirti\u00f3 en la primera comunidad rar\u00e1muri de Chihuahua a la cual se le reconoce el derecho a su territorio. Coloradas de la Virgen se visti\u00f3 de luto por el asesinato de su l\u00edder Juli\u00e1n Carrillo.<\/p>\n<p>Victoria Agridulce<\/p>\n<p>El semblante serio de Cayetano Bustillos Ramos no oculta su felicidad. Est\u00e1 rodeado por sus compa\u00f1eros de batalla para anunciar que el Tribunal Superior Agrario reconoci\u00f3 a Chor\u00e9achi el derecho a su territorio y a sus bienes naturales al demostrar ser preexistente al Ejido Pino Gordo.<br \/>\nEn t\u00e9rminos jur\u00eddico, se trata de una resoluci\u00f3n sin precedentes y paradigm\u00e1tica por permitirles ejercer su autonom\u00eda al demostrar la posesi\u00f3n inmemorial. En cifras, hablamos de un terreno de 32,832 hect\u00e1reas de superficie, 56 ranchos mapeados en el que viven 850 personas, es decir, 130 familias de tres a cinco integrantes.<br \/>\nPara sus habitantes ese documento representa el reconocimiento de su lugar, de su esencia como rar\u00e1muri y la alegr\u00eda de que ahora, con la victoria, su tierra les va a agradecer con m\u00e1s ma\u00edz y frijol pues, \u201cde ahora en adelante, todo lo que vamos a cosechar ser\u00e1 en abundancia porque ya tenemos este hecho por el que hemos luchado\u201d.<br \/>\n\u201cPara nuestros antepasados y nosotros, cuidar y preservar nuestro territorio es una parte importante de nuestra vida diaria y es para m\u00ed un gusto y una alegr\u00eda decir que ya, que ya nos dicen que es un hecho, que es nuestro territorio, son nuestros bosques, nuestros r\u00edos y nuestros aguajes (\u2026) Estamos muy contentos, las palabras se me quiebran, pero es reconocer estos a\u00f1os de lucha y en nombre de mi comunidad much\u00edsimo agradezco\u201d, cuenta Cayetano al recordad a los compa\u00f1eros que han dejado en el camino.<br \/>\nComo representante com\u00fan en el litigio, agrega que este triunfo \u201cno nada m\u00e1s es de nosotros y por nosotros, tambi\u00e9n es parte de ustedes y que ustedes conozcan esta parte es muy esencial porque nos est\u00e1n reconociendo y respetando, es una base fundamental como rar\u00e1muris\u201d, por lo que pidi\u00f3 el apoyo de las autoridades estatales y federales para cuidar su comunidad.<br \/>\nLa activista Isela Gonz\u00e1lez detalla que la resoluci\u00f3n abre la pauta para que puedan ejercer en plenitud sus derechos colectivos, proh\u00edbe la explotaci\u00f3n del bosque y, al otorgarles una personalidad y legitimaci\u00f3n como comunidad, sus habitantes podr\u00e1n acordar con el gobierno la entrega de apoyos y servicios que requieren.<br \/>\nLa tambi\u00e9n directora de Alianza Sierra Madre, organizaci\u00f3n que durante 20 a\u00f1os ha acompa\u00f1ado a las comunidades rar\u00e1muri de Guadalupe y Calvo, celebra que el Tribunal marca un precedente con el caso de Chor\u00e9achi para los dem\u00e1s pueblos ind\u00edgenas que luchan por el reconocimiento de su territorio.<br \/>\nPero la batalla no termina aqu\u00ed. Sus a\u00f1os de lucha contra el despojo y las constantes amenazas que han recibido de los particulares que buscan aprovechar su tierra, llev\u00f3 a los habitantes de Chor\u00e9achi a buscar la protecci\u00f3n de la Corte Interamericana de Derechos Humanos, la cual les otorg\u00f3 medidas provisionales por las agresiones, el hostigamiento y los asesinatos de sus defensores comunitarios, entre ellos, Juan Ontiveros Ramos.<br \/>\nEl llamado de Isela a la Fiscal\u00eda General del Estado y la Unidad de Derechos Humanos de la Secretar\u00eda de Gobernaci\u00f3n es claro: extremar las protecciones f\u00edsicas para la comunidad rar\u00e1muri ante cualquier reacci\u00f3n que pueda detonar la resoluci\u00f3n.<br \/>\n\u201cHa habido reacciones de amenazas y asesinatos de compa\u00f1eros cuando se siente limitados en el ejercicio de su cacicazgo. No hay peor enemigo para un cacique, que una comunidad ind\u00edgena que con su inteligencia y el acompa\u00f1amiento de una organizaci\u00f3n les gane jur\u00eddicamente.<br \/>\n\u201cEl costo es el riesgo y el desgaste de una comunidad. Le cuesta la vida de sus compa\u00f1eros, la inseguridad y la descomposici\u00f3n de su comunidad; tiene costos econ\u00f3micos porque no pueden ejercer libremente sus actividades agr\u00edcolas porque su territorio est\u00e1 tomado de facto por quienes se sienten due\u00f1os de \u00e9l\u201d, explica.<br \/>\nRecuerda que, en los \u00faltimos cuatro a\u00f1os, por lo menos 40 familias se han visto obligadas a salir de su comunidad.<br \/>\nLa ruta del desplazamiento inicia con las redes familiares en ejidos cercanos, pero si no hay condiciones de seguridad se trasladan a municipios como Guachochi, Parral y Chihuahua, en donde comienza otro tipo de acompa\u00f1amiento por el estado de indefensi\u00f3n en el que llegan.<br \/>\nLa defensora lamenta que el \u00fanico camino que les permitir\u00eda a esas familias regresar a sus lugares de origen es que termine la impunidad, que se castigue a los responsables de la violencia que viven y que se imponga un estado de derecho, una soluci\u00f3n que ve lejana para la Sierra Tarahumara.<\/p>\n<p>Juli\u00e1n Carrillo, \u00edcono de la lucha por el territorio<\/p>\n<p>Dos d\u00edas despu\u00e9s de la noticia de Chor\u00e9achi, el 24 de octubre, integrantes de la Organizaci\u00f3n Alianza Sierra Madre recibieron una llamada telef\u00f3nica: Juli\u00e1n hab\u00eda sido asesinado.<br \/>\nAntes de su crimen, narraron en un comunicado de prensa, Juli\u00e1n huy\u00f3 a un cerro para informar que varios sicarios lo estaban persiguiendo.<br \/>\nFue uno de los hijos de Juli\u00e1n quien volvi\u00f3 a comunicarse, desde el tel\u00e9fono satelital que tienen como parte de las medidas de protecci\u00f3n, para informar que hab\u00eda escuchado una balacera y cre\u00eda que hab\u00edan asesinado a su pap\u00e1. Una hora m\u00e1s tarde, se encontr\u00f3 el cuerpo de Juli\u00e1n.<br \/>\nCarrillo Mart\u00ednez era beneficiario del Mecanismo Nacional de Protecci\u00f3n de Personas Defensoras de Derechos Humanos y Periodistas de la Secretaria de Gobernaci\u00f3n desde febrero de 2014, sin embargo, tardaron 17 meses en otorgarle la protecci\u00f3n ya que no se trasladaron a Coloradas de la Virgen por las condiciones de orograf\u00eda e inseguridad que enfrenta la comunidad.<br \/>\nEn d\u00e9cadas de trabajo por la defensa del bosque, acompa\u00f1\u00f3 a varios de los l\u00edderes ind\u00edgenas que tambi\u00e9n han sido asesinados en Chihuahua, entre ellos Julio Baldenegro y su hijo Isidro Baldenegro.<br \/>\nAdem\u00e1s de sus compa\u00f1eros de lucha, En febrero de 2016, Juli\u00e1n presenci\u00f3 a corta distancia el asesinato de su hijo V\u00edctor Carrillo Carillo y s\u00f3lo libr\u00f3 el ataque porque se encontraba<br \/>\nfuera de la vivienda donde sucedi\u00f3 el crimen.<br \/>\nLa tragedia no termin\u00f3 ah\u00ed. En julio del mismo a\u00f1o mataron a su sobrino Guadalupe Carrillo, en septiembre de 2017 a su sobrino Alberto Qui\u00f1ones Carrillo y en julio de 2018 a su yerno Francisco Chaparro.<br \/>\nOrganizaciones civiles del pa\u00eds se unieron para denunciar que el riesgo en el que viv\u00eda Juli\u00e1n era conocido tanto por la Secretar\u00eda de Gobernaci\u00f3n, como de la Fiscal\u00eda General de Chihuahua, y por ello, su muerte se pod\u00eda prevenir.<br \/>\nEn un posicionamiento conjunto, las organizaciones lanzaron cuatro puntos de acci\u00f3n a las autoridades estatales y federales, las cuales, \u201cbajo las obligaciones internacionales, constitucionales y legales, las autoridades mexicanas tienen el deber reforzado de prevenir, atender, proteger, procesar, sancionar y erradicar los ataques contra personas de derechos humanos\u201d.<\/p>\n<p>Primero: Expresamos nuestro total repudio ante el asesinato de Juli\u00e1n Carrillo Mart\u00ednez, l\u00edder ind\u00edgena defensor de derechos humanos que estaba bajo la protecci\u00f3n del Mecanismo de Protecci\u00f3n.<br \/>\nSegundo: Solicitamos a la Junta de Gobierno del Mecanismo de Protecci\u00f3n que agende la revisi\u00f3n urgente del caso y una evaluaci\u00f3n sobre el actuar del mismo, en el marco de siguiente reuni\u00f3n ordinaria a celebrarse a los d\u00edas 30 y 31 de octubre.<br \/>\nTercero: Urgimos a la Fiscal\u00eda General del Estado a investigar oportuna y diligentemente el caso, con el fin de identificar a todos los autores materiales e intelectuales, con el fin de procesarles y sancionarles respetando las garant\u00edas del debido proceso.<br \/>\nCuarto: Solicitamos se revise, a la brevedad, la implementaci\u00f3n del plan de contingencia tendiente a la identificaci\u00f3n y erradicaci\u00f3n de las causas estructurales que permiten los ataques a personas defensoras de derechos humanos, con miras a fortalecer las medidas necesarias para garantizar el trabajo de personas defensoras de derechos humanos colectivos en regiones con alta presencia del crimen organizado y ausencia de las autoridades competentes.<\/p>\n<p><img loading=\"lazy\" decoding=\"async\" data-attachment-id=\"35065\" data-permalink=\"https:\/\/www.grieta.org.mx\/index.php\/2018\/10\/29\/amenazas-desplazamiento-y-sangre-el-costo-de-la-lucha-por-el-territorio-en-chihuahua\/julian-raichiali-1-225x300\/\" data-orig-file=\"https:\/\/www.grieta.org.mx\/wp-content\/uploads\/2019\/06\/Julian-Raichiali-1-225x300.jpg\" data-orig-size=\"225,300\" data-comments-opened=\"0\" data-image-meta=\"{&quot;aperture&quot;:&quot;0&quot;,&quot;credit&quot;:&quot;&quot;,&quot;camera&quot;:&quot;&quot;,&quot;caption&quot;:&quot;&quot;,&quot;created_timestamp&quot;:&quot;0&quot;,&quot;copyright&quot;:&quot;&quot;,&quot;focal_length&quot;:&quot;0&quot;,&quot;iso&quot;:&quot;0&quot;,&quot;shutter_speed&quot;:&quot;0&quot;,&quot;title&quot;:&quot;&quot;,&quot;orientation&quot;:&quot;0&quot;}\" data-image-title=\"Julian-Raichiali-1-225&amp;#215;300\" data-image-description=\"\" data-image-caption=\"\" data-medium-file=\"https:\/\/www.grieta.org.mx\/wp-content\/uploads\/2019\/06\/Julian-Raichiali-1-225x300-225x300.jpg\" data-large-file=\"https:\/\/www.grieta.org.mx\/wp-content\/uploads\/2019\/06\/Julian-Raichiali-1-225x300.jpg\" class=\"alignleft size-medium wp-image-35065\" src=\"http:\/\/www.grieta.org.mx\/wp-content\/uploads\/2019\/06\/Julian-Raichiali-1-225x300-225x300.jpg\" alt=\"\" width=\"225\" height=\"300\" \/><\/p>\n<p>Este trabajo period\u00edstico es del sitio de noticias Ra\u00edchali https:\/\/raichali.com\/ laverdadjz.como lo reproduce como parte de la #AlianzadeMedios<\/p>\n<p><a href=\"https:\/\/laverdadjuarez.com\/index.php\/2018\/10\/29\/amenazas-desplazamiento-y-sangre-el-costo-de-la-lucha-por-el-territorio-en-chihuahua\/\" target=\"_blank\" rel=\"noopener noreferrer\">https:\/\/laverdadjuarez.com\/index.php\/2018\/10\/29\/amenazas-desplazamiento-y-sangre-el-costo-de-la-lucha-por-el-territorio-en-chihuahua\/<\/a><\/p>\n","protected":false},"excerpt":{"rendered":"<p>Texto: Ra\u00edchiali.com\/ LA VERDAD Chihuahua.- El peor enemigo de un cacique -explica la activista Isela Gonz\u00e1lez- es un pueblo ind\u00edgena dispuesto a luchar por el reconocimiento de su territorio ancestral. &hellip; <a href=\"https:\/\/www.grieta.org.mx\/index.php\/2018\/10\/29\/amenazas-desplazamiento-y-sangre-el-costo-de-la-lucha-por-el-territorio-en-chihuahua\/\" class=\"more-link\">Leer m\u00e1s<\/a><\/p>\n","protected":false},"author":2,"featured_media":35061,"comment_status":"closed","ping_status":"closed","sticky":false,"template":"","format":"standard","meta":{"ngg_post_thumbnail":0,"_jetpack_newsletter_access":"","_jetpack_dont_email_post_to_subs":false,"_jetpack_newsletter_tier_id":0,"_jetpack_memberships_contains_paywalled_content":false,"_jetpack_memberships_contains_paid_content":false,"footnotes":""},"categories":[12,80,1029,1278,2,2211,83,1914],"tags":[1836,1835,1715,2563,2564,591],"class_list":["post-35060","post","type-post","status-publish","format-standard","has-post-thumbnail","hentry","category-chihuahua","category-cintillo","category-conflictos-y-resistencias-del-pueblo-raramuri","category-despojo-de-tierras-y-territorios","category-noticias-nacionales","category-tala-ilegal-en-la-tarahumara","category-temas-nacionales","category-violencia-contra-defensores-de-derechos-humanos-y-ecologistas-en-chihuahua","tag-asesinatos-de-raramuris","tag-lideres-tarahumaras-asesinados","tag-pueblo-raramuri","tag-pueblo-tarahumara","tag-raramuris-desplazados-por-violencia","tag-sierra-tarahumara","entry"],"jetpack_featured_media_url":"https:\/\/www.grieta.org.mx\/wp-content\/uploads\/2019\/06\/Imagen-de-raramuris-Ra\u00edchali.jpg","jetpack_sharing_enabled":true,"jetpack_shortlink":"https:\/\/wp.me\/p7ZJR4-97u","jetpack_likes_enabled":false,"jetpack-related-posts":[{"id":33741,"url":"https:\/\/www.grieta.org.mx\/index.php\/2019\/04\/25\/secuestran-al-hijo-de-cruz-sanchez-defensor-indigena-en-chihuahua\/","url_meta":{"origin":35060,"position":0},"title":"Secuestran al hijo de Cruz S\u00e1nchez, defensor ind\u00edgena en Chihuahua","author":"grieta","date":"25 abril, 2019","format":false,"excerpt":"Hombres armados sacaron a la fuerza de su casa a Joel S\u00e1nchez. La familia es parte de la comunidad El Manzano, cuyos habitantes son v\u00edctimas de desplazamiento por la violencia del crimen organizado. Redacci\u00f3n\/ ANIMAL POL\u00cdTICO Hombres armados secuestraron este mi\u00e9rcoles a Joel S\u00e1nchez Cruz, hijo del defensor y activista\u2026","rel":"","context":"En &quot;Chihuahua&quot;","block_context":{"text":"Chihuahua","link":"https:\/\/www.grieta.org.mx\/index.php\/category\/noticias-nacionales\/chihuahua\/"},"img":{"alt_text":"","src":"https:\/\/i0.wp.com\/www.grieta.org.mx\/wp-content\/uploads\/2019\/05\/Secuestro.jpg?resize=350%2C200&ssl=1","width":350,"height":200,"srcset":"https:\/\/i0.wp.com\/www.grieta.org.mx\/wp-content\/uploads\/2019\/05\/Secuestro.jpg?resize=350%2C200&ssl=1 1x, https:\/\/i0.wp.com\/www.grieta.org.mx\/wp-content\/uploads\/2019\/05\/Secuestro.jpg?resize=525%2C300&ssl=1 1.5x, https:\/\/i0.wp.com\/www.grieta.org.mx\/wp-content\/uploads\/2019\/05\/Secuestro.jpg?resize=700%2C400&ssl=1 2x, https:\/\/i0.wp.com\/www.grieta.org.mx\/wp-content\/uploads\/2019\/05\/Secuestro.jpg?resize=1050%2C600&ssl=1 3x, https:\/\/i0.wp.com\/www.grieta.org.mx\/wp-content\/uploads\/2019\/05\/Secuestro.jpg?resize=1400%2C800&ssl=1 4x"},"classes":[]},{"id":33698,"url":"https:\/\/www.grieta.org.mx\/index.php\/2019\/05\/17\/mexico-asesinan-a-madre-e-hijo-defensores-de-tierra-y-territorio-de-la-sierra-tarahumara-y-familiares-de-lider-julian-carrillo-martinez-asesinado-en-2018\/","url_meta":{"origin":35060,"position":1},"title":"M\u00e9xico: Asesinan a madre e hijo, defensores de tierra y territorio de la Sierra Tarahumara y familiares de l\u00edder Juli\u00e1n Carrillo Mart\u00ednez asesinado en 2018","author":"grieta","date":"17 mayo, 2019","format":false,"excerpt":"BUSINESS-HUMANRIGHT\/ LA JORNADA \u201cMatan a madre e hijo, defensores de bosques en Chihuahua\u201d, 4 de mayo de 2019 \u2026Asesinos a sueldo ultimaron a Otilia Mart\u00ednez Cruz\u2026y a su hijo Gregorio Chaparro Cruz, de 20, en el municipio de Guadalupe y Calvo, en los l\u00edmites de Chihuahua y Sinaloa. Las v\u00edctimas\u2026","rel":"","context":"En &quot;Chihuahua&quot;","block_context":{"text":"Chihuahua","link":"https:\/\/www.grieta.org.mx\/index.php\/category\/noticias-nacionales\/chihuahua\/"},"img":{"alt_text":"","src":"https:\/\/i0.wp.com\/www.grieta.org.mx\/wp-content\/uploads\/2018\/03\/14524434_1106112876131411_958039263622046936_o.jpg?resize=350%2C200&ssl=1","width":350,"height":200,"srcset":"https:\/\/i0.wp.com\/www.grieta.org.mx\/wp-content\/uploads\/2018\/03\/14524434_1106112876131411_958039263622046936_o.jpg?resize=350%2C200&ssl=1 1x, https:\/\/i0.wp.com\/www.grieta.org.mx\/wp-content\/uploads\/2018\/03\/14524434_1106112876131411_958039263622046936_o.jpg?resize=525%2C300&ssl=1 1.5x, https:\/\/i0.wp.com\/www.grieta.org.mx\/wp-content\/uploads\/2018\/03\/14524434_1106112876131411_958039263622046936_o.jpg?resize=700%2C400&ssl=1 2x"},"classes":[]},{"id":35011,"url":"https:\/\/www.grieta.org.mx\/index.php\/2019\/06\/18\/desplazamiento-en-la-tarahumara-perder-la-paz-el-patrimonio-y-la-identidad-chihuahua\/","url_meta":{"origin":35060,"position":2},"title":"Desplazamiento en la tarahumara: perder la paz, el patrimonio y la identidad (Chihuahua)","author":"grieta","date":"18 junio, 2019","format":false,"excerpt":"Ra\u00edchali\/ LA VERDAD Chihuahua \u2013 Huyen por el monte, como ganado. \u2013A veces se pasan semanas enteras caminado, escondi\u00e9ndose. \u2013Comen lo que pueden: nopales, plantas, lo que encentran en el camino. \u2013Se van apenas con lo que llevan puesto. Son pocos los que logran planear su salida. \u2013Pasan de comunidad\u2026","rel":"","context":"En &quot;Chihuahua&quot;","block_context":{"text":"Chihuahua","link":"https:\/\/www.grieta.org.mx\/index.php\/category\/noticias-nacionales\/chihuahua\/"},"img":{"alt_text":"","src":"https:\/\/i0.wp.com\/www.grieta.org.mx\/wp-content\/uploads\/2019\/06\/Operativo-coordinado-Atascaderos-2.jpeg?resize=350%2C200&ssl=1","width":350,"height":200,"srcset":"https:\/\/i0.wp.com\/www.grieta.org.mx\/wp-content\/uploads\/2019\/06\/Operativo-coordinado-Atascaderos-2.jpeg?resize=350%2C200&ssl=1 1x, https:\/\/i0.wp.com\/www.grieta.org.mx\/wp-content\/uploads\/2019\/06\/Operativo-coordinado-Atascaderos-2.jpeg?resize=525%2C300&ssl=1 1.5x, https:\/\/i0.wp.com\/www.grieta.org.mx\/wp-content\/uploads\/2019\/06\/Operativo-coordinado-Atascaderos-2.jpeg?resize=700%2C400&ssl=1 2x"},"classes":[]},{"id":33747,"url":"https:\/\/www.grieta.org.mx\/index.php\/2016\/12\/11\/chihuahua-el-exodo-indigena\/","url_meta":{"origin":35060,"position":3},"title":"Chihuahua: El \u00e9xodo ind\u00edgena","author":"grieta","date":"11 diciembre, 2016","format":false,"excerpt":"Texto: Patricia Mayorga. Video: M\u00f3nica Gonz\u00e1lez y Aron Venegas\/ PI\u00c9 DE P\u00c1GINA En la sierra Tarahumara los grupos del crimen organizado tienen una batalla por el control del territorio. Las v\u00edctimas son miles de familias ind\u00edgenas que han sido obligadas a dejar sus tierras, su forma de vida y su\u2026","rel":"","context":"En &quot;Chihuahua&quot;","block_context":{"text":"Chihuahua","link":"https:\/\/www.grieta.org.mx\/index.php\/category\/noticias-nacionales\/chihuahua\/"},"img":{"alt_text":"","src":"https:\/\/i0.wp.com\/www.grieta.org.mx\/wp-content\/uploads\/2018\/03\/14524434_1106112876131411_958039263622046936_o.jpg?resize=350%2C200&ssl=1","width":350,"height":200,"srcset":"https:\/\/i0.wp.com\/www.grieta.org.mx\/wp-content\/uploads\/2018\/03\/14524434_1106112876131411_958039263622046936_o.jpg?resize=350%2C200&ssl=1 1x, https:\/\/i0.wp.com\/www.grieta.org.mx\/wp-content\/uploads\/2018\/03\/14524434_1106112876131411_958039263622046936_o.jpg?resize=525%2C300&ssl=1 1.5x, https:\/\/i0.wp.com\/www.grieta.org.mx\/wp-content\/uploads\/2018\/03\/14524434_1106112876131411_958039263622046936_o.jpg?resize=700%2C400&ssl=1 2x"},"classes":[]},{"id":33690,"url":"https:\/\/www.grieta.org.mx\/index.php\/2018\/10\/25\/asesinan-a-defensor-raramuri-en-chihuahua-en-dos-anos-mataron-a-5-de-sus-familiares\/","url_meta":{"origin":35060,"position":4},"title":"Asesinan a defensor rar\u00e1muri en Chihuahua; en dos a\u00f1os mataron a 5 de sus familiares","author":"grieta","date":"25 octubre, 2018","format":false,"excerpt":"Desde 2007 Juli\u00e1n Carrillo luchaba contra la explotaci\u00f3n de recursos naturales en los territorios ancestrales de la zona; en 2016 comenzaron las amenazas y los ataques. Mataron a dos de sus sobrinos, a su hijo y a su yerno. Amnist\u00eda Internacional exige justicia. Redacci\u00f3n\/ ANIMAL POL\u00cdTICO Durante la noche de\u2026","rel":"","context":"En &quot;Chihuahua&quot;","block_context":{"text":"Chihuahua","link":"https:\/\/www.grieta.org.mx\/index.php\/category\/noticias-nacionales\/chihuahua\/"},"img":{"alt_text":"","src":"https:\/\/i0.wp.com\/www.grieta.org.mx\/wp-content\/uploads\/2019\/05\/Raramuris_Semana_Santa-15-e1540496349621.jpg?resize=350%2C200&ssl=1","width":350,"height":200,"srcset":"https:\/\/i0.wp.com\/www.grieta.org.mx\/wp-content\/uploads\/2019\/05\/Raramuris_Semana_Santa-15-e1540496349621.jpg?resize=350%2C200&ssl=1 1x, https:\/\/i0.wp.com\/www.grieta.org.mx\/wp-content\/uploads\/2019\/05\/Raramuris_Semana_Santa-15-e1540496349621.jpg?resize=525%2C300&ssl=1 1.5x, https:\/\/i0.wp.com\/www.grieta.org.mx\/wp-content\/uploads\/2019\/05\/Raramuris_Semana_Santa-15-e1540496349621.jpg?resize=700%2C400&ssl=1 2x, https:\/\/i0.wp.com\/www.grieta.org.mx\/wp-content\/uploads\/2019\/05\/Raramuris_Semana_Santa-15-e1540496349621.jpg?resize=1050%2C600&ssl=1 3x, https:\/\/i0.wp.com\/www.grieta.org.mx\/wp-content\/uploads\/2019\/05\/Raramuris_Semana_Santa-15-e1540496349621.jpg?resize=1400%2C800&ssl=1 4x"},"classes":[]},{"id":33754,"url":"https:\/\/www.grieta.org.mx\/index.php\/2017\/02\/03\/fiscalia-de-chihuahua-entorpece-investigacion-del-asesinato-del-raramuri-ontiveros-ong\/","url_meta":{"origin":35060,"position":5},"title":"Fiscal\u00eda de Chihuahua entorpece investigaci\u00f3n del asesinato del rar\u00e1muri Ontiveros: ONG","author":"grieta","date":"3 febrero, 2017","format":false,"excerpt":"Nancy Flores\/ CONTRAL\u00cdNEA \u00a0 M\u00e1s de 20 organizaciones de defensor\u00eda de los derechos humanos se\u00f1alan a la Fiscal\u00eda General del Estado de Chihuahua (FGE) por entorpecer las investigaciones en torno al asesinato del defensor del medio ambiente Juan Ontiveros Ramos, ocurrido el pasado 1 de febrero en el municipio Guadalupe\u2026","rel":"","context":"En &quot;Chihuahua&quot;","block_context":{"text":"Chihuahua","link":"https:\/\/www.grieta.org.mx\/index.php\/category\/noticias-nacionales\/chihuahua\/"},"img":{"alt_text":"","src":"https:\/\/i0.wp.com\/www.grieta.org.mx\/wp-content\/uploads\/2018\/03\/14524434_1106112876131411_958039263622046936_o.jpg?resize=350%2C200&ssl=1","width":350,"height":200,"srcset":"https:\/\/i0.wp.com\/www.grieta.org.mx\/wp-content\/uploads\/2018\/03\/14524434_1106112876131411_958039263622046936_o.jpg?resize=350%2C200&ssl=1 1x, https:\/\/i0.wp.com\/www.grieta.org.mx\/wp-content\/uploads\/2018\/03\/14524434_1106112876131411_958039263622046936_o.jpg?resize=525%2C300&ssl=1 1.5x, https:\/\/i0.wp.com\/www.grieta.org.mx\/wp-content\/uploads\/2018\/03\/14524434_1106112876131411_958039263622046936_o.jpg?resize=700%2C400&ssl=1 2x"},"classes":[]}],"_links":{"self":[{"href":"https:\/\/www.grieta.org.mx\/index.php\/wp-json\/wp\/v2\/posts\/35060","targetHints":{"allow":["GET"]}}],"collection":[{"href":"https:\/\/www.grieta.org.mx\/index.php\/wp-json\/wp\/v2\/posts"}],"about":[{"href":"https:\/\/www.grieta.org.mx\/index.php\/wp-json\/wp\/v2\/types\/post"}],"author":[{"embeddable":true,"href":"https:\/\/www.grieta.org.mx\/index.php\/wp-json\/wp\/v2\/users\/2"}],"replies":[{"embeddable":true,"href":"https:\/\/www.grieta.org.mx\/index.php\/wp-json\/wp\/v2\/comments?post=35060"}],"version-history":[{"count":1,"href":"https:\/\/www.grieta.org.mx\/index.php\/wp-json\/wp\/v2\/posts\/35060\/revisions"}],"predecessor-version":[{"id":35067,"href":"https:\/\/www.grieta.org.mx\/index.php\/wp-json\/wp\/v2\/posts\/35060\/revisions\/35067"}],"wp:featuredmedia":[{"embeddable":true,"href":"https:\/\/www.grieta.org.mx\/index.php\/wp-json\/wp\/v2\/media\/35061"}],"wp:attachment":[{"href":"https:\/\/www.grieta.org.mx\/index.php\/wp-json\/wp\/v2\/media?parent=35060"}],"wp:term":[{"taxonomy":"category","embeddable":true,"href":"https:\/\/www.grieta.org.mx\/index.php\/wp-json\/wp\/v2\/categories?post=35060"},{"taxonomy":"post_tag","embeddable":true,"href":"https:\/\/www.grieta.org.mx\/index.php\/wp-json\/wp\/v2\/tags?post=35060"}],"curies":[{"name":"wp","href":"https:\/\/api.w.org\/{rel}","templated":true}]}}