{"id":35025,"date":"2019-06-18T13:58:17","date_gmt":"2019-06-18T18:58:17","guid":{"rendered":"http:\/\/www.grieta.org.mx\/?p=35025"},"modified":"2019-06-23T12:58:02","modified_gmt":"2019-06-23T17:58:02","slug":"escala-detencion-de-los-migrantes","status":"publish","type":"post","link":"https:\/\/www.grieta.org.mx\/index.php\/2019\/06\/18\/escala-detencion-de-los-migrantes\/","title":{"rendered":"Escala detenci\u00f3n de los migrantes"},"content":{"rendered":"<figure id=\"attachment_35026\" aria-describedby=\"caption-attachment-35026\" style=\"width: 800px\" class=\"wp-caption alignleft\"><img loading=\"lazy\" decoding=\"async\" data-attachment-id=\"35026\" data-permalink=\"https:\/\/www.grieta.org.mx\/index.php\/2019\/06\/18\/escala-detencion-de-los-migrantes\/migrantes-7\/\" data-orig-file=\"https:\/\/www.grieta.org.mx\/wp-content\/uploads\/2019\/06\/Migrantes.jpg\" data-orig-size=\"768,479\" data-comments-opened=\"0\" data-image-meta=\"{&quot;aperture&quot;:&quot;0&quot;,&quot;credit&quot;:&quot;&quot;,&quot;camera&quot;:&quot;&quot;,&quot;caption&quot;:&quot;&quot;,&quot;created_timestamp&quot;:&quot;0&quot;,&quot;copyright&quot;:&quot;&quot;,&quot;focal_length&quot;:&quot;0&quot;,&quot;iso&quot;:&quot;0&quot;,&quot;shutter_speed&quot;:&quot;0&quot;,&quot;title&quot;:&quot;&quot;,&quot;orientation&quot;:&quot;0&quot;}\" data-image-title=\"Migrantes\" data-image-description=\"\" data-image-caption=\"&lt;p&gt;Foto: Adri\u00e1n Carmona&lt;\/p&gt;\n\" data-medium-file=\"https:\/\/www.grieta.org.mx\/wp-content\/uploads\/2019\/06\/Migrantes-300x187.jpg\" data-large-file=\"https:\/\/www.grieta.org.mx\/wp-content\/uploads\/2019\/06\/Migrantes.jpg\" class=\"wp-image-35026\" src=\"http:\/\/www.grieta.org.mx\/wp-content\/uploads\/2019\/06\/Migrantes-300x187.jpg\" alt=\"\" width=\"800\" height=\"499\" srcset=\"https:\/\/www.grieta.org.mx\/wp-content\/uploads\/2019\/06\/Migrantes-300x187.jpg 300w, https:\/\/www.grieta.org.mx\/wp-content\/uploads\/2019\/06\/Migrantes.jpg 768w\" sizes=\"auto, (max-width: 800px) 100vw, 800px\" \/><figcaption id=\"caption-attachment-35026\" class=\"wp-caption-text\">Foto: Adri\u00e1n Carmona<\/figcaption><\/figure>\n<p>Tom\u00e1s D\u00e1valos Olvera\/El Sol del Centro<\/p>\n<blockquote><p>Aumenta la detenci\u00f3n de migrantes en Aguascalientes, seg\u00fan estad\u00edsticas publicadas por la Unidad de Pol\u00edtica Migratoria adscrita a la Secretar\u00eda de Gobernaci\u00f3n<\/p><\/blockquote>\n<p>Aumenta la detenci\u00f3n de migrantes en Aguascalientes, seg\u00fan estad\u00edsticas publicadas por la Unidad de Pol\u00edtica Migratoria adscrita a la Secretar\u00eda de Gobernaci\u00f3n, en abril el n\u00famero de extranjeros presentados ante las autoridades creci\u00f3 m\u00e1s de un 500% en comparaci\u00f3n con los tres primeros meses del a\u00f1o.<\/p>\n<p>El documento, que puede consultarse en el sitio http:\/\/www.politicamigratoria.gob.mx, informa en su m\u00e1s reciente publicaci\u00f3n que en abril fueron detenidos 89 migrantes en Aguascalientes \u2013todos ellos en la capital del estado, a excepci\u00f3n de uno en el municipio de El Llano\u2013, un alza considerable comparados a los 14 migrantes presentados ante las autoridades en marzo, 11 en febrero y nueve en enero.<\/p>\n<p>El alza no fue exclusiva de Aguascalientes, ya que esta tendencia se ha registrado a nivel nacional de manera sostenida durante los primeros cuatro meses del a\u00f1o, pero en ninguna otra entidad del pa\u00eds el crecimiento ha sido tan abrupto.<\/p>\n<p><img loading=\"lazy\" decoding=\"async\" data-attachment-id=\"35027\" data-permalink=\"https:\/\/www.grieta.org.mx\/index.php\/2019\/06\/18\/escala-detencion-de-los-migrantes\/migrante\/\" data-orig-file=\"https:\/\/www.grieta.org.mx\/wp-content\/uploads\/2019\/06\/Migrante.jpg\" data-orig-size=\"720,480\" data-comments-opened=\"0\" data-image-meta=\"{&quot;aperture&quot;:&quot;0&quot;,&quot;credit&quot;:&quot;&quot;,&quot;camera&quot;:&quot;&quot;,&quot;caption&quot;:&quot;&quot;,&quot;created_timestamp&quot;:&quot;0&quot;,&quot;copyright&quot;:&quot;&quot;,&quot;focal_length&quot;:&quot;0&quot;,&quot;iso&quot;:&quot;0&quot;,&quot;shutter_speed&quot;:&quot;0&quot;,&quot;title&quot;:&quot;&quot;,&quot;orientation&quot;:&quot;0&quot;}\" data-image-title=\"Migrante\" data-image-description=\"\" data-image-caption=\"\" data-medium-file=\"https:\/\/www.grieta.org.mx\/wp-content\/uploads\/2019\/06\/Migrante-300x200.jpg\" data-large-file=\"https:\/\/www.grieta.org.mx\/wp-content\/uploads\/2019\/06\/Migrante.jpg\" class=\"alignleft wp-image-35027\" src=\"http:\/\/www.grieta.org.mx\/wp-content\/uploads\/2019\/06\/Migrante-300x200.jpg\" alt=\"\" width=\"800\" height=\"533\" srcset=\"https:\/\/www.grieta.org.mx\/wp-content\/uploads\/2019\/06\/Migrante-300x200.jpg 300w, https:\/\/www.grieta.org.mx\/wp-content\/uploads\/2019\/06\/Migrante.jpg 720w\" sizes=\"auto, (max-width: 800px) 100vw, 800px\" \/> Foto: Adri\u00e1n Carmona[\/caption]<\/p>\n<p>Seg\u00fan los registros hist\u00f3ricos, los 89 extranjeros presentados ante las autoridades migratorias en Aguascalientes el pasado mes de abril, representa la tercera cifra m\u00e1s alta en los \u00faltimos 50 meses, y es el n\u00famero m\u00e1s elevado desde abril de 2016, cuando fueron detenidos 108 migrantes en territorio estatal.<\/p>\n<p>En promedio durante 2018 fueron detenidos 27 migrantes cada mes dentro del territorio estatal, cifra que en 2017 fue menor, pues un estimado de 18.5 extranjeros fueron presentados ante el Instituto Nacional de Migraci\u00f3n en dicho a\u00f1o.<\/p>\n<p><strong>DETENIDOS<\/strong><\/p>\n<p>27 migrantes en promedio cada mes durante 2018<\/p>\n<p><a href=\"https:\/\/www.elsoldelcentro.com.mx\/local\/escala-detencion-de-los-migrantes-3781353.html\" target=\"_blank\" rel=\"noopener noreferrer\">https:\/\/www.elsoldelcentro.com.mx\/local\/escala-detencion-de-los-migrantes-3781353.html<\/a><\/p>\n","protected":false},"excerpt":{"rendered":"<p>Tom\u00e1s D\u00e1valos Olvera\/El Sol del Centro Aumenta la detenci\u00f3n de migrantes en Aguascalientes, seg\u00fan estad\u00edsticas publicadas por la Unidad de Pol\u00edtica Migratoria adscrita a la Secretar\u00eda de Gobernaci\u00f3n Aumenta la &hellip; <a href=\"https:\/\/www.grieta.org.mx\/index.php\/2019\/06\/18\/escala-detencion-de-los-migrantes\/\" class=\"more-link\">Leer m\u00e1s<\/a><\/p>\n","protected":false},"author":2,"featured_media":35026,"comment_status":"closed","ping_status":"closed","sticky":false,"template":"","format":"standard","meta":{"ngg_post_thumbnail":0,"_jetpack_newsletter_access":"","_jetpack_dont_email_post_to_subs":false,"_jetpack_newsletter_tier_id":0,"_jetpack_memberships_contains_paywalled_content":false,"_jetpack_memberships_contains_paid_content":false,"footnotes":""},"categories":[4,80,1188,2],"tags":[2511,158],"class_list":["post-35025","post","type-post","status-publish","format-standard","has-post-thumbnail","hentry","category-aguascalientes","category-cintillo","category-migrantes-en-aguascalientes","category-noticias-nacionales","tag-deportacion-de-migrantes","tag-migrantes","entry"],"jetpack_featured_media_url":"https:\/\/www.grieta.org.mx\/wp-content\/uploads\/2019\/06\/Migrantes.jpg","jetpack_sharing_enabled":true,"jetpack_shortlink":"https:\/\/wp.me\/p7ZJR4-96V","jetpack_likes_enabled":false,"jetpack-related-posts":[{"id":58797,"url":"https:\/\/www.grieta.org.mx\/index.php\/2021\/04\/15\/aumenta-el-numero-de-migrantes-en-aguascalientes-y-desapariciones-en-la-frontera\/","url_meta":{"origin":35025,"position":0},"title":"AUMENTA EL N\u00daMERO DE MIGRANTES EN AGUASCALIENTES Y DESAPARICIONES EN LA FRONTERA","author":"grieta","date":"15 abril, 2021","format":false,"excerpt":"Gabriel Soriano\/La Jornada Aguascalientes 15 abril 2021 Hay 70% m\u00e1s de flujo de migrantes en Aguascalientes Estos \u00faltimos meses se han presentado m\u00e1s casos de desaparecidos acompa\u00f1ados por Asociaci\u00f3n de Brazos Unidos con Fronteras Hermanas Ha aumentado en un setenta por ciento el flujo de migrantes aguascalentenses que buscan ingresar\u2026","rel":"","context":"En &quot;Aguascalientes&quot;","block_context":{"text":"Aguascalientes","link":"https:\/\/www.grieta.org.mx\/index.php\/category\/noticias-nacionales\/aguascalientes\/"},"img":{"alt_text":"","src":"","width":0,"height":0},"classes":[]},{"id":62148,"url":"https:\/\/www.grieta.org.mx\/index.php\/2021\/09\/25\/mas-31-mil-migrantes-fueron-detenidos-en-tabasco\/","url_meta":{"origin":35025,"position":1},"title":"M\u00e1s 31 mil migrantes fueron detenidos en Tabasco","author":"grieta","date":"25 septiembre, 2021","format":false,"excerpt":"Nicasio Arias | El Heraldo de Tabasco De acuerdo a los datos de la Unidad de Pol\u00edtica Migratoria de la Secretar\u00eda de Gobernaci\u00f3n, en Tabasco, durante 2019 y 2020, un total de 31 mil 335 migrantes fueron detenidos por la autoridad Del 2019 a julio del 2021, un total de\u2026","rel":"","context":"En &quot;CINTILLO&quot;","block_context":{"text":"CINTILLO","link":"https:\/\/www.grieta.org.mx\/index.php\/category\/cintillo\/"},"img":{"alt_text":"","src":"https:\/\/i0.wp.com\/www.grieta.org.mx\/wp-content\/uploads\/2021\/10\/migrantes.jpeg?resize=350%2C200&ssl=1","width":350,"height":200,"srcset":"https:\/\/i0.wp.com\/www.grieta.org.mx\/wp-content\/uploads\/2021\/10\/migrantes.jpeg?resize=350%2C200&ssl=1 1x, https:\/\/i0.wp.com\/www.grieta.org.mx\/wp-content\/uploads\/2021\/10\/migrantes.jpeg?resize=525%2C300&ssl=1 1.5x, https:\/\/i0.wp.com\/www.grieta.org.mx\/wp-content\/uploads\/2021\/10\/migrantes.jpeg?resize=700%2C400&ssl=1 2x"},"classes":[]},{"id":47457,"url":"https:\/\/www.grieta.org.mx\/index.php\/2020\/04\/06\/abogan-28-ombudsperson-por-migrantes-y-urgen-alternativas-a-la-detencion\/","url_meta":{"origin":35025,"position":2},"title":"Abogan 28 ombudsperson por migrantes y urgen \u201calternativas a la detenci\u00f3n\u201d","author":"grieta","date":"6 abril, 2020","format":false,"excerpt":"Gloria Leticia D\u00edaz\/ PROCESO CIUDAD DE M\u00c9XICO (apro).- Ante la vulnerabilidad de las personas migrantes concentradas en estaciones migratorias frente a la emergencia sanitaria por la pandemia de covid-19, 28 ombudsperson que forman parte de la Federaci\u00f3n Mexicana de Organismos P\u00fablicos de Derechos Humanos (FMOPDH) exigieron al gobierno federal buscar\u2026","rel":"","context":"En &quot;CINTILLO&quot;","block_context":{"text":"CINTILLO","link":"https:\/\/www.grieta.org.mx\/index.php\/category\/cintillo\/"},"img":{"alt_text":"","src":"https:\/\/i0.wp.com\/www.grieta.org.mx\/wp-content\/uploads\/2020\/04\/tenosique-estacion.jpg?resize=350%2C200&ssl=1","width":350,"height":200,"srcset":"https:\/\/i0.wp.com\/www.grieta.org.mx\/wp-content\/uploads\/2020\/04\/tenosique-estacion.jpg?resize=350%2C200&ssl=1 1x, https:\/\/i0.wp.com\/www.grieta.org.mx\/wp-content\/uploads\/2020\/04\/tenosique-estacion.jpg?resize=525%2C300&ssl=1 1.5x, https:\/\/i0.wp.com\/www.grieta.org.mx\/wp-content\/uploads\/2020\/04\/tenosique-estacion.jpg?resize=700%2C400&ssl=1 2x"},"classes":[]},{"id":19844,"url":"https:\/\/www.grieta.org.mx\/index.php\/2016\/08\/14\/40-ninos-originarios-de-aguascalientes-han-sido-repatriados-desde-eu\/","url_meta":{"origin":35025,"position":3},"title":"40 ni\u00f1os originarios de Aguascalientes han sido repatriados desde EU","author":"grieta","date":"14 agosto, 2016","format":false,"excerpt":"Hilda Hermosillo, Aguascalientes. De enero a junio de 2016, mil 129 aguascalentenses -mil 82 hombres y 47 mujeres- fueron repatriados desde Estados Unidos (EU), entre ellos, 40 menores de edad que en su mayor\u00eda no se encontraban con ning\u00fan adulto durante su tr\u00e1nsito. Seg\u00fan estad\u00edsticas de la Unidad de Pol\u00edtica\u2026","rel":"","context":"En &quot;Aguascalientes&quot;","block_context":{"text":"Aguascalientes","link":"https:\/\/www.grieta.org.mx\/index.php\/category\/noticias-nacionales\/aguascalientes\/"},"img":{"alt_text":"","src":"https:\/\/i0.wp.com\/www.grieta.org.mx\/wp-content\/uploads\/2018\/03\/14524434_1106112876131411_958039263622046936_o.jpg?resize=350%2C200&ssl=1","width":350,"height":200,"srcset":"https:\/\/i0.wp.com\/www.grieta.org.mx\/wp-content\/uploads\/2018\/03\/14524434_1106112876131411_958039263622046936_o.jpg?resize=350%2C200&ssl=1 1x, https:\/\/i0.wp.com\/www.grieta.org.mx\/wp-content\/uploads\/2018\/03\/14524434_1106112876131411_958039263622046936_o.jpg?resize=525%2C300&ssl=1 1.5x, https:\/\/i0.wp.com\/www.grieta.org.mx\/wp-content\/uploads\/2018\/03\/14524434_1106112876131411_958039263622046936_o.jpg?resize=700%2C400&ssl=1 2x"},"classes":[]},{"id":65606,"url":"https:\/\/www.grieta.org.mx\/index.php\/2022\/10\/18\/incrementa-hasta-500-por-ciento-llegada-de-migrantes-a-aguascalientes\/","url_meta":{"origin":35025,"position":4},"title":"Incrementa hasta 500 por ciento llegada de migrantes a Aguascalientes","author":"grieta","date":"18 octubre, 2022","format":false,"excerpt":"Juan Pablo Garc\u00eda\/El Heraldo de M\u00e9xico 18 octubre 2022 El a\u00f1o pasado se tuvo una importante llegada de personas indocumentadas a nuestro estado y se espera que en estos meses incremente la cifra, por lo que es necesario que se cuente con un albergue m\u00e1s grande para migrantes de paso,\u2026","rel":"","context":"En &quot;Aguascalientes&quot;","block_context":{"text":"Aguascalientes","link":"https:\/\/www.grieta.org.mx\/index.php\/category\/noticias-nacionales\/aguascalientes\/"},"img":{"alt_text":"","src":"https:\/\/i0.wp.com\/www.grieta.org.mx\/wp-content\/uploads\/2022\/10\/f960x540-598099_672174_0.jpg?resize=350%2C200&ssl=1","width":350,"height":200,"srcset":"https:\/\/i0.wp.com\/www.grieta.org.mx\/wp-content\/uploads\/2022\/10\/f960x540-598099_672174_0.jpg?resize=350%2C200&ssl=1 1x, https:\/\/i0.wp.com\/www.grieta.org.mx\/wp-content\/uploads\/2022\/10\/f960x540-598099_672174_0.jpg?resize=525%2C300&ssl=1 1.5x, https:\/\/i0.wp.com\/www.grieta.org.mx\/wp-content\/uploads\/2022\/10\/f960x540-598099_672174_0.jpg?resize=700%2C400&ssl=1 2x"},"classes":[]},{"id":48199,"url":"https:\/\/www.grieta.org.mx\/index.php\/2020\/04\/20\/organizaciones-presentan-amparo-ante-detencion-discriminatoria-de-migrantes\/","url_meta":{"origin":35025,"position":5},"title":"Organizaciones presentan amparo ante detenci\u00f3n discriminatoria de migrantes","author":"grieta","date":"20 abril, 2020","format":false,"excerpt":"Nayeli Escalona\/ CONTRAL\u00cdNEA M\u00e1s de 40 organizaciones de la sociedad civil promovieron un amparo ante Juzgados de Distrito en materia Administrativa de la Ciudad de M\u00e9xico contra las negligencias cometidas para salvaguardar la salud e integridad de las personas migrantes \u2013solicitantes de protecci\u00f3n internacional\u2013 detenidas en instalaciones del Instituto Nacional\u2026","rel":"","context":"En &quot;CINTILLO&quot;","block_context":{"text":"CINTILLO","link":"https:\/\/www.grieta.org.mx\/index.php\/category\/cintillo\/"},"img":{"alt_text":"","src":"https:\/\/i0.wp.com\/www.grieta.org.mx\/wp-content\/uploads\/2020\/04\/cuartoscuro_754260_digital.jpeg?resize=350%2C200&ssl=1","width":350,"height":200,"srcset":"https:\/\/i0.wp.com\/www.grieta.org.mx\/wp-content\/uploads\/2020\/04\/cuartoscuro_754260_digital.jpeg?resize=350%2C200&ssl=1 1x, https:\/\/i0.wp.com\/www.grieta.org.mx\/wp-content\/uploads\/2020\/04\/cuartoscuro_754260_digital.jpeg?resize=525%2C300&ssl=1 1.5x"},"classes":[]}],"_links":{"self":[{"href":"https:\/\/www.grieta.org.mx\/index.php\/wp-json\/wp\/v2\/posts\/35025","targetHints":{"allow":["GET"]}}],"collection":[{"href":"https:\/\/www.grieta.org.mx\/index.php\/wp-json\/wp\/v2\/posts"}],"about":[{"href":"https:\/\/www.grieta.org.mx\/index.php\/wp-json\/wp\/v2\/types\/post"}],"author":[{"embeddable":true,"href":"https:\/\/www.grieta.org.mx\/index.php\/wp-json\/wp\/v2\/users\/2"}],"replies":[{"embeddable":true,"href":"https:\/\/www.grieta.org.mx\/index.php\/wp-json\/wp\/v2\/comments?post=35025"}],"version-history":[{"count":1,"href":"https:\/\/www.grieta.org.mx\/index.php\/wp-json\/wp\/v2\/posts\/35025\/revisions"}],"predecessor-version":[{"id":35266,"href":"https:\/\/www.grieta.org.mx\/index.php\/wp-json\/wp\/v2\/posts\/35025\/revisions\/35266"}],"wp:featuredmedia":[{"embeddable":true,"href":"https:\/\/www.grieta.org.mx\/index.php\/wp-json\/wp\/v2\/media\/35026"}],"wp:attachment":[{"href":"https:\/\/www.grieta.org.mx\/index.php\/wp-json\/wp\/v2\/media?parent=35025"}],"wp:term":[{"taxonomy":"category","embeddable":true,"href":"https:\/\/www.grieta.org.mx\/index.php\/wp-json\/wp\/v2\/categories?post=35025"},{"taxonomy":"post_tag","embeddable":true,"href":"https:\/\/www.grieta.org.mx\/index.php\/wp-json\/wp\/v2\/tags?post=35025"}],"curies":[{"name":"wp","href":"https:\/\/api.w.org\/{rel}","templated":true}]}}