{"id":34975,"date":"2019-06-17T18:04:43","date_gmt":"2019-06-17T23:04:43","guid":{"rendered":"http:\/\/www.grieta.org.mx\/?p=34975"},"modified":"2019-06-18T18:33:46","modified_gmt":"2019-06-18T23:33:46","slug":"cierran-300-unidades-urbanas-del-imss","status":"publish","type":"post","link":"https:\/\/www.grieta.org.mx\/index.php\/2019\/06\/17\/cierran-300-unidades-urbanas-del-imss\/","title":{"rendered":"Cierran 300 unidades urbanas del IMSS"},"content":{"rendered":"<p><img loading=\"lazy\" decoding=\"async\" data-attachment-id=\"34976\" data-permalink=\"https:\/\/www.grieta.org.mx\/index.php\/2019\/06\/17\/cierran-300-unidades-urbanas-del-imss\/300-unidades\/\" data-orig-file=\"https:\/\/www.grieta.org.mx\/wp-content\/uploads\/2019\/06\/300-unidades.jpg\" data-orig-size=\"651,400\" data-comments-opened=\"0\" data-image-meta=\"{&quot;aperture&quot;:&quot;0&quot;,&quot;credit&quot;:&quot;&quot;,&quot;camera&quot;:&quot;&quot;,&quot;caption&quot;:&quot;&quot;,&quot;created_timestamp&quot;:&quot;0&quot;,&quot;copyright&quot;:&quot;&quot;,&quot;focal_length&quot;:&quot;0&quot;,&quot;iso&quot;:&quot;0&quot;,&quot;shutter_speed&quot;:&quot;0&quot;,&quot;title&quot;:&quot;&quot;,&quot;orientation&quot;:&quot;0&quot;}\" data-image-title=\"300-unidades\" data-image-description=\"\" data-image-caption=\"\" data-medium-file=\"https:\/\/www.grieta.org.mx\/wp-content\/uploads\/2019\/06\/300-unidades-300x184.jpg\" data-large-file=\"https:\/\/www.grieta.org.mx\/wp-content\/uploads\/2019\/06\/300-unidades.jpg\" class=\" wp-image-34976 aligncenter\" src=\"http:\/\/www.grieta.org.mx\/wp-content\/uploads\/2019\/06\/300-unidades-300x184.jpg\" alt=\"\" width=\"762\" height=\"467\" srcset=\"https:\/\/www.grieta.org.mx\/wp-content\/uploads\/2019\/06\/300-unidades-300x184.jpg 300w, https:\/\/www.grieta.org.mx\/wp-content\/uploads\/2019\/06\/300-unidades.jpg 651w\" sizes=\"auto, (max-width: 762px) 100vw, 762px\" \/><\/p>\n<p><em>Operaban en zonas urbanas y atend\u00edan a poblaci\u00f3n adscrita a Prospera; doctores y personal de 18 entidades denuncian despidos sin indemnizaci\u00f3n<\/em><\/p>\n<p>Perla Miranda \/ El Universal<\/p>\n<p>El logo del IMSS de la Unidad M\u00e9dica Urbana (UMU) de La Noria apenas se ve. Unas rejas impiden el acceso a vecinos de Xochimilco afiliados al antiguo programa Prospera \u2014ahora IMSS-Bienestar\u2014 que se atend\u00edan ah\u00ed. No es la \u00fanica cl\u00ednica que cerr\u00f3. M\u00e9dicos y enfermeras de las UMU de 18 entidades denunciaron que fueron despedidos, en algunos casos sin indemnizaci\u00f3n, y a todos se les pidi\u00f3 entregar las instalaciones a m\u00e1s tardar el 15 de junio.<\/p>\n<p>De acuerdo con el oficio 59 54 61 0722\/1727, firmado por Gisela Juliana Lara Salda\u00f1a, encargada de la Unidad del Programa IMSS-Bienestar, se inform\u00f3 que debido a la conclusi\u00f3n del proyecto Prospera y su transformaci\u00f3n al nuevo Programa de Becas para el Bienestar de Educaci\u00f3n B\u00e1sica Benito Ju\u00e1rez, IMSS- Bienestar ya no recibir\u00e1 los recursos que Prospera proporcionaba al ramo 12 del Presupuesto de Egresos de la Federaci\u00f3n, sino que ahora se entregar\u00eda a los beneficiarios, por lo que las Unidades M\u00e9dicas Urbanas\u00a0tendr\u00edan que dejar de operar.<\/p>\n<p>\u201cMe permito hacer de su conocimiento los lineamientos a seguir para el cierre de operaciones y conclusi\u00f3n de los servicios que se proporcionaban a las familias beneficiarias de Prospera en las Unidades M\u00e9dicas Urbanas\u201d, cita el documento del que EL UNIVERSAL\u00a0tiene copia.<\/p>\n<p>De acuerdo con el cat\u00e1logo de infraestructura del IMSS-Bienestar, a nivel nacional existen 315 Unidades M\u00e9dicas Urbanas distribuidas en 28 entidades federativas. Su principal tarea era brindar servicios m\u00e9dicos a la poblaci\u00f3n sin seguridad social que habita zonas urbanas marginadas; en cada una laboraban alrededor de uno o dos equipos integrados por un m\u00e9dico, dos enfermeras, un promotor de acci\u00f3n comunitaria, un administrador y una secretaria.<\/p>\n<p>Sin embargo, el pasado 26 de mayo, al conmemorar el 40 aniversario de IMSS-Bienestar, Zo\u00e9 Robledo, director general del instituto, mencion\u00f3 que este programa cuenta con 4 mil 86 unidades m\u00e9dicas, de las cuales 15 son UMU. No obstante, no explic\u00f3 qu\u00e9 pas\u00f3 con las otras 300.<\/p>\n<p>En dicho evento, el funcionario afirm\u00f3 que no habr\u00eda recortes de personal m\u00e9dico, \u201cporque es al que m\u00e1s tenemos que proteger. All\u00ed es donde la gente reclama atenci\u00f3n\u201d.<\/p>\n<p>Pero un recuento hecho por esta casa editorial detect\u00f3 el cierre de UMU en Puebla, Guanajuato, Morelos, Sonora, San Luis Potos\u00ed, Oaxaca, Chiapas, Hidalgo, Guerrero, Veracruz, Michoac\u00e1n, Tlaxcala, Ciudad de M\u00e9xico, Coahuila, Durango, Zacatecas, Estado de M\u00e9xico y Campeche.<\/p>\n<p>Empleados que trabajaron en ellas por m\u00e1s de 10 a\u00f1os comentaron a EL UNIVERSAL que es una l\u00e1stima el maltrato laboral que sufrieron; tambi\u00e9n denunciaron malas condiciones y que el cierre de estas cl\u00ednicas afectar\u00e1 a los mexicanos m\u00e1s vulnerables.<\/p>\n<p>\u201cNo tenemos seguridad social, estamos contratados por honorarios, no generamos antig\u00fcedad y muchas veces se retrasaron nuestros pagos, [pero] eso no import\u00f3 nunca, y ahora nos corren sin liquidaci\u00f3n, no hay oportunidad de reubicarnos y lo peor es que la gente que ven\u00eda para controlar su diabetes, hipertensi\u00f3n o a darle seguimiento a su embarazo se qued\u00f3 sin ese servicio\u201d, dijo la enfermera Tania Rinc\u00f3n, quien trabaj\u00f3 en la UMU Ocotal 2, en la alcald\u00eda Magdalena Contreras.<\/p>\n<p>Octavio M\u00e9ndez, quien labor\u00f3 como m\u00e9dico en una UMU de Guanajuato, expres\u00f3 que luego de ser despedidos, a algunos compa\u00f1eros se les ofreci\u00f3 una plaza en alguna Unidad M\u00e9dica Rural (UMR), pero las vacantes son muy pocas si se comparan con el n\u00famero de profesionales despedidos; adem\u00e1s, para el personal de enfermer\u00eda el panorama es m\u00e1s complicado.<\/p>\n<p>\u201cOfrecieron una plaza similar, pero en las UMR, a donde los pasantes no van, aunque son muy pocas. Tan s\u00f3lo en Guanajuato somos 25 m\u00e9dicos los que perdimos nuestro trabajo y los lugares que ofrecen no llegan ni a 100. Para las enfermeras la situaci\u00f3n es m\u00e1s grave, porque no hay vacantes\u201d, dijo.<\/p>\n<p>Karina Herrera se desempe\u00f1\u00f3 como m\u00e9dico en la UMU 1 de Coahuila, la cual ya cerr\u00f3. Sus compa\u00f1eros de los municipios de Saltillo y Casta\u00f1os fueron reubicados en una UMR y hay posibilidad de que un m\u00e9dico y una enfermera lleguen a la \u00fanica UMU que sobrevive en la entidad y que se encuentra en Torre\u00f3n.<\/p>\n<p>\u201cNo entiendo por qu\u00e9 quitan las UMU si podemos trabajar como consulta externa para toda la gente que no tiene seguro social\u201d, dijo.<\/p>\n<p>En Veracruz, el m\u00e9dico Miguel Mart\u00ednez Gonz\u00e1lez explic\u00f3 que en la delegaci\u00f3n norte de esa entidad hab\u00eda 19 Unidades M\u00e9dicas Urbanas y atend\u00edan a alrededor de 44 mil 677 habitantes.<\/p>\n<p>\u201cActualmente, ya todas estas unidades se encuentran sin dar servicio. A la gente no sab\u00edamos ni qu\u00e9 decirle: nos preguntaban d\u00f3nde se atender\u00edan, pero a nosotros no nos dieron detalles, s\u00f3lo nos pidieron entregar las instalaciones. Con respecto a nosotros, nunca tuvimos ni seguridad social ni ninguna prestaci\u00f3n de ley\u201d, se\u00f1al\u00f3.<\/p>\n<p>Personal de UMU de Hidalgo, Estado de M\u00e9xico, Michoac\u00e1n, Campeche, Oaxaca y Tlaxcala dieron a conocer que les deben dos meses de salario y que para pagarles los condicionaron a realizar inventarios de los insumos en cada cl\u00ednica y a hacer efectiva la entrega-recepci\u00f3n.<\/p>\n<p>\u201cEn Hidalgo se cerraron seis centros de salud de este tipo: Sahag\u00fan, Pachuca, Tulancingo, Santiago Tulantepec, Ixmiquilpan y Tula. Nos deben dos meses de salario y aseguran que el pago sale la \u00faltima semana de junio, pero la indicaci\u00f3n es guardar todo en cajas, cuadrar inventario y esperar la entrega-recepci\u00f3n; si no lo hacemos, no hay sueldo\u201d, mencion\u00f3 un m\u00e9dico que prefiri\u00f3 omitir su nombre.<\/p>\n<p>El documento 59 54 61 0722\/1727 se\u00f1ala que el pr\u00f3ximo 30 de julio \u201cser\u00e1n dadas de baja la totalidad de claves y combinaciones presupuestales, unidades de informaci\u00f3n, claves de ubicaci\u00f3n y centros de costos del \u00e1mbito urbano, por lo que la delegaci\u00f3n deber\u00e1 asegurarse de que el presupuesto designado en el centro de costos 073206 podr\u00e1 ser reordenado a los centros del \u00e1mbito rural\u201d.<\/p>\n<p>Adem\u00e1s, se indica que a m\u00e1s tardar el 30 de junio ser\u00e1 retirada la totalidad del presupuesto no ejercido en estas cl\u00ednicas y el enlace de la Unidad del Programa IMSS-Bienestar. El designado para atender los asuntos relacionados al cierre de operaciones financieras ser\u00e1 Armando I. Olvera Infante, jefe del departamento de Recursos Financieros del IMSS y a quien EL UNIVERSAL solicit\u00f3 entrevistar pero hasta el cierre de esta edici\u00f3n no hubo respuesta.<\/p>\n<p><a href=\"https:\/\/www.eluniversal.com.mx\/nacion\/cierran-300-unidades-urbanas-del-imss\">https:\/\/www.eluniversal.com.mx\/nacion\/cierran-300-unidades-urbanas-del-imss<\/a><\/p>\n","protected":false},"excerpt":{"rendered":"<p>Operaban en zonas urbanas y atend\u00edan a poblaci\u00f3n adscrita a Prospera; doctores y personal de 18 entidades denuncian despidos sin indemnizaci\u00f3n Perla Miranda \/ El Universal El logo del IMSS &hellip; <a href=\"https:\/\/www.grieta.org.mx\/index.php\/2019\/06\/17\/cierran-300-unidades-urbanas-del-imss\/\" class=\"more-link\">Leer m\u00e1s<\/a><\/p>\n","protected":false},"author":2,"featured_media":34976,"comment_status":"closed","ping_status":"closed","sticky":false,"template":"","format":"standard","meta":{"ngg_post_thumbnail":0,"_jetpack_newsletter_access":"","_jetpack_dont_email_post_to_subs":false,"_jetpack_newsletter_tier_id":0,"_jetpack_memberships_contains_paywalled_content":false,"_jetpack_memberships_contains_paid_content":false,"footnotes":""},"categories":[11,80,14,419,918,15,16,17,18,19,21,22,2,25,26,29,31,83,34,35,76],"tags":[2367,893,2576],"class_list":["post-34975","post","type-post","status-publish","format-standard","has-post-thumbnail","hentry","category-campeche","category-cintillo","category-ciudad-de-mexico","category-coahuila","category-privatizacion-del-sector-salud","category-durango","category-estado-de-mexico","category-guanajuato","category-guerrero","category-hidalgo","category-michoacan","category-morelos","category-noticias-nacionales","category-oaxaca","category-puebla","category-san-luis-potosi","category-sonora","category-temas-nacionales","category-tlaxcala","category-veracruz","category-zacatecas","tag-crisis-en-el-sector-salud","tag-privatizacion-de-la-salud","tag-reduccion-de-presupuesto-al-sector-salud","entry"],"jetpack_featured_media_url":"https:\/\/www.grieta.org.mx\/wp-content\/uploads\/2019\/06\/300-unidades.jpg","jetpack_sharing_enabled":true,"jetpack_shortlink":"https:\/\/wp.me\/p7ZJR4-967","jetpack_likes_enabled":false,"jetpack-related-posts":[{"id":35434,"url":"https:\/\/www.grieta.org.mx\/index.php\/2019\/06\/17\/cierre-de-unidades-medicas-ha-dejado-a-40-mil-personas-sin-atencion-en-guanajuato\/","url_meta":{"origin":34975,"position":0},"title":"Cierre de Unidades M\u00e9dicas ha dejado a 40 mil personas sin atenci\u00f3n en Guanajuato","author":"grieta","date":"17 junio, 2019","format":false,"excerpt":"Newsweek M\u00e9xico, 17 de junio de 2019 Guanajuato.- Los m\u00e9dicos, enfermeras y trabajadores de las Unidades M\u00e9dicas Urbanas (UMU) del IMSS han denunciado despidos injustificados sin liquidaci\u00f3n debido al cierre de m\u00e1s de 300 unidades que brindaban atenci\u00f3n a personas sin seguridad social. En Guanajuato al menos ocho UMU han\u2026","rel":"","context":"En &quot;CINTILLO&quot;","block_context":{"text":"CINTILLO","link":"https:\/\/www.grieta.org.mx\/index.php\/category\/cintillo\/"},"img":{"alt_text":"","src":"https:\/\/i0.wp.com\/www.grieta.org.mx\/wp-content\/uploads\/2019\/06\/60978559_1107320816130378_9218077132452790272_n-750x530.jpg?resize=350%2C200&ssl=1","width":350,"height":200,"srcset":"https:\/\/i0.wp.com\/www.grieta.org.mx\/wp-content\/uploads\/2019\/06\/60978559_1107320816130378_9218077132452790272_n-750x530.jpg?resize=350%2C200&ssl=1 1x, https:\/\/i0.wp.com\/www.grieta.org.mx\/wp-content\/uploads\/2019\/06\/60978559_1107320816130378_9218077132452790272_n-750x530.jpg?resize=525%2C300&ssl=1 1.5x, https:\/\/i0.wp.com\/www.grieta.org.mx\/wp-content\/uploads\/2019\/06\/60978559_1107320816130378_9218077132452790272_n-750x530.jpg?resize=700%2C400&ssl=1 2x"},"classes":[]},{"id":36789,"url":"https:\/\/www.grieta.org.mx\/index.php\/2019\/07\/17\/despide-imss-a-741-medicos-y-enfermeras\/","url_meta":{"origin":34975,"position":1},"title":"Despide IMSS a 741 m\u00e9dicos y enfermeras","author":"Admin","date":"17 julio, 2019","format":false,"excerpt":"Redacci\u00f3n \/ Reforma Ciudad de M\u00e9xico\u2014 El Seguro Social prescindi\u00f3 de 741 trabajadores del \u00e1rea m\u00e9dica, 371 m\u00e9dicos y 370 enfermeras, que laboraban bajo el r\u00e9gimen de honorarios en Unidades M\u00e9dicas Urbanas del programa IMSS Bienestar. Este personal de salud ya no fue recontratado debido a que, por la desaparici\u00f3n\u2026","rel":"","context":"En &quot;CINTILLO&quot;","block_context":{"text":"CINTILLO","link":"https:\/\/www.grieta.org.mx\/index.php\/category\/cintillo\/"},"img":{"alt_text":"","src":"https:\/\/i0.wp.com\/www.grieta.org.mx\/wp-content\/uploads\/2019\/07\/20190617030033372-0-1528651.jpg?resize=350%2C200&ssl=1","width":350,"height":200,"srcset":"https:\/\/i0.wp.com\/www.grieta.org.mx\/wp-content\/uploads\/2019\/07\/20190617030033372-0-1528651.jpg?resize=350%2C200&ssl=1 1x, https:\/\/i0.wp.com\/www.grieta.org.mx\/wp-content\/uploads\/2019\/07\/20190617030033372-0-1528651.jpg?resize=525%2C300&ssl=1 1.5x, https:\/\/i0.wp.com\/www.grieta.org.mx\/wp-content\/uploads\/2019\/07\/20190617030033372-0-1528651.jpg?resize=700%2C400&ssl=1 2x"},"classes":[]},{"id":41046,"url":"https:\/\/www.grieta.org.mx\/index.php\/2019\/11\/06\/denuncian-falta-de-aplicacion-de-quimioterapias-en-el-imss-colima\/","url_meta":{"origin":34975,"position":2},"title":"Denuncian falta de aplicaci\u00f3n de quimioterapias en el IMSS Colima","author":"grieta","date":"6 noviembre, 2019","format":false,"excerpt":"Foto Colima Noticias Juan Carlos Flores \/ Colima Noticias Colima, Col.- Derechohabientes del Instituto Mexicano del Seguro Social (Imss) denunciaron que no est\u00e1n aplicando quimioterapias a pacientes del Hospital de Colima. A trav\u00e9s de una denuncia presentada a este medio, la usuaria Ofis Valle se\u00f1al\u00f3 que su madre no ha\u2026","rel":"","context":"En &quot;CINTILLO&quot;","block_context":{"text":"CINTILLO","link":"https:\/\/www.grieta.org.mx\/index.php\/category\/cintillo\/"},"img":{"alt_text":"","src":"https:\/\/i0.wp.com\/www.grieta.org.mx\/wp-content\/uploads\/2019\/11\/imss-seguro-social-archivo-696x522.jpeg?resize=350%2C200&ssl=1","width":350,"height":200,"srcset":"https:\/\/i0.wp.com\/www.grieta.org.mx\/wp-content\/uploads\/2019\/11\/imss-seguro-social-archivo-696x522.jpeg?resize=350%2C200&ssl=1 1x, https:\/\/i0.wp.com\/www.grieta.org.mx\/wp-content\/uploads\/2019\/11\/imss-seguro-social-archivo-696x522.jpeg?resize=525%2C300&ssl=1 1.5x"},"classes":[]},{"id":35033,"url":"https:\/\/www.grieta.org.mx\/index.php\/2019\/06\/18\/exigen-a-amlo-no-quitar-hemodialisis-del-imss-sinaloa\/","url_meta":{"origin":34975,"position":3},"title":"Exigen a AMLO no quitar hemodi\u00e1lisis del IMSS (Sinaloa)","author":"grieta","date":"18 junio, 2019","format":false,"excerpt":"Derechohabientes del IMSS se manifiestan en las afueras del instituto para exigir que el presidente de la Rep\u00fablica, Andr\u00e9s Manuel L\u00f3pez Obrador, no les quite el recurso al \u00e1rea de la salud Blanca Regalado \/ El Debate Mazatl\u00e1n, Sinaloa.- Concepci\u00f3n Becerra, llorando le exige al presidente la rep\u00fablica, Andr\u00e9s Manuel\u2026","rel":"","context":"En &quot;CINTILLO&quot;","block_context":{"text":"CINTILLO","link":"https:\/\/www.grieta.org.mx\/index.php\/category\/cintillo\/"},"img":{"alt_text":"","src":"https:\/\/i0.wp.com\/www.grieta.org.mx\/wp-content\/uploads\/2019\/06\/f1d24030-3ef8-49f3-877e-2e0ec974bfe0_crop1560876923444.jpg_1727466156.jpg?resize=350%2C200&ssl=1","width":350,"height":200,"srcset":"https:\/\/i0.wp.com\/www.grieta.org.mx\/wp-content\/uploads\/2019\/06\/f1d24030-3ef8-49f3-877e-2e0ec974bfe0_crop1560876923444.jpg_1727466156.jpg?resize=350%2C200&ssl=1 1x, https:\/\/i0.wp.com\/www.grieta.org.mx\/wp-content\/uploads\/2019\/06\/f1d24030-3ef8-49f3-877e-2e0ec974bfe0_crop1560876923444.jpg_1727466156.jpg?resize=525%2C300&ssl=1 1.5x, https:\/\/i0.wp.com\/www.grieta.org.mx\/wp-content\/uploads\/2019\/06\/f1d24030-3ef8-49f3-877e-2e0ec974bfe0_crop1560876923444.jpg_1727466156.jpg?resize=700%2C400&ssl=1 2x"},"classes":[]},{"id":69948,"url":"https:\/\/www.grieta.org.mx\/index.php\/2024\/09\/13\/con-marcha-trabajadores-de-salud-y-de-educacion-rechazan-al-imss-bienestar-oaxaca\/","url_meta":{"origin":34975,"position":4},"title":"Con marcha, trabajadores de salud y de educaci\u00f3n rechazan al IMSS Bienestar (Oaxaca)","author":"grieta","date":"13 septiembre, 2024","format":false,"excerpt":"Imagen: Itsmopress Diana Manzo \/ Itsmopress #Oaxaca 13 Sep (#Istmopress) \u2013 Con una marcha por las principales calles de la capital de Oaxaca, unos 600 trabajadores sindicalizados de la secci\u00f3n 35 del Sector Salud y de la secci\u00f3n 22 de la CNTE rechazaron el traslado de los Servicios de Salud\u2026","rel":"","context":"En &quot;CINTILLO&quot;","block_context":{"text":"CINTILLO","link":"https:\/\/www.grieta.org.mx\/index.php\/category\/cintillo\/"},"img":{"alt_text":"","src":"https:\/\/i0.wp.com\/www.grieta.org.mx\/wp-content\/uploads\/2024\/09\/1726286512221.jpg?resize=350%2C200&ssl=1","width":350,"height":200,"srcset":"https:\/\/i0.wp.com\/www.grieta.org.mx\/wp-content\/uploads\/2024\/09\/1726286512221.jpg?resize=350%2C200&ssl=1 1x, https:\/\/i0.wp.com\/www.grieta.org.mx\/wp-content\/uploads\/2024\/09\/1726286512221.jpg?resize=525%2C300&ssl=1 1.5x, https:\/\/i0.wp.com\/www.grieta.org.mx\/wp-content\/uploads\/2024\/09\/1726286512221.jpg?resize=700%2C400&ssl=1 2x, https:\/\/i0.wp.com\/www.grieta.org.mx\/wp-content\/uploads\/2024\/09\/1726286512221.jpg?resize=1050%2C600&ssl=1 3x"},"classes":[]},{"id":43162,"url":"https:\/\/www.grieta.org.mx\/index.php\/2020\/01\/16\/derechohabientes-de-la-unidad-medicina-familiar-2-del-imss-denuncian-falta-de-medicamentos-jalisco\/","url_meta":{"origin":34975,"position":5},"title":"Derechohabientes de la Unidad Medicina Familiar 2 del IMSS denuncian falta de medicamentos (Jalisco)","author":"grieta","date":"16 enero, 2020","format":false,"excerpt":"Imagen: Isaura L\u00f3pez Villalobos Algunos hac\u00edan fila en el m\u00f3dulo de atenci\u00f3n y orientaci\u00f3n de la Unidad M\u00e9dica para pedir informaci\u00f3n sobre su tratamiento Isaura L\u00f3pez Villalobos \/ UDGTV Guadalajara, Jalisco. En la Unidad Medicina Familiar n\u00famero 2 del IMSS Jalisco derechohabientes denuncian la falta de medicamentos. Algunos hac\u00edan fila\u2026","rel":"","context":"En &quot;CINTILLO&quot;","block_context":{"text":"CINTILLO","link":"https:\/\/www.grieta.org.mx\/index.php\/category\/cintillo\/"},"img":{"alt_text":"","src":"https:\/\/i0.wp.com\/www.grieta.org.mx\/wp-content\/uploads\/2020\/01\/IMSS-falta-medicamentos-Isaura-L%C3%B3pez-Villalobos-2-696x522.jpeg?resize=350%2C200&ssl=1","width":350,"height":200,"srcset":"https:\/\/i0.wp.com\/www.grieta.org.mx\/wp-content\/uploads\/2020\/01\/IMSS-falta-medicamentos-Isaura-L%C3%B3pez-Villalobos-2-696x522.jpeg?resize=350%2C200&ssl=1 1x, https:\/\/i0.wp.com\/www.grieta.org.mx\/wp-content\/uploads\/2020\/01\/IMSS-falta-medicamentos-Isaura-L%C3%B3pez-Villalobos-2-696x522.jpeg?resize=525%2C300&ssl=1 1.5x"},"classes":[]}],"_links":{"self":[{"href":"https:\/\/www.grieta.org.mx\/index.php\/wp-json\/wp\/v2\/posts\/34975","targetHints":{"allow":["GET"]}}],"collection":[{"href":"https:\/\/www.grieta.org.mx\/index.php\/wp-json\/wp\/v2\/posts"}],"about":[{"href":"https:\/\/www.grieta.org.mx\/index.php\/wp-json\/wp\/v2\/types\/post"}],"author":[{"embeddable":true,"href":"https:\/\/www.grieta.org.mx\/index.php\/wp-json\/wp\/v2\/users\/2"}],"replies":[{"embeddable":true,"href":"https:\/\/www.grieta.org.mx\/index.php\/wp-json\/wp\/v2\/comments?post=34975"}],"version-history":[{"count":1,"href":"https:\/\/www.grieta.org.mx\/index.php\/wp-json\/wp\/v2\/posts\/34975\/revisions"}],"predecessor-version":[{"id":34977,"href":"https:\/\/www.grieta.org.mx\/index.php\/wp-json\/wp\/v2\/posts\/34975\/revisions\/34977"}],"wp:featuredmedia":[{"embeddable":true,"href":"https:\/\/www.grieta.org.mx\/index.php\/wp-json\/wp\/v2\/media\/34976"}],"wp:attachment":[{"href":"https:\/\/www.grieta.org.mx\/index.php\/wp-json\/wp\/v2\/media?parent=34975"}],"wp:term":[{"taxonomy":"category","embeddable":true,"href":"https:\/\/www.grieta.org.mx\/index.php\/wp-json\/wp\/v2\/categories?post=34975"},{"taxonomy":"post_tag","embeddable":true,"href":"https:\/\/www.grieta.org.mx\/index.php\/wp-json\/wp\/v2\/tags?post=34975"}],"curies":[{"name":"wp","href":"https:\/\/api.w.org\/{rel}","templated":true}]}}