{"id":34777,"date":"2019-06-15T21:10:09","date_gmt":"2019-06-16T02:10:09","guid":{"rendered":"http:\/\/www.grieta.org.mx\/?p=34777"},"modified":"2019-06-15T23:35:07","modified_gmt":"2019-06-16T04:35:07","slug":"despiden-a-700-por-temor-a-aranceles-coahuila","status":"publish","type":"post","link":"https:\/\/www.grieta.org.mx\/index.php\/2019\/06\/15\/despiden-a-700-por-temor-a-aranceles-coahuila\/","title":{"rendered":"Despiden a 700 por temor a aranceles (Coahuila)"},"content":{"rendered":"<blockquote><p>La empresa decidi\u00f3 reagruparse en Reynosa<\/p><\/blockquote>\n<p>Edmundo Garza Lara\/ Z\u00d3CALO<\/p>\n<p><img loading=\"lazy\" decoding=\"async\" data-attachment-id=\"34778\" data-permalink=\"https:\/\/www.grieta.org.mx\/index.php\/2019\/06\/15\/despiden-a-700-por-temor-a-aranceles-coahuila\/remy\/\" data-orig-file=\"https:\/\/www.grieta.org.mx\/wp-content\/uploads\/2019\/06\/Remy.jpg\" data-orig-size=\"621,354\" data-comments-opened=\"0\" data-image-meta=\"{&quot;aperture&quot;:&quot;0&quot;,&quot;credit&quot;:&quot;&quot;,&quot;camera&quot;:&quot;&quot;,&quot;caption&quot;:&quot;&quot;,&quot;created_timestamp&quot;:&quot;0&quot;,&quot;copyright&quot;:&quot;&quot;,&quot;focal_length&quot;:&quot;0&quot;,&quot;iso&quot;:&quot;0&quot;,&quot;shutter_speed&quot;:&quot;0&quot;,&quot;title&quot;:&quot;&quot;,&quot;orientation&quot;:&quot;0&quot;}\" data-image-title=\"Remy\" data-image-description=\"\" data-image-caption=\"\" data-medium-file=\"https:\/\/www.grieta.org.mx\/wp-content\/uploads\/2019\/06\/Remy-300x171.jpg\" data-large-file=\"https:\/\/www.grieta.org.mx\/wp-content\/uploads\/2019\/06\/Remy.jpg\" src=\"http:\/\/www.grieta.org.mx\/wp-content\/uploads\/2019\/06\/Remy.jpg\" alt=\"\" width=\"621\" height=\"354\" class=\"alignleft size-full wp-image-34778\" srcset=\"https:\/\/www.grieta.org.mx\/wp-content\/uploads\/2019\/06\/Remy.jpg 621w, https:\/\/www.grieta.org.mx\/wp-content\/uploads\/2019\/06\/Remy-300x171.jpg 300w\" sizes=\"auto, (max-width: 621px) 100vw, 621px\" \/><\/p>\n<p>Saltillo, Coah.- La maquiladora Remy de Piedras Negras decidi\u00f3 cerrar sus puertas y despedir a casi 700 trabajadores por temor de los propietarios a que en el futuro cercano se apliquen aranceles por parte de Estados Unidos.<\/p>\n<p>As\u00ed, decidieron reagruparse en Reynosa en la planta que poseen en aquella frontera, dijo Jos\u00e9 Alberto Morales, dirigente de la CROC en el estado.<\/p>\n<p>\u201cHoy se liquid\u00f3 a casi 700 trabajadores de la empresa en presencia de autoridades laborales y de representantes del sindicato\u201d.<\/p>\n<p>El l\u00edder croquista explic\u00f3 que el grueso de los trabajadores ser\u00edan liquidados en el transcurso del d\u00eda y estableci\u00f3 que aproximadamente 100 seguir\u00e1n trabajando para terminar de desmontar la planta, proceso que llevar\u00e1 un mes.<\/p>\n<p>Morales N\u00fa\u00f1ez dijo que de acuerdo a versiones de los directivos de Remy, la decisi\u00f3n de llevar la planta local a Reynosa, obedece a la incertidumbre que existe entre los due\u00f1os por la posible aplicaci\u00f3n del Gobierno de EU de aranceles a los productos mexicanos.<\/p>\n<p>Los trabajadores recibir\u00edan el pago de su prima de antig\u00fcedad equivalente a 20 d\u00edas por a\u00f1o trabajado adem\u00e1s del resto de las prestaciones de ley.<\/p>\n<p><a href=\"http:\/\/www.zocalo.com.mx\/new_site\/articulo\/despiden-a-700-por-temor-a-aranceles\" rel=\"noopener noreferrer\" target=\"_blank\">http:\/\/www.zocalo.com.mx\/new_site\/articulo\/despiden-a-700-por-temor-a-aranceles<\/a><\/p>\n","protected":false},"excerpt":{"rendered":"<p>La empresa decidi\u00f3 reagruparse en Reynosa Edmundo Garza Lara\/ Z\u00d3CALO Saltillo, Coah.- La maquiladora Remy de Piedras Negras decidi\u00f3 cerrar sus puertas y despedir a casi 700 trabajadores por temor &hellip; <a href=\"https:\/\/www.grieta.org.mx\/index.php\/2019\/06\/15\/despiden-a-700-por-temor-a-aranceles-coahuila\/\" class=\"more-link\">Leer m\u00e1s<\/a><\/p>\n","protected":false},"author":2,"featured_media":34778,"comment_status":"closed","ping_status":"closed","sticky":false,"template":"","format":"standard","meta":{"ngg_post_thumbnail":0,"_jetpack_newsletter_access":"","_jetpack_dont_email_post_to_subs":false,"_jetpack_newsletter_tier_id":0,"_jetpack_memberships_contains_paywalled_content":false,"_jetpack_memberships_contains_paid_content":false,"footnotes":""},"categories":[419,1389,910,1388,2,83],"tags":[2105],"class_list":["post-34777","post","type-post","status-publish","format-standard","has-post-thumbnail","hentry","category-coahuila","category-conflictos-laborales-en-coahuila","category-explotacion-y-precariedad-laboral","category-explotacion-y-precariedad-laboral-en-coahuila","category-noticias-nacionales","category-temas-nacionales","tag-despidos-masivos","entry"],"jetpack_featured_media_url":"https:\/\/www.grieta.org.mx\/wp-content\/uploads\/2019\/06\/Remy.jpg","jetpack_sharing_enabled":true,"jetpack_shortlink":"https:\/\/wp.me\/p7ZJR4-92V","jetpack_likes_enabled":false,"jetpack-related-posts":[{"id":40382,"url":"https:\/\/www.grieta.org.mx\/index.php\/2019\/10\/11\/es-coahuila-primer-lugar-nacional-en-incapacidades-permanentes-laborales\/","url_meta":{"origin":34777,"position":0},"title":"Es Coahuila primer lugar nacional en incapacidades permanentes laborales","author":"grieta","date":"11 octubre, 2019","format":false,"excerpt":"Christian Mart\u00ednez\/ VANGUARDIA:MX Hay entidades como Nuevo Le\u00f3n, Baja California, Guanajuato, Jalisco, M\u00e9xico, CDMX, que tienen m\u00e1s trabajadores bajo el Seguro de Riesgo de Trabajo, sin embargo, Coahuila lidera en incapacidades La mayor\u00eda de los trabajadores en Coahuila est\u00e1n siendo incapacitados de forma permanente por quedar sordos, con los pulmones\u2026","rel":"","context":"En &quot;CINTILLO&quot;","block_context":{"text":"CINTILLO","link":"https:\/\/www.grieta.org.mx\/index.php\/category\/cintillo\/"},"img":{"alt_text":"","src":"https:\/\/i0.wp.com\/www.grieta.org.mx\/wp-content\/uploads\/2018\/03\/14524434_1106112876131411_958039263622046936_o.jpg?resize=350%2C200&ssl=1","width":350,"height":200,"srcset":"https:\/\/i0.wp.com\/www.grieta.org.mx\/wp-content\/uploads\/2018\/03\/14524434_1106112876131411_958039263622046936_o.jpg?resize=350%2C200&ssl=1 1x, https:\/\/i0.wp.com\/www.grieta.org.mx\/wp-content\/uploads\/2018\/03\/14524434_1106112876131411_958039263622046936_o.jpg?resize=525%2C300&ssl=1 1.5x, https:\/\/i0.wp.com\/www.grieta.org.mx\/wp-content\/uploads\/2018\/03\/14524434_1106112876131411_958039263622046936_o.jpg?resize=700%2C400&ssl=1 2x"},"classes":[]},{"id":40453,"url":"https:\/\/www.grieta.org.mx\/index.php\/2019\/10\/25\/confirman-despido-masivo-de-trabajadores-en-planta-john-deere-de-torreon-coahuila\/","url_meta":{"origin":34777,"position":1},"title":"Confirman despido masivo de trabajadores en planta John Deere de Torre\u00f3n (Coahuila)","author":"grieta","date":"25 octubre, 2019","format":false,"excerpt":"Se desconocen con exactitud las causas Elena Holgu\u00edn\/ EL SIGLO DE TORRE\u00d3N La titular de la dependencia, Nazira Zogbi Castro indic\u00f3 que se desconocen con exactitud las causas de estos despidos, aunque lo atribuy\u00f3 al cierre de algunas l\u00edneas de producci\u00f3n. (EL SIGLO DE TORRE\u00d3N) La empresa John Deere inici\u00f3\u2026","rel":"","context":"En &quot;CINTILLO&quot;","block_context":{"text":"CINTILLO","link":"https:\/\/www.grieta.org.mx\/index.php\/category\/cintillo\/"},"img":{"alt_text":"","src":"https:\/\/i0.wp.com\/www.grieta.org.mx\/wp-content\/uploads\/2019\/10\/John-Deere.jpeg?resize=350%2C200&ssl=1","width":350,"height":200,"srcset":"https:\/\/i0.wp.com\/www.grieta.org.mx\/wp-content\/uploads\/2019\/10\/John-Deere.jpeg?resize=350%2C200&ssl=1 1x, https:\/\/i0.wp.com\/www.grieta.org.mx\/wp-content\/uploads\/2019\/10\/John-Deere.jpeg?resize=525%2C300&ssl=1 1.5x, https:\/\/i0.wp.com\/www.grieta.org.mx\/wp-content\/uploads\/2019\/10\/John-Deere.jpeg?resize=700%2C400&ssl=1 2x"},"classes":[]},{"id":63672,"url":"https:\/\/www.grieta.org.mx\/index.php\/2022\/03\/02\/paro-laboral-en-maquiladora-de-reynosa-exigen-respeto-a-sus-derechos-tamaulipas\/","url_meta":{"origin":34777,"position":2},"title":"Paro laboral en maquiladora de Reynosa; exigen respeto a sus derechos (Tamaulipas)","author":"grieta","date":"2 marzo, 2022","format":false,"excerpt":"Rosal\u00eda Quint\u00e1\/HOYT.am 2 marzo 2022 Reynosa, Tamaulipas. - Trabajadores de la empresa maquiladora Kongsberg Auto Motive en Reynosa, realizaron este mi\u00e9rcoles un paro de labores para demandar el respeto a sus derechos, ya que informaron que la empresa fue vendida hace cuatro meses y no se les ha liquidado conforme\u2026","rel":"","context":"En &quot;CINTILLO&quot;","block_context":{"text":"CINTILLO","link":"https:\/\/www.grieta.org.mx\/index.php\/category\/cintillo\/"},"img":{"alt_text":"","src":"https:\/\/i0.wp.com\/www.grieta.org.mx\/wp-content\/uploads\/2022\/03\/Paro-laboral-en-maquiladora-de-Reynosa-exigen-respeto-a-sus-derechos.jpg?resize=350%2C200&ssl=1","width":350,"height":200,"srcset":"https:\/\/i0.wp.com\/www.grieta.org.mx\/wp-content\/uploads\/2022\/03\/Paro-laboral-en-maquiladora-de-Reynosa-exigen-respeto-a-sus-derechos.jpg?resize=350%2C200&ssl=1 1x, https:\/\/i0.wp.com\/www.grieta.org.mx\/wp-content\/uploads\/2022\/03\/Paro-laboral-en-maquiladora-de-Reynosa-exigen-respeto-a-sus-derechos.jpg?resize=525%2C300&ssl=1 1.5x, https:\/\/i0.wp.com\/www.grieta.org.mx\/wp-content\/uploads\/2022\/03\/Paro-laboral-en-maquiladora-de-Reynosa-exigen-respeto-a-sus-derechos.jpg?resize=700%2C400&ssl=1 2x"},"classes":[]},{"id":47022,"url":"https:\/\/www.grieta.org.mx\/index.php\/2020\/03\/31\/con-renuncias-voluntarias-sorpresivas-despiden-a-trabajadores-de-senda-en-monclova-la-empresa-cierra-por-completo-sus-viajes-coahuila\/","url_meta":{"origin":34777,"position":3},"title":"Con renuncias &#8216;voluntarias&#8217; sorpresivas despiden a trabajadores de Senda en Monclova La empresa cierra por completo sus viajes (Coahuila)","author":"grieta","date":"31 marzo, 2020","format":false,"excerpt":"Lidiet Mexicano\/ VANGUARDIA MX Decenas de trabajadores de autobuses Coahuilenses en Monclova denunciaron que la empresa Senda est\u00e1 despidiendo a todo su personal mediante renuncias voluntarias por cierre de sus instalaciones Decenas de trabajadores de autobuses Coahuilenses en Monclova denunciaron que la empresa Senda est\u00e1 despidiendo a todo su personal\u2026","rel":"","context":"En &quot;CINTILLO&quot;","block_context":{"text":"CINTILLO","link":"https:\/\/www.grieta.org.mx\/index.php\/category\/cintillo\/"},"img":{"alt_text":"","src":"https:\/\/i0.wp.com\/www.grieta.org.mx\/wp-content\/uploads\/2020\/03\/8_368.jpg?resize=350%2C200&ssl=1","width":350,"height":200,"srcset":"https:\/\/i0.wp.com\/www.grieta.org.mx\/wp-content\/uploads\/2020\/03\/8_368.jpg?resize=350%2C200&ssl=1 1x, https:\/\/i0.wp.com\/www.grieta.org.mx\/wp-content\/uploads\/2020\/03\/8_368.jpg?resize=525%2C300&ssl=1 1.5x, https:\/\/i0.wp.com\/www.grieta.org.mx\/wp-content\/uploads\/2020\/03\/8_368.jpg?resize=700%2C400&ssl=1 2x"},"classes":[]},{"id":28849,"url":"https:\/\/www.grieta.org.mx\/index.php\/2019\/02\/06\/despiden-a-empleados-de-smart-que-iniciaron-paro-laboral-tamaulipas\/","url_meta":{"origin":34777,"position":4},"title":"Despiden a empleados de Smart que iniciaron paro laboral (Tamaulipas)","author":"grieta","date":"6 febrero, 2019","format":false,"excerpt":"Marco Rodr\u00edguez \/ Hoy Tamaulipas Personal de Recursos Humanos les ofreci\u00f3 que regresaran a trabajar sin temor a tener problemas laborales con la empresa o el despido con el monto por a\u00f1os trabajados; la mayor\u00eda acept\u00f3 lo segundo Matamoros, Tamaulipas. - El departamento de Recursos Humanos del centro comercial Smart\u2026","rel":"","context":"En &quot;CINTILLO&quot;","block_context":{"text":"CINTILLO","link":"https:\/\/www.grieta.org.mx\/index.php\/category\/cintillo\/"},"img":{"alt_text":"","src":"https:\/\/i0.wp.com\/www.grieta.org.mx\/wp-content\/uploads\/2019\/02\/Despiden-a-empleados-de-Smart-que-iniciaron-paro-laboral-tama-feb.jpg?resize=350%2C200&ssl=1","width":350,"height":200,"srcset":"https:\/\/i0.wp.com\/www.grieta.org.mx\/wp-content\/uploads\/2019\/02\/Despiden-a-empleados-de-Smart-que-iniciaron-paro-laboral-tama-feb.jpg?resize=350%2C200&ssl=1 1x, https:\/\/i0.wp.com\/www.grieta.org.mx\/wp-content\/uploads\/2019\/02\/Despiden-a-empleados-de-Smart-que-iniciaron-paro-laboral-tama-feb.jpg?resize=525%2C300&ssl=1 1.5x, https:\/\/i0.wp.com\/www.grieta.org.mx\/wp-content\/uploads\/2019\/02\/Despiden-a-empleados-de-Smart-que-iniciaron-paro-laboral-tama-feb.jpg?resize=700%2C400&ssl=1 2x"},"classes":[]},{"id":47450,"url":"https:\/\/www.grieta.org.mx\/index.php\/2020\/04\/07\/protestan-trabajadores-por-temor-a-contagio-de-covid-19-coahuila\/","url_meta":{"origin":34777,"position":5},"title":"Protestan trabajadores por temor a contagio de COVID-19 (Coahuila)","author":"grieta","date":"7 abril, 2020","format":false,"excerpt":"Suspendieron labores y se manifestaron en el patio exterior de la empresa \u00a0 Fabiola P. Canedo\/ EL SIGLO DE TORRE\u00d3N Trabajadores de la empresa Yura suspendieron labores y se manifestaron en el patio exterior de la empresa, pues trascendi\u00f3 que una empleada ser\u00e1 aislada por presentar un cuadro sospechoso de\u2026","rel":"","context":"En &quot;CINTILLO&quot;","block_context":{"text":"CINTILLO","link":"https:\/\/www.grieta.org.mx\/index.php\/category\/cintillo\/"},"img":{"alt_text":"","src":"https:\/\/i0.wp.com\/www.grieta.org.mx\/wp-content\/uploads\/2020\/04\/1297481.jpeg?resize=350%2C200&ssl=1","width":350,"height":200,"srcset":"https:\/\/i0.wp.com\/www.grieta.org.mx\/wp-content\/uploads\/2020\/04\/1297481.jpeg?resize=350%2C200&ssl=1 1x, https:\/\/i0.wp.com\/www.grieta.org.mx\/wp-content\/uploads\/2020\/04\/1297481.jpeg?resize=525%2C300&ssl=1 1.5x, https:\/\/i0.wp.com\/www.grieta.org.mx\/wp-content\/uploads\/2020\/04\/1297481.jpeg?resize=700%2C400&ssl=1 2x"},"classes":[]}],"_links":{"self":[{"href":"https:\/\/www.grieta.org.mx\/index.php\/wp-json\/wp\/v2\/posts\/34777","targetHints":{"allow":["GET"]}}],"collection":[{"href":"https:\/\/www.grieta.org.mx\/index.php\/wp-json\/wp\/v2\/posts"}],"about":[{"href":"https:\/\/www.grieta.org.mx\/index.php\/wp-json\/wp\/v2\/types\/post"}],"author":[{"embeddable":true,"href":"https:\/\/www.grieta.org.mx\/index.php\/wp-json\/wp\/v2\/users\/2"}],"replies":[{"embeddable":true,"href":"https:\/\/www.grieta.org.mx\/index.php\/wp-json\/wp\/v2\/comments?post=34777"}],"version-history":[{"count":1,"href":"https:\/\/www.grieta.org.mx\/index.php\/wp-json\/wp\/v2\/posts\/34777\/revisions"}],"predecessor-version":[{"id":34780,"href":"https:\/\/www.grieta.org.mx\/index.php\/wp-json\/wp\/v2\/posts\/34777\/revisions\/34780"}],"wp:featuredmedia":[{"embeddable":true,"href":"https:\/\/www.grieta.org.mx\/index.php\/wp-json\/wp\/v2\/media\/34778"}],"wp:attachment":[{"href":"https:\/\/www.grieta.org.mx\/index.php\/wp-json\/wp\/v2\/media?parent=34777"}],"wp:term":[{"taxonomy":"category","embeddable":true,"href":"https:\/\/www.grieta.org.mx\/index.php\/wp-json\/wp\/v2\/categories?post=34777"},{"taxonomy":"post_tag","embeddable":true,"href":"https:\/\/www.grieta.org.mx\/index.php\/wp-json\/wp\/v2\/tags?post=34777"}],"curies":[{"name":"wp","href":"https:\/\/api.w.org\/{rel}","templated":true}]}}