{"id":34770,"date":"2019-06-15T20:56:36","date_gmt":"2019-06-16T01:56:36","guid":{"rendered":"http:\/\/www.grieta.org.mx\/?p=34770"},"modified":"2019-06-15T21:47:41","modified_gmt":"2019-06-16T02:47:41","slug":"impactan-recortes-a-la-promocion-de-la-danza-coahuila-y-nuevo-leon","status":"publish","type":"post","link":"https:\/\/www.grieta.org.mx\/index.php\/2019\/06\/15\/impactan-recortes-a-la-promocion-de-la-danza-coahuila-y-nuevo-leon\/","title":{"rendered":"Impactan recortes a la promoci\u00f3n de la danza (Coahuila y Nuevo Le\u00f3n)"},"content":{"rendered":"<p>ALma Proa\/ Z\u00d3CALO<\/p>\n<p>Jaime Guerrero, imparte taller de \u201cBailes de Nuevo Le\u00f3n\u201d.<\/p>\n<p>Acu\u00f1a, Coah.- Los recortes presupuestales que se han efectuado por parte de la Federaci\u00f3n han impactado de forma negativa en el trabajo que se realiza por parte de los docentes en lo que refiere a la promoci\u00f3n y difusi\u00f3n de la danza y las tradiciones que identifican a M\u00e9xico como naci\u00f3n, as\u00ed lo manifest\u00f3 Jaime Guerrero Hern\u00e1ndez, director del Grupo Magisterial de Nuevo Le\u00f3n.<\/p>\n<p>Dijo que el Gobierno federal no ha logrado entender la importancia que tiene en la vida de las personas la educaci\u00f3n y el arte, aspectos que son vitales para fortalecer el sentido de pertenencia, de orgullo e incluso permite a quien lo observa y a quien desarrolla con pasi\u00f3n, habilidad y destreza sobre el escenario, valorar el trabajo callado que se realiza por cada una de las etnias para mantener vivas sus tradiciones.<\/p>\n<p>Agreg\u00f3 que la cultura es una parte esencial dentro de cualquier gobierno para combatir problemas serios como lo es la inseguridad, ya que involucra la participaci\u00f3n directa de los j\u00f3venes, quienes al contar con el apoyo de sus mentores y de las propias autoridades, pueden transitar por el camino del \u00e9xito.<\/p>\n<p>El profesor Jaime Guerrero Hern\u00e1ndez visit\u00f3 esta frontera para impartir el taller de \u201cBailes de Nuevo Le\u00f3n\u201d a los integrantes del Grupo Cotzal, quienes se alistan para su participaci\u00f3n en el tradicional Mitote Folcl\u00f3rico Acu\u00f1a 2019, el cual en esta ocasi\u00f3n llevar\u00e1 su nombre como un homenaje a sus 50 a\u00f1os de destacada trayectoria dentro del mundo de la danza.<\/p>\n<p>Dentro del legado del profesor Jaime Guerrero Hern\u00e1ndez, est\u00e1 la creaci\u00f3n del Mitote Folcl\u00f3rico que se realiza en el estado de Nuevo Le\u00f3n, el nacimiento de uno de los principales exponentes de la danza en el pa\u00eds como es el Ballet Folcl\u00f3rico Magisterial del Estado de Nuevo Le\u00f3n, que se ha convertido en un semillero de talento y del cual se desprenden varias agrupaciones o compa\u00f1\u00edas art\u00edsticas en diversos estados del pa\u00eds, tal es el caso del Grupo Cotzal.<\/p>\n<p>Las coreograf\u00edas que se montaron a los integrantes del Grupo Cotzal, son el vals \u201cChole\u201d, la contradanza \u201cEl crucero de Mar\u00edn\u201d y el chotis \u201cSi no se brinca no se baila\u201d. Al t\u00e9rmino del taller se entreg\u00f3 reconocimiento a los alumnos participantes.<\/p>\n<p><a href=\"http:\/\/www.zocalo.com.mx\/new_site\/articulo\/impactan-recortes-a-la-promocion-de-la-danza\" rel=\"noopener noreferrer\" target=\"_blank\">http:\/\/www.zocalo.com.mx\/new_site\/articulo\/impactan-recortes-a-la-promocion-de-la-danza<\/a><\/p>\n","protected":false},"excerpt":{"rendered":"<p>ALma Proa\/ Z\u00d3CALO Jaime Guerrero, imparte taller de \u201cBailes de Nuevo Le\u00f3n\u201d. Acu\u00f1a, Coah.- Los recortes presupuestales que se han efectuado por parte de la Federaci\u00f3n han impactado de forma &hellip; <a href=\"https:\/\/www.grieta.org.mx\/index.php\/2019\/06\/15\/impactan-recortes-a-la-promocion-de-la-danza-coahuila-y-nuevo-leon\/\" class=\"more-link\">Leer m\u00e1s<\/a><\/p>\n","protected":false},"author":2,"featured_media":21928,"comment_status":"closed","ping_status":"closed","sticky":false,"template":"","format":"standard","meta":{"ngg_post_thumbnail":0,"_jetpack_newsletter_access":"","_jetpack_dont_email_post_to_subs":false,"_jetpack_newsletter_tier_id":0,"_jetpack_memberships_contains_paywalled_content":false,"_jetpack_memberships_contains_paid_content":false,"footnotes":""},"categories":[419,2585,1388,2,24],"tags":[2369,1142],"class_list":["post-34770","post","type-post","status-publish","format-standard","has-post-thumbnail","hentry","category-coahuila","category-crisis-de-la-educacion-publica-en-nuevo-leon","category-explotacion-y-precariedad-laboral-en-coahuila","category-noticias-nacionales","category-nuevo-leon","tag-recortes-presupuestales-federales","tag-trabajadores-de-la-cultura","entry"],"jetpack_featured_media_url":"https:\/\/www.grieta.org.mx\/wp-content\/uploads\/2018\/03\/14524434_1106112876131411_958039263622046936_o.jpg","jetpack_sharing_enabled":true,"jetpack_shortlink":"https:\/\/wp.me\/p7ZJR4-92O","jetpack_likes_enabled":false,"jetpack-related-posts":[{"id":33935,"url":"https:\/\/www.grieta.org.mx\/index.php\/2019\/05\/20\/preocupa-reduccion-presupuestal-en-salud-a-derechohabientes-de-nl-nuevo-leon\/","url_meta":{"origin":34770,"position":0},"title":"Preocupa reducci\u00f3n presupuestal en salud a derechohabientes de NL (Nuevo Le\u00f3n)","author":"grieta","date":"20 mayo, 2019","format":false,"excerpt":"Francisco Z\u00fa\u00f1iga Esquivel \/ Multimedios Los ciudadanos se\u00f1alaron que desde hace tiempo el principal problema al que se enfrentan es la falta de medicamentos y atenci\u00f3n. MONTERREY.- Los recortes a los presupuestos de salud seguramente impactar\u00e1n m\u00e1s lo que ya est\u00e1 bastante afectado, consideraron derechohabientes de los hospitales p\u00fablicos, quienes\u2026","rel":"","context":"En &quot;CINTILLO&quot;","block_context":{"text":"CINTILLO","link":"https:\/\/www.grieta.org.mx\/index.php\/category\/cintillo\/"},"img":{"alt_text":"","src":"https:\/\/i0.wp.com\/www.grieta.org.mx\/wp-content\/uploads\/2019\/05\/Preocupa-reducci%C3%B3n-presupuestal-en-salud-a-derechohabientes-de-NL-may.jpg?resize=350%2C200&ssl=1","width":350,"height":200,"srcset":"https:\/\/i0.wp.com\/www.grieta.org.mx\/wp-content\/uploads\/2019\/05\/Preocupa-reducci%C3%B3n-presupuestal-en-salud-a-derechohabientes-de-NL-may.jpg?resize=350%2C200&ssl=1 1x, https:\/\/i0.wp.com\/www.grieta.org.mx\/wp-content\/uploads\/2019\/05\/Preocupa-reducci%C3%B3n-presupuestal-en-salud-a-derechohabientes-de-NL-may.jpg?resize=525%2C300&ssl=1 1.5x, https:\/\/i0.wp.com\/www.grieta.org.mx\/wp-content\/uploads\/2019\/05\/Preocupa-reducci%C3%B3n-presupuestal-en-salud-a-derechohabientes-de-NL-may.jpg?resize=700%2C400&ssl=1 2x, https:\/\/i0.wp.com\/www.grieta.org.mx\/wp-content\/uploads\/2019\/05\/Preocupa-reducci%C3%B3n-presupuestal-en-salud-a-derechohabientes-de-NL-may.jpg?resize=1050%2C600&ssl=1 3x"},"classes":[]},{"id":42661,"url":"https:\/\/www.grieta.org.mx\/index.php\/2019\/12\/30\/recortes-presupuestales-en-yucatan-dejan-sin-chamba-a-mas-de-100-de-maestros\/","url_meta":{"origin":34770,"position":1},"title":"Recortes presupuestales en Yucat\u00e1n dejan sin &#8220;chamba&#8221; a m\u00e1s de 100 de maestros","author":"grieta","date":"30 diciembre, 2019","format":false,"excerpt":"La Verdad Debido a los recortes preupuestales en Yucat\u00e1n, al menos 110 maestros se quedar\u00e1n sin chamba, luego de que no se les renov\u00f3 su contrato. Debido a los recortes presupuestales, para 2020 se reducir\u00e1 la plantilla laboral del Programa de Inclusi\u00f3n y Equidad Educativa (PIEE), que contaba 140 empleados\u2026","rel":"","context":"En &quot;CINTILLO&quot;","block_context":{"text":"CINTILLO","link":"https:\/\/www.grieta.org.mx\/index.php\/category\/cintillo\/"},"img":{"alt_text":"","src":"https:\/\/i0.wp.com\/www.grieta.org.mx\/wp-content\/uploads\/2020\/01\/maestros_2.jpg?resize=350%2C200&ssl=1","width":350,"height":200,"srcset":"https:\/\/i0.wp.com\/www.grieta.org.mx\/wp-content\/uploads\/2020\/01\/maestros_2.jpg?resize=350%2C200&ssl=1 1x, https:\/\/i0.wp.com\/www.grieta.org.mx\/wp-content\/uploads\/2020\/01\/maestros_2.jpg?resize=525%2C300&ssl=1 1.5x, https:\/\/i0.wp.com\/www.grieta.org.mx\/wp-content\/uploads\/2020\/01\/maestros_2.jpg?resize=700%2C400&ssl=1 2x"},"classes":[]},{"id":64813,"url":"https:\/\/www.grieta.org.mx\/index.php\/2022\/08\/07\/ciudadanos-clausuran-simbolicamente-oficinas-de-coca-cola-en-nuevo-leon\/","url_meta":{"origin":34770,"position":2},"title":"Ciudadanos clausuran simb\u00f3licamente oficinas de Coca-Cola en Nuevo Le\u00f3n","author":"grieta","date":"7 agosto, 2022","format":false,"excerpt":"Este viernes 5 de Agosto de 2022, integrantes del Frente de Organizaciones en Defensa del Agua de Nuevo Le\u00f3n, integrantes de la Juventud Comunista Nuevo Le\u00f3n y ciudadanos, clausuraron simb\u00f3licamente la empresa Coca-Cola, en el estado de Nuevo Le\u00f3n. Somoselmedio\/ Fotograf\u00edas: Andrea Rivera Al grito de\u00a0\u00a1No es sequ\u00eda, es saque\u00f3!\u00a0los\u2026","rel":"","context":"En &quot;CINTILLO&quot;","block_context":{"text":"CINTILLO","link":"https:\/\/www.grieta.org.mx\/index.php\/category\/cintillo\/"},"img":{"alt_text":"","src":"https:\/\/i0.wp.com\/www.grieta.org.mx\/wp-content\/uploads\/2022\/08\/Coca-cola-3-1024x768-1.jpg?resize=350%2C200&ssl=1","width":350,"height":200,"srcset":"https:\/\/i0.wp.com\/www.grieta.org.mx\/wp-content\/uploads\/2022\/08\/Coca-cola-3-1024x768-1.jpg?resize=350%2C200&ssl=1 1x, https:\/\/i0.wp.com\/www.grieta.org.mx\/wp-content\/uploads\/2022\/08\/Coca-cola-3-1024x768-1.jpg?resize=525%2C300&ssl=1 1.5x, https:\/\/i0.wp.com\/www.grieta.org.mx\/wp-content\/uploads\/2022\/08\/Coca-cola-3-1024x768-1.jpg?resize=700%2C400&ssl=1 2x"},"classes":[]},{"id":34796,"url":"https:\/\/www.grieta.org.mx\/index.php\/2019\/05\/20\/crecen-protestas-por-cientos-de-despidos-via-whatsapp-en-conafe\/","url_meta":{"origin":34770,"position":3},"title":"Crecen protestas por cientos de despidos v\u00eda WhatsApp en Conafe","author":"grieta","date":"20 mayo, 2019","format":false,"excerpt":"En redes sociales, trabajadores de diferentes entidades reprocharon la decisi\u00f3n del director de Conafe, Cuauht\u00e9moc S\u00e1nchez Osio, respecto a los despidos de m\u00e1s de 500 personas. Anabel Clemente\/ El Financiero, 20\/05\/2019 Trabajadores administrativos eventuales del Consejo Nacional de Fomento Educativo (Conafe) mantienen protestas por despidos de m\u00e1s de 500 personas\u2026","rel":"","context":"En &quot;Campeche&quot;","block_context":{"text":"Campeche","link":"https:\/\/www.grieta.org.mx\/index.php\/category\/noticias-nacionales\/campeche\/"},"img":{"alt_text":"","src":"https:\/\/i0.wp.com\/www.grieta.org.mx\/wp-content\/uploads\/2019\/06\/856fc816231558325724_standard_desktop_medium_retina.jpeg?resize=350%2C200&ssl=1","width":350,"height":200,"srcset":"https:\/\/i0.wp.com\/www.grieta.org.mx\/wp-content\/uploads\/2019\/06\/856fc816231558325724_standard_desktop_medium_retina.jpeg?resize=350%2C200&ssl=1 1x, https:\/\/i0.wp.com\/www.grieta.org.mx\/wp-content\/uploads\/2019\/06\/856fc816231558325724_standard_desktop_medium_retina.jpeg?resize=525%2C300&ssl=1 1.5x, https:\/\/i0.wp.com\/www.grieta.org.mx\/wp-content\/uploads\/2019\/06\/856fc816231558325724_standard_desktop_medium_retina.jpeg?resize=700%2C400&ssl=1 2x, https:\/\/i0.wp.com\/www.grieta.org.mx\/wp-content\/uploads\/2019\/06\/856fc816231558325724_standard_desktop_medium_retina.jpeg?resize=1050%2C600&ssl=1 3x"},"classes":[]},{"id":32009,"url":"https:\/\/www.grieta.org.mx\/index.php\/2019\/04\/10\/investigadores-del-ipicyt-protestan-por-recortes-presupuestales-san-luis-potosi\/","url_meta":{"origin":34770,"position":4},"title":"Investigadores del IPICYT protestan por recortes presupuestales (San Luis Potos\u00ed)","author":"grieta","date":"10 abril, 2019","format":false,"excerpt":"El Heraldo de San Luis Potos\u00ed Un grupo de investigadores del Instituto Potosino de Investigaci\u00f3n Cient\u00edfica y Tecnol\u00f3gica (IPICYT) protestaron por los recortes presupuestales que se han hechos en los \u00faltimos a\u00f1os a la investigaci\u00f3n, lo que ha originado afectaciones en la operatividad. Los investigadores Sergio Casas, Jos\u00e9 Luis Rodr\u00edguez,\u2026","rel":"","context":"En &quot;CINTILLO&quot;","block_context":{"text":"CINTILLO","link":"https:\/\/www.grieta.org.mx\/index.php\/category\/cintillo\/"},"img":{"alt_text":"","src":"https:\/\/i0.wp.com\/www.grieta.org.mx\/wp-content\/uploads\/2019\/04\/Investigadores-del-IPICYT-protestan-por-recortes-presupuestales-slp-abr-268x300.jpg?resize=350%2C200","width":350,"height":200},"classes":[]},{"id":40769,"url":"https:\/\/www.grieta.org.mx\/index.php\/2019\/10\/30\/protestan-por-recortes-en-cinvestav-queretaro\/","url_meta":{"origin":34770,"position":5},"title":"Protestan por recortes en Cinvestav (Quer\u00e9taro)","author":"grieta","date":"30 octubre, 2019","format":false,"excerpt":"Quadratin QUER\u00c9TARO, Qro., 30 de octubre 2019.- Estudiantes del Centro de Investigaci\u00f3n y de Estudios Avanzados del Instituto Polit\u00e9cnico Nacional (Cinvestav) campus Quer\u00e9taro, realizaron una protesta al exterior, luego de que aseguran los recortes presupuestales, ponen en riesgo los trabajos que se desarrollan en el lugar. Adem\u00e1s, aseguran que las\u2026","rel":"","context":"En &quot;CINTILLO&quot;","block_context":{"text":"CINTILLO","link":"https:\/\/www.grieta.org.mx\/index.php\/category\/cintillo\/"},"img":{"alt_text":"","src":"https:\/\/i0.wp.com\/www.grieta.org.mx\/wp-content\/uploads\/2019\/11\/Protestan-por-recortes-en-Cinvestav-qro-nov.jpg?resize=350%2C200&ssl=1","width":350,"height":200,"srcset":"https:\/\/i0.wp.com\/www.grieta.org.mx\/wp-content\/uploads\/2019\/11\/Protestan-por-recortes-en-Cinvestav-qro-nov.jpg?resize=350%2C200&ssl=1 1x, https:\/\/i0.wp.com\/www.grieta.org.mx\/wp-content\/uploads\/2019\/11\/Protestan-por-recortes-en-Cinvestav-qro-nov.jpg?resize=525%2C300&ssl=1 1.5x, https:\/\/i0.wp.com\/www.grieta.org.mx\/wp-content\/uploads\/2019\/11\/Protestan-por-recortes-en-Cinvestav-qro-nov.jpg?resize=700%2C400&ssl=1 2x, https:\/\/i0.wp.com\/www.grieta.org.mx\/wp-content\/uploads\/2019\/11\/Protestan-por-recortes-en-Cinvestav-qro-nov.jpg?resize=1050%2C600&ssl=1 3x"},"classes":[]}],"_links":{"self":[{"href":"https:\/\/www.grieta.org.mx\/index.php\/wp-json\/wp\/v2\/posts\/34770","targetHints":{"allow":["GET"]}}],"collection":[{"href":"https:\/\/www.grieta.org.mx\/index.php\/wp-json\/wp\/v2\/posts"}],"about":[{"href":"https:\/\/www.grieta.org.mx\/index.php\/wp-json\/wp\/v2\/types\/post"}],"author":[{"embeddable":true,"href":"https:\/\/www.grieta.org.mx\/index.php\/wp-json\/wp\/v2\/users\/2"}],"replies":[{"embeddable":true,"href":"https:\/\/www.grieta.org.mx\/index.php\/wp-json\/wp\/v2\/comments?post=34770"}],"version-history":[{"count":1,"href":"https:\/\/www.grieta.org.mx\/index.php\/wp-json\/wp\/v2\/posts\/34770\/revisions"}],"predecessor-version":[{"id":34776,"href":"https:\/\/www.grieta.org.mx\/index.php\/wp-json\/wp\/v2\/posts\/34770\/revisions\/34776"}],"wp:featuredmedia":[{"embeddable":true,"href":"https:\/\/www.grieta.org.mx\/index.php\/wp-json\/wp\/v2\/media\/21928"}],"wp:attachment":[{"href":"https:\/\/www.grieta.org.mx\/index.php\/wp-json\/wp\/v2\/media?parent=34770"}],"wp:term":[{"taxonomy":"category","embeddable":true,"href":"https:\/\/www.grieta.org.mx\/index.php\/wp-json\/wp\/v2\/categories?post=34770"},{"taxonomy":"post_tag","embeddable":true,"href":"https:\/\/www.grieta.org.mx\/index.php\/wp-json\/wp\/v2\/tags?post=34770"}],"curies":[{"name":"wp","href":"https:\/\/api.w.org\/{rel}","templated":true}]}}