{"id":34763,"date":"2019-06-02T19:52:43","date_gmt":"2019-06-03T00:52:43","guid":{"rendered":"http:\/\/www.grieta.org.mx\/?p=34763"},"modified":"2019-06-15T20:13:28","modified_gmt":"2019-06-16T01:13:28","slug":"el-patrimonio-inmaterial-ligado-al-territorio-la-perdida-mas-grave-e-invisible-por-el-tren-maya","status":"publish","type":"post","link":"https:\/\/www.grieta.org.mx\/index.php\/2019\/06\/02\/el-patrimonio-inmaterial-ligado-al-territorio-la-perdida-mas-grave-e-invisible-por-el-tren-maya\/","title":{"rendered":"El patrimonio inmaterial ligado al territorio, la p\u00e9rdida m\u00e1s grave e invisible por el \u201ctren maya\u201d"},"content":{"rendered":"<p><img loading=\"lazy\" decoding=\"async\" data-attachment-id=\"34764\" data-permalink=\"https:\/\/www.grieta.org.mx\/index.php\/2019\/06\/02\/el-patrimonio-inmaterial-ligado-al-territorio-la-perdida-mas-grave-e-invisible-por-el-tren-maya\/yucatantrenmaya\/\" data-orig-file=\"https:\/\/www.grieta.org.mx\/wp-content\/uploads\/2019\/06\/yucatantrenmaya.jpg\" data-orig-size=\"1200,751\" data-comments-opened=\"0\" data-image-meta=\"{&quot;aperture&quot;:&quot;0&quot;,&quot;credit&quot;:&quot;&quot;,&quot;camera&quot;:&quot;&quot;,&quot;caption&quot;:&quot;&quot;,&quot;created_timestamp&quot;:&quot;0&quot;,&quot;copyright&quot;:&quot;&quot;,&quot;focal_length&quot;:&quot;0&quot;,&quot;iso&quot;:&quot;0&quot;,&quot;shutter_speed&quot;:&quot;0&quot;,&quot;title&quot;:&quot;&quot;,&quot;orientation&quot;:&quot;1&quot;}\" data-image-title=\"yucatantrenmaya\" data-image-description=\"\" data-image-caption=\"\" data-medium-file=\"https:\/\/www.grieta.org.mx\/wp-content\/uploads\/2019\/06\/yucatantrenmaya-300x188.jpg\" data-large-file=\"https:\/\/www.grieta.org.mx\/wp-content\/uploads\/2019\/06\/yucatantrenmaya-1024x641.jpg\" src=\"http:\/\/www.grieta.org.mx\/wp-content\/uploads\/2019\/06\/yucatantrenmaya-1024x641.jpg\" alt=\"\" width=\"768\" height=\"481\" class=\"alignleft size-large wp-image-34764\" srcset=\"https:\/\/www.grieta.org.mx\/wp-content\/uploads\/2019\/06\/yucatantrenmaya-1024x641.jpg 1024w, https:\/\/www.grieta.org.mx\/wp-content\/uploads\/2019\/06\/yucatantrenmaya-300x188.jpg 300w, https:\/\/www.grieta.org.mx\/wp-content\/uploads\/2019\/06\/yucatantrenmaya-768x481.jpg 768w, https:\/\/www.grieta.org.mx\/wp-content\/uploads\/2019\/06\/yucatantrenmaya-799x500.jpg 799w, https:\/\/www.grieta.org.mx\/wp-content\/uploads\/2019\/06\/yucatantrenmaya.jpg 1200w\" sizes=\"auto, (max-width: 768px) 100vw, 768px\" \/><\/p>\n<p>MayaPolitikon<br \/>\nPonencia del doctor Aurelio S\u00e1nchez Ju\u00e1rez, del CIR Sociales, UADY, sustentada el 3 de mayo pasado en Valladolid, Yucatan, en el Foro Legislativo-Acad\u00e9mico de la Frontera Sur: el Tren Maya Yucat\u00e1n. <\/p>\n<p>Hablar sobre el posible impacto que el proyecto de El Tren Maya generar\u00e1 en el patrimonio cultural de Yucat\u00e1n casi siempre nos remite al tema del impacto que tendr\u00eda el patrimonio edificado con la llegada de mayor turismo al estado. Este patrimonio arquitect\u00f3nico es el generado durante el periodo mesoamericano y durante el periodo virreinal, el cual es vasto y rico en expresiones arquitect\u00f3nicas ubicadas en zonas arqueol\u00f3gicas, ciudades y pueblos del estado de Yucat\u00e1n. Si bien, el patrimonio arquitect\u00f3nico \u2013 representaci\u00f3n del patrimonio cultural material\u2013 sufre de un constante deterioro, indudablemente \u00e9ste podr\u00eda acelerarse con la llegada masiva de turismo a los sitios en los que se encuentran.<\/p>\n<p>Un aspecto importante que considerar con el patrimonio cultural material \u2013que est\u00e1n clasificados en bienes muebles e inmuebles, espacios abiertos y vialidades hist\u00f3ricas\u2013, es reconocer que tienen una \u00edntima relaci\u00f3n con el patrimonio inmaterial al estar ligadas muchas de estas edificaciones a ritos y costumbres de la poblaci\u00f3n que los habita. Este patrimonio material ya tiene un uso constante por la poblaci\u00f3n que los alberga, el cual se ver\u00e1 impactado por la llegada del turismo.<\/p>\n<p>En efecto, si este flujo no se controla suceder\u00e1 lo mismo que en muchos sitios culturales del pa\u00eds proyectados como polos tur\u00edsticos: la alteraci\u00f3n de la din\u00e1mica sociocultural de las comunidades y la invasi\u00f3n de su intimidad. Pero la celebraci\u00f3n de los espacios sacros es s\u00f3lo una parte del patrimonio cultural inmaterial: muchos ritos se celebran dentro y fuera de los edificios, y es en estos espacios externos los que m\u00e1s da\u00f1o sufren cuando se aplican pol\u00edticas p\u00fablicas, en especial para la construcci\u00f3n de equipamiento que es edificado en espacios abiertos, impidiendo la continuidad del uso ritual de estos espacios, muchos de ellos, vestigio del urbanismo maya en poblaciones del estado de Yucat\u00e1n.<\/p>\n<p>El patrimonio inmaterial tambi\u00e9n est\u00e1 vinculado al territorio y a la naturaleza, siendo \u00e9ste el que menos se percibe por las autoridades pues est\u00e1 unido a la cosmovisi\u00f3n de los pueblos originarios y forma parte de su filosof\u00eda de habitar el territorio. Este patrimonio inmaterial es el m\u00e1s propenso a ser da\u00f1ado en proyectos de este tipo, ya que no es considerado en su totalidad y por lo mismo imperceptible en el deterioro que sufre.<\/p>\n<p>DESPOJO Y TERGIVERSACI\u00d3N DE LA CULTURA<\/p>\n<p>Como ejemplo est\u00e1 el uso del nombre del pueblo originario de estas tierras para fines de mercadotecnia hacia el exterior, pensando siempre en una cultura maya muerta para vender y folclorizar la cultura de un pueblo vivo. Festivales internacionales, comercios, organizaciones y ahora un proyecto de tren utilizan el nombre de los mayas sin involucrarlos en el planteamiento y desarrollo de los proyectos, generando con esto el despojo y tergiversaci\u00f3n de su identidad. \u00bfTren de los mayas? \u00bfTren para los mayas?<\/p>\n<p>Ni uno, ni otro. Si bien, el proyecto del tren maya es uno m\u00e1s de tantos proyectos y megaproyectos pensados para el \u201cdesarrollo\u201d de la zona de la pen\u00ednsula de Yucat\u00e1n, poco ha tenido que ver con el pueblo maya y su filosof\u00eda de habitar el territorio. Llamarlo maya no lo hace maya.<\/p>\n<p><img loading=\"lazy\" decoding=\"async\" data-attachment-id=\"34765\" data-permalink=\"https:\/\/www.grieta.org.mx\/index.php\/2019\/06\/02\/el-patrimonio-inmaterial-ligado-al-territorio-la-perdida-mas-grave-e-invisible-por-el-tren-maya\/yucatantrenmaya2\/\" data-orig-file=\"https:\/\/www.grieta.org.mx\/wp-content\/uploads\/2019\/06\/yucatantrenmaya2.jpg\" data-orig-size=\"1200,721\" data-comments-opened=\"0\" data-image-meta=\"{&quot;aperture&quot;:&quot;0&quot;,&quot;credit&quot;:&quot;&quot;,&quot;camera&quot;:&quot;&quot;,&quot;caption&quot;:&quot;&quot;,&quot;created_timestamp&quot;:&quot;0&quot;,&quot;copyright&quot;:&quot;&quot;,&quot;focal_length&quot;:&quot;0&quot;,&quot;iso&quot;:&quot;0&quot;,&quot;shutter_speed&quot;:&quot;0&quot;,&quot;title&quot;:&quot;&quot;,&quot;orientation&quot;:&quot;1&quot;}\" data-image-title=\"yucatantrenmaya2\" data-image-description=\"\" data-image-caption=\"\" data-medium-file=\"https:\/\/www.grieta.org.mx\/wp-content\/uploads\/2019\/06\/yucatantrenmaya2-300x180.jpg\" data-large-file=\"https:\/\/www.grieta.org.mx\/wp-content\/uploads\/2019\/06\/yucatantrenmaya2-1024x615.jpg\" src=\"http:\/\/www.grieta.org.mx\/wp-content\/uploads\/2019\/06\/yucatantrenmaya2-1024x615.jpg\" alt=\"\" width=\"768\" height=\"461\" class=\"alignleft size-large wp-image-34765\" srcset=\"https:\/\/www.grieta.org.mx\/wp-content\/uploads\/2019\/06\/yucatantrenmaya2-1024x615.jpg 1024w, https:\/\/www.grieta.org.mx\/wp-content\/uploads\/2019\/06\/yucatantrenmaya2-300x180.jpg 300w, https:\/\/www.grieta.org.mx\/wp-content\/uploads\/2019\/06\/yucatantrenmaya2-768x461.jpg 768w, https:\/\/www.grieta.org.mx\/wp-content\/uploads\/2019\/06\/yucatantrenmaya2-832x500.jpg 832w, https:\/\/www.grieta.org.mx\/wp-content\/uploads\/2019\/06\/yucatantrenmaya2.jpg 1200w\" sizes=\"auto, (max-width: 768px) 100vw, 768px\" \/><\/p>\n<p>\u00bfQu\u00e9 hacer ante esta situaci\u00f3n? El Consejo Nacional de Ciencia, Humanidades y Tecnolog\u00eda apuesta por la inclusi\u00f3n de las humanidades en el \u00e1mbito de la investigaci\u00f3n, privilegiando en estos casos el di\u00e1logo de saberes. Proyectos como el de \u201cEl tren maya\u201d deber\u00edan ser pensados desde esta perspectiva, en especial cuando se involucra un impacto en el patrimonio cultural y territorio de pueblos originarios pero la postura intercultural a\u00fan no se vislumbra.<\/p>\n<p>El di\u00e1logo de saberes va m\u00e1s all\u00e1 de una consulta sobre percepci\u00f3n, involucra a los pueblos originarios en la toma de decisiones de peque\u00f1os y megaproyectos pensados en su territorio, pues el impacto en su patrimonio inmaterial est\u00e1 en juego; la transmisi\u00f3n de los saberes a las futuras generaciones podr\u00eda disminuir e incluso interrumpirse con proyectos mal planteados, que desde la actual perspectiva, fortalecer\u00edan las actuales pol\u00edticas hegem\u00f3nicas con las que el pueblo maya lucha para preservar su patrimonio y territorio.<\/p>\n<p>Pensar en este momento en un estudio de factibilidad y antropol\u00f3gico del impacto del proyecto del tren es como estar buscando la pregunta de investigaci\u00f3n a los resultados que ya se saben: se ve imposible que el proyecto se cancele por los resultados de investigaci\u00f3n encontrados,para un proyecto que ya inici\u00f3 su proceso de licitaci\u00f3n.<\/p>\n<p>NECESIDAD DE PRIVILEGIAR EL DI\u00c1LOGO DE SABERES<\/p>\n<p>Por lo tanto, ante esta realidad, en todos los estudios pendientes porrealizar se deber\u00e1 privilegiar el di\u00e1logo de saberes en la preservaci\u00f3n del patrimonio cultural, especialmente para la cultura maya.<\/p>\n<p>Los estudios deber\u00e1n considerar al patrimonio cultural en todos sus \u00e1mbitos, materiales e inmateriales, pero principalmente en su filosof\u00eda de habitar el territorio, pues el patrimonio maya pasa sobrelas categor\u00edas del patrimonio cultural, para ampliarse al patrimonio biocultural.<\/p>\n<p>Este di\u00e1logo de saberes est\u00e1 presente en lo que por ley se obliga en la elaboraci\u00f3n de proyectos de este tipo, la implementaci\u00f3n de consultas que deben ser previa a la implementaci\u00f3n de los proyectos, culturalmente adecuada, informada y comprensible en la lenguas de los pueblos originarios, libre y de buena fe con la ausencia de cualquier tipo de coerci\u00f3n y fuera de un ambiente hostil. Aspectos que todav\u00eda no se perciben en muchas de las consultas realizadas.<\/p>\n<p><img loading=\"lazy\" decoding=\"async\" data-attachment-id=\"34766\" data-permalink=\"https:\/\/www.grieta.org.mx\/index.php\/2019\/06\/02\/el-patrimonio-inmaterial-ligado-al-territorio-la-perdida-mas-grave-e-invisible-por-el-tren-maya\/yucatantrenmaya5\/\" data-orig-file=\"https:\/\/www.grieta.org.mx\/wp-content\/uploads\/2019\/06\/yucatantrenmaya5.jpg\" data-orig-size=\"1200,900\" data-comments-opened=\"0\" data-image-meta=\"{&quot;aperture&quot;:&quot;0&quot;,&quot;credit&quot;:&quot;&quot;,&quot;camera&quot;:&quot;&quot;,&quot;caption&quot;:&quot;&quot;,&quot;created_timestamp&quot;:&quot;0&quot;,&quot;copyright&quot;:&quot;&quot;,&quot;focal_length&quot;:&quot;0&quot;,&quot;iso&quot;:&quot;0&quot;,&quot;shutter_speed&quot;:&quot;0&quot;,&quot;title&quot;:&quot;&quot;,&quot;orientation&quot;:&quot;1&quot;}\" data-image-title=\"yucatantrenmaya5\" data-image-description=\"\" data-image-caption=\"\" data-medium-file=\"https:\/\/www.grieta.org.mx\/wp-content\/uploads\/2019\/06\/yucatantrenmaya5-300x225.jpg\" data-large-file=\"https:\/\/www.grieta.org.mx\/wp-content\/uploads\/2019\/06\/yucatantrenmaya5-1024x768.jpg\" src=\"http:\/\/www.grieta.org.mx\/wp-content\/uploads\/2019\/06\/yucatantrenmaya5-1024x768.jpg\" alt=\"\" width=\"768\" height=\"576\" class=\"alignleft size-large wp-image-34766\" srcset=\"https:\/\/www.grieta.org.mx\/wp-content\/uploads\/2019\/06\/yucatantrenmaya5-1024x768.jpg 1024w, https:\/\/www.grieta.org.mx\/wp-content\/uploads\/2019\/06\/yucatantrenmaya5-300x225.jpg 300w, https:\/\/www.grieta.org.mx\/wp-content\/uploads\/2019\/06\/yucatantrenmaya5-768x576.jpg 768w, https:\/\/www.grieta.org.mx\/wp-content\/uploads\/2019\/06\/yucatantrenmaya5-667x500.jpg 667w, https:\/\/www.grieta.org.mx\/wp-content\/uploads\/2019\/06\/yucatantrenmaya5.jpg 1200w\" sizes=\"auto, (max-width: 768px) 100vw, 768px\" \/><\/p>\n<p>La consulta y toda propuesta de proyecto deber\u00e1 privilegiar la protecci\u00f3n de la forma de habitar el territorio del pueblo maya, lo que conlleva la preservaci\u00f3n de las formas de habitar el espacio dom\u00e9stico, el p\u00fablico y el territorio, las pr\u00e1cticas socioculturales y rituales que son expresiones de c\u00f3mo se habita el territorio. Territorio que en la cosmovisi\u00f3n maya tiene designado un due\u00f1o, un cuidador, que lo protege de la acci\u00f3n nociva del hombre.<\/p>\n<p>En este sentido, pedir permiso para habitar este territorio no es un acto p\u00fablico y pol\u00edtico, pedir permiso conlleva un compromiso de cohabitar el territorio, de proteger, procurar, convivir y de retribuci\u00f3n a la naturaleza de la cual se obtiene lo necesario para vivir. El k\u2019\u00e9exes dar por lo que se va a recibir, es agradecer por los beneficios obtenidos.<\/p>\n<p>Hasta ahora los megaproyectos y proyectos tur\u00edsticos han dado a cambio al pueblo maya la destrucci\u00f3n de su entorno natural, la comercializaci\u00f3n de sus espacios rituales, el despojo de su tierra, enfermedades y pobreza; as\u00ed como el cambio de la vida vinculada al territorio, a la milpa, a la naturaleza, por la vida del neopeonismo.<\/p>\n<p>SIGLOS DE RESISTENCIA<\/p>\n<p>Desde la llegada de los espa\u00f1oles el pueblo maya ha enfrentado un colonialismo que por siglos implant\u00f3 otra forma de pensar y vivir diferente; cuando este periodo colonial termin\u00f3 empez\u00f3 el periodo del colonialismo interno que hasta hoy permanece oprimiendo al pueblo maya y otros pueblos originarios de M\u00e9xico, con pol\u00edticas p\u00fablicas hegem\u00f3nicas que siguen imponiendo modelos de vida desarraigados del territorio.<\/p>\n<p>Siglos de resistencia marcan el patrimonio del pueblo maya y la resiliencia que ha desarrollado, la cual ha permitido que se preserve viva la cultura maya, esa cultura de la que tanto se habla hacia el exterior.<\/p>\n<p>Si el patrimonio cultural de los mayas vivos est\u00e1 vinculado al territorio, a la filosof\u00eda de habitarlo, todo proyecto pensado en esta regi\u00f3n, no s\u00f3lo deber\u00e1 evitar el impacto negativo que se ve venir al no tener realizada las consultas correspondientes, al estar mercantilizando su nombre, sino que deber\u00e1 procurar evitar la peonizaci\u00f3n de su pueblo, folclorizar su identidad que perpet\u00faa el colonialismo interno con una oferta de empleo que promete la desvinculaci\u00f3n al territorio; ya que hasta ahora, el proyecto parece estar pensado para el beneficio de los empresarios que invertir\u00e1n, sin una clara perspectiva de involucramiento del pueblo maya en los posibles beneficios.<br \/>\nLa voz de los mayas no s\u00f3lo debe estar en lo que por ley les corresponde: la consulta sobre la factibilidad y estrategia del proyecto, sino tambi\u00e9n en la participaci\u00f3n de la gesti\u00f3n de su territorio ante los megaproyectos que el gobierno ha decidido implementar.<\/p>\n<p><img loading=\"lazy\" decoding=\"async\" data-attachment-id=\"34767\" data-permalink=\"https:\/\/www.grieta.org.mx\/index.php\/2019\/06\/02\/el-patrimonio-inmaterial-ligado-al-territorio-la-perdida-mas-grave-e-invisible-por-el-tren-maya\/yucatantrenmaya6\/\" data-orig-file=\"https:\/\/www.grieta.org.mx\/wp-content\/uploads\/2019\/06\/yucatantrenmaya6.jpg\" data-orig-size=\"1200,900\" data-comments-opened=\"0\" data-image-meta=\"{&quot;aperture&quot;:&quot;0&quot;,&quot;credit&quot;:&quot;&quot;,&quot;camera&quot;:&quot;&quot;,&quot;caption&quot;:&quot;&quot;,&quot;created_timestamp&quot;:&quot;0&quot;,&quot;copyright&quot;:&quot;&quot;,&quot;focal_length&quot;:&quot;0&quot;,&quot;iso&quot;:&quot;0&quot;,&quot;shutter_speed&quot;:&quot;0&quot;,&quot;title&quot;:&quot;&quot;,&quot;orientation&quot;:&quot;1&quot;}\" data-image-title=\"yucatantrenmaya6\" data-image-description=\"\" data-image-caption=\"\" data-medium-file=\"https:\/\/www.grieta.org.mx\/wp-content\/uploads\/2019\/06\/yucatantrenmaya6-300x225.jpg\" data-large-file=\"https:\/\/www.grieta.org.mx\/wp-content\/uploads\/2019\/06\/yucatantrenmaya6-1024x768.jpg\" src=\"http:\/\/www.grieta.org.mx\/wp-content\/uploads\/2019\/06\/yucatantrenmaya6-1024x768.jpg\" alt=\"\" width=\"768\" height=\"576\" class=\"alignleft size-large wp-image-34767\" srcset=\"https:\/\/www.grieta.org.mx\/wp-content\/uploads\/2019\/06\/yucatantrenmaya6-1024x768.jpg 1024w, https:\/\/www.grieta.org.mx\/wp-content\/uploads\/2019\/06\/yucatantrenmaya6-300x225.jpg 300w, https:\/\/www.grieta.org.mx\/wp-content\/uploads\/2019\/06\/yucatantrenmaya6-768x576.jpg 768w, https:\/\/www.grieta.org.mx\/wp-content\/uploads\/2019\/06\/yucatantrenmaya6-667x500.jpg 667w, https:\/\/www.grieta.org.mx\/wp-content\/uploads\/2019\/06\/yucatantrenmaya6.jpg 1200w\" sizes=\"auto, (max-width: 768px) 100vw, 768px\" \/><\/p>\n<p>Hasta ahora no hay opci\u00f3n: el impacto es inminente y el patrimonio cultural material es el \u00fanico que est\u00e1 parcialmente protegido por la Ley Federal de Patrimonio Arqueol\u00f3gico, Hist\u00f3rico y Art\u00edstico. Menciono la protecci\u00f3n parcial porque la ley no incluye al patrimonio vern\u00e1culo de los mayas, fuertemente afectado por las pol\u00edticas p\u00fablicas hegem\u00f3nicas de vivienda rural.<\/p>\n<p>El patrimonio inmaterial de los mayas y en s\u00ed, el patrimonio biocultural ligado al territorio no est\u00e1 protegido y ser\u00e1 el primero en sufrir afectaciones; de hecho ya lo est\u00e1 resintiendo con la p\u00e9rdida de tierras, con la p\u00e9rdida de la biodiversidad ante la deforestaci\u00f3n de su selva, con la disminuci\u00f3n en la pr\u00e1ctica de la milpa.<\/p>\n<p>EL PAISAJE CULTURAL DE YUCAT\u00c1N<\/p>\n<p>El patrimonio material, junto con las pr\u00e1cticas socioculturales y la vegetaci\u00f3n, conforman el paisaje cultural del Estado de Yucat\u00e1n; paisaje cultural del pueblo maya que en la actualidad es vendido como imagen en artesan\u00edas de recuerdos por la visita a estas tierras, pero que en la realidad este paisaje cultural est\u00e1 constantemente afectado por pol\u00edticas p\u00fablicas que destruyen y sustituyen sus edificaciones vern\u00e1culas, sus ceibas, sus espacios abiertos, sin importar las consecuencias en el patrimonio inmaterial que se desarrolla en ellos.<\/p>\n<p>Si en verdad hay una postura intercultural de di\u00e1logo de saberes se deber\u00e1 replantear todo antes de dar por aprobado el proyecto del tren maya. Deber\u00e1 existir estudios de impacto basados en las premisas antes mencionadas.<\/p>\n<p>La toma de decisiones en el territorio maya deber\u00e1n ser consultadas a nivel de asambleas ejidales, no de representantes estatales o regionales. Se debe privilegiar la preservaci\u00f3n y fortalecimiento de la identidad cultural y la forma de vida del pueblo maya, vinculada a su territorio y a su filosof\u00eda.<\/p>\n<p>Es el momento propicio para promover la protecci\u00f3n de este patrimonio inmaterial con la preservaci\u00f3n de sus escenarios de aprendizaje. Es una oportunidad para saldar deudas pendientes con el pueblo maya y comenzar a legislar por la protecci\u00f3n del patrimonio inmaterial del pueblo yucateco y maya; siempre a trav\u00e9s del di\u00e1logo de saberes y una postura intercultural.<\/p>\n<p><a href=\"https:\/\/mayapolitikon.com\/patrimonio-cultural-yucatan\/\" rel=\"noopener noreferrer\" target=\"_blank\">https:\/\/mayapolitikon.com\/patrimonio-cultural-yucatan\/<\/a><\/p>\n","protected":false},"excerpt":{"rendered":"<p>MayaPolitikon Ponencia del doctor Aurelio S\u00e1nchez Ju\u00e1rez, del CIR Sociales, UADY, sustentada el 3 de mayo pasado en Valladolid, Yucatan, en el Foro Legislativo-Acad\u00e9mico de la Frontera Sur: el Tren &hellip; <a href=\"https:\/\/www.grieta.org.mx\/index.php\/2019\/06\/02\/el-patrimonio-inmaterial-ligado-al-territorio-la-perdida-mas-grave-e-invisible-por-el-tren-maya\/\" class=\"more-link\">Leer m\u00e1s<\/a><\/p>\n","protected":false},"author":2,"featured_media":34764,"comment_status":"closed","ping_status":"closed","sticky":false,"template":"","format":"standard","meta":{"ngg_post_thumbnail":0,"_jetpack_newsletter_access":"","_jetpack_dont_email_post_to_subs":false,"_jetpack_newsletter_tier_id":0,"_jetpack_memberships_contains_paywalled_content":false,"_jetpack_memberships_contains_paid_content":false,"footnotes":""},"categories":[80,3,2044],"tags":[1878],"class_list":["post-34763","post","type-post","status-publish","format-standard","has-post-thumbnail","hentry","category-cintillo","category-megaproyectos","category-tren-maya-analisis","tag-tren-maya","entry"],"jetpack_featured_media_url":"https:\/\/www.grieta.org.mx\/wp-content\/uploads\/2019\/06\/yucatantrenmaya.jpg","jetpack_sharing_enabled":true,"jetpack_shortlink":"https:\/\/wp.me\/p7ZJR4-92H","jetpack_likes_enabled":false,"jetpack-related-posts":[{"id":70070,"url":"https:\/\/www.grieta.org.mx\/index.php\/2024\/09\/04\/se-impuso-la-voluntad-de-un-despota-en-el-tren-maya-felipe-echenique-historiador-del-inah\/","url_meta":{"origin":34763,"position":0},"title":"\u201cSe impuso la voluntad de un d\u00e9spota en el Tren Maya\u201d: Felipe Echenique, historiador del INAH","author":"grieta","date":"4 septiembre, 2024","format":false,"excerpt":"Cristopher Cabello \/ El Universal Al igual que el arque\u00f3logo Fernando Cort\u00e9s de Brasdefer y el antrop\u00f3logo Juan Manuel Sandoval, el historiador del INAH Felipe Echenique recorri\u00f3 parte del tramo 7 del Tren Maya (Bacalar-Esc\u00e1rcega), donde constat\u00f3 la destrucci\u00f3n de zonas de monumentos arqueol\u00f3gicos y vestigios patrimoniales, hechos que denunci\u00f3\u2026","rel":"","context":"En &quot;Campeche&quot;","block_context":{"text":"Campeche","link":"https:\/\/www.grieta.org.mx\/index.php\/category\/noticias-nacionales\/campeche\/"},"img":{"alt_text":"","src":"https:\/\/i0.wp.com\/www.grieta.org.mx\/wp-content\/uploads\/2024\/10\/Despota-e1728418204267.jpg?resize=350%2C200&ssl=1","width":350,"height":200,"srcset":"https:\/\/i0.wp.com\/www.grieta.org.mx\/wp-content\/uploads\/2024\/10\/Despota-e1728418204267.jpg?resize=350%2C200&ssl=1 1x, https:\/\/i0.wp.com\/www.grieta.org.mx\/wp-content\/uploads\/2024\/10\/Despota-e1728418204267.jpg?resize=525%2C300&ssl=1 1.5x, https:\/\/i0.wp.com\/www.grieta.org.mx\/wp-content\/uploads\/2024\/10\/Despota-e1728418204267.jpg?resize=700%2C400&ssl=1 2x"},"classes":[]},{"id":49839,"url":"https:\/\/www.grieta.org.mx\/index.php\/2020\/05\/18\/investigadores-denuncian-ante-fgr-posible-dano-al-patrimonio-por-tren-maya\/","url_meta":{"origin":34763,"position":1},"title":"Investigadores denuncian ante FGR posible da\u00f1o al patrimonio por Tren Maya","author":"grieta","date":"18 mayo, 2020","format":false,"excerpt":"Judith Amador Tello \/ Proceso CIUDAD DE M\u00c9XICO (apro).- Investigadores del Instituto Nacional de Antropolog\u00eda e Historia (INAH) informaron a esta agencia que el pasado viernes 15 entregaron a la Fiscal\u00eda General de la Rep\u00fablica (FGR) una denuncia de hechos, por la presunta destrucci\u00f3n de monumentos arqueol\u00f3gicos que podr\u00edan resultar\u2026","rel":"","context":"En &quot;Campeche&quot;","block_context":{"text":"Campeche","link":"https:\/\/www.grieta.org.mx\/index.php\/category\/noticias-nacionales\/campeche\/"},"img":{"alt_text":"","src":"https:\/\/i0.wp.com\/www.grieta.org.mx\/wp-content\/uploads\/2020\/05\/tren-870x522-e1590531242649.jpg?resize=350%2C200&ssl=1","width":350,"height":200,"srcset":"https:\/\/i0.wp.com\/www.grieta.org.mx\/wp-content\/uploads\/2020\/05\/tren-870x522-e1590531242649.jpg?resize=350%2C200&ssl=1 1x, https:\/\/i0.wp.com\/www.grieta.org.mx\/wp-content\/uploads\/2020\/05\/tren-870x522-e1590531242649.jpg?resize=525%2C300&ssl=1 1.5x, https:\/\/i0.wp.com\/www.grieta.org.mx\/wp-content\/uploads\/2020\/05\/tren-870x522-e1590531242649.jpg?resize=700%2C400&ssl=1 2x"},"classes":[]},{"id":49444,"url":"https:\/\/www.grieta.org.mx\/index.php\/2020\/05\/17\/pueblos-indigenas-solicitan-proteccion-contra-el-tren-maya\/","url_meta":{"origin":34763,"position":2},"title":"Pueblos ind\u00edgenas solicitan protecci\u00f3n contra el Tren Maya","author":"grieta","date":"17 mayo, 2020","format":false,"excerpt":"Reporteros Hoy M\u00e9rida, Yucat\u00e1n;(ACOM).- Debido a los da\u00f1os que ocasionar\u00eda el Tren Maya, la Asamblea de Defensores del Territorio Maya M\u00fauch X\u00edinbal y el Consejo Civil Mexicano para la Silvicultura Sostenible solicitaron ayer a la Comisi\u00f3n Interamericana de Derechos Humanos (CIDH) medidas cautelares para proteger el sistema de cenotes de\u2026","rel":"","context":"En &quot;16. Pueblo Maya&quot;","block_context":{"text":"16. Pueblo Maya","link":"https:\/\/www.grieta.org.mx\/index.php\/category\/espejos-de-la-resistencia\/16-pueblo-maya\/"},"img":{"alt_text":"","src":"https:\/\/i0.wp.com\/www.grieta.org.mx\/wp-content\/uploads\/2020\/05\/Cenotes-Yucatan-Tren-Maya.jpg?resize=350%2C200&ssl=1","width":350,"height":200,"srcset":"https:\/\/i0.wp.com\/www.grieta.org.mx\/wp-content\/uploads\/2020\/05\/Cenotes-Yucatan-Tren-Maya.jpg?resize=350%2C200&ssl=1 1x, https:\/\/i0.wp.com\/www.grieta.org.mx\/wp-content\/uploads\/2020\/05\/Cenotes-Yucatan-Tren-Maya.jpg?resize=525%2C300&ssl=1 1.5x, https:\/\/i0.wp.com\/www.grieta.org.mx\/wp-content\/uploads\/2020\/05\/Cenotes-Yucatan-Tren-Maya.jpg?resize=700%2C400&ssl=1 2x"},"classes":[]},{"id":53867,"url":"https:\/\/www.grieta.org.mx\/index.php\/2020\/09\/29\/tren-maya-acusan-al-poder-judicial-de-actuar-contra-pueblos-indigenas\/","url_meta":{"origin":34763,"position":3},"title":"Tren Maya: acusan al Poder Judicial de actuar contra pueblos ind\u00edgenas","author":"grieta","date":"29 septiembre, 2020","format":false,"excerpt":"Emanuel Rinc\u00f3n Becerra \/ Diario de Yucat\u00e1n Representantes del colectivo Asamblea Maya M\u00fauch Xiimbal y de otras agrupaciones que representan a comunidades ind\u00edgenas de la Pen\u00ednsula de Yucat\u00e1n afectadas por el proyecto Tren Maya advirtieron que el Poder Judicial no est\u00e1 defendiendo sus leg\u00edtimos derechos. En rueda de prensa virtual,\u2026","rel":"","context":"En &quot;Campeche&quot;","block_context":{"text":"Campeche","link":"https:\/\/www.grieta.org.mx\/index.php\/category\/noticias-nacionales\/campeche\/"},"img":{"alt_text":"","src":"https:\/\/i0.wp.com\/www.grieta.org.mx\/wp-content\/uploads\/2020\/09\/ConfPrensaDiarioYuc.png?resize=350%2C200&ssl=1","width":350,"height":200,"srcset":"https:\/\/i0.wp.com\/www.grieta.org.mx\/wp-content\/uploads\/2020\/09\/ConfPrensaDiarioYuc.png?resize=350%2C200&ssl=1 1x, https:\/\/i0.wp.com\/www.grieta.org.mx\/wp-content\/uploads\/2020\/09\/ConfPrensaDiarioYuc.png?resize=525%2C300&ssl=1 1.5x, https:\/\/i0.wp.com\/www.grieta.org.mx\/wp-content\/uploads\/2020\/09\/ConfPrensaDiarioYuc.png?resize=700%2C400&ssl=1 2x"},"classes":[]},{"id":67595,"url":"https:\/\/www.grieta.org.mx\/index.php\/2023\/08\/31\/destruyen-con-maquinaria-del-ejercito-para-abrir-camino-a-chichen-viejo-yucatan\/","url_meta":{"origin":34763,"position":4},"title":"Destruyen con maquinaria del Ej\u00e9rcito para abrir camino a Chich\u00e9n Viejo (Yucat\u00e1n)","author":"grieta","date":"31 agosto, 2023","format":false,"excerpt":"Haz Ruido A marchas forzadas, abren un camino a pocos d\u00edas de la visita de AMLO, pero sin los protocolos para salvaguardar el patrimonio arqueol\u00f3gico del \u00e1rea. Tinum, Yucat\u00e1n, 31 de agosto de 2023.- Con maquinaria pesada del Ej\u00e9rcito Mexicano, se realizan acciones a marchas forzadas para abrir un camino\u2026","rel":"","context":"En &quot;CINTILLO&quot;","block_context":{"text":"CINTILLO","link":"https:\/\/www.grieta.org.mx\/index.php\/category\/cintillo\/"},"img":{"alt_text":"","src":"https:\/\/i0.wp.com\/www.grieta.org.mx\/wp-content\/uploads\/2023\/08\/Chichen-e1693524332725.jpg?resize=350%2C200&ssl=1","width":350,"height":200,"srcset":"https:\/\/i0.wp.com\/www.grieta.org.mx\/wp-content\/uploads\/2023\/08\/Chichen-e1693524332725.jpg?resize=350%2C200&ssl=1 1x, https:\/\/i0.wp.com\/www.grieta.org.mx\/wp-content\/uploads\/2023\/08\/Chichen-e1693524332725.jpg?resize=525%2C300&ssl=1 1.5x, https:\/\/i0.wp.com\/www.grieta.org.mx\/wp-content\/uploads\/2023\/08\/Chichen-e1693524332725.jpg?resize=700%2C400&ssl=1 2x"},"classes":[]},{"id":47874,"url":"https:\/\/www.grieta.org.mx\/index.php\/2020\/04\/13\/las-vias-torcidas-del-tren-maya-video\/","url_meta":{"origin":34763,"position":5},"title":"Las v\u00edas torcidas del tren maya (Video)","author":"grieta","date":"13 abril, 2020","format":false,"excerpt":"https:\/\/www.youtube.com\/watch?v=k8FRX9eT0YY","rel":"","context":"En &quot;16. Pueblo Maya&quot;","block_context":{"text":"16. Pueblo Maya","link":"https:\/\/www.grieta.org.mx\/index.php\/category\/espejos-de-la-resistencia\/16-pueblo-maya\/"},"img":{"alt_text":"","src":"https:\/\/i0.wp.com\/www.grieta.org.mx\/wp-content\/uploads\/2020\/04\/ViasTorcidasTrenMaya.png?resize=350%2C200&ssl=1","width":350,"height":200,"srcset":"https:\/\/i0.wp.com\/www.grieta.org.mx\/wp-content\/uploads\/2020\/04\/ViasTorcidasTrenMaya.png?resize=350%2C200&ssl=1 1x, https:\/\/i0.wp.com\/www.grieta.org.mx\/wp-content\/uploads\/2020\/04\/ViasTorcidasTrenMaya.png?resize=525%2C300&ssl=1 1.5x, https:\/\/i0.wp.com\/www.grieta.org.mx\/wp-content\/uploads\/2020\/04\/ViasTorcidasTrenMaya.png?resize=700%2C400&ssl=1 2x"},"classes":[]}],"_links":{"self":[{"href":"https:\/\/www.grieta.org.mx\/index.php\/wp-json\/wp\/v2\/posts\/34763","targetHints":{"allow":["GET"]}}],"collection":[{"href":"https:\/\/www.grieta.org.mx\/index.php\/wp-json\/wp\/v2\/posts"}],"about":[{"href":"https:\/\/www.grieta.org.mx\/index.php\/wp-json\/wp\/v2\/types\/post"}],"author":[{"embeddable":true,"href":"https:\/\/www.grieta.org.mx\/index.php\/wp-json\/wp\/v2\/users\/2"}],"replies":[{"embeddable":true,"href":"https:\/\/www.grieta.org.mx\/index.php\/wp-json\/wp\/v2\/comments?post=34763"}],"version-history":[{"count":1,"href":"https:\/\/www.grieta.org.mx\/index.php\/wp-json\/wp\/v2\/posts\/34763\/revisions"}],"predecessor-version":[{"id":34768,"href":"https:\/\/www.grieta.org.mx\/index.php\/wp-json\/wp\/v2\/posts\/34763\/revisions\/34768"}],"wp:featuredmedia":[{"embeddable":true,"href":"https:\/\/www.grieta.org.mx\/index.php\/wp-json\/wp\/v2\/media\/34764"}],"wp:attachment":[{"href":"https:\/\/www.grieta.org.mx\/index.php\/wp-json\/wp\/v2\/media?parent=34763"}],"wp:term":[{"taxonomy":"category","embeddable":true,"href":"https:\/\/www.grieta.org.mx\/index.php\/wp-json\/wp\/v2\/categories?post=34763"},{"taxonomy":"post_tag","embeddable":true,"href":"https:\/\/www.grieta.org.mx\/index.php\/wp-json\/wp\/v2\/tags?post=34763"}],"curies":[{"name":"wp","href":"https:\/\/api.w.org\/{rel}","templated":true}]}}