{"id":34752,"date":"2019-06-12T11:23:24","date_gmt":"2019-06-12T16:23:24","guid":{"rendered":"http:\/\/www.grieta.org.mx\/?p=34752"},"modified":"2019-06-15T11:43:40","modified_gmt":"2019-06-15T16:43:40","slug":"buaysiacobe-continua-el-despojo-contra-los-yoremes-de-sonora","status":"publish","type":"post","link":"https:\/\/www.grieta.org.mx\/index.php\/2019\/06\/12\/buaysiacobe-continua-el-despojo-contra-los-yoremes-de-sonora\/","title":{"rendered":"Buaysiacobe: contin\u00faa el despojo contra los yoremes de Sonora"},"content":{"rendered":"<p>Myrna Valencia Banda\/ CONTRAL\u00cdNEA<\/p>\n<p>Buaysiacobe en lengua yoreme significa: lugar donde crece el zacate lana. Como ejido, Buaysiacobe (municipio de Etchojoa) tiene sus inicios en 1930 cuando, organizados por l\u00edderes del gobierno mexicano y uno que otro ind\u00edgena, m\u00e1s de 200 hombres y una docena de mujeres empezaron desmontar, sembrar y cuidar cerca de 6 mil hect\u00e1reas. Inicialmente todos eran yoleme o yoreme, \u201cel que respeta\u201d, como nos llamamos a nosotros mismos, aunque el resto de la gente nos conozca como ind\u00edgenas mayo.<\/p>\n<p><img loading=\"lazy\" decoding=\"async\" data-attachment-id=\"34753\" data-permalink=\"https:\/\/www.grieta.org.mx\/index.php\/2019\/06\/12\/buaysiacobe-continua-el-despojo-contra-los-yoremes-de-sonora\/pascola\/\" data-orig-file=\"https:\/\/www.grieta.org.mx\/wp-content\/uploads\/2019\/06\/Pascola.jpg\" data-orig-size=\"600,335\" data-comments-opened=\"0\" data-image-meta=\"{&quot;aperture&quot;:&quot;0&quot;,&quot;credit&quot;:&quot;&quot;,&quot;camera&quot;:&quot;&quot;,&quot;caption&quot;:&quot;&quot;,&quot;created_timestamp&quot;:&quot;0&quot;,&quot;copyright&quot;:&quot;&quot;,&quot;focal_length&quot;:&quot;0&quot;,&quot;iso&quot;:&quot;0&quot;,&quot;shutter_speed&quot;:&quot;0&quot;,&quot;title&quot;:&quot;&quot;,&quot;orientation&quot;:&quot;1&quot;}\" data-image-title=\"Pascola\" data-image-description=\"\" data-image-caption=\"\" data-medium-file=\"https:\/\/www.grieta.org.mx\/wp-content\/uploads\/2019\/06\/Pascola-300x168.jpg\" data-large-file=\"https:\/\/www.grieta.org.mx\/wp-content\/uploads\/2019\/06\/Pascola.jpg\" class=\"alignleft size-full wp-image-34753\" src=\"http:\/\/www.grieta.org.mx\/wp-content\/uploads\/2019\/06\/Pascola.jpg\" alt=\"\" width=\"600\" height=\"335\" srcset=\"https:\/\/www.grieta.org.mx\/wp-content\/uploads\/2019\/06\/Pascola.jpg 600w, https:\/\/www.grieta.org.mx\/wp-content\/uploads\/2019\/06\/Pascola-300x168.jpg 300w\" sizes=\"auto, (max-width: 600px) 100vw, 600px\" \/><\/p>\n<p>Para el 6 de enero de 1939, el presidente de la Rep\u00fablica L\u00e1zaro C\u00e1rdenas vino a decirles: \u201cEsta tierra ya es de ustedes\u201d a 217 yoremes (208 hombres y 9 mujeres), 28 agraciados (los que recibieron, en este caso, tierras, sin haber trabajado para merecerla) y 38 ingresantes, \u00e9stos \u00faltimos quienes vinieron desde la sierra de \u00c1lamos y de las comunidades yaquis \u2013hermanos de los mayos\u2013, y a todos se les recibi\u00f3 de lo mejor compartiendo con ellos el territorio propio, su casa, ahora con el pomposo nombre de parcela ejidal. La siguiente d\u00e9cada fue de m\u00e1s trabajo, b\u00fasqueda de apoyos y socios poderosos que les ayudaran a cuenta de dos o tres cosechas a terminar de desmontar.<\/p>\n<p>Para 1951 los 283 ejidatarios, recibieron sus documentos y empezaron a cosechar los frutos del esfuerzo de haber perseverado, se maravillaban de lo que obten\u00edan cada ciclo agr\u00edcola, y as\u00ed las penurias de ser yoreme iban quedando lejos, cubiertas con la algarab\u00eda de la trilla y el pago del trabajo familiar encabezado por cada jefe de familia, due\u00f1os cada uno de 20 hect\u00e1reas de cultivo, posesi\u00f3n que les hac\u00eda due\u00f1os de un patrimonio de sustento para heredar a su progenie; en una parte important\u00edsima del Valle del Mayo, cuyo r\u00edo del mismo nombre abasteci\u00f3 de agua las tierras tan ricas que, a la fecha, son todav\u00eda parte del motivo de acoso y despojo por parte de los modernos latifundistas.<\/p>\n<p>Ya con los \u201cpapeles\u201d de la tierra todo march\u00f3 muy bien, no faltaba quien ganaba m\u00e1s que otro, pero hab\u00eda aceptaci\u00f3n y hasta felicidad; este gusto dur\u00f3 menos de lo imaginado. En 1992 les fue anunciado que el gobierno tan justo y tan bueno quer\u00eda igualdad y que ahora les traer\u00eda nuevos t\u00edtulos que les permitir\u00eda vender la tierra y no tener que aguantar al vecino y a los rateros y a nadie. La identidad yoreme, medio dormida, todav\u00eda anunciaba su regreso, pero nadie lo advirti\u00f3 pues una nube de ilusi\u00f3n invad\u00eda el ejido.<\/p>\n<p>Hay razones de sobra para saber que hab\u00eda todo un plan armado, pues inici\u00f3 la etapa del \u201crentismo\u201d: llovieron los agricultores ofreciendo dinero a manos llenas, hasta parec\u00eda que era a cambio de ning\u00fan esfuerzo. Los \u201cinversionistas\u201d desde entonces vienen una y otra y otra vez, hasta que consideran haber soltado algo significativo a cuenta de renta y les dicen que ya la tierra estaba pagada, o con una cantidad igual a la deuda, ellos amablemente comprar\u00edan la tierra o exig\u00edan el pago inmediato de lo prestado. De esta manera, perdieron sus tierras los antiguos habitantes de El Rinc\u00f3n Verde, donde la prosperidad crec\u00eda a la par que la vegetaci\u00f3n y el pasto para sus peque\u00f1os hatos de ganado de subsistencia alrededor de la laguna que, cada que tiempo, pues a\u00fan tiene memoria, recibe agua y acaba con casas y dem\u00e1s, record\u00e1ndole a la gente de Buaysiacobe, qui\u00e9nes son y lo que ha sido de sus vidas.<\/p>\n<p>A m\u00e1s de 100 a\u00f1os de su fundaci\u00f3n, la comunidad de Buaysiacobe hecha ejido a mediados del siglo XX, cuenta con cerca de 5 mil habitantes, sin contar quienes cada verano migran a la costa de Hermosillo o Caborca y ya no regresan, o los que se fueron un d\u00eda a las f\u00e1bricas de la frontera del estado o a las de Baja California y los que cruzaron \u201cpa\u2019l otro lado\u201d los menos, pero que todav\u00eda dicen kaita tomi (no hay dinero) buite buite (ap\u00farate, ap\u00farate); inapo enchi watia (te quiero), por mencionar algunas expresiones en nuestro idioma originario.<\/p>\n<p>Los primeros habitantes de Buaysiacobe se asentaron alrededor de la laguna, provenientes principalmente de las congregaciones del pueblo de San Pedro \u2013que, por cierto, fue despojado en 1994 de su t\u00edtulo como unos de los ocho Pueblos Mayos de Sonora\u2013, otros m\u00e1s que bajaron del legendario cerro del Bayajorit a cuyos habitantes salv\u00f3 de morir ahogados en una tremenda inundaci\u00f3n. Era entonces una comunidad con un futuro promisorio, m\u00e1s a\u00fan con la tierra que se les otorg\u00f3 como ejido. \u00bfQu\u00e9 ha sido de ese sue\u00f1o? Habr\u00eda que preguntarles a los ricos, pues los yoremes, los ejidatarios, los verdaderos due\u00f1os de la tierra vivimos esperando a que se nos regrese la ilusi\u00f3n, la justicia y el sue\u00f1o de ser un pueblo pr\u00f3spero.<\/p>\n<p>A algunos de ellos les arrebataron 10 hect\u00e1reas, pero el comprador siembra 12 o m\u00e1s y s\u00f3lo les deja 8 hect\u00e1reas o menos para rentar y poder mal comer. A otros m\u00e1s les compraron a conveniencia donde se le hizo bueno al rico y les negoci\u00f3 a cambio de tierra con otro ejidatario, pero todos esos arreglos se hicieron s\u00f3lo de palabra.<\/p>\n<p>Por otra parte, las instituciones de atenci\u00f3n a los ind\u00edgenas han destrozado la infraestructura de servicios b\u00e1sicos. Y a la gente que sobrevive del jornal campesino no le queda ni tiempo ni dinero para organizarse; menos, para iniciar la b\u00fasqueda de justicia. Adem\u00e1s, si conf\u00eda a las autoridades agrarias, s\u00f3lo les hacen dar vueltas llevando copias y m\u00e1s copias de sus documentos y papeles sin resultado alguno. Se termina la administraci\u00f3n ejidal cada 3 a\u00f1os y, al llegar otros, hay que iniciar el proceso de nuevo. Mientras tanto, como la planta en tierra pobre, las familias se reproducen con presteza, pues el mundo se acaba para ellos antes que el de los yoris (hombre blanco), ellos tienen la tierra, el dinero y las influencias para comprar a las instituciones y apoyar el despojo de quienes conocen el secreto de la supervivencia humana: los pueblos y comunidades ind\u00edgenas y sus congregaciones, ll\u00e1mese grupos de gente o ejidos.<\/p>\n<p>La geograf\u00eda que tenemos la dicha de habitar y vivir como in kaari (mi casa), que en la cultura mestiza se conoce como \u201ch\u00e1bitat\u201d o nuestro territorio, en general ayud\u00f3 al yoreme a subsistir y m\u00e1s que eso a persistir hasta nuestros d\u00edas.<\/p>\n<p>Myrna Valencia Banda*\/Primera parte<\/p>\n<p>*Educadora y concejala del Concejo Ind\u00edgena de Gobierno por parte del pueblo yoreme-mayo de Cohuirimpo, Sonora<\/p>\n<p><a href=\"https:\/\/www.contralinea.com.mx\/archivo-revista\/2019\/06\/12\/buaysiacobe-continua-el-despojo-contra-los-yoremes-de-sonora\/\" target=\"_blank\" rel=\"noopener noreferrer\">https:\/\/www.contralinea.com.mx\/archivo-revista\/2019\/06\/12\/buaysiacobe-continua-el-despojo-contra-los-yoremes-de-sonora\/<\/a><\/p>\n","protected":false},"excerpt":{"rendered":"<p>Myrna Valencia Banda\/ CONTRAL\u00cdNEA Buaysiacobe en lengua yoreme significa: lugar donde crece el zacate lana. Como ejido, Buaysiacobe (municipio de Etchojoa) tiene sus inicios en 1930 cuando, organizados por l\u00edderes &hellip; <a href=\"https:\/\/www.grieta.org.mx\/index.php\/2019\/06\/12\/buaysiacobe-continua-el-despojo-contra-los-yoremes-de-sonora\/\" class=\"more-link\">Leer m\u00e1s<\/a><\/p>\n","protected":false},"author":2,"featured_media":34753,"comment_status":"closed","ping_status":"closed","sticky":false,"template":"","format":"standard","meta":{"ngg_post_thumbnail":0,"_jetpack_newsletter_access":"","_jetpack_dont_email_post_to_subs":false,"_jetpack_newsletter_tier_id":0,"_jetpack_memberships_contains_paywalled_content":false,"_jetpack_memberships_contains_paid_content":false,"footnotes":""},"categories":[80,914,1278,1405,1407,1214,86,2,31,83],"tags":[1065,2465,2634,1408],"class_list":["post-34752","post","type-post","status-publish","format-standard","has-post-thumbnail","hentry","category-cintillo","category-privatizacion-del-agua","category-despojo-de-tierras-y-territorios","category-lucha-y-resistencia-de-los-pueblos-originarios-en-sonora","category-lucha-y-resistencia-del-pueblo-yoreme","category-migracion-en-sonora","category-migrantes","category-noticias-nacionales","category-sonora","category-temas-nacionales","tag-despojo-de-agua-y-tierras","tag-despojo-de-territorios-indigenas","tag-pueblo-mayo","tag-pueblo-yoreme","entry"],"jetpack_featured_media_url":"https:\/\/www.grieta.org.mx\/wp-content\/uploads\/2019\/06\/Pascola.jpg","jetpack_sharing_enabled":true,"jetpack_shortlink":"https:\/\/wp.me\/p7ZJR4-92w","jetpack_likes_enabled":false,"jetpack-related-posts":[{"id":28122,"url":"https:\/\/www.grieta.org.mx\/index.php\/2015\/08\/31\/yaquis-los-combatientes-de-la-primera-guerra-del-agua-en-mexico-sonora\/","url_meta":{"origin":34752,"position":0},"title":"Yaquis: los combatientes de la primera guerra del agua en M\u00e9xico (Sonora)","author":"grieta","date":"31 agosto, 2015","format":false,"excerpt":"Desde hace cientos de a\u00f1os los yaquis han vivido en rebeld\u00eda. Pero ahora enfrentan la lucha decisiva por su sobrevivencia: defender sus reservas de agua de un pol\u00e9mico acueducto. BBC MUNDO A lo largo de su historia, el pueblo Yaqui \u2013asentado en el estado de Sonora, en el noreste de\u2026","rel":"","context":"En &quot;21. Yaquis&quot;","block_context":{"text":"21. Yaquis","link":"https:\/\/www.grieta.org.mx\/index.php\/category\/espejos-de-la-resistencia\/21-yaquis\/"},"img":{"alt_text":"","src":"https:\/\/i0.wp.com\/www.grieta.org.mx\/wp-content\/uploads\/2019\/01\/yaquis_624x351_getty_nocredit-960x500.jpg?resize=350%2C200&ssl=1","width":350,"height":200,"srcset":"https:\/\/i0.wp.com\/www.grieta.org.mx\/wp-content\/uploads\/2019\/01\/yaquis_624x351_getty_nocredit-960x500.jpg?resize=350%2C200&ssl=1 1x, https:\/\/i0.wp.com\/www.grieta.org.mx\/wp-content\/uploads\/2019\/01\/yaquis_624x351_getty_nocredit-960x500.jpg?resize=525%2C300&ssl=1 1.5x, https:\/\/i0.wp.com\/www.grieta.org.mx\/wp-content\/uploads\/2019\/01\/yaquis_624x351_getty_nocredit-960x500.jpg?resize=700%2C400&ssl=1 2x"},"classes":[]},{"id":54170,"url":"https:\/\/www.grieta.org.mx\/index.php\/2020\/10\/13\/se-manifiestan-indigenas-de-sinaloa-y-sonora-contra-planta-de-amoniaco-en-topolobampo\/","url_meta":{"origin":34752,"position":1},"title":"Se manifiestan ind\u00edgenas de Sinaloa y Sonora contra planta de amoniaco en Topolobampo","author":"grieta","date":"13 octubre, 2020","format":false,"excerpt":"Noroeste\/Carlos Boj\u00f3rquez Foto: Noroeste En el marco del D\u00eda de la Raza, ind\u00edgenas del norte de Sinaloa y sur de Sonora se manifestaron en contra de la planta de amoniaco que se pretende construir en Topolobampo. La manifestaci\u00f3n, a la que se sumaron integrantes del Colectivo 'Aqu\u00ed no', inici\u00f3 con\u2026","rel":"","context":"En &quot;CINTILLO&quot;","block_context":{"text":"CINTILLO","link":"https:\/\/www.grieta.org.mx\/index.php\/category\/cintillo\/"},"img":{"alt_text":"","src":"https:\/\/i0.wp.com\/www.grieta.org.mx\/wp-content\/uploads\/2020\/10\/980114b5_e60a_492a_bbc7_53bba4bbd793-319722-1.jpg?resize=350%2C200&ssl=1","width":350,"height":200,"srcset":"https:\/\/i0.wp.com\/www.grieta.org.mx\/wp-content\/uploads\/2020\/10\/980114b5_e60a_492a_bbc7_53bba4bbd793-319722-1.jpg?resize=350%2C200&ssl=1 1x, https:\/\/i0.wp.com\/www.grieta.org.mx\/wp-content\/uploads\/2020\/10\/980114b5_e60a_492a_bbc7_53bba4bbd793-319722-1.jpg?resize=525%2C300&ssl=1 1.5x, https:\/\/i0.wp.com\/www.grieta.org.mx\/wp-content\/uploads\/2020\/10\/980114b5_e60a_492a_bbc7_53bba4bbd793-319722-1.jpg?resize=700%2C400&ssl=1 2x, https:\/\/i0.wp.com\/www.grieta.org.mx\/wp-content\/uploads\/2020\/10\/980114b5_e60a_492a_bbc7_53bba4bbd793-319722-1.jpg?resize=1050%2C600&ssl=1 3x, https:\/\/i0.wp.com\/www.grieta.org.mx\/wp-content\/uploads\/2020\/10\/980114b5_e60a_492a_bbc7_53bba4bbd793-319722-1.jpg?resize=1400%2C800&ssl=1 4x"},"classes":[]},{"id":35945,"url":"https:\/\/www.grieta.org.mx\/index.php\/2019\/07\/05\/expansion-de-megaproyectos-en-la-peninsula-de-yucatan-video\/","url_meta":{"origin":34752,"position":2},"title":"Expansi\u00f3n de Megaproyectos en la Pen\u00ednsula de Yucat\u00e1n (Video)","author":"grieta","date":"5 julio, 2019","format":false,"excerpt":"https:\/\/youtu.be\/qLBARIAaBsI","rel":"","context":"En &quot;Campeche&quot;","block_context":{"text":"Campeche","link":"https:\/\/www.grieta.org.mx\/index.php\/category\/noticias-nacionales\/campeche\/"},"img":{"alt_text":"","src":"https:\/\/i0.wp.com\/img.youtube.com\/vi\/qLBARIAaBsI\/0.jpg?resize=350%2C200","width":350,"height":200},"classes":[]},{"id":28118,"url":"https:\/\/www.grieta.org.mx\/index.php\/2018\/11\/30\/se-intensifican-las-amenazas-contra-opositores-al-gasoducto-en-comunidad-yaqui-de-sonora\/","url_meta":{"origin":34752,"position":3},"title":"Se intensifican las amenazas contra opositores al gasoducto en comunidad yaqui de Sonora","author":"grieta","date":"30 noviembre, 2018","format":false,"excerpt":"Habitantes de la localidad Loma de B\u00e1cum reciben constantes advertencias de que ser\u00e1n agredidos si no cesan su resistencia a la operaci\u00f3n del gasoducto Sonora. En las \u00faltimas semanas las amenazas incluyen fechas: los \u00faltimos d\u00edas de noviembre ser\u00e1n atacados si no aceptan el proyecto. \/ANIMAL POL\u00ccTICO Las amenazas contra\u2026","rel":"","context":"En &quot;21. Yaquis&quot;","block_context":{"text":"21. Yaquis","link":"https:\/\/www.grieta.org.mx\/index.php\/category\/espejos-de-la-resistencia\/21-yaquis\/"},"img":{"alt_text":"","src":"https:\/\/i0.wp.com\/www.grieta.org.mx\/wp-content\/uploads\/2019\/01\/gasoducto.jpg?resize=350%2C200&ssl=1","width":350,"height":200,"srcset":"https:\/\/i0.wp.com\/www.grieta.org.mx\/wp-content\/uploads\/2019\/01\/gasoducto.jpg?resize=350%2C200&ssl=1 1x, https:\/\/i0.wp.com\/www.grieta.org.mx\/wp-content\/uploads\/2019\/01\/gasoducto.jpg?resize=525%2C300&ssl=1 1.5x, https:\/\/i0.wp.com\/www.grieta.org.mx\/wp-content\/uploads\/2019\/01\/gasoducto.jpg?resize=700%2C400&ssl=1 2x"},"classes":[]},{"id":60941,"url":"https:\/\/www.grieta.org.mx\/index.php\/2021\/08\/09\/mexico-la-permanente-batalla-de-los-yaquis-contra-el-despojo\/","url_meta":{"origin":34752,"position":4},"title":"M\u00e9xico: la permanente batalla de los yaquis contra el despojo","author":"grieta","date":"9 agosto, 2021","format":false,"excerpt":"Las constantes denuncias de represi\u00f3n, asesinatos y desaparici\u00f3n forzada que padecen los yaquis no encuentran eco entre las autoridades mexicanas, las cuales se limitan a registrar los hechos y abrir carpetas de investigaci\u00f3n con escasos resultados. Archivo Cuartoscuro PorCarmen Garc\u00eda Bermejo | Mongabay Latam \u00a08 de agosto, 2021 Hablar de\u2026","rel":"","context":"En &quot;Desaparecidos en Sonora&quot;","block_context":{"text":"Desaparecidos en Sonora","link":"https:\/\/www.grieta.org.mx\/index.php\/category\/noticias-nacionales\/sonora\/desaparecidos-en-sonora\/"},"img":{"alt_text":"","src":"https:\/\/i0.wp.com\/www.grieta.org.mx\/wp-content\/uploads\/2021\/08\/cuartoscuro_771020_digital.jpeg?resize=350%2C200&ssl=1","width":350,"height":200,"srcset":"https:\/\/i0.wp.com\/www.grieta.org.mx\/wp-content\/uploads\/2021\/08\/cuartoscuro_771020_digital.jpeg?resize=350%2C200&ssl=1 1x, https:\/\/i0.wp.com\/www.grieta.org.mx\/wp-content\/uploads\/2021\/08\/cuartoscuro_771020_digital.jpeg?resize=525%2C300&ssl=1 1.5x, https:\/\/i0.wp.com\/www.grieta.org.mx\/wp-content\/uploads\/2021\/08\/cuartoscuro_771020_digital.jpeg?resize=700%2C400&ssl=1 2x, https:\/\/i0.wp.com\/www.grieta.org.mx\/wp-content\/uploads\/2021\/08\/cuartoscuro_771020_digital.jpeg?resize=1050%2C600&ssl=1 3x"},"classes":[]},{"id":9045,"url":"https:\/\/www.grieta.org.mx\/index.php\/2015\/03\/03\/lucha-y-resistencia-del-pueblo-guarijio\/","url_meta":{"origin":34752,"position":5},"title":"Lucha y resistencia del pueblo guarij\u00edo","author":"Admin","date":"3 marzo, 2015","format":false,"excerpt":"Oposici\u00f3n del pueblo Guarij\u00edo a la presa Los Pilares 25\/10\/14. Presa Los Pilares, despojo y desplazamiento del pueblo guarij\u00edo Pulso de San Luis 25\/10\/14. CRONOLOG\u00cdA 1588-2014 Guarij\u00edos y proyecto de presa Los Pilares Chiltepines 25\/10\/14. Impacto de presa Pilares en el pueblo Guarij\u00edo de Sonora Chiltepines","rel":"","context":"En &quot;23. Guarij\u00edos&quot;","block_context":{"text":"23. Guarij\u00edos","link":"https:\/\/www.grieta.org.mx\/index.php\/category\/espejos-de-la-resistencia\/23-guarijios\/"},"img":{"alt_text":"","src":"https:\/\/i0.wp.com\/www.grieta.org.mx\/wp-content\/uploads\/2018\/03\/14524434_1106112876131411_958039263622046936_o.jpg?resize=350%2C200&ssl=1","width":350,"height":200,"srcset":"https:\/\/i0.wp.com\/www.grieta.org.mx\/wp-content\/uploads\/2018\/03\/14524434_1106112876131411_958039263622046936_o.jpg?resize=350%2C200&ssl=1 1x, https:\/\/i0.wp.com\/www.grieta.org.mx\/wp-content\/uploads\/2018\/03\/14524434_1106112876131411_958039263622046936_o.jpg?resize=525%2C300&ssl=1 1.5x, https:\/\/i0.wp.com\/www.grieta.org.mx\/wp-content\/uploads\/2018\/03\/14524434_1106112876131411_958039263622046936_o.jpg?resize=700%2C400&ssl=1 2x"},"classes":[]}],"_links":{"self":[{"href":"https:\/\/www.grieta.org.mx\/index.php\/wp-json\/wp\/v2\/posts\/34752","targetHints":{"allow":["GET"]}}],"collection":[{"href":"https:\/\/www.grieta.org.mx\/index.php\/wp-json\/wp\/v2\/posts"}],"about":[{"href":"https:\/\/www.grieta.org.mx\/index.php\/wp-json\/wp\/v2\/types\/post"}],"author":[{"embeddable":true,"href":"https:\/\/www.grieta.org.mx\/index.php\/wp-json\/wp\/v2\/users\/2"}],"replies":[{"embeddable":true,"href":"https:\/\/www.grieta.org.mx\/index.php\/wp-json\/wp\/v2\/comments?post=34752"}],"version-history":[{"count":1,"href":"https:\/\/www.grieta.org.mx\/index.php\/wp-json\/wp\/v2\/posts\/34752\/revisions"}],"predecessor-version":[{"id":34754,"href":"https:\/\/www.grieta.org.mx\/index.php\/wp-json\/wp\/v2\/posts\/34752\/revisions\/34754"}],"wp:featuredmedia":[{"embeddable":true,"href":"https:\/\/www.grieta.org.mx\/index.php\/wp-json\/wp\/v2\/media\/34753"}],"wp:attachment":[{"href":"https:\/\/www.grieta.org.mx\/index.php\/wp-json\/wp\/v2\/media?parent=34752"}],"wp:term":[{"taxonomy":"category","embeddable":true,"href":"https:\/\/www.grieta.org.mx\/index.php\/wp-json\/wp\/v2\/categories?post=34752"},{"taxonomy":"post_tag","embeddable":true,"href":"https:\/\/www.grieta.org.mx\/index.php\/wp-json\/wp\/v2\/tags?post=34752"}],"curies":[{"name":"wp","href":"https:\/\/api.w.org\/{rel}","templated":true}]}}