{"id":34726,"date":"2019-06-07T00:02:16","date_gmt":"2019-06-07T05:02:16","guid":{"rendered":"http:\/\/www.grieta.org.mx\/?p=34726"},"modified":"2019-06-15T00:21:57","modified_gmt":"2019-06-15T05:21:57","slug":"burocraticos-procesos-para-enfermos-del-cancer-nayarit","status":"publish","type":"post","link":"https:\/\/www.grieta.org.mx\/index.php\/2019\/06\/07\/burocraticos-procesos-para-enfermos-del-cancer-nayarit\/","title":{"rendered":"Burocr\u00e1ticos procesos para enfermos del c\u00e1ncer (Nayarit)"},"content":{"rendered":"<p><img loading=\"lazy\" decoding=\"async\" data-attachment-id=\"34728\" data-permalink=\"https:\/\/www.grieta.org.mx\/index.php\/2019\/06\/07\/burocraticos-procesos-para-enfermos-del-cancer-nayarit\/5b033d230954e\/\" data-orig-file=\"https:\/\/www.grieta.org.mx\/wp-content\/uploads\/2019\/06\/5b033d230954e.jpg\" data-orig-size=\"800,400\" data-comments-opened=\"0\" data-image-meta=\"{&quot;aperture&quot;:&quot;0&quot;,&quot;credit&quot;:&quot;&quot;,&quot;camera&quot;:&quot;&quot;,&quot;caption&quot;:&quot;&quot;,&quot;created_timestamp&quot;:&quot;0&quot;,&quot;copyright&quot;:&quot;&quot;,&quot;focal_length&quot;:&quot;0&quot;,&quot;iso&quot;:&quot;0&quot;,&quot;shutter_speed&quot;:&quot;0&quot;,&quot;title&quot;:&quot;&quot;,&quot;orientation&quot;:&quot;0&quot;}\" data-image-title=\"5b033d230954e\" data-image-description=\"\" data-image-caption=\"\" data-medium-file=\"https:\/\/www.grieta.org.mx\/wp-content\/uploads\/2019\/06\/5b033d230954e-300x150.jpg\" data-large-file=\"https:\/\/www.grieta.org.mx\/wp-content\/uploads\/2019\/06\/5b033d230954e.jpg\" class=\" wp-image-34728 aligncenter\" src=\"http:\/\/www.grieta.org.mx\/wp-content\/uploads\/2019\/06\/5b033d230954e.jpg\" alt=\"\" width=\"760\" height=\"380\" srcset=\"https:\/\/www.grieta.org.mx\/wp-content\/uploads\/2019\/06\/5b033d230954e.jpg 800w, https:\/\/www.grieta.org.mx\/wp-content\/uploads\/2019\/06\/5b033d230954e-300x150.jpg 300w, https:\/\/www.grieta.org.mx\/wp-content\/uploads\/2019\/06\/5b033d230954e-768x384.jpg 768w\" sizes=\"auto, (max-width: 760px) 100vw, 760px\" \/><\/p>\n<p><em>Tienen que estar registrados en la central sanitaria de la ciudad de M\u00e9xico para que sean considerados en la aplicaci\u00f3n de los car\u00edsimos medicamentos<\/em><\/p>\n<p>Javier Rojo Fregoso \/ Realidades<\/p>\n<p>Tepic, Nayarit.- Viernes 07 de junio del 2019.- Necesitan ser aceptados, registrados, en el sistema nacional de salud o de atenci\u00f3n Oncol\u00f3gica (C\u00e1ncer) todos aquellos derechohabientes de las dos instituciones de salud m\u00e1s importantes que tenemos en M\u00e9xico, el IMSS e ISSSTE y aprobados los medicamentos desde la central sanitaria que se localiza en la Ciudad de M\u00e9xico, para aplicarlos a estas personas enfermas de c\u00e1ncer que son sometidas a quimioterapias.<\/p>\n<p>El proceso es muy tardado, muy agobiante para las personas enfermas, pero principalmente para sus familiares, que son los que tienen que andar buscando los dineros para poder suministrar los medicamentos a sus seres queridos enfermos de C\u00e1ncer y hay que se\u00f1alarlo firme y muy puntual que los medicamentos para acompa\u00f1ar las QUIMIOTERAPIAS, aseguran algunos familiares de personas con c\u00e1ncer, tienen un costo de hasta QUINCE MIL PESOS, hay otros que cuestan Cinco Mil Pesos y de ah\u00ed hacia arriba, son caros los medicamentos para tratar a cabalidad las Quimioterapias que se les deben de dar a los pacientes con C\u00e1ncer.<\/p>\n<p><a href=\"http:\/\/realidadesperiodico.com\/local\/burocraticos-procesos-para-enfermos-del-cancer\/\">http:\/\/realidadesperiodico.com\/local\/burocraticos-procesos-para-enfermos-del-cancer\/<\/a><\/p>\n","protected":false},"excerpt":{"rendered":"<p>Tienen que estar registrados en la central sanitaria de la ciudad de M\u00e9xico para que sean considerados en la aplicaci\u00f3n de los car\u00edsimos medicamentos Javier Rojo Fregoso \/ Realidades Tepic, &hellip; <a href=\"https:\/\/www.grieta.org.mx\/index.php\/2019\/06\/07\/burocraticos-procesos-para-enfermos-del-cancer-nayarit\/\" class=\"more-link\">Leer m\u00e1s<\/a><\/p>\n","protected":false},"author":2,"featured_media":34728,"comment_status":"closed","ping_status":"closed","sticky":false,"template":"","format":"standard","meta":{"ngg_post_thumbnail":0,"_jetpack_newsletter_access":"","_jetpack_dont_email_post_to_subs":false,"_jetpack_newsletter_tier_id":0,"_jetpack_memberships_contains_paywalled_content":false,"_jetpack_memberships_contains_paid_content":false,"footnotes":""},"categories":[80,918,2573,23,2,83],"tags":[2367,2587,893],"class_list":["post-34726","post","type-post","status-publish","format-standard","has-post-thumbnail","hentry","category-cintillo","category-privatizacion-del-sector-salud","category-crisis-del-sector-salud-en-nayarit","category-nayarit","category-noticias-nacionales","category-temas-nacionales","tag-crisis-en-el-sector-salud","tag-derecho-a-la-salud","tag-privatizacion-de-la-salud","entry"],"jetpack_featured_media_url":"https:\/\/www.grieta.org.mx\/wp-content\/uploads\/2019\/06\/5b033d230954e.jpg","jetpack_sharing_enabled":true,"jetpack_shortlink":"https:\/\/wp.me\/p7ZJR4-926","jetpack_likes_enabled":false,"jetpack-related-posts":[{"id":48162,"url":"https:\/\/www.grieta.org.mx\/index.php\/2020\/04\/22\/mueren-por-falta-de-hemodialisis-nayarit\/","url_meta":{"origin":34726,"position":0},"title":"Mueren por falta de hemodi\u00e1lisis (Nayarit)","author":"grieta","date":"22 abril, 2020","format":false,"excerpt":"Foto: Realidades de Nayarit Desde que empez\u00f3 la emergencia por COVID, los Servicios de Salud de Nayarit, no le brinda servicio a los pacientes con c\u00e1ncer e insuficiencia renal, denuncian afectados Ver\u00f3nica Ram\u00edrez \/ Realidades de Nayarit Tepic, Nayarit.- Mi\u00e9rcoles 22 de abril del 2020.- Desde que comenz\u00f3 la pandemia\u2026","rel":"","context":"En &quot;CINTILLO&quot;","block_context":{"text":"CINTILLO","link":"https:\/\/www.grieta.org.mx\/index.php\/category\/cintillo\/"},"img":{"alt_text":"","src":"https:\/\/i0.wp.com\/www.grieta.org.mx\/wp-content\/uploads\/2020\/04\/Ra%C3%BAl-Santiago-L%C3%B3pez-D%C3%ADaz.-Secretario-de-Salud-696x393.jpg?resize=350%2C200&ssl=1","width":350,"height":200,"srcset":"https:\/\/i0.wp.com\/www.grieta.org.mx\/wp-content\/uploads\/2020\/04\/Ra%C3%BAl-Santiago-L%C3%B3pez-D%C3%ADaz.-Secretario-de-Salud-696x393.jpg?resize=350%2C200&ssl=1 1x, https:\/\/i0.wp.com\/www.grieta.org.mx\/wp-content\/uploads\/2020\/04\/Ra%C3%BAl-Santiago-L%C3%B3pez-D%C3%ADaz.-Secretario-de-Salud-696x393.jpg?resize=525%2C300&ssl=1 1.5x"},"classes":[]},{"id":60258,"url":"https:\/\/www.grieta.org.mx\/index.php\/2021\/06\/27\/con-marcha-exigen-a-issste-en-nayarit-medicamentos-para-enfermos-de-cancer\/","url_meta":{"origin":34726,"position":1},"title":"Con marcha exigen a ISSSTE en Nayarit medicamentos para enfermos de c\u00e1ncer","author":"grieta","date":"27 junio, 2021","format":false,"excerpt":"Foto: Cris Ben\u00edtez Crys Ben\u00edtez \/ El Occidental TEPIC, Nayarit (OEM-Informex).- Este domingo por la ma\u00f1ana pese a la lluvia, decenas de familiares de enfermos de c\u00e1ncer y trasplantados, realizaron una marcha desde las instalaciones de Cancerolog\u00eda hasta el Catedral, deteni\u00e9ndose en Palacio de Gobierno, para exigir al Instituto de\u2026","rel":"","context":"En &quot;CINTILLO&quot;","block_context":{"text":"CINTILLO","link":"https:\/\/www.grieta.org.mx\/index.php\/category\/cintillo\/"},"img":{"alt_text":"","src":"https:\/\/i0.wp.com\/www.grieta.org.mx\/wp-content\/uploads\/2021\/07\/Marcha-para-exigir-medicamentos-para-enfermos-de-cancer-en-Nayarit.jpg?resize=350%2C200&ssl=1","width":350,"height":200,"srcset":"https:\/\/i0.wp.com\/www.grieta.org.mx\/wp-content\/uploads\/2021\/07\/Marcha-para-exigir-medicamentos-para-enfermos-de-cancer-en-Nayarit.jpg?resize=350%2C200&ssl=1 1x, https:\/\/i0.wp.com\/www.grieta.org.mx\/wp-content\/uploads\/2021\/07\/Marcha-para-exigir-medicamentos-para-enfermos-de-cancer-en-Nayarit.jpg?resize=525%2C300&ssl=1 1.5x, https:\/\/i0.wp.com\/www.grieta.org.mx\/wp-content\/uploads\/2021\/07\/Marcha-para-exigir-medicamentos-para-enfermos-de-cancer-en-Nayarit.jpg?resize=700%2C400&ssl=1 2x"},"classes":[]},{"id":44953,"url":"https:\/\/www.grieta.org.mx\/index.php\/2020\/02\/14\/faltan-medicamentos-en-el-issste-y-el-imss-quienes-tienen-cancer-son-quienes-mas-sufren-la-escasez-nayarit\/","url_meta":{"origin":34726,"position":2},"title":"Faltan medicamentos en el ISSSTE y el IMSS, quienes tienen c\u00e1ncer son quienes m\u00e1s sufren la escasez (Nayarit)","author":"grieta","date":"14 febrero, 2020","format":false,"excerpt":"Foto: Ilustrativa Javier Rojo Fregoso \/ Realidades de Nayarit La escasez de medicamentos en los diversos centros hospitalarios de Nayarit, es \u201del pan de cada d\u00eda\u201d se\u00f1alan familias afectadas con estas deficiencias que han venido mostrando diversas instituciones como son principalmente el IMSS Y EL ISSSTE, en donde d\u00eda tras\u2026","rel":"","context":"En &quot;CINTILLO&quot;","block_context":{"text":"CINTILLO","link":"https:\/\/www.grieta.org.mx\/index.php\/category\/cintillo\/"},"img":{"alt_text":"","src":"https:\/\/i0.wp.com\/www.grieta.org.mx\/wp-content\/uploads\/2020\/02\/medicina-1.jpg?resize=350%2C200&ssl=1","width":350,"height":200,"srcset":"https:\/\/i0.wp.com\/www.grieta.org.mx\/wp-content\/uploads\/2020\/02\/medicina-1.jpg?resize=350%2C200&ssl=1 1x, https:\/\/i0.wp.com\/www.grieta.org.mx\/wp-content\/uploads\/2020\/02\/medicina-1.jpg?resize=525%2C300&ssl=1 1.5x, https:\/\/i0.wp.com\/www.grieta.org.mx\/wp-content\/uploads\/2020\/02\/medicina-1.jpg?resize=700%2C400&ssl=1 2x"},"classes":[]},{"id":48604,"url":"https:\/\/www.grieta.org.mx\/index.php\/2020\/04\/28\/pide-universidad-de-nayarit-a-sector-salud-retirar-internos-durante-pandemia\/","url_meta":{"origin":34726,"position":3},"title":"Pide Universidad de Nayarit a sector Salud retirar internos durante pandemia","author":"grieta","date":"28 abril, 2020","format":false,"excerpt":"Foto: Cortes\u00eda Crys Ben\u00edtez \/ El Occidental Tepic, Nayarit.- Derivado del peligro que representa que los estudiantes se encuentren durante la pandemia, terminando sus estad\u00edas o servicio social, la Universidad Aut\u00f3noma de Nayarit (UAN), se pronuncia en contra de que sigan asistiendo, ya que ellos como instituci\u00f3n est\u00e1n obligada a\u2026","rel":"","context":"En &quot;CINTILLO&quot;","block_context":{"text":"CINTILLO","link":"https:\/\/www.grieta.org.mx\/index.php\/category\/cintillo\/"},"img":{"alt_text":"","src":"https:\/\/i0.wp.com\/www.grieta.org.mx\/wp-content\/uploads\/2020\/05\/uan.jpg?resize=350%2C200&ssl=1","width":350,"height":200,"srcset":"https:\/\/i0.wp.com\/www.grieta.org.mx\/wp-content\/uploads\/2020\/05\/uan.jpg?resize=350%2C200&ssl=1 1x, https:\/\/i0.wp.com\/www.grieta.org.mx\/wp-content\/uploads\/2020\/05\/uan.jpg?resize=525%2C300&ssl=1 1.5x, https:\/\/i0.wp.com\/www.grieta.org.mx\/wp-content\/uploads\/2020\/05\/uan.jpg?resize=700%2C400&ssl=1 2x"},"classes":[]},{"id":72093,"url":"https:\/\/www.grieta.org.mx\/index.php\/2025\/07\/18\/hospital-tondoroque-nuevamente-en-crisis-sin-medicamento-y-falta-de-aire-acondicionado-nayarit\/","url_meta":{"origin":34726,"position":4},"title":"Hospital Tondoroque nuevamente en crisis; sin medicamento y falta de aire acondicionado (Nayarit)","author":"grieta","date":"18 julio, 2025","format":false,"excerpt":"imagen: CPS El Hospital de Tondoroque, en Bah\u00eda de Banderas, atraviesa una de sus peores crisis: enfrenta desabasto de medicamentos y, nuevamente, su sistema de aire acondicionado se averi\u00f3, justo en medio de la intensa ola de calor que afecta a la regi\u00f3n. Pacientes internados y del \u00e1rea de urgencias\u2026","rel":"","context":"En &quot;CINTILLO&quot;","block_context":{"text":"CINTILLO","link":"https:\/\/www.grieta.org.mx\/index.php\/category\/cintillo\/"},"img":{"alt_text":"","src":"https:\/\/i0.wp.com\/www.grieta.org.mx\/wp-content\/uploads\/2025\/07\/WhatsApp-Image-2025-07-18-at-7.16.26-PM-1.jpeg.webp?resize=350%2C200&ssl=1","width":350,"height":200,"srcset":"https:\/\/i0.wp.com\/www.grieta.org.mx\/wp-content\/uploads\/2025\/07\/WhatsApp-Image-2025-07-18-at-7.16.26-PM-1.jpeg.webp?resize=350%2C200&ssl=1 1x, https:\/\/i0.wp.com\/www.grieta.org.mx\/wp-content\/uploads\/2025\/07\/WhatsApp-Image-2025-07-18-at-7.16.26-PM-1.jpeg.webp?resize=525%2C300&ssl=1 1.5x, https:\/\/i0.wp.com\/www.grieta.org.mx\/wp-content\/uploads\/2025\/07\/WhatsApp-Image-2025-07-18-at-7.16.26-PM-1.jpeg.webp?resize=700%2C400&ssl=1 2x, https:\/\/i0.wp.com\/www.grieta.org.mx\/wp-content\/uploads\/2025\/07\/WhatsApp-Image-2025-07-18-at-7.16.26-PM-1.jpeg.webp?resize=1050%2C600&ssl=1 3x"},"classes":[]},{"id":46522,"url":"https:\/\/www.grieta.org.mx\/index.php\/2020\/03\/17\/nayarit-no-esta-preparado-para-la-pandemia-afirman-trabajadores-de-la-secretaria-de-salud\/","url_meta":{"origin":34726,"position":5},"title":"Nayarit no esta preparado para la pandemia. Afirman trabajadores de la Secretaria de Salud","author":"grieta","date":"17 marzo, 2020","format":false,"excerpt":"Foto: Ilustrativa Redacci\u00f3n \/ Realidades de Nayarit En redes sociales los mismos trabajadores de la Secretaria de Salud del Estado de Nayarit, solicitaron a las autoridades del estado la dotaci\u00f3n de insumos y material para poder enfrentar en su momento la pandemia del COVID19. Afirman no estar preparados con infraestructura,\u2026","rel":"","context":"En &quot;CINTILLO&quot;","block_context":{"text":"CINTILLO","link":"https:\/\/www.grieta.org.mx\/index.php\/category\/cintillo\/"},"img":{"alt_text":"","src":"https:\/\/i0.wp.com\/www.grieta.org.mx\/wp-content\/uploads\/2020\/03\/hospital-general-tepic-2.jpg?resize=350%2C200&ssl=1","width":350,"height":200,"srcset":"https:\/\/i0.wp.com\/www.grieta.org.mx\/wp-content\/uploads\/2020\/03\/hospital-general-tepic-2.jpg?resize=350%2C200&ssl=1 1x, https:\/\/i0.wp.com\/www.grieta.org.mx\/wp-content\/uploads\/2020\/03\/hospital-general-tepic-2.jpg?resize=525%2C300&ssl=1 1.5x"},"classes":[]}],"_links":{"self":[{"href":"https:\/\/www.grieta.org.mx\/index.php\/wp-json\/wp\/v2\/posts\/34726","targetHints":{"allow":["GET"]}}],"collection":[{"href":"https:\/\/www.grieta.org.mx\/index.php\/wp-json\/wp\/v2\/posts"}],"about":[{"href":"https:\/\/www.grieta.org.mx\/index.php\/wp-json\/wp\/v2\/types\/post"}],"author":[{"embeddable":true,"href":"https:\/\/www.grieta.org.mx\/index.php\/wp-json\/wp\/v2\/users\/2"}],"replies":[{"embeddable":true,"href":"https:\/\/www.grieta.org.mx\/index.php\/wp-json\/wp\/v2\/comments?post=34726"}],"version-history":[{"count":1,"href":"https:\/\/www.grieta.org.mx\/index.php\/wp-json\/wp\/v2\/posts\/34726\/revisions"}],"predecessor-version":[{"id":34729,"href":"https:\/\/www.grieta.org.mx\/index.php\/wp-json\/wp\/v2\/posts\/34726\/revisions\/34729"}],"wp:featuredmedia":[{"embeddable":true,"href":"https:\/\/www.grieta.org.mx\/index.php\/wp-json\/wp\/v2\/media\/34728"}],"wp:attachment":[{"href":"https:\/\/www.grieta.org.mx\/index.php\/wp-json\/wp\/v2\/media?parent=34726"}],"wp:term":[{"taxonomy":"category","embeddable":true,"href":"https:\/\/www.grieta.org.mx\/index.php\/wp-json\/wp\/v2\/categories?post=34726"},{"taxonomy":"post_tag","embeddable":true,"href":"https:\/\/www.grieta.org.mx\/index.php\/wp-json\/wp\/v2\/tags?post=34726"}],"curies":[{"name":"wp","href":"https:\/\/api.w.org\/{rel}","templated":true}]}}