{"id":34722,"date":"2019-06-04T23:50:03","date_gmt":"2019-06-05T04:50:03","guid":{"rendered":"http:\/\/www.grieta.org.mx\/?p=34722"},"modified":"2019-06-15T00:00:59","modified_gmt":"2019-06-15T05:00:59","slug":"jubilados-de-jumapag-inician-huelga-de-hambre-sinaloa","status":"publish","type":"post","link":"https:\/\/www.grieta.org.mx\/index.php\/2019\/06\/04\/jubilados-de-jumapag-inician-huelga-de-hambre-sinaloa\/","title":{"rendered":"Jubilados de Jumapag inician huelga de hambre (Sinaloa)"},"content":{"rendered":"<p><img loading=\"lazy\" decoding=\"async\" data-attachment-id=\"34723\" data-permalink=\"https:\/\/www.grieta.org.mx\/index.php\/2019\/06\/04\/jubilados-de-jumapag-inician-huelga-de-hambre-sinaloa\/jubilados-de-jumapag-inician-huelga-de-hambre_crop1559576573620-jpg_219914347\/\" data-orig-file=\"https:\/\/www.grieta.org.mx\/wp-content\/uploads\/2019\/06\/jubilados-de-jumapag-inician-huelga-de-hambre_crop1559576573620.jpg_219914347.jpg\" data-orig-size=\"960,540\" data-comments-opened=\"0\" data-image-meta=\"{&quot;aperture&quot;:&quot;0&quot;,&quot;credit&quot;:&quot;&quot;,&quot;camera&quot;:&quot;&quot;,&quot;caption&quot;:&quot;&quot;,&quot;created_timestamp&quot;:&quot;0&quot;,&quot;copyright&quot;:&quot;&quot;,&quot;focal_length&quot;:&quot;0&quot;,&quot;iso&quot;:&quot;0&quot;,&quot;shutter_speed&quot;:&quot;0&quot;,&quot;title&quot;:&quot;&quot;,&quot;orientation&quot;:&quot;0&quot;}\" data-image-title=\"jubilados-de-jumapag-inician-huelga-de-hambre_crop1559576573620.jpg_219914347\" data-image-description=\"\" data-image-caption=\"\" data-medium-file=\"https:\/\/www.grieta.org.mx\/wp-content\/uploads\/2019\/06\/jubilados-de-jumapag-inician-huelga-de-hambre_crop1559576573620.jpg_219914347-300x169.jpg\" data-large-file=\"https:\/\/www.grieta.org.mx\/wp-content\/uploads\/2019\/06\/jubilados-de-jumapag-inician-huelga-de-hambre_crop1559576573620.jpg_219914347.jpg\" class=\" wp-image-34723 aligncenter\" src=\"http:\/\/www.grieta.org.mx\/wp-content\/uploads\/2019\/06\/jubilados-de-jumapag-inician-huelga-de-hambre_crop1559576573620.jpg_219914347.jpg\" alt=\"\" width=\"761\" height=\"428\" srcset=\"https:\/\/www.grieta.org.mx\/wp-content\/uploads\/2019\/06\/jubilados-de-jumapag-inician-huelga-de-hambre_crop1559576573620.jpg_219914347.jpg 960w, https:\/\/www.grieta.org.mx\/wp-content\/uploads\/2019\/06\/jubilados-de-jumapag-inician-huelga-de-hambre_crop1559576573620.jpg_219914347-300x169.jpg 300w, https:\/\/www.grieta.org.mx\/wp-content\/uploads\/2019\/06\/jubilados-de-jumapag-inician-huelga-de-hambre_crop1559576573620.jpg_219914347-768x432.jpg 768w, https:\/\/www.grieta.org.mx\/wp-content\/uploads\/2019\/06\/jubilados-de-jumapag-inician-huelga-de-hambre_crop1559576573620.jpg_219914347-889x500.jpg 889w\" sizes=\"auto, (max-width: 761px) 100vw, 761px\" \/><\/p>\n<p><em>Roberto Acosta, l\u00edder sindical, asegur\u00f3 que no se mover\u00e1n hasta que se les paguen las nueve quincenas pendientes y otras prestaciones<\/em><\/p>\n<p>Fernanda Ruiz \/ El Debate<\/p>\n<p>Guasave, Sinaloa.- Ayer a las 08:30 horas, un total de 14 trabajadores jubilados de la Junta Municipal de Agua Potable y Alcantarillado de Guasave, entre ellos el l\u00edder sindical, iniciaron una huelga de hambre como medida de presi\u00f3n por la falta de pago de quincenas y otras prestaciones.<\/p>\n<p>Manifestaci\u00f3n<\/p>\n<p>Roberto Acosta Quevedo, l\u00edder del sindicato de la Jumapag, asegur\u00f3 que no se mover\u00e1n del lugar hasta que se les resuelva la situaci\u00f3n, y que pr\u00e1cticamente fueron obligados a tomar este tipo de medidas para que se les respetaran sus derechos como trabajadores, al existir una falta de capacidad por parte del gerente general de la Junta. \u201cEsperamos que nos resuelvan el problema, porque nos orillaron pr\u00e1cticamente a tomar esta decisi\u00f3n y la gente ya se hart\u00f3, hay un hartazgo por parte de los trabajadores y estas son las consecuencias de una mala administraci\u00f3n de Socorro Castro, de una falta de capacidad para dirigir un organismo p\u00fablico como lo es la Junta de Agua Potable.\u201d<\/p>\n<p>Acosta Quevedo detall\u00f3 que son nueve quincenas las que se les adeuda, adem\u00e1s de prestaciones como caja de ahorro y aguinaldo de a\u00f1os anteriores y que la gerencia no ha sido sensible ni laboral, mucho menos humanamente para entablar una relaci\u00f3n obrero-patronal.<\/p>\n<p>\u201cA los jubilados se nos adeudan nueve quincenas, se nos adeudan retenciones y ahorro, son planes funerarios de 2018, 2015-2016, se debe el aguinaldo completo; no nos vamos a mover de aqu\u00ed hasta que se nos resuelva. Yo soy el que encabezo la lucha y soy parte de los afectados tambi\u00e9n, como cualquier sindicalizado, como cualquier trabajador, pero tambi\u00e9n soy el dirigente.\u201d<\/p>\n<div class=\"banner banner--container banner--margin\">\n<p>Rechazan negociaci\u00f3n<\/p>\n<p>La alcaldesa Aurelia Leal se reuni\u00f3 por la noche con los jubilados y los exhort\u00f3 a levantar la huelga de hambre para no arriesgar su salud, \u00a0y les ofreci\u00f3 depositarles un mill\u00f3n de pesos con el fin de abonar al pago de quincenas.<\/p>\n<p>Aclar\u00f3 que este dinero que se propone depositar es de econom\u00edas de la Junta para pagar la CFE y abonarle al Infonavit, porque el Ayuntamiento no tiene recursos en este momento.<\/p>\n<p>Roberto Acosta, l\u00edder del sindicato de la Jumapag, agradeci\u00f3 a la alcaldesa el acercamiento y el \u00e1nimo de solucionar este conflicto; sin embargo, aclar\u00f3 que el recurso lo consideran insuficiente y por lo tanto decidieron seguir con la huelga de hambre.<\/p>\n<p><a href=\"https:\/\/www.debate.com.mx\/guasave\/Jubilados-de-Jumapag-inician-huelga-de-hambre-20190603-0073.html\">https:\/\/www.debate.com.mx\/guasave\/Jubilados-de-Jumapag-inician-huelga-de-hambre-20190603-0073.html<\/a><\/p>\n<\/div>\n","protected":false},"excerpt":{"rendered":"<p>Roberto Acosta, l\u00edder sindical, asegur\u00f3 que no se mover\u00e1n hasta que se les paguen las nueve quincenas pendientes y otras prestaciones Fernanda Ruiz \/ El Debate Guasave, Sinaloa.- Ayer a &hellip; <a href=\"https:\/\/www.grieta.org.mx\/index.php\/2019\/06\/04\/jubilados-de-jumapag-inician-huelga-de-hambre-sinaloa\/\" class=\"more-link\">Leer m\u00e1s<\/a><\/p>\n","protected":false},"author":2,"featured_media":34723,"comment_status":"closed","ping_status":"closed","sticky":false,"template":"","format":"standard","meta":{"ngg_post_thumbnail":0,"_jetpack_newsletter_access":"","_jetpack_dont_email_post_to_subs":false,"_jetpack_newsletter_tier_id":0,"_jetpack_memberships_contains_paywalled_content":false,"_jetpack_memberships_contains_paid_content":false,"footnotes":""},"categories":[80,1658,2,30],"tags":[1912,105],"class_list":["post-34722","post","type-post","status-publish","format-standard","has-post-thumbnail","hentry","category-cintillo","category-conflictos-laborales-en-sinaloa","category-noticias-nacionales","category-sinaloa","tag-burocratas-jubilados-sin-pago","tag-derechos-laborales","entry"],"jetpack_featured_media_url":"https:\/\/www.grieta.org.mx\/wp-content\/uploads\/2019\/06\/jubilados-de-jumapag-inician-huelga-de-hambre_crop1559576573620.jpg_219914347.jpg","jetpack_sharing_enabled":true,"jetpack_shortlink":"https:\/\/wp.me\/p7ZJR4-922","jetpack_likes_enabled":false,"jetpack-related-posts":[{"id":14331,"url":"https:\/\/www.grieta.org.mx\/index.php\/2016\/06\/02\/ase-auditara-las-finanzas-de-jumapag\/","url_meta":{"origin":34722,"position":0},"title":"ASE auditar\u00e1 las finanzas de Jumapag (Sinaloa)","author":"grieta","date":"2 junio, 2016","format":false,"excerpt":"Yazm\u00edn Ortega, Sinaloa. Culiac\u00e1n, Sinaloa.- A ra\u00edz de la manifestaci\u00f3n que realizaron hoy trabajadores sindicalizados de la Jumapag en el Congreso del Estado, el presidente de la comisi\u00f3n de Fiscalizaci\u00f3n, G\u00f3mer Mon\u00e1rrez Lara, solicit\u00f3 a la Auditor\u00eda Superior del Estado realizar una auditor\u00eda financiera especial respecto a los adeudos que\u2026","rel":"","context":"En &quot;CINTILLO&quot;","block_context":{"text":"CINTILLO","link":"https:\/\/www.grieta.org.mx\/index.php\/category\/cintillo\/"},"img":{"alt_text":"","src":"https:\/\/i0.wp.com\/www.grieta.org.mx\/wp-content\/uploads\/2018\/03\/14524434_1106112876131411_958039263622046936_o.jpg?resize=350%2C200&ssl=1","width":350,"height":200,"srcset":"https:\/\/i0.wp.com\/www.grieta.org.mx\/wp-content\/uploads\/2018\/03\/14524434_1106112876131411_958039263622046936_o.jpg?resize=350%2C200&ssl=1 1x, https:\/\/i0.wp.com\/www.grieta.org.mx\/wp-content\/uploads\/2018\/03\/14524434_1106112876131411_958039263622046936_o.jpg?resize=525%2C300&ssl=1 1.5x, https:\/\/i0.wp.com\/www.grieta.org.mx\/wp-content\/uploads\/2018\/03\/14524434_1106112876131411_958039263622046936_o.jpg?resize=700%2C400&ssl=1 2x"},"classes":[]},{"id":1000,"url":"https:\/\/www.grieta.org.mx\/index.php\/2016\/09\/05\/conflictos-laborales-en-sinaloa\/","url_meta":{"origin":34722,"position":1},"title":"Conflictos laborales en Sinaloa","author":"grieta","date":"5 septiembre, 2016","format":false,"excerpt":"05\/09\/16. Jubilados exigen sus ahorros a Afore XXI (Sinaloa) El Debate 04\/09\/16. Maestros de la UPES paran labores (Sinaloa) El Debate 14\/08\/16. Sindicato de Jumapag espera resoluci\u00f3n a favor (Sinaloa) El Debate 10\/08\/16. Empleados sin salario, en Escuinapa. \u2018Cuando el hambre entra, s\u00ed da coraje\u2019 (Sinaloa) Noroeste 02\/06\/16. ASE auditar\u00e1\u2026","rel":"","context":"En &quot;NOTICIAS NACIONALES&quot;","block_context":{"text":"NOTICIAS NACIONALES","link":"https:\/\/www.grieta.org.mx\/index.php\/category\/noticias-nacionales\/"},"img":{"alt_text":"","src":"https:\/\/i0.wp.com\/www.grieta.org.mx\/wp-content\/uploads\/2018\/03\/14524434_1106112876131411_958039263622046936_o.jpg?resize=350%2C200&ssl=1","width":350,"height":200,"srcset":"https:\/\/i0.wp.com\/www.grieta.org.mx\/wp-content\/uploads\/2018\/03\/14524434_1106112876131411_958039263622046936_o.jpg?resize=350%2C200&ssl=1 1x, https:\/\/i0.wp.com\/www.grieta.org.mx\/wp-content\/uploads\/2018\/03\/14524434_1106112876131411_958039263622046936_o.jpg?resize=525%2C300&ssl=1 1.5x, https:\/\/i0.wp.com\/www.grieta.org.mx\/wp-content\/uploads\/2018\/03\/14524434_1106112876131411_958039263622046936_o.jpg?resize=700%2C400&ssl=1 2x"},"classes":[]},{"id":19675,"url":"https:\/\/www.grieta.org.mx\/index.php\/2016\/08\/14\/sindicato-de-jumapag-espera-resolucion-a-favor-sinaloa\/","url_meta":{"origin":34722,"position":2},"title":"Sindicato de Jumapag espera resoluci\u00f3n a favor (Sinaloa)","author":"grieta","date":"14 agosto, 2016","format":false,"excerpt":"Desde hace meses la administraci\u00f3n de la paramunicipal promovi\u00f3 una demanda colectiva econ\u00f3mica que ha mantenido frenada la intenci\u00f3n de lograr el emplazamiento a huelga del organismo Guasave, Sin.- El Sindicato de la Jumapag est\u00e1 esperando que el juez de distrito d\u00e9 una resoluci\u00f3n a su favor del amparo que\u2026","rel":"","context":"En &quot;CINTILLO&quot;","block_context":{"text":"CINTILLO","link":"https:\/\/www.grieta.org.mx\/index.php\/category\/cintillo\/"},"img":{"alt_text":"","src":"https:\/\/i0.wp.com\/www.grieta.org.mx\/wp-content\/uploads\/2018\/03\/14524434_1106112876131411_958039263622046936_o.jpg?resize=350%2C200&ssl=1","width":350,"height":200,"srcset":"https:\/\/i0.wp.com\/www.grieta.org.mx\/wp-content\/uploads\/2018\/03\/14524434_1106112876131411_958039263622046936_o.jpg?resize=350%2C200&ssl=1 1x, https:\/\/i0.wp.com\/www.grieta.org.mx\/wp-content\/uploads\/2018\/03\/14524434_1106112876131411_958039263622046936_o.jpg?resize=525%2C300&ssl=1 1.5x, https:\/\/i0.wp.com\/www.grieta.org.mx\/wp-content\/uploads\/2018\/03\/14524434_1106112876131411_958039263622046936_o.jpg?resize=700%2C400&ssl=1 2x"},"classes":[]},{"id":10087,"url":"https:\/\/www.grieta.org.mx\/index.php\/2016\/03\/29\/sindicato-del-ayuntamiento-a-huelga\/","url_meta":{"origin":34722,"position":3},"title":"Sindicato del Ayuntamiento, a huelga","author":"grieta","date":"29 marzo, 2016","format":false,"excerpt":"Guasave, Sinaloa.- El sindicato del Ayuntamiento ha determinado estallar la huelga este jueves 31 a las 8:00 de la ma\u00f1ana ante el incumplimiento de pago de cuotas obrero patronales y prestaciones como Seguro Social. Alejandro Pimentel Medina, l\u00edder del sindicato al servicio de los trabajadores del Ayuntamiento, dijo que este\u2026","rel":"","context":"En &quot;CINTILLO&quot;","block_context":{"text":"CINTILLO","link":"https:\/\/www.grieta.org.mx\/index.php\/category\/cintillo\/"},"img":{"alt_text":"","src":"https:\/\/i0.wp.com\/www.grieta.org.mx\/wp-content\/uploads\/2018\/03\/14524434_1106112876131411_958039263622046936_o.jpg?resize=350%2C200&ssl=1","width":350,"height":200,"srcset":"https:\/\/i0.wp.com\/www.grieta.org.mx\/wp-content\/uploads\/2018\/03\/14524434_1106112876131411_958039263622046936_o.jpg?resize=350%2C200&ssl=1 1x, https:\/\/i0.wp.com\/www.grieta.org.mx\/wp-content\/uploads\/2018\/03\/14524434_1106112876131411_958039263622046936_o.jpg?resize=525%2C300&ssl=1 1.5x, https:\/\/i0.wp.com\/www.grieta.org.mx\/wp-content\/uploads\/2018\/03\/14524434_1106112876131411_958039263622046936_o.jpg?resize=700%2C400&ssl=1 2x"},"classes":[]},{"id":35832,"url":"https:\/\/www.grieta.org.mx\/index.php\/2019\/07\/02\/ni-nos-ven-ni-nos-oyen-reprocha-lider-sindical-en-escuinapa-sinaloa\/","url_meta":{"origin":34722,"position":4},"title":"Ni nos ven ni nos oyen: reprocha l\u00edder sindical en Escuinapa (Sinaloa)","author":"grieta","date":"2 julio, 2019","format":false,"excerpt":"Foto: EL Debate Los trabajadores cumplen una semana en huelga sin que el alcalde acceda a un di\u00e1logo para solucionar el conflicto Mar\u00eda Ibarra \/ El Debate Escuinapa. A una semana de permanecer en huelga, trabajadores sindicalizados de la Junta Municipal de Agua Potable y Alcantarillado de Escuinapa se dicen\u2026","rel":"","context":"En &quot;CINTILLO&quot;","block_context":{"text":"CINTILLO","link":"https:\/\/www.grieta.org.mx\/index.php\/category\/cintillo\/"},"img":{"alt_text":"","src":"https:\/\/i0.wp.com\/www.grieta.org.mx\/wp-content\/uploads\/2019\/07\/jumape_crop1561585960545.jpg_1727466156.jpg?resize=350%2C200&ssl=1","width":350,"height":200,"srcset":"https:\/\/i0.wp.com\/www.grieta.org.mx\/wp-content\/uploads\/2019\/07\/jumape_crop1561585960545.jpg_1727466156.jpg?resize=350%2C200&ssl=1 1x, https:\/\/i0.wp.com\/www.grieta.org.mx\/wp-content\/uploads\/2019\/07\/jumape_crop1561585960545.jpg_1727466156.jpg?resize=525%2C300&ssl=1 1.5x, https:\/\/i0.wp.com\/www.grieta.org.mx\/wp-content\/uploads\/2019\/07\/jumape_crop1561585960545.jpg_1727466156.jpg?resize=700%2C400&ssl=1 2x"},"classes":[]},{"id":10097,"url":"https:\/\/www.grieta.org.mx\/index.php\/2016\/04\/08\/levantan-paro-laboral-en-seis-sindicaturas\/","url_meta":{"origin":34722,"position":5},"title":"Levantan paro laboral en seis sindicaturas","author":"grieta","date":"8 abril, 2016","format":false,"excerpt":"Alexel Grave, Sinaloa. Guasave, Sinaloa.- Tras recibir el pago de sus quincenas pendientes y parte del aguinaldo, los trabajadores de seis sindicaturas finalizaron con el paro laboral, al cual hab\u00eda iniciado en algunas el martes y el resto el mi\u00e9rcoles. \"Por respeto a la sociedad y luego de recibir el\u2026","rel":"","context":"En &quot;CINTILLO&quot;","block_context":{"text":"CINTILLO","link":"https:\/\/www.grieta.org.mx\/index.php\/category\/cintillo\/"},"img":{"alt_text":"","src":"https:\/\/i0.wp.com\/www.grieta.org.mx\/wp-content\/uploads\/2018\/03\/14524434_1106112876131411_958039263622046936_o.jpg?resize=350%2C200&ssl=1","width":350,"height":200,"srcset":"https:\/\/i0.wp.com\/www.grieta.org.mx\/wp-content\/uploads\/2018\/03\/14524434_1106112876131411_958039263622046936_o.jpg?resize=350%2C200&ssl=1 1x, https:\/\/i0.wp.com\/www.grieta.org.mx\/wp-content\/uploads\/2018\/03\/14524434_1106112876131411_958039263622046936_o.jpg?resize=525%2C300&ssl=1 1.5x, https:\/\/i0.wp.com\/www.grieta.org.mx\/wp-content\/uploads\/2018\/03\/14524434_1106112876131411_958039263622046936_o.jpg?resize=700%2C400&ssl=1 2x"},"classes":[]}],"_links":{"self":[{"href":"https:\/\/www.grieta.org.mx\/index.php\/wp-json\/wp\/v2\/posts\/34722","targetHints":{"allow":["GET"]}}],"collection":[{"href":"https:\/\/www.grieta.org.mx\/index.php\/wp-json\/wp\/v2\/posts"}],"about":[{"href":"https:\/\/www.grieta.org.mx\/index.php\/wp-json\/wp\/v2\/types\/post"}],"author":[{"embeddable":true,"href":"https:\/\/www.grieta.org.mx\/index.php\/wp-json\/wp\/v2\/users\/2"}],"replies":[{"embeddable":true,"href":"https:\/\/www.grieta.org.mx\/index.php\/wp-json\/wp\/v2\/comments?post=34722"}],"version-history":[{"count":1,"href":"https:\/\/www.grieta.org.mx\/index.php\/wp-json\/wp\/v2\/posts\/34722\/revisions"}],"predecessor-version":[{"id":34725,"href":"https:\/\/www.grieta.org.mx\/index.php\/wp-json\/wp\/v2\/posts\/34722\/revisions\/34725"}],"wp:featuredmedia":[{"embeddable":true,"href":"https:\/\/www.grieta.org.mx\/index.php\/wp-json\/wp\/v2\/media\/34723"}],"wp:attachment":[{"href":"https:\/\/www.grieta.org.mx\/index.php\/wp-json\/wp\/v2\/media?parent=34722"}],"wp:term":[{"taxonomy":"category","embeddable":true,"href":"https:\/\/www.grieta.org.mx\/index.php\/wp-json\/wp\/v2\/categories?post=34722"},{"taxonomy":"post_tag","embeddable":true,"href":"https:\/\/www.grieta.org.mx\/index.php\/wp-json\/wp\/v2\/tags?post=34722"}],"curies":[{"name":"wp","href":"https:\/\/api.w.org\/{rel}","templated":true}]}}