{"id":34701,"date":"2017-05-22T12:15:32","date_gmt":"2017-05-22T17:15:32","guid":{"rendered":"http:\/\/www.grieta.org.mx\/?p=34701"},"modified":"2019-06-15T10:37:17","modified_gmt":"2019-06-15T15:37:17","slug":"crecen-conflictos-sociales-por-privatizacion-y-despojo-de-agua","status":"publish","type":"post","link":"https:\/\/www.grieta.org.mx\/index.php\/2017\/05\/22\/crecen-conflictos-sociales-por-privatizacion-y-despojo-de-agua\/","title":{"rendered":"Crecen conflictos sociales por privatizaci\u00f3n y despojo de agua"},"content":{"rendered":"<p>Nancy Flores\/ CONTRAL\u00cdNEA<\/p>\n<blockquote><p>En M\u00e9xico se incrementan los conflictos sociales relacionados con el agua. La Campa\u00f1a Nacional por la Defensa de la Tierra da cuenta de 24, pero podr\u00edan ser decenas: organizaciones documentan 72 problem\u00e1ticas de violaciones a los derechos humanos en agua potable y en saneamiento de 17 entidades<\/p><\/blockquote>\n<p><img loading=\"lazy\" decoding=\"async\" data-attachment-id=\"34702\" data-permalink=\"https:\/\/www.grieta.org.mx\/index.php\/2017\/05\/22\/crecen-conflictos-sociales-por-privatizacion-y-despojo-de-agua\/conflicto-social-600\/\" data-orig-file=\"https:\/\/www.grieta.org.mx\/wp-content\/uploads\/2019\/06\/conflicto-social-600.jpg\" data-orig-size=\"600,424\" data-comments-opened=\"0\" data-image-meta=\"{&quot;aperture&quot;:&quot;0&quot;,&quot;credit&quot;:&quot;&quot;,&quot;camera&quot;:&quot;&quot;,&quot;caption&quot;:&quot;&quot;,&quot;created_timestamp&quot;:&quot;0&quot;,&quot;copyright&quot;:&quot;&quot;,&quot;focal_length&quot;:&quot;0&quot;,&quot;iso&quot;:&quot;0&quot;,&quot;shutter_speed&quot;:&quot;0&quot;,&quot;title&quot;:&quot;&quot;,&quot;orientation&quot;:&quot;0&quot;}\" data-image-title=\"conflicto-social-600\" data-image-description=\"\" data-image-caption=\"\" data-medium-file=\"https:\/\/www.grieta.org.mx\/wp-content\/uploads\/2019\/06\/conflicto-social-600-300x212.jpg\" data-large-file=\"https:\/\/www.grieta.org.mx\/wp-content\/uploads\/2019\/06\/conflicto-social-600.jpg\" class=\"alignleft size-full wp-image-34702\" src=\"http:\/\/www.grieta.org.mx\/wp-content\/uploads\/2019\/06\/conflicto-social-600.jpg\" alt=\"\" width=\"600\" height=\"424\" srcset=\"https:\/\/www.grieta.org.mx\/wp-content\/uploads\/2019\/06\/conflicto-social-600.jpg 600w, https:\/\/www.grieta.org.mx\/wp-content\/uploads\/2019\/06\/conflicto-social-600-300x212.jpg 300w\" sizes=\"auto, (max-width: 600px) 100vw, 600px\" \/><\/p>\n<p>Entrado en a\u00f1os, Jos\u00e9 Marcelino Campos \u2013junto con familiares, vecinos y amigos\u2013 dedica su vida a la defensa del manto fre\u00e1tico de los Pedregales de Coyoac\u00e1n, pues para \u00e9l no hay de otra: el agua y la tierra no son negociables. As\u00ed que en vez de tener una vida tranquila, anda en \u201cel relajo\u201d de los plantones, las manifestaciones, las asambleas, las jornadas informativas y hasta la represi\u00f3n.<\/p>\n<p>Se mete en todo lo que sea necesario para frenar el megaproyecto inmobiliario Cantera, promovido por la empresa Quiero Casa y que amenaza uno de los veneros del Sur de la Ciudad de M\u00e9xico: el acu\u00edfero ubicado en el pueblo de Los Reyes, Coyoac\u00e1n.<\/p>\n<p>El movimiento de resistencia en el que participa don Marcelino forma parte de los 97 conflictos sociales adheridos a la Campa\u00f1a Nacional por la Defensa de la Madre Tierra y el Territorio. De ese total, 24 est\u00e1n relacionados con el vital recurso: 14, con problemas de privatizaci\u00f3n; seis, con extracci\u00f3n, y cuatro, con la gesti\u00f3n del recurso.<\/p>\n<p>No obstante, las conflictividades relacionadas con el agua podr\u00edan ser mucho m\u00e1s. Y es que, durante su visita a M\u00e9xico \u2013del 2 al 12 de mayo pasado\u2013, el relator Especial sobre los Derechos Humanos al Agua Potable y al Saneamiento de la Organizaci\u00f3n de las Naciones Unidas, L\u00e9o Heller, fue enterado de 72 problem\u00e1ticas de violaciones a los derechos humanos al agua potable y al saneamiento situadas en 17 entidades del pa\u00eds.<\/p>\n<p>Seg\u00fan el Informe sobre violaciones a los derechos humanos al agua potable y al saneamiento en M\u00e9xico \u2013elaborado por la Coalici\u00f3n de Organizaciones Mexicanas por el Derecho al Agua, el Movimiento de Afectados por las Presas y en Defensa de los R\u00edos, la Alianza Mexicana contra el Fracking, entre otros\u2013, esos casos no s\u00f3lo reflejan situaciones violatorias, sino tambi\u00e9n \u201cel incumplimiento, por acci\u00f3n u omisi\u00f3n, de las obligaciones del Estado mexicano en la materia\u201d.<\/p>\n<p>En el caso de los Pedregales, don Marcelino narra a Contral\u00ednea que el problema surgi\u00f3 porque \u201cuna inmobiliaria fractura el manto fre\u00e1tico para construir 377 departamentos y 680 cajones para estacionamiento. Perfora profundo y rompe el manto fre\u00e1tico\u201d.<\/p>\n<p>Para defender el venero que la inmobiliaria Quiero Casa \u201cdestruye, contamina y agota\u201d, con la venia de las autoridades delegacionales y el gobierno capitalino, los afectados crearon la Asamblea General de Pueblos, Colonias, Barrios y Pedregales de Coyoac\u00e1n.<\/p>\n<p>Jos\u00e9 Marcelino Campos explica que ya van m\u00e1s de 2 a\u00f1os que se ha estado tirando el agua. Por eso, dice, \u201chicimos el plant\u00f3n para divulgar a todas las colonias, pueblos y barrios de los Pedregales; para defender el agua y el manantial que hay ah\u00ed. La comunidad, al hacer la asamblea, decide pedir una expropiaci\u00f3n del predio y la clausura de la obra. Queremos hacer un parque ecol\u00f3gico en el predio que sea para la comunidad\u201d.<\/p>\n<p>Y estuvieron 218 d\u00edas en plant\u00f3n, hasta que les lleg\u00f3 la mano dura. \u201cEl gobierno nos reprimi\u00f3. Quit\u00f3 el plant\u00f3n el 5 de diciembre [pasado]: nos sacaron como a las 3 y media de la ma\u00f1ana. Golpearon a los compa\u00f1eros que se encontraban ah\u00ed. Fueron sacados del plant\u00f3n. Nos robaron nuestras cosas. Como cinco autos que estaban ah\u00ed fueron llevados al corral\u00f3n\u201d.<\/p>\n<figure id=\"attachment_34703\" aria-describedby=\"caption-attachment-34703\" style=\"width: 600px\" class=\"wp-caption alignleft\"><img loading=\"lazy\" decoding=\"async\" data-attachment-id=\"34703\" data-permalink=\"https:\/\/www.grieta.org.mx\/index.php\/2017\/05\/22\/crecen-conflictos-sociales-por-privatizacion-y-despojo-de-agua\/alberto-roa\/\" data-orig-file=\"https:\/\/www.grieta.org.mx\/wp-content\/uploads\/2019\/06\/conflicto-social-540-04.jpg\" data-orig-size=\"600,401\" data-comments-opened=\"0\" data-image-meta=\"{&quot;aperture&quot;:&quot;4&quot;,&quot;credit&quot;:&quot;Alberto Roa&quot;,&quot;camera&quot;:&quot;NIKON D600&quot;,&quot;caption&quot;:&quot;JALCOMULCO, VERACRUZ, 20ENERO2016.- A tres a\\u00f1os de que pobladores instalar\\u00e1n en la localidad \\&quot;Tamarindos\\&quot; un campamento  de resistencia en contra de la construcci\\u00f3n de una presa en el r\\u00edo \\&quot;Pescados\\&quot;  proyecto de la empresa transnacional Odebrecht, hoy celebraron su tercer aniversario donde habitantes y sociedad se unieron para realizar su asamblea para continuar con la defensa del r\\u00edo. \\rFOTO ALBERTO ROA \/CUARTOSCURO.COM&quot;,&quot;created_timestamp&quot;:&quot;1484914465&quot;,&quot;copyright&quot;:&quot;cuartoscuro&quot;,&quot;focal_length&quot;:&quot;14&quot;,&quot;iso&quot;:&quot;250&quot;,&quot;shutter_speed&quot;:&quot;0.004&quot;,&quot;title&quot;:&quot;Alberto Roa&quot;,&quot;orientation&quot;:&quot;0&quot;}\" data-image-title=\"Alberto Roa\" data-image-description=\"\" data-image-caption=\"&lt;p&gt;JALCOMULCO, VERACRUZ, 20ENERO2016.- A tres a\u00f1os de que pobladores instalar\u00e1n en la localidad &amp;#8220;Tamarindos&amp;#8221; un campamento  de resistencia en contra de la construcci\u00f3n de una presa en el r\u00edo &amp;#8220;Pescados&amp;#8221;  proyecto de la empresa transnacional Odebrecht, hoy celebraron su tercer aniversario donde habitantes y sociedad se unieron para realizar su asamblea para continuar con la defensa del r\u00edo.&lt;br \/&gt;\nFOTO ALBERTO ROA \/CUARTOSCURO.COM&lt;\/p&gt;\n\" data-medium-file=\"https:\/\/www.grieta.org.mx\/wp-content\/uploads\/2019\/06\/conflicto-social-540-04-300x201.jpg\" data-large-file=\"https:\/\/www.grieta.org.mx\/wp-content\/uploads\/2019\/06\/conflicto-social-540-04.jpg\" class=\"size-full wp-image-34703\" src=\"http:\/\/www.grieta.org.mx\/wp-content\/uploads\/2019\/06\/conflicto-social-540-04.jpg\" alt=\"\" width=\"600\" height=\"401\" srcset=\"https:\/\/www.grieta.org.mx\/wp-content\/uploads\/2019\/06\/conflicto-social-540-04.jpg 600w, https:\/\/www.grieta.org.mx\/wp-content\/uploads\/2019\/06\/conflicto-social-540-04-300x201.jpg 300w\" sizes=\"auto, (max-width: 600px) 100vw, 600px\" \/><figcaption id=\"caption-attachment-34703\" class=\"wp-caption-text\">JALCOMULCO, VERACRUZ, 20ENERO2016.- A tres a\u00f1os de que pobladores instalar\u00e1n en la localidad &#8220;Tamarindos&#8221; un campamento de resistencia en contra de la construcci\u00f3n de una presa en el r\u00edo &#8220;Pescados&#8221; proyecto de la empresa transnacional Odebrecht, hoy celebraron su tercer aniversario donde habitantes y sociedad se unieron para realizar su asamblea para continuar con la defensa del r\u00edo.<br \/>FOTO ALBERTO ROA \/CUARTOSCURO.COM<\/figcaption><\/figure>\n<p>Nueve d\u00edas antes del violento desalojo, el 26 de noviembre de 2016, la Procuradur\u00eda Ambiental y de Ordenamiento Territorial y el Sistema de Aguas de la Ciudad de M\u00e9xico aceptaron las \u201cmedidas de remediaci\u00f3n\u201d propuestas por la inmobiliaria y, con ello, autorizaron la continuaci\u00f3n de la obra.<\/p>\n<p>El proyecto Cantera se ubica en el predio Aztecas 215, en el pueblo de Los Reyes. De acuerdo con los afectados, los primeros avances de la construcci\u00f3n ocasionaron que m\u00e1s de 1 mil 900 millones de litros de agua limpia se derramaran al drenaje y se talaron, al menos, 160 \u00e1rboles.<\/p>\n<p>Conflictos adheridos a la Campa\u00f1a<br \/>\nAdem\u00e1s del conflicto de los Pedregales de Coyoac\u00e1n, en la Campa\u00f1a por la Defensa de la Madre Tierra y el Territorio participan otras resistencias en defensa del agua, como la de Jalisco, donde pobladores de El Salto, con el acompa\u00f1amiento de la asociaci\u00f3n civil Un Salto de Vida, luchan contra la contaminaci\u00f3n del r\u00edo Santiago.<\/p>\n<p>Aunque el problema comenz\u00f3 hace 3 d\u00e9cadas, fue en 2008 cuando decenas de personas se movilizaron para intentar frenar el vertimiento de contaminantes y, desde entonces, la lucha contin\u00faa. Actualmente son cerca de 280 industrias en la zona las que contaminan el r\u00edo.<\/p>\n<p>Otra entidad que enfrenta este tipo de problem\u00e1ticas es Sonora, gobernada por el Partido Revolucionario Institucional, con al menos tres conflictos sociales asociados al agua que implican a pueblos ind\u00edgenas. Uno de ellos es la lucha de los seris, defensores del territorio Comca\u2019ac [Isla Tibur\u00f3n], que adem\u00e1s de oponerse a la miner\u00eda (La Peineta Minera), resisten a un proyecto de energ\u00eda maremotriz (Tibur\u00f3n Agua y Electricidad, SA de CV).<\/p>\n<p>En esa misma entidad contin\u00faa la defensa del R\u00edo Yaqui, conflictividad originada por la construcci\u00f3n y operaci\u00f3n \u2013al margen de las resoluciones judiciales que amparaban a los opositores\u2013 de la presa El Novillo. Esta defensa est\u00e1 encabezada por el pueblo originario Yaqui. Y el tercer conflicto lo enfrenta la tribu Guarij\u00edo, y es por la defensa del agua del R\u00edo Mayo.<\/p>\n<p>Otros pueblos ind\u00edgenas que defienden los caudales, pero en Veracruz, \u2013gobernado por el Partido Acci\u00f3n Nacional\u2013, son los totonacos y nahuas, que rechazan la construcci\u00f3n de una represa en la cuenca del r\u00edo Jajalpa.<\/p>\n<p>Las represas no s\u00f3lo causan conflictos en Veracruz; tambi\u00e9n en Chiapas: ah\u00ed, el Consejo Aut\u00f3nomo Regional de la Zona Costa de Chiapas-Frente C\u00edvico Tonalteco lucha contra este tipo de proyectos y contra la privatizaci\u00f3n del agua.<\/p>\n<p>En esta lista de entidades afectadas tambi\u00e9n se encuentra el Estado de M\u00e9xico, gobernado por el PRI. All\u00ed, el Consejo Supremo Ind\u00edgena de San Francisco Xochicuautla defiende el agua, los bosques y los sitios sagrados, amenazados por la construcci\u00f3n de la autopista privada Toluca-Naucalpan. Adem\u00e1s, la comunidad de San Pedro Atlapulco y el Comit\u00e9 Ciudadano en Defensa del Xinant\u00e9catl de Santiago Tlacotepec se oponen a la recategorizaci\u00f3n del Nevado de Toluca, que amenaza las reservas de agua y el bosque.<\/p>\n<figure id=\"attachment_34704\" aria-describedby=\"caption-attachment-34704\" style=\"width: 600px\" class=\"wp-caption alignleft\"><img loading=\"lazy\" decoding=\"async\" data-attachment-id=\"34704\" data-permalink=\"https:\/\/www.grieta.org.mx\/index.php\/2017\/05\/22\/crecen-conflictos-sociales-por-privatizacion-y-despojo-de-agua\/saul-lopez-2\/\" data-orig-file=\"https:\/\/www.grieta.org.mx\/wp-content\/uploads\/2019\/06\/conflicto-social-540-07.jpg\" data-orig-size=\"600,402\" data-comments-opened=\"0\" data-image-meta=\"{&quot;aperture&quot;:&quot;8&quot;,&quot;credit&quot;:&quot;Saul Lopez&quot;,&quot;camera&quot;:&quot;NIKON D3000&quot;,&quot;caption&quot;:&quot;CHILPANCINGO, GUERRERO, 18MAYO2015.- Integrantes de la Tribu Yaqui visitaron la Escuela Normal Rural de Ayotzinapa y posteriormente se reunieron con normalistas y cetegistas en el Auditorio de Ingenier\\u00eda de la Universidad Aut\\u00f3noma de Guerrero (UAGro). Posteriormente marcharon al z\\u00f3calo en donde profesores cetegistas mantienen un plant\\u00f3n. Exigieron la presentaci\\u00f3n con vida de los 43 estudiantes desaparecidos y la no privatizaci\\u00f3n del agua. \\rFOTO: JOS\\u00c9 I. HERN\\u00c0NDEZ \/CUARTOSCURO.COM&quot;,&quot;created_timestamp&quot;:&quot;1431966462&quot;,&quot;copyright&quot;:&quot;JOS\\u00c9 I. HERN\\u00c0NDEZ \/CUARTOSCURO.COM&quot;,&quot;focal_length&quot;:&quot;18&quot;,&quot;iso&quot;:&quot;200&quot;,&quot;shutter_speed&quot;:&quot;0.002&quot;,&quot;title&quot;:&quot;Saul Lopez&quot;,&quot;orientation&quot;:&quot;0&quot;}\" data-image-title=\"Saul Lopez\" data-image-description=\"\" data-image-caption=\"&lt;p&gt;CHILPANCINGO, GUERRERO, 18MAYO2015.- Integrantes de la Tribu Yaqui visitaron la Escuela Normal Rural de Ayotzinapa y posteriormente se reunieron con normalistas y cetegistas en el Auditorio de Ingenier\u00eda de la Universidad Aut\u00f3noma de Guerrero (UAGro). Posteriormente marcharon al z\u00f3calo en donde profesores cetegistas mantienen un plant\u00f3n. Exigieron la presentaci\u00f3n con vida de los 43 estudiantes desaparecidos y la no privatizaci\u00f3n del agua.&lt;br \/&gt;\nFOTO: JOS\u00c9 I. HERN\u00c0NDEZ \/CUARTOSCURO.COM&lt;\/p&gt;\n\" data-medium-file=\"https:\/\/www.grieta.org.mx\/wp-content\/uploads\/2019\/06\/conflicto-social-540-07-300x201.jpg\" data-large-file=\"https:\/\/www.grieta.org.mx\/wp-content\/uploads\/2019\/06\/conflicto-social-540-07.jpg\" class=\"size-full wp-image-34704\" src=\"http:\/\/www.grieta.org.mx\/wp-content\/uploads\/2019\/06\/conflicto-social-540-07.jpg\" alt=\"\" width=\"600\" height=\"402\" srcset=\"https:\/\/www.grieta.org.mx\/wp-content\/uploads\/2019\/06\/conflicto-social-540-07.jpg 600w, https:\/\/www.grieta.org.mx\/wp-content\/uploads\/2019\/06\/conflicto-social-540-07-300x201.jpg 300w\" sizes=\"auto, (max-width: 600px) 100vw, 600px\" \/><figcaption id=\"caption-attachment-34704\" class=\"wp-caption-text\">CHILPANCINGO, GUERRERO, 18MAYO2015.- Integrantes de la Tribu Yaqui visitaron la Escuela Normal Rural de Ayotzinapa y posteriormente se reunieron con normalistas y cetegistas en el Auditorio de Ingenier\u00eda de la Universidad Aut\u00f3noma de Guerrero (UAGro). Posteriormente marcharon al z\u00f3calo en donde profesores cetegistas mantienen un plant\u00f3n. Exigieron la presentaci\u00f3n con vida de los 43 estudiantes desaparecidos y la no privatizaci\u00f3n del agua.<br \/>FOTO: JOS\u00c9 I. HERN\u00c0NDEZ \/CUARTOSCURO.COM<\/figcaption><\/figure>\n<p>De acuerdo con datos de la Campa\u00f1a, en territorio mexiquense las comunidades Mag\u00fa, Amecameca, Huitzizilapan, Los Reyes Acozac, Apaxco y Tecamac enfrentan sus propias resistencias de defensa del agua y de sus sistemas de administraci\u00f3n aut\u00f3noma y comunal, \u201cque el gobierno les quiere arrebatar para concesionarlo a megaproyectos del capital en la regi\u00f3n\u201d.<\/p>\n<p>En Guerrero est\u00e1 el movimiento de oposici\u00f3n al Proyecto Hidroel\u00e9ctrico Presa La Parota, promovida por la Comisi\u00f3n Federal de Electricidad. Esa empresa productiva del Estado tambi\u00e9n es responsable del conflicto social en la cuenca del R\u00edo Verde (o Atoyac), Oaxaca, ocasionado por la construcci\u00f3n de otra presa.<\/p>\n<p>Y en Puebla, el Consejo Tiyat Tlalli tambi\u00e9n se opone a los proyectos hidroel\u00e9ctricos y al fracking hidr\u00e1ulico, que requiere grandes cantidades de agua para su desarrollo.<\/p>\n<p>Para la Campa\u00f1a Nacional en Defensa de la Madre Tierra y el Territorio, \u201cel agua es de los bienes naturales que m\u00e1s ha sido privatizado por gobiernos de todo el mundo para que las empresas puedan controlarla\u201d, y M\u00e9xico no es la excepci\u00f3n.<\/p>\n<p>Entre los 72 problemas detectados por el Informe sobre violaciones a los derechos humanos al agua potable y al saneamiento en M\u00e9xico, destacan tres, pues las presuntas violaciones a los derechos humanos se dar\u00edan por empresas privadas: Aguak\u00e1n de Canc\u00fan, Islas Mujeres y Solidaridad; Concesiones Integrales y Agua de Puebla; y Grupo MAS de Veracruz y Medell\u00edn, concesionarias de los sistemas de agua y drenaje.<\/p>\n<p>Observatorio de conflictos<br \/>\nAdem\u00e1s de la Campa\u00f1a, el Observatorio de Conflictos por el Agua en M\u00e9xico \u00ad\u2013del Instituto Mexicano de Tecnolog\u00eda del Agua\u2013 visibiliza problem\u00e1ticas sociales derivadas del manejo de este recurso.<\/p>\n<p>Actualmente, esa herramienta informativa reporta siete conflictividades, entre ellas la de la tribu Yaqui, y otras tres inactivas o solucionadas (conflicto entre M\u00e9xico y Estados Unidos por la distribuci\u00f3n de agua en el Valle de Mexicali; incumplimiento del Art\u00edculo 4 constitucional \u2013derecho humano al agua y saneamiento\u2013 en la colonia Ampliaci\u00f3n Tres de Mayo, Alpuyeca, municipio de Xochitepec, Morelos; y el conflicto por causa del manejo de informaci\u00f3n a la poblaci\u00f3n sobre la construcci\u00f3n de red de agua potable del Sistema Cutzamala en el pueblo de San Bartolo Ameyalco, delegaci\u00f3n \u00c1lvaro Obreg\u00f3n, Ciudad de M\u00e9xico).<\/p>\n<p>Seg\u00fan el Observatorio, los conflictos activos, adem\u00e1s del de la tribu Yaqui, son el del resarcimiento del da\u00f1o ambiental, social y econ\u00f3mico generado a consecuencia del derrame de desechos de la mina Buenavista del Cobre, del Grupo M\u00e9xico, en el r\u00edo Bacanuchi, afluente del r\u00edo Sonora.<\/p>\n<p>Adem\u00e1s, la oposici\u00f3n a la construcci\u00f3n del Acueducto Monterrey VI por su alto costo ambiental y econ\u00f3mico; y la disputa legal por la altura de la cortina en la construcci\u00f3n de la presa El Zapotillo, Jalisco.<\/p>\n<figure id=\"attachment_34705\" aria-describedby=\"caption-attachment-34705\" style=\"width: 600px\" class=\"wp-caption alignleft\"><img loading=\"lazy\" decoding=\"async\" data-attachment-id=\"34705\" data-permalink=\"https:\/\/www.grieta.org.mx\/index.php\/2017\/05\/22\/crecen-conflictos-sociales-por-privatizacion-y-despojo-de-agua\/conflicto-social-540-02\/\" data-orig-file=\"https:\/\/www.grieta.org.mx\/wp-content\/uploads\/2019\/06\/conflicto-social-540-02.jpg\" data-orig-size=\"600,400\" data-comments-opened=\"0\" data-image-meta=\"{&quot;aperture&quot;:&quot;5.6&quot;,&quot;credit&quot;:&quot;Isabel Mateos&quot;,&quot;camera&quot;:&quot;Canon EOS 7D&quot;,&quot;caption&quot;:&quot;CIUDAD DE M\\u00c9XICO, 16JULIO2016.- La colonia La Joya, localizada a un costado del R\\u00edo Becerra y flanqueada por la zona de presas, entre ellas la de San Francisco y Mixcoac, es una de las zonas con mayor \\u00edndice de marginalidad y adem\\u00e1s m\\u00e1s insalubres. La zona de presas de \\u00c1lvaro Obreg\\u00f3n representa un foco infeccioso pues en ellas son vertidos animales muertos, desechos t\\u00f3xicos, toneladas de PET,  electrodom\\u00e9sticos, adem\\u00e1s de las descargas irregulares de casa habitaci\\u00f3n. \\rFOTO: MAR\\u00cdA JOS\\u00c9 MART\\u00cdNEZ \/CUARTOSCURO.COM&quot;,&quot;created_timestamp&quot;:&quot;1468658828&quot;,&quot;copyright&quot;:&quot;MAR\\u00cdA JOS\\u00c9 MART\\u00cdNEZ \/CUARTOSCURO.COM&quot;,&quot;focal_length&quot;:&quot;24&quot;,&quot;iso&quot;:&quot;100&quot;,&quot;shutter_speed&quot;:&quot;0.005&quot;,&quot;title&quot;:&quot;&quot;,&quot;orientation&quot;:&quot;0&quot;}\" data-image-title=\"conflicto-social-540-02\" data-image-description=\"\" data-image-caption=\"&lt;p&gt;CIUDAD DE M\u00c9XICO, 16JULIO2016.- La colonia La Joya, localizada a un costado del R\u00edo Becerra y flanqueada por la zona de presas, entre ellas la de San Francisco y Mixcoac, es una de las zonas con mayor \u00edndice de marginalidad y adem\u00e1s m\u00e1s insalubres. La zona de presas de \u00c1lvaro Obreg\u00f3n representa un foco infeccioso pues en ellas son vertidos animales muertos, desechos t\u00f3xicos, toneladas de PET,  electrodom\u00e9sticos, adem\u00e1s de las descargas irregulares de casa habitaci\u00f3n.&lt;br \/&gt;\nFOTO: MAR\u00cdA JOS\u00c9 MART\u00cdNEZ \/CUARTOSCURO.COM&lt;\/p&gt;\n\" data-medium-file=\"https:\/\/www.grieta.org.mx\/wp-content\/uploads\/2019\/06\/conflicto-social-540-02-300x200.jpg\" data-large-file=\"https:\/\/www.grieta.org.mx\/wp-content\/uploads\/2019\/06\/conflicto-social-540-02.jpg\" class=\"size-full wp-image-34705\" src=\"http:\/\/www.grieta.org.mx\/wp-content\/uploads\/2019\/06\/conflicto-social-540-02.jpg\" alt=\"\" width=\"600\" height=\"400\" srcset=\"https:\/\/www.grieta.org.mx\/wp-content\/uploads\/2019\/06\/conflicto-social-540-02.jpg 600w, https:\/\/www.grieta.org.mx\/wp-content\/uploads\/2019\/06\/conflicto-social-540-02-300x200.jpg 300w\" sizes=\"auto, (max-width: 600px) 100vw, 600px\" \/><figcaption id=\"caption-attachment-34705\" class=\"wp-caption-text\">CIUDAD DE M\u00c9XICO, 16JULIO2016.- La colonia La Joya, localizada a un costado del R\u00edo Becerra y flanqueada por la zona de presas, entre ellas la de San Francisco y Mixcoac, es una de las zonas con mayor \u00edndice de marginalidad y adem\u00e1s m\u00e1s insalubres. La zona de presas de \u00c1lvaro Obreg\u00f3n representa un foco infeccioso pues en ellas son vertidos animales muertos, desechos t\u00f3xicos, toneladas de PET, electrodom\u00e9sticos, adem\u00e1s de las descargas irregulares de casa habitaci\u00f3n.<br \/>FOTO: MAR\u00cdA JOS\u00c9 MART\u00cdNEZ \/CUARTOSCURO.COM<\/figcaption><\/figure>\n<p>En el caso de los Pedregales de Coyoac\u00e1n, no incluido por el Observatorio pero s\u00ed por la Campa\u00f1a Nacional de Defensa por la Madre Tierra y el Territorio, ni don Jos\u00e9 Marcelino ni sus compa\u00f1eros de lucha se dan por vencidos.<\/p>\n<p>\u201cDespu\u00e9s de la represi\u00f3n tuvimos que empezar otro tipo de lucha, con actividades pol\u00edticas, denunciando esta obra ecocida que hacen los hermanos Shabot [Jos\u00e9 y Salom\u00f3n Shabot Cherem] de la empresa Quiero Casa\u201d.<\/p>\n<p>La lucha del Movimiento Popular de Pueblos y Colonias del Sur<br \/>\nDesde hace 6 a\u00f1os, el Movimiento Popular de Pueblos y Colonias del Sur se mantiene en resistencia contra una gasolinera. \u201cEn 2011 es cuando en la comunidad vimos que en un predio que era de vivienda y \u00e1rea verde empiezan a construir. Nos dimos cuenta que era la estructura de una gasolinera. Este predio est\u00e1 sobre la autopista M\u00e9xico-Cuernavaca, aproximadamente en el kil\u00f3metro 21, en el pueblo originario de San Pedro M\u00e1rtir\u201d, explica el joven Diego Contreras.<\/p>\n<p>Agrega que fueron la organizaci\u00f3n y los vecinos los que empezaron a investigar la legalidad del proyecto. \u201cLa primera instancia que visitamos fue la Procuradur\u00eda Ambiental de Ordenamiento Territorial [PAOT], cuyo dictamen reconoce que es totalmente ilegal: certificado de uso de suelo, licencia de construcci\u00f3n, la cuesti\u00f3n ambiental. Todos los lineamientos, normativas, certificados, no cumple con ninguno. Despu\u00e9s de eso nos fuimos a un tribunal local para interponer [la denuncia de] que se est\u00e1n violando nuestros derechos y que la gasolinera pone en riesgo la vida. Ha sido un proceso de ir y venir\u201d.<\/p>\n<p>Diego Contreras agrega que \u201cen la Sala Superior ya se agot\u00f3 todo [el proceso]. Aunque ahorita est\u00e1 pendiente un juicio de lesividad. Todo el tiempo \u00ad\u2013con lo de la PAOT\u2013 se vio que todo era ilegal y la sala ordinaria nos dio lo raz\u00f3n: los vecinos de San Pedro M\u00e1rtir, desde 2012, tienen la raz\u00f3n. Pero la Sala Superior dice que no, que los gasolineros son los que est\u00e1n bien. A ra\u00edz de eso nos fuimos a juicio de amparo, todos los juicios de amparo hab\u00edan sido favorables a nosotros, hasta el \u00faltimo en el que dos magistrados votan en contra nuestra, pero el magistrado presidente se deslinda y reconoce que tenemos la raz\u00f3n. A pesar de que ya no fue favorable, en voto de calidad el presidente de Tribunal Federal del D\u00e9cimo Quinto nos dio la raz\u00f3n. Como ya se agot\u00f3 ah\u00ed, acudimos a la Suprema Corte, la cual nos rechaz\u00f3 totalmente porque dice que es un caso que no va a cuestiones constitucionales y que pues no entra. Por eso acudimos a la Comisi\u00f3n Interamericana de Derechos Humanos. A finales del a\u00f1o pasado recibieron nuestro caso y est\u00e1 en revisi\u00f3n\u201d.<\/p>\n<p><img loading=\"lazy\" decoding=\"async\" data-attachment-id=\"34706\" data-permalink=\"https:\/\/www.grieta.org.mx\/index.php\/2017\/05\/22\/crecen-conflictos-sociales-por-privatizacion-y-despojo-de-agua\/conflicto-social-540-05\/\" data-orig-file=\"https:\/\/www.grieta.org.mx\/wp-content\/uploads\/2019\/06\/conflicto-social-540-05.jpg\" data-orig-size=\"600,400\" data-comments-opened=\"0\" data-image-meta=\"{&quot;aperture&quot;:&quot;0&quot;,&quot;credit&quot;:&quot;&quot;,&quot;camera&quot;:&quot;&quot;,&quot;caption&quot;:&quot;&quot;,&quot;created_timestamp&quot;:&quot;0&quot;,&quot;copyright&quot;:&quot;&quot;,&quot;focal_length&quot;:&quot;0&quot;,&quot;iso&quot;:&quot;0&quot;,&quot;shutter_speed&quot;:&quot;0&quot;,&quot;title&quot;:&quot;&quot;,&quot;orientation&quot;:&quot;1&quot;}\" data-image-title=\"conflicto-social-540-05\" data-image-description=\"\" data-image-caption=\"\" data-medium-file=\"https:\/\/www.grieta.org.mx\/wp-content\/uploads\/2019\/06\/conflicto-social-540-05-300x200.jpg\" data-large-file=\"https:\/\/www.grieta.org.mx\/wp-content\/uploads\/2019\/06\/conflicto-social-540-05.jpg\" class=\"alignleft size-full wp-image-34706\" src=\"http:\/\/www.grieta.org.mx\/wp-content\/uploads\/2019\/06\/conflicto-social-540-05.jpg\" alt=\"\" width=\"600\" height=\"400\" srcset=\"https:\/\/www.grieta.org.mx\/wp-content\/uploads\/2019\/06\/conflicto-social-540-05.jpg 600w, https:\/\/www.grieta.org.mx\/wp-content\/uploads\/2019\/06\/conflicto-social-540-05-300x200.jpg 300w\" sizes=\"auto, (max-width: 600px) 100vw, 600px\" \/><\/p>\n<p>El joven indica que detr\u00e1s de la gasolinera est\u00e1 \u201cel corporativo m\u00e1s grande de M\u00e9xico, Corpogas, que es el que tiene m\u00e1s gasolineras en todo el pa\u00eds\u201d. Y se\u00f1ala contubernio entre la empresa y el gobierno de la Ciudad de M\u00e9xico, pues solo as\u00ed se explica el c\u00famulo de ilegalidades que arrastra el proyecto \u201cque pone en riesgo nuestra vida\u201d.<\/p>\n<p>\u201c[En estos a\u00f1os] hemos visto como va un agravio, va otro. Pero la lucha contin\u00faa. Esperamos la suspensi\u00f3n de las actividades, la nulidad de los certificados de uso de suelo y, a nivel internacional, con la Comisi\u00f3n Interamericana [un proceso justo]\u201d.<\/p>\n<p>Enriqueta Curiel, vecina en resistencia de San Pedro M\u00e1rtir, explica a Contral\u00ednea que son tres pueblos originarios los afectados \u00ad\u00ad\u2013Chimalcoyoc, San Pedro M\u00e1rtir, San Andr\u00e9s Totoltepec\u2013, adem\u00e1s de todas las colonias que se ubican hasta la caseta de cobro.<\/p>\n<p>Do\u00f1a Enriqueta reflexiona: \u201c\u00c9ste es un pueblo que de veras ha sido m\u00e1rtir: ha sido despojado de su territorio por la autopista, el Club de Golf M\u00e9xico, el Colegio Militar\u2026 Desde 1970 ha sido una lucha permanente contra el despojo, porque esto es despojo. Y ahora la gasolinera\u201d.<\/p>\n<p>Nancy Flores\/Cuarta y \u00faltima parte<\/p>\n<p>[SOCIEDAD]<\/p>\n<p>Contral\u00ednea 540 \/ del 22 al 28 de Mayo 2017<\/p>\n<p><a href=\"https:\/\/www.contralinea.com.mx\/archivo-revista\/2017\/05\/23\/crecen-conflictos-sociales-por-privatizacion-y-despojo-de-agua\/\" target=\"_blank\" rel=\"noopener noreferrer\">https:\/\/www.contralinea.com.mx\/archivo-revista\/2017\/05\/23\/crecen-conflictos-sociales-por-privatizacion-y-despojo-de-agua\/<\/a><\/p>\n","protected":false},"excerpt":{"rendered":"<p>Nancy Flores\/ CONTRAL\u00cdNEA En M\u00e9xico se incrementan los conflictos sociales relacionados con el agua. La Campa\u00f1a Nacional por la Defensa de la Tierra da cuenta de 24, pero podr\u00edan ser &hellip; <a href=\"https:\/\/www.grieta.org.mx\/index.php\/2017\/05\/22\/crecen-conflictos-sociales-por-privatizacion-y-despojo-de-agua\/\" class=\"more-link\">Leer m\u00e1s<\/a><\/p>\n","protected":false},"author":2,"featured_media":34702,"comment_status":"closed","ping_status":"closed","sticky":false,"template":"","format":"standard","meta":{"ngg_post_thumbnail":0,"_jetpack_newsletter_access":"","_jetpack_dont_email_post_to_subs":false,"_jetpack_newsletter_tier_id":0,"_jetpack_memberships_contains_paywalled_content":false,"_jetpack_memberships_contains_paid_content":false,"footnotes":""},"categories":[80,14,2355,1571,1119,914,915,1371,16,18,20,1405,1464,1406,22,2,25,2342,2629,2607,1253,26,28,2005,31,83,35],"tags":[2403,2378,1065,764],"class_list":["post-34701","post","type-post","status-publish","format-standard","has-post-thumbnail","hentry","category-cintillo","category-ciudad-de-mexico","category-conflictos-por-agua-en-oaxaca","category-conflictos-por-falta-de-agua-en-el-estado-de-mexico","category-conflictos-por-falta-de-agua-en-la-ciudad-de-mexico","category-privatizacion-del-agua","category-privatizacion-del-agua-analisis","category-desabasto-de-agua-en-guerrero","category-estado-de-mexico","category-guerrero","category-jalisco","category-lucha-y-resistencia-de-los-pueblos-originarios-en-sonora","category-lucha-y-resistencia-del-pueblo-comcaac","category-lucha-y-resistencia-del-pueblo-yaqui","category-morelos","category-noticias-nacionales","category-oaxaca","category-privatizacion-del-agua-en-jalisco","category-privatizacion-del-agua-en-morelos","category-privatizacion-del-agua-en-veracruz","category-privatizacion-del-agua-y-el-drenaje-en-puebla","category-puebla","category-quintana-roo","category-resistencia-al-despojo-de-tierras-y-aguas-ejidales-en-quintana-roo","category-sonora","category-temas-nacionales","category-veracruz","tag-crisis-del-agua","tag-desabasto-agua","tag-despojo-de-agua-y-tierras","tag-privatizacion-del-agua","entry"],"jetpack_featured_media_url":"https:\/\/www.grieta.org.mx\/wp-content\/uploads\/2019\/06\/conflicto-social-600.jpg","jetpack_sharing_enabled":true,"jetpack_shortlink":"https:\/\/wp.me\/p7ZJR4-91H","jetpack_likes_enabled":false,"jetpack-related-posts":[{"id":37783,"url":"https:\/\/www.grieta.org.mx\/index.php\/2019\/08\/09\/guanajuato-se-acerca-al-dia-cero-por-crisis-de-agua\/","url_meta":{"origin":34701,"position":0},"title":"Guanajuato se acerca al \u201cD\u00eda Cero\u201d por crisis de agua","author":"grieta","date":"9 agosto, 2019","format":false,"excerpt":"Seg\u00fan datos del Instituto de Recursos Mundiales, el peligro de quedarse sin agua es m\u00e1s latente en M\u00e9xico . A nivel global, la naci\u00f3n est\u00e1 en el nivel de \u2018alto estr\u00e9s h\u00eddrico\u2019. Por: Francisco Mancera \/ AM Le\u00f3n Guanajuato, 09 de Agosto de 2019 Celaya.- Guanajuato es el segundo estado\u2026","rel":"","context":"En &quot;CINTILLO&quot;","block_context":{"text":"CINTILLO","link":"https:\/\/www.grieta.org.mx\/index.php\/category\/cintillo\/"},"img":{"alt_text":"","src":"https:\/\/i0.wp.com\/www.grieta.org.mx\/wp-content\/uploads\/2019\/08\/guanajuato-dia-cero-crisis-agua.jpg_851672003.jpg?resize=350%2C200&ssl=1","width":350,"height":200,"srcset":"https:\/\/i0.wp.com\/www.grieta.org.mx\/wp-content\/uploads\/2019\/08\/guanajuato-dia-cero-crisis-agua.jpg_851672003.jpg?resize=350%2C200&ssl=1 1x, https:\/\/i0.wp.com\/www.grieta.org.mx\/wp-content\/uploads\/2019\/08\/guanajuato-dia-cero-crisis-agua.jpg_851672003.jpg?resize=525%2C300&ssl=1 1.5x, https:\/\/i0.wp.com\/www.grieta.org.mx\/wp-content\/uploads\/2019\/08\/guanajuato-dia-cero-crisis-agua.jpg_851672003.jpg?resize=700%2C400&ssl=1 2x"},"classes":[]},{"id":69989,"url":"https:\/\/www.grieta.org.mx\/index.php\/2023\/11\/20\/puebla-cuando-el-campo-se-planta-frente-al-despojo-de-tierra-y-agua\/","url_meta":{"origin":34701,"position":1},"title":"Puebla: Cuando el campo se planta frente al despojo de tierra y agua","author":"Admin","date":"20 noviembre, 2023","format":false,"excerpt":"Por Periodismo de lo posible \/ Radio Cholollan Desde hace d\u00e9cadas la comunidad nahua de Tlaxcalancingo, en Puebla, enfrenta diferentes batallas para resguardar la vida comunitaria, las tierras y el agua. La resistencia actual se nutre del recuerdo de una experiencia de 2012, cuando el municipio junto al gobierno del\u2026","rel":"","context":"En &quot;MEGAPROYECTOS&quot;","block_context":{"text":"MEGAPROYECTOS","link":"https:\/\/www.grieta.org.mx\/index.php\/category\/megaproyectos\/"},"img":{"alt_text":"","src":"https:\/\/i0.wp.com\/www.grieta.org.mx\/wp-content\/uploads\/2024\/10\/Ilustracion-episodio-12.jpg?resize=350%2C200&ssl=1","width":350,"height":200},"classes":[]},{"id":58931,"url":"https:\/\/www.grieta.org.mx\/index.php\/2021\/03\/22\/video-no-a-la-privatizacion-del-agua-exigen-activistas-en-conagua-veracruz\/","url_meta":{"origin":34701,"position":2},"title":"(Video) \u00a1No a la privatizaci\u00f3n del agua! Exigen activistas en Conagua (Veracruz)","author":"Admin","date":"22 marzo, 2021","format":false,"excerpt":"Paco De Luna \/ Vanguardia de Veracruz \u00a0 Xalapa, Ver.- Activistas ambientales protestaron en las instalaciones de la Comisi\u00f3n Nacional del Agua (Conagua) para se\u00f1alar alto a la privatizaci\u00f3n del l\u00edquido en Veracruz y en el territorio mexicano. En la entrada principal colgaron lonas y pancartas de diversas organizaciones que\u2026","rel":"","context":"En &quot;CINTILLO&quot;","block_context":{"text":"CINTILLO","link":"https:\/\/www.grieta.org.mx\/index.php\/category\/cintillo\/"},"img":{"alt_text":"","src":"https:\/\/i0.wp.com\/www.grieta.org.mx\/wp-content\/uploads\/2021\/04\/Screenshot_2021-04-22-Video-%F0%9F%93%B9-%C2%A1No-a-la-privatizacion-del-agua-Exigen-activistas-en-Conagua.png?resize=350%2C200&ssl=1","width":350,"height":200,"srcset":"https:\/\/i0.wp.com\/www.grieta.org.mx\/wp-content\/uploads\/2021\/04\/Screenshot_2021-04-22-Video-%F0%9F%93%B9-%C2%A1No-a-la-privatizacion-del-agua-Exigen-activistas-en-Conagua.png?resize=350%2C200&ssl=1 1x, https:\/\/i0.wp.com\/www.grieta.org.mx\/wp-content\/uploads\/2021\/04\/Screenshot_2021-04-22-Video-%F0%9F%93%B9-%C2%A1No-a-la-privatizacion-del-agua-Exigen-activistas-en-Conagua.png?resize=525%2C300&ssl=1 1.5x, https:\/\/i0.wp.com\/www.grieta.org.mx\/wp-content\/uploads\/2021\/04\/Screenshot_2021-04-22-Video-%F0%9F%93%B9-%C2%A1No-a-la-privatizacion-del-agua-Exigen-activistas-en-Conagua.png?resize=700%2C400&ssl=1 2x"},"classes":[]},{"id":36073,"url":"https:\/\/www.grieta.org.mx\/index.php\/2019\/07\/05\/grupo-mexico-planea-construir-presa-de-jales-en-bacanuchi-ciudadanos-se-oponen-temen-otro-derrame-sonora\/","url_meta":{"origin":34701,"position":3},"title":"Grupo M\u00e9xico planea construir presa de jales en Bacanuchi, ciudadanos se oponen, temen otro derrame (Sonora)","author":"grieta","date":"5 julio, 2019","format":false,"excerpt":"https:\/\/proyectopuente.com.mx\/2019\/07\/05\/grupo-mexico-planea-construir-presa-de-jales-en-bacanuchi-ciudadanos-se-oponen-temen-otro-derrame-2\/","rel":"","context":"En &quot;Contaminaci\u00f3n ambiental por megaproyectos en Sonora&quot;","block_context":{"text":"Contaminaci\u00f3n ambiental por megaproyectos en Sonora","link":"https:\/\/www.grieta.org.mx\/index.php\/category\/noticias-nacionales\/sonora\/contaminacion-y-danos-a-la-naturaleza-por-megaproyectos\/"},"img":{"alt_text":"","src":"https:\/\/i0.wp.com\/www.grieta.org.mx\/wp-content\/uploads\/2018\/03\/14524434_1106112876131411_958039263622046936_o.jpg?resize=350%2C200&ssl=1","width":350,"height":200,"srcset":"https:\/\/i0.wp.com\/www.grieta.org.mx\/wp-content\/uploads\/2018\/03\/14524434_1106112876131411_958039263622046936_o.jpg?resize=350%2C200&ssl=1 1x, https:\/\/i0.wp.com\/www.grieta.org.mx\/wp-content\/uploads\/2018\/03\/14524434_1106112876131411_958039263622046936_o.jpg?resize=525%2C300&ssl=1 1.5x, https:\/\/i0.wp.com\/www.grieta.org.mx\/wp-content\/uploads\/2018\/03\/14524434_1106112876131411_958039263622046936_o.jpg?resize=700%2C400&ssl=1 2x"},"classes":[]},{"id":71911,"url":"https:\/\/www.grieta.org.mx\/index.php\/2025\/07\/03\/encuentro-de-resistencias-mas-alla-de-la-aviacion-la-turistificacion-y-el-capitalismo-en-san-gregorio-atlapulco-xochimilco-ciudad-de-mexico\/","url_meta":{"origin":34701,"position":4},"title":"Encuentro de Resistencias &#8220;M\u00e1s all\u00e1 de la aviaci\u00f3n, la turistificaci\u00f3n y el capitalismo&#8221; en San Gregorio Atlapulco, Xochimilco. (Ciudad de M\u00e9xico)","author":"grieta","date":"3 julio, 2025","format":false,"excerpt":"Del Barrio News Este jueves 03 de julio fueron inaugurados los trabajos del Encuentro de Resistencias \"M\u00e1s all\u00e1 de la aviaci\u00f3n, la turistificaci\u00f3n y el capitalismo\" en San Gregorio Atlapulco, Xochimilco, el cual re\u00fane a diversos movimientos en defensa del territorio, iniciativas anti-turistificaci\u00f3n y luchas por el agua y la\u2026","rel":"","context":"En &quot;CINTILLO&quot;","block_context":{"text":"CINTILLO","link":"https:\/\/www.grieta.org.mx\/index.php\/category\/cintillo\/"},"img":{"alt_text":"","src":"https:\/\/i0.wp.com\/www.grieta.org.mx\/wp-content\/uploads\/2025\/07\/b7.jpg?resize=350%2C200&ssl=1","width":350,"height":200,"srcset":"https:\/\/i0.wp.com\/www.grieta.org.mx\/wp-content\/uploads\/2025\/07\/b7.jpg?resize=350%2C200&ssl=1 1x, https:\/\/i0.wp.com\/www.grieta.org.mx\/wp-content\/uploads\/2025\/07\/b7.jpg?resize=525%2C300&ssl=1 1.5x, https:\/\/i0.wp.com\/www.grieta.org.mx\/wp-content\/uploads\/2025\/07\/b7.jpg?resize=700%2C400&ssl=1 2x, https:\/\/i0.wp.com\/www.grieta.org.mx\/wp-content\/uploads\/2025\/07\/b7.jpg?resize=1050%2C600&ssl=1 3x, https:\/\/i0.wp.com\/www.grieta.org.mx\/wp-content\/uploads\/2025\/07\/b7.jpg?resize=1400%2C800&ssl=1 4x"},"classes":[]},{"id":56033,"url":"https:\/\/www.grieta.org.mx\/index.php\/2020\/12\/17\/exigen-un-alto-a-la-privatizacion-del-agua-en-queretaro\/","url_meta":{"origin":34701,"position":5},"title":"EXIGEN UN ALTO A LA PRIVATIZACI\u00d3N DEL AGUA EN QUER\u00c9TARO","author":"grieta","date":"17 diciembre, 2020","format":false,"excerpt":"Fotos: Infoqromex Noticias Infoqromex Noticias QUER\u00c9TARO, Qro., a 17 de diciembre de 2020. Alrededor de 50 personas entre vecinos, ciudadanos y activistas se manifestaron en inmediaciones de la Comisi\u00f3n Estatal de Aguas (CEA). Los inconformes se oponen al abastecimiento del agua a cargo de un empresa privada como Abastecedora Queretana\u2026","rel":"","context":"En &quot;CINTILLO&quot;","block_context":{"text":"CINTILLO","link":"https:\/\/www.grieta.org.mx\/index.php\/category\/cintillo\/"},"img":{"alt_text":"","src":"https:\/\/i0.wp.com\/www.grieta.org.mx\/wp-content\/uploads\/2020\/12\/7-photo5105085329202850053-1024x715-1.jpg?resize=350%2C200&ssl=1","width":350,"height":200,"srcset":"https:\/\/i0.wp.com\/www.grieta.org.mx\/wp-content\/uploads\/2020\/12\/7-photo5105085329202850053-1024x715-1.jpg?resize=350%2C200&ssl=1 1x, https:\/\/i0.wp.com\/www.grieta.org.mx\/wp-content\/uploads\/2020\/12\/7-photo5105085329202850053-1024x715-1.jpg?resize=525%2C300&ssl=1 1.5x, https:\/\/i0.wp.com\/www.grieta.org.mx\/wp-content\/uploads\/2020\/12\/7-photo5105085329202850053-1024x715-1.jpg?resize=700%2C400&ssl=1 2x"},"classes":[]}],"_links":{"self":[{"href":"https:\/\/www.grieta.org.mx\/index.php\/wp-json\/wp\/v2\/posts\/34701","targetHints":{"allow":["GET"]}}],"collection":[{"href":"https:\/\/www.grieta.org.mx\/index.php\/wp-json\/wp\/v2\/posts"}],"about":[{"href":"https:\/\/www.grieta.org.mx\/index.php\/wp-json\/wp\/v2\/types\/post"}],"author":[{"embeddable":true,"href":"https:\/\/www.grieta.org.mx\/index.php\/wp-json\/wp\/v2\/users\/2"}],"replies":[{"embeddable":true,"href":"https:\/\/www.grieta.org.mx\/index.php\/wp-json\/wp\/v2\/comments?post=34701"}],"version-history":[{"count":1,"href":"https:\/\/www.grieta.org.mx\/index.php\/wp-json\/wp\/v2\/posts\/34701\/revisions"}],"predecessor-version":[{"id":34743,"href":"https:\/\/www.grieta.org.mx\/index.php\/wp-json\/wp\/v2\/posts\/34701\/revisions\/34743"}],"wp:featuredmedia":[{"embeddable":true,"href":"https:\/\/www.grieta.org.mx\/index.php\/wp-json\/wp\/v2\/media\/34702"}],"wp:attachment":[{"href":"https:\/\/www.grieta.org.mx\/index.php\/wp-json\/wp\/v2\/media?parent=34701"}],"wp:term":[{"taxonomy":"category","embeddable":true,"href":"https:\/\/www.grieta.org.mx\/index.php\/wp-json\/wp\/v2\/categories?post=34701"},{"taxonomy":"post_tag","embeddable":true,"href":"https:\/\/www.grieta.org.mx\/index.php\/wp-json\/wp\/v2\/tags?post=34701"}],"curies":[{"name":"wp","href":"https:\/\/api.w.org\/{rel}","templated":true}]}}