{"id":34668,"date":"2019-06-10T01:02:37","date_gmt":"2019-06-10T06:02:37","guid":{"rendered":"http:\/\/www.grieta.org.mx\/?p=34668"},"modified":"2019-06-12T01:14:43","modified_gmt":"2019-06-12T06:14:43","slug":"llegarian-a-nl-mil-800-elementos-de-la-guardia-nacional-nuevo-leon","status":"publish","type":"post","link":"https:\/\/www.grieta.org.mx\/index.php\/2019\/06\/10\/llegarian-a-nl-mil-800-elementos-de-la-guardia-nacional-nuevo-leon\/","title":{"rendered":"Llegar\u00edan A NL Mil 800 Elementos De La Guardia Nacional (Nuevo Le\u00f3n)"},"content":{"rendered":"<p><img loading=\"lazy\" decoding=\"async\" data-attachment-id=\"34669\" data-permalink=\"https:\/\/www.grieta.org.mx\/index.php\/2019\/06\/10\/llegarian-a-nl-mil-800-elementos-de-la-guardia-nacional-nuevo-leon\/llegarian-a-nl-mil-800-elementos-de-la-guardia-nacional-nl-jun\/\" data-orig-file=\"https:\/\/www.grieta.org.mx\/wp-content\/uploads\/2019\/06\/Llegar\u00edan-A-NL-Mil-800-Elementos-De-La-Guardia-Nacional-nl-jun.jpg\" data-orig-size=\"958,596\" data-comments-opened=\"0\" data-image-meta=\"{&quot;aperture&quot;:&quot;0&quot;,&quot;credit&quot;:&quot;&quot;,&quot;camera&quot;:&quot;&quot;,&quot;caption&quot;:&quot;&quot;,&quot;created_timestamp&quot;:&quot;0&quot;,&quot;copyright&quot;:&quot;&quot;,&quot;focal_length&quot;:&quot;0&quot;,&quot;iso&quot;:&quot;0&quot;,&quot;shutter_speed&quot;:&quot;0&quot;,&quot;title&quot;:&quot;&quot;,&quot;orientation&quot;:&quot;0&quot;}\" data-image-title=\"Llegar\u00edan A NL Mil 800 Elementos De La Guardia Nacional nl jun\" data-image-description=\"\" data-image-caption=\"\" data-medium-file=\"https:\/\/www.grieta.org.mx\/wp-content\/uploads\/2019\/06\/Llegar\u00edan-A-NL-Mil-800-Elementos-De-La-Guardia-Nacional-nl-jun-300x187.jpg\" data-large-file=\"https:\/\/www.grieta.org.mx\/wp-content\/uploads\/2019\/06\/Llegar\u00edan-A-NL-Mil-800-Elementos-De-La-Guardia-Nacional-nl-jun.jpg\" class=\"alignleft size-full wp-image-34669\" src=\"http:\/\/www.grieta.org.mx\/wp-content\/uploads\/2019\/06\/Llegar\u00edan-A-NL-Mil-800-Elementos-De-La-Guardia-Nacional-nl-jun.jpg\" alt=\"\" width=\"958\" height=\"596\" srcset=\"https:\/\/www.grieta.org.mx\/wp-content\/uploads\/2019\/06\/Llegar\u00edan-A-NL-Mil-800-Elementos-De-La-Guardia-Nacional-nl-jun.jpg 958w, https:\/\/www.grieta.org.mx\/wp-content\/uploads\/2019\/06\/Llegar\u00edan-A-NL-Mil-800-Elementos-De-La-Guardia-Nacional-nl-jun-300x187.jpg 300w, https:\/\/www.grieta.org.mx\/wp-content\/uploads\/2019\/06\/Llegar\u00edan-A-NL-Mil-800-Elementos-De-La-Guardia-Nacional-nl-jun-768x478.jpg 768w, https:\/\/www.grieta.org.mx\/wp-content\/uploads\/2019\/06\/Llegar\u00edan-A-NL-Mil-800-Elementos-De-La-Guardia-Nacional-nl-jun-804x500.jpg 804w\" sizes=\"auto, (max-width: 958px) 100vw, 958px\" \/><br \/>\nMiled Nuevo Le\u00f3n<\/p>\n<p>Tras el anuncio que hizo el secretario de Seguridad y Protecci\u00f3n Ciudadana del Gobierno Federal, Alfonso Durazo Monta\u00f1o, en cuanto a la llegada de al menos mil 200 elementos de la Guardia Nacional, Aldo Fasci Zuazua, secretario de Seguridad del Estado, adelant\u00f3 que llegar\u00edan m\u00e1s efectivos de la nueva corporaci\u00f3n.<\/p>\n<p>Lo anterior, luego de que el propio funcionario federal asegurara que la Polic\u00eda Militar se convertir\u00eda en el nuevo modelo de Guardia Nacional.<\/p>\n<p>En este sentido, Fasci Zuazua sostuvo que llegar\u00edan en total cerca de mil 800 elementos de la Guardia Nacional. \u201cNo, llegan m\u00e1s, van a ser alrededor de mil 800 para Nuevo Le\u00f3n, pero ya casi est\u00e1 (aproximadamente) el total. Para este a\u00f1o se prev\u00e9n mil 200 m\u00e1s de los que ten\u00edamos con Polic\u00eda Militar. \u201c(Sobre) las cuatro regiones, nos parece correcto; de los cinco estados somos los que m\u00e1s regiones tiene, entonces, creemos que es correcto.<\/p>\n<p>La zona Sabinas se va a dividir en dos, para tener una en An\u00e1huac. De hecho, ya vamos a entregar instalaciones para trabajar coordinadamente Fuerza Civil con la Guardia Nacional\u201d, dijo. Al respecto, el secretario de Seguridad estatal inform\u00f3 que habr\u00e1 una etapa de transici\u00f3n para que la operatividad no se vea afectada por los cambios que se implementar\u00e1n. \u201cVamos a trabajar con la Polic\u00eda Militar mientras ya viene la Guardia, porque Guardia empezar\u00e1 este a\u00f1o y faltan siete meses para que termine.<\/p>\n<p>\u201cNo (complica el trabajo que tienen actualmente de coordinaci\u00f3n), vamos a hacer este trabajo previo: la idea fue fijar metas y establecer una transici\u00f3n, pero vamos a empezar a trabajar en zonas determinadas entre Fuerza Civil y Polic\u00eda Militar, para cuando llegue Guardia Nacional hacer la sustituci\u00f3n y no se resienta el cambio\u201d, concluy\u00f3.<\/p>\n<p><a href=\"http:\/\/milednl.com.mx\/?p=26930\" target=\"_blank\" rel=\"noopener noreferrer\">http:\/\/milednl.com.mx\/?p=26930<\/a><\/p>\n","protected":false},"excerpt":{"rendered":"<p>Miled Nuevo Le\u00f3n Tras el anuncio que hizo el secretario de Seguridad y Protecci\u00f3n Ciudadana del Gobierno Federal, Alfonso Durazo Monta\u00f1o, en cuanto a la llegada de al menos mil &hellip; <a href=\"https:\/\/www.grieta.org.mx\/index.php\/2019\/06\/10\/llegarian-a-nl-mil-800-elementos-de-la-guardia-nacional-nuevo-leon\/\" class=\"more-link\">Leer m\u00e1s<\/a><\/p>\n","protected":false},"author":2,"featured_media":34669,"comment_status":"closed","ping_status":"closed","sticky":false,"template":"","format":"standard","meta":{"ngg_post_thumbnail":0,"_jetpack_newsletter_access":"","_jetpack_dont_email_post_to_subs":false,"_jetpack_newsletter_tier_id":0,"_jetpack_memberships_contains_paywalled_content":false,"_jetpack_memberships_contains_paid_content":false,"footnotes":""},"categories":[80,912,2196,2,24,83],"tags":[2295,614,2410],"class_list":["post-34668","post","type-post","status-publish","format-standard","has-post-thumbnail","hentry","category-cintillo","category-militarizacion","category-militarizacion-en-nuevo-leon","category-noticias-nacionales","category-nuevo-leon","category-temas-nacionales","tag-guardia-nacional","tag-militarizacion","tag-policia-militar","entry"],"jetpack_featured_media_url":"https:\/\/www.grieta.org.mx\/wp-content\/uploads\/2019\/06\/Llegar\u00edan-A-NL-Mil-800-Elementos-De-La-Guardia-Nacional-nl-jun.jpg","jetpack_sharing_enabled":true,"jetpack_shortlink":"https:\/\/wp.me\/p7ZJR4-91a","jetpack_likes_enabled":false,"jetpack-related-posts":[{"id":34665,"url":"https:\/\/www.grieta.org.mx\/index.php\/2019\/06\/07\/iniciara-guardia-nacional-en-4-regiones-de-nl-nuevo-leon\/","url_meta":{"origin":34668,"position":0},"title":"Iniciar\u00e1 Guardia Nacional en 4 regiones de NL (Nuevo Le\u00f3n)","author":"grieta","date":"7 junio, 2019","format":false,"excerpt":"V\u00edctor Antonio Gonz\u00e1lez \/ abcnoticias Cada regi\u00f3n ser\u00e1 resguardada entre 300 y 600 elementos, informaron autoridades federales Monterrey.- La Guardia Nacional arrancar\u00e1 en Nuevo Le\u00f3n en cuatro regiones de Nuevo Le\u00f3n, de las siete fracciones que se prev\u00e9n sea dividido el Estado, inform\u00f3 el Secretario de Seguridad y Protecci\u00f3n Ciudadana,\u2026","rel":"","context":"En &quot;CINTILLO&quot;","block_context":{"text":"CINTILLO","link":"https:\/\/www.grieta.org.mx\/index.php\/category\/cintillo\/"},"img":{"alt_text":"","src":"https:\/\/i0.wp.com\/www.grieta.org.mx\/wp-content\/uploads\/2019\/06\/Iniciar%C3%A1-Guardia-Nacional-en-4-regiones-de-NL-jun.jpeg?resize=350%2C200&ssl=1","width":350,"height":200,"srcset":"https:\/\/i0.wp.com\/www.grieta.org.mx\/wp-content\/uploads\/2019\/06\/Iniciar%C3%A1-Guardia-Nacional-en-4-regiones-de-NL-jun.jpeg?resize=350%2C200&ssl=1 1x, https:\/\/i0.wp.com\/www.grieta.org.mx\/wp-content\/uploads\/2019\/06\/Iniciar%C3%A1-Guardia-Nacional-en-4-regiones-de-NL-jun.jpeg?resize=525%2C300&ssl=1 1.5x, https:\/\/i0.wp.com\/www.grieta.org.mx\/wp-content\/uploads\/2019\/06\/Iniciar%C3%A1-Guardia-Nacional-en-4-regiones-de-NL-jun.jpeg?resize=700%2C400&ssl=1 2x"},"classes":[]},{"id":32429,"url":"https:\/\/www.grieta.org.mx\/index.php\/2019\/04\/20\/guardia-nacional-tendria-base-en-monterrey-nuevo-leon\/","url_meta":{"origin":34668,"position":1},"title":"Guardia Nacional tendr\u00eda base en Monterrey (Nuevo Le\u00f3n)","author":"grieta","date":"20 abril, 2019","format":false,"excerpt":"Orlando Maldonado \/ Milenio La primera Base de Operaciones de la reci\u00e9n creada Guardia Nacional tendr\u00eda su sede en el municipio de Monterrey, seg\u00fan inform\u00f3 Cristina D\u00edaz Salazar, alcaldesa de Guadalupe. A decir de la presidenta municipal, esa es la \u00fanica informaci\u00f3n que les han dado a conocer por parte\u2026","rel":"","context":"En &quot;CINTILLO&quot;","block_context":{"text":"CINTILLO","link":"https:\/\/www.grieta.org.mx\/index.php\/category\/cintillo\/"},"img":{"alt_text":"","src":"https:\/\/i0.wp.com\/www.grieta.org.mx\/wp-content\/uploads\/2018\/03\/14524434_1106112876131411_958039263622046936_o.jpg?resize=350%2C200&ssl=1","width":350,"height":200,"srcset":"https:\/\/i0.wp.com\/www.grieta.org.mx\/wp-content\/uploads\/2018\/03\/14524434_1106112876131411_958039263622046936_o.jpg?resize=350%2C200&ssl=1 1x, https:\/\/i0.wp.com\/www.grieta.org.mx\/wp-content\/uploads\/2018\/03\/14524434_1106112876131411_958039263622046936_o.jpg?resize=525%2C300&ssl=1 1.5x, https:\/\/i0.wp.com\/www.grieta.org.mx\/wp-content\/uploads\/2018\/03\/14524434_1106112876131411_958039263622046936_o.jpg?resize=700%2C400&ssl=1 2x"},"classes":[]},{"id":31586,"url":"https:\/\/www.grieta.org.mx\/index.php\/2019\/04\/02\/arriban-a-matamoros-150-elementos-de-la-guardia-nacional-tamaulipas\/","url_meta":{"origin":34668,"position":2},"title":"Arriban a Matamoros 150 elementos de la Guardia Nacional (Tamaulipas)","author":"grieta","date":"2 abril, 2019","format":false,"excerpt":"El Bravo Para reforzar las labores de vigilancia el gobierno federal asign\u00f3 a 150 elementos militares de la reci\u00e9n aprobada y creada Guardia Nacional para la ciudad de Matamoros, los cuales ya se encuentran en el municipio para efectuar diversas operaciones de seguridad, dio a conocer el secretario del Ayuntamiento\u2026","rel":"","context":"En &quot;CINTILLO&quot;","block_context":{"text":"CINTILLO","link":"https:\/\/www.grieta.org.mx\/index.php\/category\/cintillo\/"},"img":{"alt_text":"","src":"https:\/\/i0.wp.com\/www.grieta.org.mx\/wp-content\/uploads\/2019\/04\/Arriban-a-Matamoros-150-elementos-de-la-Guardia-Nacional-tama-abr.jpg?resize=350%2C200&ssl=1","width":350,"height":200,"srcset":"https:\/\/i0.wp.com\/www.grieta.org.mx\/wp-content\/uploads\/2019\/04\/Arriban-a-Matamoros-150-elementos-de-la-Guardia-Nacional-tama-abr.jpg?resize=350%2C200&ssl=1 1x, https:\/\/i0.wp.com\/www.grieta.org.mx\/wp-content\/uploads\/2019\/04\/Arriban-a-Matamoros-150-elementos-de-la-Guardia-Nacional-tama-abr.jpg?resize=525%2C300&ssl=1 1.5x"},"classes":[]},{"id":39526,"url":"https:\/\/www.grieta.org.mx\/index.php\/2019\/09\/26\/crece-militarizacion-en-tamaulipas\/","url_meta":{"origin":34668,"position":3},"title":"Crece militarizaci\u00f3n en Tamaulipas","author":"grieta","date":"26 septiembre, 2019","format":false,"excerpt":"Colectivo Grieta Seg\u00fan notas recientes, hay 8000 elementos de las fuerzas federales desplegados en el territorio de Tamaulipas. De estos, 1,500 son miembros de la Guardia Nacional. Sin embargo, tambi\u00e9n hay efectivos del Ej\u00e9rcito Mexicano, la Secretar\u00eda de Marina y la Polic\u00eda Federal. El argumento para este grado de militarizaci\u00f3n\u2026","rel":"","context":"En &quot;CINTILLO&quot;","block_context":{"text":"CINTILLO","link":"https:\/\/www.grieta.org.mx\/index.php\/category\/cintillo\/"},"img":{"alt_text":"","src":"https:\/\/i0.wp.com\/www.grieta.org.mx\/wp-content\/uploads\/2019\/09\/c1.1-6rluxlml1sjkzkbm9xqocbjvo9e00xe1ls1hmti2m5s.jpg?resize=350%2C200&ssl=1","width":350,"height":200,"srcset":"https:\/\/i0.wp.com\/www.grieta.org.mx\/wp-content\/uploads\/2019\/09\/c1.1-6rluxlml1sjkzkbm9xqocbjvo9e00xe1ls1hmti2m5s.jpg?resize=350%2C200&ssl=1 1x, https:\/\/i0.wp.com\/www.grieta.org.mx\/wp-content\/uploads\/2019\/09\/c1.1-6rluxlml1sjkzkbm9xqocbjvo9e00xe1ls1hmti2m5s.jpg?resize=525%2C300&ssl=1 1.5x, https:\/\/i0.wp.com\/www.grieta.org.mx\/wp-content\/uploads\/2019\/09\/c1.1-6rluxlml1sjkzkbm9xqocbjvo9e00xe1ls1hmti2m5s.jpg?resize=700%2C400&ssl=1 2x, https:\/\/i0.wp.com\/www.grieta.org.mx\/wp-content\/uploads\/2019\/09\/c1.1-6rluxlml1sjkzkbm9xqocbjvo9e00xe1ls1hmti2m5s.jpg?resize=1050%2C600&ssl=1 3x"},"classes":[]},{"id":35486,"url":"https:\/\/www.grieta.org.mx\/index.php\/2019\/06\/22\/guardia-nacional-enviara-450-elementos-a-vallarta-jalisco\/","url_meta":{"origin":34668,"position":4},"title":"Guardia Nacional enviar\u00e1 450 elementos a Vallarta (Jalisco)","author":"grieta","date":"22 junio, 2019","format":false,"excerpt":"Los elementos ser\u00e1n divididos en ocho regiones operativas dentro de la entidad, siendo Mascota y Puerto Vallarta una de ellas Enrique Pineda \/ Vallarta Opina Puerto Vallarta.\u00a0A partir del primero de julio se espera el arranque de la Guardia Nacional en el estado de Jalisco, misma que estar\u00e1 compuesta por\u2026","rel":"","context":"En &quot;CINTILLO&quot;","block_context":{"text":"CINTILLO","link":"https:\/\/www.grieta.org.mx\/index.php\/category\/cintillo\/"},"img":{"alt_text":"","src":"https:\/\/i0.wp.com\/www.grieta.org.mx\/wp-content\/uploads\/2019\/06\/GUARDIA.jpg?resize=350%2C200&ssl=1","width":350,"height":200,"srcset":"https:\/\/i0.wp.com\/www.grieta.org.mx\/wp-content\/uploads\/2019\/06\/GUARDIA.jpg?resize=350%2C200&ssl=1 1x, https:\/\/i0.wp.com\/www.grieta.org.mx\/wp-content\/uploads\/2019\/06\/GUARDIA.jpg?resize=525%2C300&ssl=1 1.5x, https:\/\/i0.wp.com\/www.grieta.org.mx\/wp-content\/uploads\/2019\/06\/GUARDIA.jpg?resize=700%2C400&ssl=1 2x"},"classes":[]},{"id":35483,"url":"https:\/\/www.grieta.org.mx\/index.php\/2019\/06\/22\/parque-solidaridad-seria-sede-de-guardia-nacional-jalisco\/","url_meta":{"origin":34668,"position":5},"title":"Parque Solidaridad ser\u00eda sede de Guardia Nacional (Jalisco)","author":"grieta","date":"22 junio, 2019","format":false,"excerpt":"Foto: El Occidental A estas instalaciones se sumar\u00edan las de la zona de La Nopalera en Tlajomulco y el espacio que se pudiera asignar dentro de las instalaciones de la Quinta Regi\u00f3n Militar ubicadas en el municipio de Zapopan V\u00edctor Ram\u00edrez \/ El Occidental En Guadalajara se mantendr\u00e1 la propuesta\u2026","rel":"","context":"En &quot;CINTILLO&quot;","block_context":{"text":"CINTILLO","link":"https:\/\/www.grieta.org.mx\/index.php\/category\/cintillo\/"},"img":{"alt_text":"","src":"https:\/\/i0.wp.com\/www.grieta.org.mx\/wp-content\/uploads\/2019\/06\/Parque-de-la-Solidaridad.jpg?resize=350%2C200&ssl=1","width":350,"height":200,"srcset":"https:\/\/i0.wp.com\/www.grieta.org.mx\/wp-content\/uploads\/2019\/06\/Parque-de-la-Solidaridad.jpg?resize=350%2C200&ssl=1 1x, https:\/\/i0.wp.com\/www.grieta.org.mx\/wp-content\/uploads\/2019\/06\/Parque-de-la-Solidaridad.jpg?resize=525%2C300&ssl=1 1.5x, https:\/\/i0.wp.com\/www.grieta.org.mx\/wp-content\/uploads\/2019\/06\/Parque-de-la-Solidaridad.jpg?resize=700%2C400&ssl=1 2x"},"classes":[]}],"_links":{"self":[{"href":"https:\/\/www.grieta.org.mx\/index.php\/wp-json\/wp\/v2\/posts\/34668","targetHints":{"allow":["GET"]}}],"collection":[{"href":"https:\/\/www.grieta.org.mx\/index.php\/wp-json\/wp\/v2\/posts"}],"about":[{"href":"https:\/\/www.grieta.org.mx\/index.php\/wp-json\/wp\/v2\/types\/post"}],"author":[{"embeddable":true,"href":"https:\/\/www.grieta.org.mx\/index.php\/wp-json\/wp\/v2\/users\/2"}],"replies":[{"embeddable":true,"href":"https:\/\/www.grieta.org.mx\/index.php\/wp-json\/wp\/v2\/comments?post=34668"}],"version-history":[{"count":1,"href":"https:\/\/www.grieta.org.mx\/index.php\/wp-json\/wp\/v2\/posts\/34668\/revisions"}],"predecessor-version":[{"id":34671,"href":"https:\/\/www.grieta.org.mx\/index.php\/wp-json\/wp\/v2\/posts\/34668\/revisions\/34671"}],"wp:featuredmedia":[{"embeddable":true,"href":"https:\/\/www.grieta.org.mx\/index.php\/wp-json\/wp\/v2\/media\/34669"}],"wp:attachment":[{"href":"https:\/\/www.grieta.org.mx\/index.php\/wp-json\/wp\/v2\/media?parent=34668"}],"wp:term":[{"taxonomy":"category","embeddable":true,"href":"https:\/\/www.grieta.org.mx\/index.php\/wp-json\/wp\/v2\/categories?post=34668"},{"taxonomy":"post_tag","embeddable":true,"href":"https:\/\/www.grieta.org.mx\/index.php\/wp-json\/wp\/v2\/tags?post=34668"}],"curies":[{"name":"wp","href":"https:\/\/api.w.org\/{rel}","templated":true}]}}