{"id":34665,"date":"2019-06-07T00:55:40","date_gmt":"2019-06-07T05:55:40","guid":{"rendered":"http:\/\/www.grieta.org.mx\/?p=34665"},"modified":"2019-06-12T01:01:39","modified_gmt":"2019-06-12T06:01:39","slug":"iniciara-guardia-nacional-en-4-regiones-de-nl-nuevo-leon","status":"publish","type":"post","link":"https:\/\/www.grieta.org.mx\/index.php\/2019\/06\/07\/iniciara-guardia-nacional-en-4-regiones-de-nl-nuevo-leon\/","title":{"rendered":"Iniciar\u00e1 Guardia Nacional en 4 regiones de NL (Nuevo Le\u00f3n)"},"content":{"rendered":"<p><img loading=\"lazy\" decoding=\"async\" data-attachment-id=\"34666\" data-permalink=\"https:\/\/www.grieta.org.mx\/index.php\/2019\/06\/07\/iniciara-guardia-nacional-en-4-regiones-de-nl-nuevo-leon\/iniciara-guardia-nacional-en-4-regiones-de-nl-jun\/\" data-orig-file=\"https:\/\/www.grieta.org.mx\/wp-content\/uploads\/2019\/06\/Iniciar\u00e1-Guardia-Nacional-en-4-regiones-de-NL-jun.jpeg\" data-orig-size=\"940,615\" data-comments-opened=\"0\" data-image-meta=\"{&quot;aperture&quot;:&quot;0&quot;,&quot;credit&quot;:&quot;&quot;,&quot;camera&quot;:&quot;&quot;,&quot;caption&quot;:&quot;&quot;,&quot;created_timestamp&quot;:&quot;0&quot;,&quot;copyright&quot;:&quot;&quot;,&quot;focal_length&quot;:&quot;0&quot;,&quot;iso&quot;:&quot;0&quot;,&quot;shutter_speed&quot;:&quot;0&quot;,&quot;title&quot;:&quot;&quot;,&quot;orientation&quot;:&quot;0&quot;}\" data-image-title=\"Iniciar\u00e1 Guardia Nacional en 4 regiones de NL jun\" data-image-description=\"\" data-image-caption=\"\" data-medium-file=\"https:\/\/www.grieta.org.mx\/wp-content\/uploads\/2019\/06\/Iniciar\u00e1-Guardia-Nacional-en-4-regiones-de-NL-jun-300x196.jpeg\" data-large-file=\"https:\/\/www.grieta.org.mx\/wp-content\/uploads\/2019\/06\/Iniciar\u00e1-Guardia-Nacional-en-4-regiones-de-NL-jun.jpeg\" class=\"alignleft size-full wp-image-34666\" src=\"http:\/\/www.grieta.org.mx\/wp-content\/uploads\/2019\/06\/Iniciar\u00e1-Guardia-Nacional-en-4-regiones-de-NL-jun.jpeg\" alt=\"\" width=\"940\" height=\"615\" srcset=\"https:\/\/www.grieta.org.mx\/wp-content\/uploads\/2019\/06\/Iniciar\u00e1-Guardia-Nacional-en-4-regiones-de-NL-jun.jpeg 940w, https:\/\/www.grieta.org.mx\/wp-content\/uploads\/2019\/06\/Iniciar\u00e1-Guardia-Nacional-en-4-regiones-de-NL-jun-300x196.jpeg 300w, https:\/\/www.grieta.org.mx\/wp-content\/uploads\/2019\/06\/Iniciar\u00e1-Guardia-Nacional-en-4-regiones-de-NL-jun-768x502.jpeg 768w, https:\/\/www.grieta.org.mx\/wp-content\/uploads\/2019\/06\/Iniciar\u00e1-Guardia-Nacional-en-4-regiones-de-NL-jun-764x500.jpeg 764w\" sizes=\"auto, (max-width: 940px) 100vw, 940px\" \/><br \/>\nV\u00edctor Antonio Gonz\u00e1lez \/ abcnoticias<\/p>\n<blockquote><p>Cada regi\u00f3n ser\u00e1 resguardada entre 300 y 600 elementos, informaron autoridades federales<\/p><\/blockquote>\n<p>Monterrey.- La Guardia Nacional arrancar\u00e1 en Nuevo Le\u00f3n en cuatro regiones de Nuevo Le\u00f3n, de las siete fracciones que se prev\u00e9n sea dividido el Estado, inform\u00f3 el Secretario de Seguridad y Protecci\u00f3n Ciudadana, Alfonso Durazo.<\/p>\n<p>Los gobernadores de la zona Noreste del pa\u00eds se reunieron con el Gabinete de Seguridad federal, en donde se explic\u00f3 la coordinaci\u00f3n regional que existir\u00e1 a partir del 30 de junio que entre en funciones la Guardia Nacional.<\/p>\n<p>Durazo explic\u00f3 que el pa\u00eds estar\u00e1 dividido, en un inicio en 150 regiones, y en un lapso de dos a\u00f1os se busca ampliar a 266 regiones.<\/p>\n<p>En Nuevo Le\u00f3n habr\u00e1 cuatro regiones en un principio, pues se tiene previsto que cuando se llegue a las 266, el estado sea dividido en siete fracciones.<\/p>\n<p>Cada regi\u00f3n ser\u00e1 resguardada entre 300 y 600 elementos; el n\u00famero depender\u00e1 de la extensi\u00f3n de la regi\u00f3n, n\u00famero de habitantes e \u00edndice de criminalidad.<\/p>\n<p>&#8220;En t\u00e9rminos generales no hablaremos del n\u00famero exacto de elementos. En el transcurso de este a\u00f1o la Guardia Nacional operar\u00e1 en 150 regiones, el siguientes a\u00f1o se desdoblar\u00e1 a 200 y en el 2021 a 266.<\/p>\n<p>&#8220;La raz\u00f3n obedece a la limitaci\u00f3n de elementos en este momento. Se crea la Guardia Nacional con 35 mil elementos de la Polic\u00eda Militar, ocho mil de la Polic\u00eda Naval, 36 mil de la Polic\u00eda Federal y 21 mil nuevos reclutas&#8221;, afirm\u00f3 Durazo Monta\u00f1o.<\/p>\n<p>Se prev\u00e9 que a finales del presente a\u00f1o la Guardia Nacional sea conformada por 80 u 82 mil elementos; para el siguiente a\u00f1o sean 100 mil, en el 2021 incremente a 120 mil y a fin de sexenio culminen con 150 mil.<\/p>\n<p>La zona 4 &#8211; Noreste de la Rep\u00fablica Mexicana es integrada por los estados de Nuevo Le\u00f3n, Durango, Coahuila, Tamaulipas y San Luis Potos\u00ed.<\/p>\n<p>&#8220;Para la cuarta zona, Nuevo Le\u00f3n y Tamaulipas contar\u00e1n con cuatro coordinadores regionales, Coahuila y San Luis con tres y Durango con dos&#8221;, se detall\u00f3.<\/p>\n<p><a href=\"https:\/\/www.abcnoticias.mx\/iniciara-guardia-nacional-en-4-regiones-de-nl\/137336\" target=\"_blank\" rel=\"noopener noreferrer\">https:\/\/www.abcnoticias.mx\/iniciara-guardia-nacional-en-4-regiones-de-nl\/137336<\/a><\/p>\n","protected":false},"excerpt":{"rendered":"<p>V\u00edctor Antonio Gonz\u00e1lez \/ abcnoticias Cada regi\u00f3n ser\u00e1 resguardada entre 300 y 600 elementos, informaron autoridades federales Monterrey.- La Guardia Nacional arrancar\u00e1 en Nuevo Le\u00f3n en cuatro regiones de Nuevo &hellip; <a href=\"https:\/\/www.grieta.org.mx\/index.php\/2019\/06\/07\/iniciara-guardia-nacional-en-4-regiones-de-nl-nuevo-leon\/\" class=\"more-link\">Leer m\u00e1s<\/a><\/p>\n","protected":false},"author":2,"featured_media":34666,"comment_status":"closed","ping_status":"closed","sticky":false,"template":"","format":"standard","meta":{"ngg_post_thumbnail":0,"_jetpack_newsletter_access":"","_jetpack_dont_email_post_to_subs":false,"_jetpack_newsletter_tier_id":0,"_jetpack_memberships_contains_paywalled_content":false,"_jetpack_memberships_contains_paid_content":false,"footnotes":""},"categories":[80,912,2196,2,24,83],"tags":[2295,614,2412,2410,2411],"class_list":["post-34665","post","type-post","status-publish","format-standard","has-post-thumbnail","hentry","category-cintillo","category-militarizacion","category-militarizacion-en-nuevo-leon","category-noticias-nacionales","category-nuevo-leon","category-temas-nacionales","tag-guardia-nacional","tag-militarizacion","tag-policia-federal","tag-policia-militar","tag-policia-naval","entry"],"jetpack_featured_media_url":"https:\/\/www.grieta.org.mx\/wp-content\/uploads\/2019\/06\/Iniciar\u00e1-Guardia-Nacional-en-4-regiones-de-NL-jun.jpeg","jetpack_sharing_enabled":true,"jetpack_shortlink":"https:\/\/wp.me\/p7ZJR4-917","jetpack_likes_enabled":false,"jetpack-related-posts":[{"id":34668,"url":"https:\/\/www.grieta.org.mx\/index.php\/2019\/06\/10\/llegarian-a-nl-mil-800-elementos-de-la-guardia-nacional-nuevo-leon\/","url_meta":{"origin":34665,"position":0},"title":"Llegar\u00edan A NL Mil 800 Elementos De La Guardia Nacional (Nuevo Le\u00f3n)","author":"grieta","date":"10 junio, 2019","format":false,"excerpt":"Miled Nuevo Le\u00f3n Tras el anuncio que hizo el secretario de Seguridad y Protecci\u00f3n Ciudadana del Gobierno Federal, Alfonso Durazo Monta\u00f1o, en cuanto a la llegada de al menos mil 200 elementos de la Guardia Nacional, Aldo Fasci Zuazua, secretario de Seguridad del Estado, adelant\u00f3 que llegar\u00edan m\u00e1s efectivos de\u2026","rel":"","context":"En &quot;CINTILLO&quot;","block_context":{"text":"CINTILLO","link":"https:\/\/www.grieta.org.mx\/index.php\/category\/cintillo\/"},"img":{"alt_text":"","src":"https:\/\/i0.wp.com\/www.grieta.org.mx\/wp-content\/uploads\/2019\/06\/Llegar%C3%ADan-A-NL-Mil-800-Elementos-De-La-Guardia-Nacional-nl-jun.jpg?resize=350%2C200&ssl=1","width":350,"height":200,"srcset":"https:\/\/i0.wp.com\/www.grieta.org.mx\/wp-content\/uploads\/2019\/06\/Llegar%C3%ADan-A-NL-Mil-800-Elementos-De-La-Guardia-Nacional-nl-jun.jpg?resize=350%2C200&ssl=1 1x, https:\/\/i0.wp.com\/www.grieta.org.mx\/wp-content\/uploads\/2019\/06\/Llegar%C3%ADan-A-NL-Mil-800-Elementos-De-La-Guardia-Nacional-nl-jun.jpg?resize=525%2C300&ssl=1 1.5x, https:\/\/i0.wp.com\/www.grieta.org.mx\/wp-content\/uploads\/2019\/06\/Llegar%C3%ADan-A-NL-Mil-800-Elementos-De-La-Guardia-Nacional-nl-jun.jpg?resize=700%2C400&ssl=1 2x"},"classes":[]},{"id":32429,"url":"https:\/\/www.grieta.org.mx\/index.php\/2019\/04\/20\/guardia-nacional-tendria-base-en-monterrey-nuevo-leon\/","url_meta":{"origin":34665,"position":1},"title":"Guardia Nacional tendr\u00eda base en Monterrey (Nuevo Le\u00f3n)","author":"grieta","date":"20 abril, 2019","format":false,"excerpt":"Orlando Maldonado \/ Milenio La primera Base de Operaciones de la reci\u00e9n creada Guardia Nacional tendr\u00eda su sede en el municipio de Monterrey, seg\u00fan inform\u00f3 Cristina D\u00edaz Salazar, alcaldesa de Guadalupe. A decir de la presidenta municipal, esa es la \u00fanica informaci\u00f3n que les han dado a conocer por parte\u2026","rel":"","context":"En &quot;CINTILLO&quot;","block_context":{"text":"CINTILLO","link":"https:\/\/www.grieta.org.mx\/index.php\/category\/cintillo\/"},"img":{"alt_text":"","src":"https:\/\/i0.wp.com\/www.grieta.org.mx\/wp-content\/uploads\/2018\/03\/14524434_1106112876131411_958039263622046936_o.jpg?resize=350%2C200&ssl=1","width":350,"height":200,"srcset":"https:\/\/i0.wp.com\/www.grieta.org.mx\/wp-content\/uploads\/2018\/03\/14524434_1106112876131411_958039263622046936_o.jpg?resize=350%2C200&ssl=1 1x, https:\/\/i0.wp.com\/www.grieta.org.mx\/wp-content\/uploads\/2018\/03\/14524434_1106112876131411_958039263622046936_o.jpg?resize=525%2C300&ssl=1 1.5x, https:\/\/i0.wp.com\/www.grieta.org.mx\/wp-content\/uploads\/2018\/03\/14524434_1106112876131411_958039263622046936_o.jpg?resize=700%2C400&ssl=1 2x"},"classes":[]},{"id":35486,"url":"https:\/\/www.grieta.org.mx\/index.php\/2019\/06\/22\/guardia-nacional-enviara-450-elementos-a-vallarta-jalisco\/","url_meta":{"origin":34665,"position":2},"title":"Guardia Nacional enviar\u00e1 450 elementos a Vallarta (Jalisco)","author":"grieta","date":"22 junio, 2019","format":false,"excerpt":"Los elementos ser\u00e1n divididos en ocho regiones operativas dentro de la entidad, siendo Mascota y Puerto Vallarta una de ellas Enrique Pineda \/ Vallarta Opina Puerto Vallarta.\u00a0A partir del primero de julio se espera el arranque de la Guardia Nacional en el estado de Jalisco, misma que estar\u00e1 compuesta por\u2026","rel":"","context":"En &quot;CINTILLO&quot;","block_context":{"text":"CINTILLO","link":"https:\/\/www.grieta.org.mx\/index.php\/category\/cintillo\/"},"img":{"alt_text":"","src":"https:\/\/i0.wp.com\/www.grieta.org.mx\/wp-content\/uploads\/2019\/06\/GUARDIA.jpg?resize=350%2C200&ssl=1","width":350,"height":200,"srcset":"https:\/\/i0.wp.com\/www.grieta.org.mx\/wp-content\/uploads\/2019\/06\/GUARDIA.jpg?resize=350%2C200&ssl=1 1x, https:\/\/i0.wp.com\/www.grieta.org.mx\/wp-content\/uploads\/2019\/06\/GUARDIA.jpg?resize=525%2C300&ssl=1 1.5x, https:\/\/i0.wp.com\/www.grieta.org.mx\/wp-content\/uploads\/2019\/06\/GUARDIA.jpg?resize=700%2C400&ssl=1 2x"},"classes":[]},{"id":36136,"url":"https:\/\/www.grieta.org.mx\/index.php\/2019\/07\/08\/guardia-nacional-en-nayarit\/","url_meta":{"origin":34665,"position":3},"title":"Guardia Nacional en Nayarit","author":"grieta","date":"8 julio, 2019","format":false,"excerpt":"Desde el viernes pasado arribaron 150 elementos Arcelia Garc\u00eda Ortega \/ Realidades Tepic, Nayarit.- lunes 08 de julio del 2019.- Desde el viernes de la semana pasada arribaron a Nayarit 150 elementos de la Guardia Nacional, quienes desde que llegaron se est\u00e1n moviendo en veh\u00edculos del Ej\u00e9rcito en la capital\u2026","rel":"","context":"En &quot;CINTILLO&quot;","block_context":{"text":"CINTILLO","link":"https:\/\/www.grieta.org.mx\/index.php\/category\/cintillo\/"},"img":{"alt_text":"","src":"https:\/\/i0.wp.com\/www.grieta.org.mx\/wp-content\/uploads\/2019\/07\/IMG_3687-1024x683.jpg?resize=350%2C200&ssl=1","width":350,"height":200,"srcset":"https:\/\/i0.wp.com\/www.grieta.org.mx\/wp-content\/uploads\/2019\/07\/IMG_3687-1024x683.jpg?resize=350%2C200&ssl=1 1x, https:\/\/i0.wp.com\/www.grieta.org.mx\/wp-content\/uploads\/2019\/07\/IMG_3687-1024x683.jpg?resize=525%2C300&ssl=1 1.5x, https:\/\/i0.wp.com\/www.grieta.org.mx\/wp-content\/uploads\/2019\/07\/IMG_3687-1024x683.jpg?resize=700%2C400&ssl=1 2x"},"classes":[]},{"id":34736,"url":"https:\/\/www.grieta.org.mx\/index.php\/2019\/06\/11\/arribaran-3-mil-600-agentes-de-la-guardia-nacional-en-jalisco\/","url_meta":{"origin":34665,"position":4},"title":"Arribar\u00e1n 3 mil 600 agentes de la Guardia Nacional en Jalisco","author":"grieta","date":"11 junio, 2019","format":false,"excerpt":"Gloria Reza M. \/ P\u00e1gina 24 (apro). \u2013\u00a0Tras sostener una reuni\u00f3n entre autoridades locales con el Gabinete Nacional de Seguridad en Casa Jalisco, el secretario de Seguridad P\u00fablica y Protecci\u00f3n Ciudadana, Alfonso Durazo, confirm\u00f3 que, en la primera semana de julio, arribar\u00e1n 3 mil 600 elementos de la Guardia Nacional\u2026","rel":"","context":"En &quot;CINTILLO&quot;","block_context":{"text":"CINTILLO","link":"https:\/\/www.grieta.org.mx\/index.php\/category\/cintillo\/"},"img":{"alt_text":"","src":"https:\/\/i0.wp.com\/www.grieta.org.mx\/wp-content\/uploads\/2019\/06\/gn_crop1560205586557.jpg_1970638775.jpg?resize=350%2C200&ssl=1","width":350,"height":200,"srcset":"https:\/\/i0.wp.com\/www.grieta.org.mx\/wp-content\/uploads\/2019\/06\/gn_crop1560205586557.jpg_1970638775.jpg?resize=350%2C200&ssl=1 1x, https:\/\/i0.wp.com\/www.grieta.org.mx\/wp-content\/uploads\/2019\/06\/gn_crop1560205586557.jpg_1970638775.jpg?resize=525%2C300&ssl=1 1.5x, https:\/\/i0.wp.com\/www.grieta.org.mx\/wp-content\/uploads\/2019\/06\/gn_crop1560205586557.jpg_1970638775.jpg?resize=700%2C400&ssl=1 2x"},"classes":[]},{"id":31586,"url":"https:\/\/www.grieta.org.mx\/index.php\/2019\/04\/02\/arriban-a-matamoros-150-elementos-de-la-guardia-nacional-tamaulipas\/","url_meta":{"origin":34665,"position":5},"title":"Arriban a Matamoros 150 elementos de la Guardia Nacional (Tamaulipas)","author":"grieta","date":"2 abril, 2019","format":false,"excerpt":"El Bravo Para reforzar las labores de vigilancia el gobierno federal asign\u00f3 a 150 elementos militares de la reci\u00e9n aprobada y creada Guardia Nacional para la ciudad de Matamoros, los cuales ya se encuentran en el municipio para efectuar diversas operaciones de seguridad, dio a conocer el secretario del Ayuntamiento\u2026","rel":"","context":"En &quot;CINTILLO&quot;","block_context":{"text":"CINTILLO","link":"https:\/\/www.grieta.org.mx\/index.php\/category\/cintillo\/"},"img":{"alt_text":"","src":"https:\/\/i0.wp.com\/www.grieta.org.mx\/wp-content\/uploads\/2019\/04\/Arriban-a-Matamoros-150-elementos-de-la-Guardia-Nacional-tama-abr.jpg?resize=350%2C200&ssl=1","width":350,"height":200,"srcset":"https:\/\/i0.wp.com\/www.grieta.org.mx\/wp-content\/uploads\/2019\/04\/Arriban-a-Matamoros-150-elementos-de-la-Guardia-Nacional-tama-abr.jpg?resize=350%2C200&ssl=1 1x, https:\/\/i0.wp.com\/www.grieta.org.mx\/wp-content\/uploads\/2019\/04\/Arriban-a-Matamoros-150-elementos-de-la-Guardia-Nacional-tama-abr.jpg?resize=525%2C300&ssl=1 1.5x"},"classes":[]}],"_links":{"self":[{"href":"https:\/\/www.grieta.org.mx\/index.php\/wp-json\/wp\/v2\/posts\/34665","targetHints":{"allow":["GET"]}}],"collection":[{"href":"https:\/\/www.grieta.org.mx\/index.php\/wp-json\/wp\/v2\/posts"}],"about":[{"href":"https:\/\/www.grieta.org.mx\/index.php\/wp-json\/wp\/v2\/types\/post"}],"author":[{"embeddable":true,"href":"https:\/\/www.grieta.org.mx\/index.php\/wp-json\/wp\/v2\/users\/2"}],"replies":[{"embeddable":true,"href":"https:\/\/www.grieta.org.mx\/index.php\/wp-json\/wp\/v2\/comments?post=34665"}],"version-history":[{"count":1,"href":"https:\/\/www.grieta.org.mx\/index.php\/wp-json\/wp\/v2\/posts\/34665\/revisions"}],"predecessor-version":[{"id":34667,"href":"https:\/\/www.grieta.org.mx\/index.php\/wp-json\/wp\/v2\/posts\/34665\/revisions\/34667"}],"wp:featuredmedia":[{"embeddable":true,"href":"https:\/\/www.grieta.org.mx\/index.php\/wp-json\/wp\/v2\/media\/34666"}],"wp:attachment":[{"href":"https:\/\/www.grieta.org.mx\/index.php\/wp-json\/wp\/v2\/media?parent=34665"}],"wp:term":[{"taxonomy":"category","embeddable":true,"href":"https:\/\/www.grieta.org.mx\/index.php\/wp-json\/wp\/v2\/categories?post=34665"},{"taxonomy":"post_tag","embeddable":true,"href":"https:\/\/www.grieta.org.mx\/index.php\/wp-json\/wp\/v2\/tags?post=34665"}],"curies":[{"name":"wp","href":"https:\/\/api.w.org\/{rel}","templated":true}]}}