{"id":34652,"date":"2019-06-11T00:16:06","date_gmt":"2019-06-11T05:16:06","guid":{"rendered":"http:\/\/www.grieta.org.mx\/?p=34652"},"modified":"2019-06-12T00:23:30","modified_gmt":"2019-06-12T05:23:30","slug":"piden-a-monterrey-continuar-con-limpia-de-informales-nuevo-leon","status":"publish","type":"post","link":"https:\/\/www.grieta.org.mx\/index.php\/2019\/06\/11\/piden-a-monterrey-continuar-con-limpia-de-informales-nuevo-leon\/","title":{"rendered":"Piden a Monterrey continuar con &#8220;limpia&#8221; de informales (Nuevo Le\u00f3n)"},"content":{"rendered":"<p><img loading=\"lazy\" decoding=\"async\" data-attachment-id=\"34653\" data-permalink=\"https:\/\/www.grieta.org.mx\/index.php\/2019\/06\/11\/piden-a-monterrey-continuar-con-limpia-de-informales-nuevo-leon\/piden-a-monterrey-continuar-con-limpia-de-informales-nl-jun\/\" data-orig-file=\"https:\/\/www.grieta.org.mx\/wp-content\/uploads\/2019\/06\/Piden-a-Monterrey-continuar-con-limpia-de-informales-nl-jun.jpeg\" data-orig-size=\"958,596\" data-comments-opened=\"0\" data-image-meta=\"{&quot;aperture&quot;:&quot;0&quot;,&quot;credit&quot;:&quot;&quot;,&quot;camera&quot;:&quot;&quot;,&quot;caption&quot;:&quot;&quot;,&quot;created_timestamp&quot;:&quot;0&quot;,&quot;copyright&quot;:&quot;&quot;,&quot;focal_length&quot;:&quot;0&quot;,&quot;iso&quot;:&quot;0&quot;,&quot;shutter_speed&quot;:&quot;0&quot;,&quot;title&quot;:&quot;&quot;,&quot;orientation&quot;:&quot;0&quot;}\" data-image-title=\"Piden a Monterrey continuar con limpia de informales nl jun\" data-image-description=\"\" data-image-caption=\"\" data-medium-file=\"https:\/\/www.grieta.org.mx\/wp-content\/uploads\/2019\/06\/Piden-a-Monterrey-continuar-con-limpia-de-informales-nl-jun-300x187.jpeg\" data-large-file=\"https:\/\/www.grieta.org.mx\/wp-content\/uploads\/2019\/06\/Piden-a-Monterrey-continuar-con-limpia-de-informales-nl-jun.jpeg\" class=\"alignleft size-full wp-image-34653\" src=\"http:\/\/www.grieta.org.mx\/wp-content\/uploads\/2019\/06\/Piden-a-Monterrey-continuar-con-limpia-de-informales-nl-jun.jpeg\" alt=\"\" width=\"958\" height=\"596\" srcset=\"https:\/\/www.grieta.org.mx\/wp-content\/uploads\/2019\/06\/Piden-a-Monterrey-continuar-con-limpia-de-informales-nl-jun.jpeg 958w, https:\/\/www.grieta.org.mx\/wp-content\/uploads\/2019\/06\/Piden-a-Monterrey-continuar-con-limpia-de-informales-nl-jun-300x187.jpeg 300w, https:\/\/www.grieta.org.mx\/wp-content\/uploads\/2019\/06\/Piden-a-Monterrey-continuar-con-limpia-de-informales-nl-jun-768x478.jpeg 768w, https:\/\/www.grieta.org.mx\/wp-content\/uploads\/2019\/06\/Piden-a-Monterrey-continuar-con-limpia-de-informales-nl-jun-804x500.jpeg 804w\" sizes=\"auto, (max-width: 958px) 100vw, 958px\" \/><br \/>\nDaniela Garc\u00eda \/ Milenio<\/p>\n<blockquote><p>Gabriel Chapa Mu\u00f1oz, presidente de la Canaco, solicit\u00f3 al municipio que contin\u00fae con el retiro de los vendedores, ya que a\u00fan hay mil 744 comerciantes informales en la ciudad.<\/p><\/blockquote>\n<p>Al considerar que han logrando bajar los n\u00fameros de vendedores informales en el primer cuadro de la ciudad, la Canaco Monterrey pidi\u00f3 al municipio regio que contin\u00fae con los operativos para removerlos.<\/p>\n<p>Gabriel Chapa Mu\u00f1oz, presidente de la Canaco Monterrey, revel\u00f3 que de diciembre a la fecha, gracias a los operativos realizados por el municipio, se pas\u00f3 de 2207 a mil 74 comerciantes informales en el primer cuadro de la ciudad.<\/p>\n<p>Esto, de acuerdo a cifras que la misma c\u00e1mara recaba mes con mes como parte de sus labores para combatir el comercio informal.<\/p>\n<p>&#8220;Reconocemos que el municipio ha emprendido un esfuerzo por limpiar las calles del centro, pero no ha terminado. Nosotros estamos pregonando desde hace mucho tiempo sobre la importancia de combatir el comercio informal porque eso hace un da\u00f1o a todo el comercio y a la comunidad.<\/p>\n<p>&#8220;Lo que queremos es que contin\u00fae, que no se detenga en su plan. S\u00ed ha disminuido, pero no es suficiente. El censo que tenemos nos marca mil 74 comerciantes informales, y es una cifra que todav\u00eda es muy alta. Queremos que siga el alcalde limpiando el primer cuadro de la ciudad y que no regrese&#8221;, argument\u00f3.<\/p>\n<p>El tambi\u00e9n empresario comerciante asegur\u00f3 que no esperan que el problema de comercio informal desaparezca por completo de las calles del \u00e1rea metropolitana, pero s\u00ed que se encuentre una manera de poder integrarlos y trabajar de manera en conjunta.<\/p>\n<p><a href=\"https:\/\/www.milenio.com\/politica\/canaco-pide-continuar-operativos-comercio-informal\" target=\"_blank\" rel=\"noopener noreferrer\">https:\/\/www.milenio.com\/politica\/canaco-pide-continuar-operativos-comercio-informal<\/a><\/p>\n","protected":false},"excerpt":{"rendered":"<p>Daniela Garc\u00eda \/ Milenio Gabriel Chapa Mu\u00f1oz, presidente de la Canaco, solicit\u00f3 al municipio que contin\u00fae con el retiro de los vendedores, ya que a\u00fan hay mil 744 comerciantes informales &hellip; <a href=\"https:\/\/www.grieta.org.mx\/index.php\/2019\/06\/11\/piden-a-monterrey-continuar-con-limpia-de-informales-nuevo-leon\/\" class=\"more-link\">Leer m\u00e1s<\/a><\/p>\n","protected":false},"author":2,"featured_media":34653,"comment_status":"closed","ping_status":"closed","sticky":false,"template":"","format":"standard","meta":{"ngg_post_thumbnail":0,"_jetpack_newsletter_access":"","_jetpack_dont_email_post_to_subs":false,"_jetpack_newsletter_tier_id":0,"_jetpack_memberships_contains_paywalled_content":false,"_jetpack_memberships_contains_paid_content":false,"footnotes":""},"categories":[80,910,2095,2,24,83],"tags":[1290],"class_list":["post-34652","post","type-post","status-publish","format-standard","has-post-thumbnail","hentry","category-cintillo","category-explotacion-y-precariedad-laboral","category-explotacion-y-precariedad-laboral-en-nuevo-leon","category-noticias-nacionales","category-nuevo-leon","category-temas-nacionales","tag-precariedad-laboral","entry"],"jetpack_featured_media_url":"https:\/\/www.grieta.org.mx\/wp-content\/uploads\/2019\/06\/Piden-a-Monterrey-continuar-con-limpia-de-informales-nl-jun.jpeg","jetpack_sharing_enabled":true,"jetpack_shortlink":"https:\/\/wp.me\/p7ZJR4-90U","jetpack_likes_enabled":false,"jetpack-related-posts":[{"id":48749,"url":"https:\/\/www.grieta.org.mx\/index.php\/2020\/05\/04\/fuerza-publica-usada-contra-la-poblacion-de-tlalnepantla-estado-de-mexico\/","url_meta":{"origin":34652,"position":0},"title":"Fuerza p\u00fablica usada contra la Poblaci\u00f3n de Tlalnepantla. (Estado de M\u00e9xico)","author":"grieta","date":"4 mayo, 2020","format":false,"excerpt":"Vecinos de Atizap\u00e1n Elementos de la polic\u00eda municipal y estatal as\u00ed como de la Guardia Nacional retiran con violencia a los vendedores a quienes incluso, les decomisan sus productos o se los dejan inservibles El gobierno municipal de Tlalnepantla, Estado de M\u00e9xico, encabezado por Raciel P\u00e9rez, orden\u00f3 retirar, mediante el\u2026","rel":"","context":"En &quot;Abuso policiaco y tortura en el Estado de M\u00e9xico&quot;","block_context":{"text":"Abuso policiaco y tortura en el Estado de M\u00e9xico","link":"https:\/\/www.grieta.org.mx\/index.php\/category\/noticias-nacionales\/estado-de-mexico\/abuso-policiaco-y-tortura-en-el-estado-de-mexico\/"},"img":{"alt_text":"","src":"https:\/\/i0.wp.com\/www.grieta.org.mx\/wp-content\/uploads\/2020\/05\/gn-tlalne.png?resize=350%2C200&ssl=1","width":350,"height":200,"srcset":"https:\/\/i0.wp.com\/www.grieta.org.mx\/wp-content\/uploads\/2020\/05\/gn-tlalne.png?resize=350%2C200&ssl=1 1x, https:\/\/i0.wp.com\/www.grieta.org.mx\/wp-content\/uploads\/2020\/05\/gn-tlalne.png?resize=525%2C300&ssl=1 1.5x, https:\/\/i0.wp.com\/www.grieta.org.mx\/wp-content\/uploads\/2020\/05\/gn-tlalne.png?resize=700%2C400&ssl=1 2x, https:\/\/i0.wp.com\/www.grieta.org.mx\/wp-content\/uploads\/2020\/05\/gn-tlalne.png?resize=1050%2C600&ssl=1 3x"},"classes":[]},{"id":28964,"url":"https:\/\/www.grieta.org.mx\/index.php\/2019\/02\/14\/paran-labores-en-semarnat-de-nl-nuevo-leon\/","url_meta":{"origin":34652,"position":1},"title":"Paran labores en Semarnat de NL (Nuevo Le\u00f3n)","author":"grieta","date":"14 febrero, 2019","format":false,"excerpt":"Redacci\u00f3n Posta Protestan por despidos y falta de prestaciones. NUEVO LE\u00d3N.- En protesta por el despido de 50 empleados sin las liquidaciones de ley, la Semarnat en Nuevo Le\u00f3n inici\u00f3 un paro de labores este lunes. Los trabajadores inconformes se\u00f1alaron que los problemas iniciaron con el nuevo Gobierno Federal. Mencionaron\u2026","rel":"","context":"En &quot;CINTILLO&quot;","block_context":{"text":"CINTILLO","link":"https:\/\/www.grieta.org.mx\/index.php\/category\/cintillo\/"},"img":{"alt_text":"","src":"https:\/\/i0.wp.com\/www.grieta.org.mx\/wp-content\/uploads\/2019\/02\/Paran-labores-en-Semarnat-de-NL-feb.jpg?resize=350%2C200&ssl=1","width":350,"height":200,"srcset":"https:\/\/i0.wp.com\/www.grieta.org.mx\/wp-content\/uploads\/2019\/02\/Paran-labores-en-Semarnat-de-NL-feb.jpg?resize=350%2C200&ssl=1 1x, https:\/\/i0.wp.com\/www.grieta.org.mx\/wp-content\/uploads\/2019\/02\/Paran-labores-en-Semarnat-de-NL-feb.jpg?resize=525%2C300&ssl=1 1.5x"},"classes":[]},{"id":34061,"url":"https:\/\/www.grieta.org.mx\/index.php\/2019\/05\/30\/trabajadores-cierran-juguera-en-reclamo-de-utilidades-tamaulipas\/","url_meta":{"origin":34652,"position":2},"title":"Trabajadores cierran juguera en reclamo de utilidades (Tamaulipas)","author":"grieta","date":"30 mayo, 2019","format":false,"excerpt":"Noticentro Ciudad Victoria, 30 de mayo.- Alrededor de 200 trabajadores de la juguera Procimar del municipio de Hidalgo, amenazan con bloquear la carretera Victoria Monterrey a la altura del kil\u00f3metro 13, en reclamo de un mayor monto en el pago de sus utilidades. Este jueves, numeroso grupo de trabajadores permanec\u00eda\u2026","rel":"","context":"En &quot;CINTILLO&quot;","block_context":{"text":"CINTILLO","link":"https:\/\/www.grieta.org.mx\/index.php\/category\/cintillo\/"},"img":{"alt_text":"","src":"https:\/\/i0.wp.com\/www.grieta.org.mx\/wp-content\/uploads\/2019\/06\/Trabajadores-cierran-jugera-en-reclamo-de-utilidades.-tama-jun.jpg?resize=350%2C200&ssl=1","width":350,"height":200,"srcset":"https:\/\/i0.wp.com\/www.grieta.org.mx\/wp-content\/uploads\/2019\/06\/Trabajadores-cierran-jugera-en-reclamo-de-utilidades.-tama-jun.jpg?resize=350%2C200&ssl=1 1x, https:\/\/i0.wp.com\/www.grieta.org.mx\/wp-content\/uploads\/2019\/06\/Trabajadores-cierran-jugera-en-reclamo-de-utilidades.-tama-jun.jpg?resize=525%2C300&ssl=1 1.5x"},"classes":[]},{"id":34658,"url":"https:\/\/www.grieta.org.mx\/index.php\/2019\/06\/11\/y-que-pasara-con-los-migrantes-en-monterrey-nuevo-leon\/","url_meta":{"origin":34652,"position":3},"title":"\u00bfY qu\u00e9 pasar\u00e1 con los migrantes en Monterrey? (Nuevo Le\u00f3n)","author":"grieta","date":"11 junio, 2019","format":false,"excerpt":"Uriel V\u00e9lez \/ abcnoticias \"Si no hay necesidad de subir arriba (a Estados Unidos) no lo har\u00eda, si encuentro oportunidades de trabajo para m\u00ed, aqu\u00ed me quedo\", Omar Guti\u00e9rrez Monterrey.- El acuerdo del pasado viernes entre el Gobierno de M\u00e9xico y el de Estados Unidos para controlar el flujo de\u2026","rel":"","context":"En &quot;CINTILLO&quot;","block_context":{"text":"CINTILLO","link":"https:\/\/www.grieta.org.mx\/index.php\/category\/cintillo\/"},"img":{"alt_text":"","src":"https:\/\/i0.wp.com\/www.grieta.org.mx\/wp-content\/uploads\/2019\/06\/Y-qu%C3%A9-pasar%C3%A1-con-los-migrantes-en-Monterrey-nl-jun.jpg?resize=350%2C200&ssl=1","width":350,"height":200,"srcset":"https:\/\/i0.wp.com\/www.grieta.org.mx\/wp-content\/uploads\/2019\/06\/Y-qu%C3%A9-pasar%C3%A1-con-los-migrantes-en-Monterrey-nl-jun.jpg?resize=350%2C200&ssl=1 1x, https:\/\/i0.wp.com\/www.grieta.org.mx\/wp-content\/uploads\/2019\/06\/Y-qu%C3%A9-pasar%C3%A1-con-los-migrantes-en-Monterrey-nl-jun.jpg?resize=525%2C300&ssl=1 1.5x, https:\/\/i0.wp.com\/www.grieta.org.mx\/wp-content\/uploads\/2019\/06\/Y-qu%C3%A9-pasar%C3%A1-con-los-migrantes-en-Monterrey-nl-jun.jpg?resize=700%2C400&ssl=1 2x"},"classes":[]},{"id":32855,"url":"https:\/\/www.grieta.org.mx\/index.php\/2019\/05\/01\/marchan-maestros-exigen-respeto-a-sus-derechos-nuevo-leon\/","url_meta":{"origin":34652,"position":4},"title":"Marchan maestros; exigen respeto a sus derechos (Nuevo Le\u00f3n)","author":"grieta","date":"1 mayo, 2019","format":false,"excerpt":"C\u00e9sar Cubero \/ Milenio Piden al Gobierno del Estado se ponga en pr\u00e1ctica lo que se ha acordado en las mesas de trabajo. Miles de maestros hicieron suyas las calles del centro de la ciudad de Monterrey para exigirle al Gobierno del Estado que se respeten sus derechos laborales, y\u2026","rel":"","context":"En &quot;CINTILLO&quot;","block_context":{"text":"CINTILLO","link":"https:\/\/www.grieta.org.mx\/index.php\/category\/cintillo\/"},"img":{"alt_text":"","src":"https:\/\/i0.wp.com\/www.grieta.org.mx\/wp-content\/uploads\/2019\/05\/Marchan-maestros-exigen-respeto-a-sus-derechos-nl-may.jpeg?resize=350%2C200&ssl=1","width":350,"height":200,"srcset":"https:\/\/i0.wp.com\/www.grieta.org.mx\/wp-content\/uploads\/2019\/05\/Marchan-maestros-exigen-respeto-a-sus-derechos-nl-may.jpeg?resize=350%2C200&ssl=1 1x, https:\/\/i0.wp.com\/www.grieta.org.mx\/wp-content\/uploads\/2019\/05\/Marchan-maestros-exigen-respeto-a-sus-derechos-nl-may.jpeg?resize=525%2C300&ssl=1 1.5x, https:\/\/i0.wp.com\/www.grieta.org.mx\/wp-content\/uploads\/2019\/05\/Marchan-maestros-exigen-respeto-a-sus-derechos-nl-may.jpeg?resize=700%2C400&ssl=1 2x"},"classes":[]},{"id":42851,"url":"https:\/\/www.grieta.org.mx\/index.php\/2019\/11\/29\/mas-de-la-mitad-de-los-michoacanos-gana-menos-de-6-mil-pesos-al-mes\/","url_meta":{"origin":34652,"position":5},"title":"M\u00e1s de la mitad de los michoacanos gana menos de 6 mil pesos al mes","author":"grieta","date":"29 noviembre, 2019","format":false,"excerpt":"A pesar que se mantiene la generaci\u00f3n de nuevas plazas laborales, buena parte de ellas no responden las necesidades de los michoacanos Maricruz Rios \/ La Voz de Michoac\u00e1n, 29 de noviembre de 2019 Morelia, Michoac\u00e1n. \u201cTanto los salarios como los trabajos formales e informales en el estado son excesivamente\u2026","rel":"","context":"En &quot;CINTILLO&quot;","block_context":{"text":"CINTILLO","link":"https:\/\/www.grieta.org.mx\/index.php\/category\/cintillo\/"},"img":{"alt_text":"","src":"https:\/\/i0.wp.com\/www.grieta.org.mx\/wp-content\/uploads\/2020\/01\/pobreza.jpg?resize=350%2C200&ssl=1","width":350,"height":200,"srcset":"https:\/\/i0.wp.com\/www.grieta.org.mx\/wp-content\/uploads\/2020\/01\/pobreza.jpg?resize=350%2C200&ssl=1 1x, https:\/\/i0.wp.com\/www.grieta.org.mx\/wp-content\/uploads\/2020\/01\/pobreza.jpg?resize=525%2C300&ssl=1 1.5x, https:\/\/i0.wp.com\/www.grieta.org.mx\/wp-content\/uploads\/2020\/01\/pobreza.jpg?resize=700%2C400&ssl=1 2x"},"classes":[]}],"_links":{"self":[{"href":"https:\/\/www.grieta.org.mx\/index.php\/wp-json\/wp\/v2\/posts\/34652","targetHints":{"allow":["GET"]}}],"collection":[{"href":"https:\/\/www.grieta.org.mx\/index.php\/wp-json\/wp\/v2\/posts"}],"about":[{"href":"https:\/\/www.grieta.org.mx\/index.php\/wp-json\/wp\/v2\/types\/post"}],"author":[{"embeddable":true,"href":"https:\/\/www.grieta.org.mx\/index.php\/wp-json\/wp\/v2\/users\/2"}],"replies":[{"embeddable":true,"href":"https:\/\/www.grieta.org.mx\/index.php\/wp-json\/wp\/v2\/comments?post=34652"}],"version-history":[{"count":1,"href":"https:\/\/www.grieta.org.mx\/index.php\/wp-json\/wp\/v2\/posts\/34652\/revisions"}],"predecessor-version":[{"id":34654,"href":"https:\/\/www.grieta.org.mx\/index.php\/wp-json\/wp\/v2\/posts\/34652\/revisions\/34654"}],"wp:featuredmedia":[{"embeddable":true,"href":"https:\/\/www.grieta.org.mx\/index.php\/wp-json\/wp\/v2\/media\/34653"}],"wp:attachment":[{"href":"https:\/\/www.grieta.org.mx\/index.php\/wp-json\/wp\/v2\/media?parent=34652"}],"wp:term":[{"taxonomy":"category","embeddable":true,"href":"https:\/\/www.grieta.org.mx\/index.php\/wp-json\/wp\/v2\/categories?post=34652"},{"taxonomy":"post_tag","embeddable":true,"href":"https:\/\/www.grieta.org.mx\/index.php\/wp-json\/wp\/v2\/tags?post=34652"}],"curies":[{"name":"wp","href":"https:\/\/api.w.org\/{rel}","templated":true}]}}