{"id":34644,"date":"2019-05-24T02:29:21","date_gmt":"2019-05-24T07:29:21","guid":{"rendered":"http:\/\/www.grieta.org.mx\/?p=34644"},"modified":"2019-06-11T02:37:31","modified_gmt":"2019-06-11T07:37:31","slug":"cemex-quema-6-mil-toneladas-de-desechos-en-planta-de-tepeaca-gaia-puebla-e-hidalgo","status":"publish","type":"post","link":"https:\/\/www.grieta.org.mx\/index.php\/2019\/05\/24\/cemex-quema-6-mil-toneladas-de-desechos-en-planta-de-tepeaca-gaia-puebla-e-hidalgo\/","title":{"rendered":"Cemex quema 6 mil toneladas de desechos en planta de Tepeaca: GAIA (Puebla e Hidalgo)"},"content":{"rendered":"<p><a href=\"http:\/\/www.grieta.org.mx\/wp-content\/uploads\/2019\/06\/Captura-de-pantalla-2019-06-11-02.31.08.png\"><img loading=\"lazy\" decoding=\"async\" data-attachment-id=\"34645\" data-permalink=\"https:\/\/www.grieta.org.mx\/index.php\/2019\/05\/24\/cemex-quema-6-mil-toneladas-de-desechos-en-planta-de-tepeaca-gaia-puebla-e-hidalgo\/captura-de-pantalla-2019-06-11-02-31-08\/\" data-orig-file=\"https:\/\/www.grieta.org.mx\/wp-content\/uploads\/2019\/06\/Captura-de-pantalla-2019-06-11-02.31.08.png\" data-orig-size=\"608,217\" data-comments-opened=\"0\" data-image-meta=\"{&quot;aperture&quot;:&quot;0&quot;,&quot;credit&quot;:&quot;&quot;,&quot;camera&quot;:&quot;&quot;,&quot;caption&quot;:&quot;&quot;,&quot;created_timestamp&quot;:&quot;0&quot;,&quot;copyright&quot;:&quot;&quot;,&quot;focal_length&quot;:&quot;0&quot;,&quot;iso&quot;:&quot;0&quot;,&quot;shutter_speed&quot;:&quot;0&quot;,&quot;title&quot;:&quot;&quot;,&quot;orientation&quot;:&quot;0&quot;}\" data-image-title=\"Captura de pantalla 2019-06-11 02.31.08\" data-image-description=\"\" data-image-caption=\"\" data-medium-file=\"https:\/\/www.grieta.org.mx\/wp-content\/uploads\/2019\/06\/Captura-de-pantalla-2019-06-11-02.31.08-300x107.png\" data-large-file=\"https:\/\/www.grieta.org.mx\/wp-content\/uploads\/2019\/06\/Captura-de-pantalla-2019-06-11-02.31.08.png\" class=\"aligncenter wp-image-34645\" src=\"http:\/\/www.grieta.org.mx\/wp-content\/uploads\/2019\/06\/Captura-de-pantalla-2019-06-11-02.31.08.png\" alt=\"\" width=\"702\" height=\"251\" srcset=\"https:\/\/www.grieta.org.mx\/wp-content\/uploads\/2019\/06\/Captura-de-pantalla-2019-06-11-02.31.08.png 608w, https:\/\/www.grieta.org.mx\/wp-content\/uploads\/2019\/06\/Captura-de-pantalla-2019-06-11-02.31.08-300x107.png 300w\" sizes=\"auto, (max-width: 702px) 100vw, 702px\" \/><\/a><\/p>\n<p>Yadira Llaven Anzures \/La Jornada de Oriente<\/p>\n<p>El ambientalista Jorge Tadeo Vargas, miembro de la Alianza Global por Alternativas a la Incineraci\u00f3n (GAIA por sus siglas en ingl\u00e9s), revel\u00f3 que el gobierno de la Ciudad de M\u00e9xico y la empresa Cementos de M\u00e9xico (Cemex). mantienen un convenio vigente para el traslado y la quema de 12 mil toneladas diarias de desechos s\u00f3lidos y urbanos, entre la planta de Tepeaca, en el estado de Puebla, y Huichapan, en Hidalgo.<\/p>\n<p>En entrevista con La Jornada de Oriente, explic\u00f3 que la incineraci\u00f3n de los residuos como llantas en hornos, y algunos a cielo abierto, sirve de combustible para echar a andar las cementeras.<\/p>\n<p>El resto de los desechos que genera la Ciudad de M\u00e9xico dijo son repartidos tambi\u00e9n en la cementera de Atotonilco, en Hidalgo.<\/p>\n<p>Vargas inform\u00f3 que Cemex es una de las principales empresas beneficiadas por la crisis que suscit\u00f3 la falta de espacios para depositar la basura en la capital del pa\u00eds, ante el cierre de Bordo Poniente, el relleno sanitario ubicado en el Estado de M\u00e9xico, considerado el m\u00e1s grande de Latinoam\u00e9rica.<\/p>\n<p>Desde septiembre de 2011, se\u00f1al\u00f3 que el Gobierno de la Ciudad de M\u00e9xico paga a la firma transnacional 140 pesos por cada tonelada de residuos con valor cal\u00f3rico (trapos, llantas, pl\u00e1sticos, etc.) que traslada a sus plantas de producci\u00f3n de cemento, incluida la de Tepeaca, para luego utilizarla como combustible.<\/p>\n<p>Al respecto, el especialista del Laboratorio de Investigaciones en Desarrollo Comunitario de Toluca alert\u00f3 que el traslado de desechos s\u00f3lidos y urbanos procedentes de la Ciudad de M\u00e9xico podr\u00eda incrementarse a Tepeaca, por arriba de los 6 mil toneladas, luego que la comunidad de Huichapan logr\u00f3 clausurar la empresa Proambiente, filial a Cemex.<\/p>\n<p>Inform\u00f3 que las cementeras han hecho un negocio redondo, pues adem\u00e1s de consumir la basura tambi\u00e9n crean empresas para supuestamente tratar la incineraci\u00f3n de los desechos, las cuales podr\u00edan estar violando la norma ambiental, como sucede en Huichapan, en el estado de Hidalgo.<\/p>\n<p>El bi\u00f3logo mexicano, integrante de la GAIA, estuvo hace dos semanas en Puebla para realizar un recorrido en la cementera Cruz Azul, ubicada en la comunidad de Tuzuapan, en el municipio de Palmar de Bravo, para constatar los da\u00f1os en la salud en la poblaci\u00f3n a una d\u00e9cada de la instalaci\u00f3n de la empresa en la regi\u00f3n.<\/p>\n<p>Tras seis meses de movilizaciones pac\u00edficas y acciones legales, expuso que la poblaci\u00f3n llev\u00f3 a la clausura de la planta Proambiente, la semana pasada, por parte de la Secretar\u00eda de Medio Ambiente y Recursos Naturales.<\/p>\n<p>El declarante refiri\u00f3 que la cementara m\u00e1s cercana a la capital es Puebla, es la f\u00e1brica ubicada en Tepeaca.<\/p>\n<p>Actualmente, inform\u00f3 que la planta de Cemex en Tepeaca cuenta con hornos donde se quema la basura procedente de la capital del pa\u00eds, sin que haya una supervisi\u00f3n o regulaci\u00f3n por parte de alguna autoridad.<\/p>\n<p>Es pat\u00e9tico que pueda llegarse al punto de hoy, sin que exista un monitoreo ambiental ni epidemiol\u00f3gico de lo que resulta de la quema de metales pesados y residuos en Cemex Tepeaca y Cruz Azul en Tuzuapan, reclam\u00f3.<\/p>\n<p>Advirti\u00f3 que no siempre se logra quemar la totalidad de las miles de toneladas que llegan al municipio, por lo que el resto de los desechos son almacenados o tirados a cielo abierto.<\/p>\n<p>Dijo que m\u00e1s all\u00e1 del problema de la contaminaci\u00f3n, con el traslado de los residuos a otra jurisdicci\u00f3n se violenta la ley y la soberan\u00eda de los municipios, que son los responsables de su manejo.<br \/>\nCemex, contamina: Vargas<\/p>\n<p>Jorge Vargas se\u00f1al\u00f3 que el env\u00edo a hornos cementeros fue una de las principales \u201csoluciones\u201d impulsadas por el gobierno de la capital del pa\u00eds y Cemex para el tratamiento de los residuos.<\/p>\n<p>El especialista inform\u00f3 que luego del cierre del vertedero Bordo Poniente, en diciembre de 2011, el gobierno capitalino ha sido en\u00e9rgicamente cuestionado por sus impactos negativos sobre la salud humana y el medio ambiente derivados de sus potenciales emisiones de metales pesados, dioxinas, furanos y otros contaminantes.<\/p>\n<p>Arguy\u00f3 que la incineraci\u00f3n de basura es un riesgo, porque genera contaminantes cancer\u00edgenos, entre ellos las dioxinas y los furanos, como lo especifica el Convenio de Estocolmo de la Organizaci\u00f3n de las Naciones Unidas (ONU).<\/p>\n<p>Dijo que un caso similar se vive ya en la comunidad de Tuzuapan, donde se encuentra la firma cementera, Cruz Azul, que ha dejado sin agua y con da\u00f1os severos en la salud de los pobladores, a 10 a\u00f1os de su instalaci\u00f3n.<\/p>\n<p>Finalmente indic\u00f3 que la instalaci\u00f3n del Gasoducto Morelos en la zona volc\u00e1nica del Popocat\u00e9petl generar\u00e1 la creaci\u00f3n de un corredor industrial, que emitir\u00e1 mayor contaminaci\u00f3n en los pr\u00f3ximos a\u00f1os para el \u00e1rea metropolitana de Puebla, que incrementar\u00e1 el riesgo potencial de muerte.<\/p>\n<p><a href=\"https:\/\/www.angulo7.com.mx\/2016\/05\/24\/cemex-quema-6-mil-toneladas-de-desechos-en-planta-de-tepeaca-gaia\/?fbclid=IwAR0k5_wdlIRw9O4j26LE3kWbb_iNFNVIjDsK9JVA0SqXreIXeN1Z054KZbA\">https:\/\/www.angulo7.com.mx\/2016\/05\/24\/cemex-quema-6-mil-toneladas-de-desechos-en-planta-de-tepeaca-gaia\/?fbclid=IwAR0k5_wdlIRw9O4j26LE3kWbb_iNFNVIjDsK9JVA0SqXreIXeN1Z054KZbA<\/a><\/p>\n","protected":false},"excerpt":{"rendered":"<p>Yadira Llaven Anzures \/La Jornada de Oriente El ambientalista Jorge Tadeo Vargas, miembro de la Alianza Global por Alternativas a la Incineraci\u00f3n (GAIA por sus siglas en ingl\u00e9s), revel\u00f3 que &hellip; <a href=\"https:\/\/www.grieta.org.mx\/index.php\/2019\/05\/24\/cemex-quema-6-mil-toneladas-de-desechos-en-planta-de-tepeaca-gaia-puebla-e-hidalgo\/\" class=\"more-link\">Leer m\u00e1s<\/a><\/p>\n","protected":false},"author":1,"featured_media":34645,"comment_status":"closed","ping_status":"closed","sticky":false,"template":"","format":"standard","meta":{"ngg_post_thumbnail":0,"_jetpack_newsletter_access":"","_jetpack_dont_email_post_to_subs":false,"_jetpack_newsletter_tier_id":0,"_jetpack_memberships_contains_paywalled_content":false,"_jetpack_memberships_contains_paid_content":false,"footnotes":""},"categories":[80,2387,1255,19,2,26],"tags":[91,1642],"class_list":["post-34644","post","type-post","status-publish","format-standard","has-post-thumbnail","hentry","category-cintillo","category-contaminacion-ambiental-en-hidalgo","category-contaminacion-del-agua-por-industria-en-puebla","category-hidalgo","category-noticias-nacionales","category-puebla","tag-contaminacion-ambiental","tag-manejo-de-la-basura","entry"],"jetpack_featured_media_url":"https:\/\/www.grieta.org.mx\/wp-content\/uploads\/2019\/06\/Captura-de-pantalla-2019-06-11-02.31.08.png","jetpack_sharing_enabled":true,"jetpack_shortlink":"https:\/\/wp.me\/p7ZJR4-90M","jetpack_likes_enabled":false,"jetpack-related-posts":[{"id":1176,"url":"https:\/\/www.grieta.org.mx\/index.php\/2015\/10\/27\/acusa-a-cruz-azul-de-incineracion-en-secreto\/","url_meta":{"origin":34644,"position":0},"title":"Acusa a Cruz Azul de incineraci\u00f3n en secreto","author":"grieta","date":"27 octubre, 2015","format":false,"excerpt":"Jes\u00fas Gonz\u00e1lez Jorge Tadeo y Refugio Chore\u00f1o, l\u00edderes del Frente de Comunidades contra la Incineraci\u00f3n de la Industria Cementera, se\u00f1alaron que, sin consultar al gobierno de Hidalgo, la cooperativa Cruz Azul en Tula firm\u00f3 un convenio \u201csecreto\u201d con autoridades de Morelos para incinerar miles de toneladas de basura provenientes de\u2026","rel":"","context":"En &quot;CINTILLO&quot;","block_context":{"text":"CINTILLO","link":"https:\/\/www.grieta.org.mx\/index.php\/category\/cintillo\/"},"img":{"alt_text":"","src":"https:\/\/i0.wp.com\/www.grieta.org.mx\/wp-content\/uploads\/2018\/03\/14524434_1106112876131411_958039263622046936_o.jpg?resize=350%2C200&ssl=1","width":350,"height":200,"srcset":"https:\/\/i0.wp.com\/www.grieta.org.mx\/wp-content\/uploads\/2018\/03\/14524434_1106112876131411_958039263622046936_o.jpg?resize=350%2C200&ssl=1 1x, https:\/\/i0.wp.com\/www.grieta.org.mx\/wp-content\/uploads\/2018\/03\/14524434_1106112876131411_958039263622046936_o.jpg?resize=525%2C300&ssl=1 1.5x, https:\/\/i0.wp.com\/www.grieta.org.mx\/wp-content\/uploads\/2018\/03\/14524434_1106112876131411_958039263622046936_o.jpg?resize=700%2C400&ssl=1 2x"},"classes":[]},{"id":1246,"url":"https:\/\/www.grieta.org.mx\/index.php\/2015\/11\/19\/vecinos-de-huichapan-denuncian-contaminacion-por-explosion-en-cemex\/","url_meta":{"origin":34644,"position":1},"title":"Vecinos de Huichapan denuncian contaminaci\u00f3n por explosi\u00f3n en Cemex","author":"grieta","date":"19 noviembre, 2015","format":false,"excerpt":"19\/11\/15. Emplazan vecinos de Maney a Cemex para cumplir con normas ambientales y de saludReloj Ciudadano 15\/11\/15. Afectados por explosiones de Cemex en Huichapan ser\u00e1n atendidosQuadrat\u00edn Hidalgo 06\/11\/15. Enorme lluvia de cenizas cre\u00f3 cementeraEl Sol de Hidalgo 06\/11\/15. Exige Sehi acciones vs cementera por incidenteCriterio Hidalgo","rel":"","context":"En &quot;Hidalgo&quot;","block_context":{"text":"Hidalgo","link":"https:\/\/www.grieta.org.mx\/index.php\/category\/noticias-nacionales\/hidalgo\/"},"img":{"alt_text":"","src":"https:\/\/i0.wp.com\/www.grieta.org.mx\/wp-content\/uploads\/2018\/03\/14524434_1106112876131411_958039263622046936_o.jpg?resize=350%2C200&ssl=1","width":350,"height":200,"srcset":"https:\/\/i0.wp.com\/www.grieta.org.mx\/wp-content\/uploads\/2018\/03\/14524434_1106112876131411_958039263622046936_o.jpg?resize=350%2C200&ssl=1 1x, https:\/\/i0.wp.com\/www.grieta.org.mx\/wp-content\/uploads\/2018\/03\/14524434_1106112876131411_958039263622046936_o.jpg?resize=525%2C300&ssl=1 1.5x, https:\/\/i0.wp.com\/www.grieta.org.mx\/wp-content\/uploads\/2018\/03\/14524434_1106112876131411_958039263622046936_o.jpg?resize=700%2C400&ssl=1 2x"},"classes":[]},{"id":1177,"url":"https:\/\/www.grieta.org.mx\/index.php\/2015\/10\/26\/que-graco-se-quede-con-su-basura-exigen-en-hidalgo\/","url_meta":{"origin":34644,"position":2},"title":"Que Graco se quede con su basura, exigen en Hidalgo","author":"grieta","date":"26 octubre, 2015","format":false,"excerpt":"JAIME LU\u00cdS BRITO * Reprochan la firma de pacto en lo oscurito con cementos Cruz Azul * Demandan a Graco desde Hidalgo cancelar su proyecto de basura * Pretende llevar toneladas de desechos a Tula, para ser incinerados por la cementera Cruz Azul * Que se queden con su basura\u2026","rel":"","context":"En &quot;CINTILLO&quot;","block_context":{"text":"CINTILLO","link":"https:\/\/www.grieta.org.mx\/index.php\/category\/cintillo\/"},"img":{"alt_text":"","src":"https:\/\/i0.wp.com\/www.grieta.org.mx\/wp-content\/uploads\/2018\/03\/14524434_1106112876131411_958039263622046936_o.jpg?resize=350%2C200&ssl=1","width":350,"height":200,"srcset":"https:\/\/i0.wp.com\/www.grieta.org.mx\/wp-content\/uploads\/2018\/03\/14524434_1106112876131411_958039263622046936_o.jpg?resize=350%2C200&ssl=1 1x, https:\/\/i0.wp.com\/www.grieta.org.mx\/wp-content\/uploads\/2018\/03\/14524434_1106112876131411_958039263622046936_o.jpg?resize=525%2C300&ssl=1 1.5x, https:\/\/i0.wp.com\/www.grieta.org.mx\/wp-content\/uploads\/2018\/03\/14524434_1106112876131411_958039263622046936_o.jpg?resize=700%2C400&ssl=1 2x"},"classes":[]},{"id":1190,"url":"https:\/\/www.grieta.org.mx\/index.php\/2016\/06\/16\/protestas-contra-cementeras-en-4-municipios-en-hidalgo-y-edomex\/","url_meta":{"origin":34644,"position":3},"title":"Protestas contra cementeras en 4 municipios en Hidalgo y Edomex","author":"grieta","date":"16 junio, 2016","format":false,"excerpt":"16\/06\/16. El gobierno pone en peligro la vida de 60 mil personas por su complicidad con empresas altamente contaminantesActivista MX 11\/12\/15. Mantendr\u00e1 la SEHI manifestaciones contra quema de desechos en cementerasPunto x Punto 09\/12\/15. Protestan activistas en cuatro municipios de Hidalgo y Estado de M\u00e9xico en contra de la contaminaci\u00f3n\u2026","rel":"","context":"En &quot;Hidalgo&quot;","block_context":{"text":"Hidalgo","link":"https:\/\/www.grieta.org.mx\/index.php\/category\/noticias-nacionales\/hidalgo\/"},"img":{"alt_text":"","src":"https:\/\/i0.wp.com\/www.grieta.org.mx\/wp-content\/uploads\/2018\/03\/14524434_1106112876131411_958039263622046936_o.jpg?resize=350%2C200&ssl=1","width":350,"height":200,"srcset":"https:\/\/i0.wp.com\/www.grieta.org.mx\/wp-content\/uploads\/2018\/03\/14524434_1106112876131411_958039263622046936_o.jpg?resize=350%2C200&ssl=1 1x, https:\/\/i0.wp.com\/www.grieta.org.mx\/wp-content\/uploads\/2018\/03\/14524434_1106112876131411_958039263622046936_o.jpg?resize=525%2C300&ssl=1 1.5x, https:\/\/i0.wp.com\/www.grieta.org.mx\/wp-content\/uploads\/2018\/03\/14524434_1106112876131411_958039263622046936_o.jpg?resize=700%2C400&ssl=1 2x"},"classes":[]},{"id":1241,"url":"https:\/\/www.grieta.org.mx\/index.php\/2015\/11\/06\/exige-sehi-acciones-vs-cementera-por-incidente\/","url_meta":{"origin":34644,"position":4},"title":"Exige Sehi acciones vs cementera por incidente","author":"grieta","date":"6 noviembre, 2015","format":false,"excerpt":"La existencia de contratos de la empresa con gobiernos de estados pertenecientes al Valle de M\u00e9xico para incinerar basura en los hornos de calentamiento, dijo, son palpables y ponen en riesgo la seguridad de la poblaci\u00f3n. Por el incidente ocurrido en la planta cementera de Cemex en Huichapan, el presidente\u2026","rel":"","context":"En &quot;CINTILLO&quot;","block_context":{"text":"CINTILLO","link":"https:\/\/www.grieta.org.mx\/index.php\/category\/cintillo\/"},"img":{"alt_text":"","src":"https:\/\/i0.wp.com\/www.grieta.org.mx\/wp-content\/uploads\/2018\/03\/14524434_1106112876131411_958039263622046936_o.jpg?resize=350%2C200&ssl=1","width":350,"height":200,"srcset":"https:\/\/i0.wp.com\/www.grieta.org.mx\/wp-content\/uploads\/2018\/03\/14524434_1106112876131411_958039263622046936_o.jpg?resize=350%2C200&ssl=1 1x, https:\/\/i0.wp.com\/www.grieta.org.mx\/wp-content\/uploads\/2018\/03\/14524434_1106112876131411_958039263622046936_o.jpg?resize=525%2C300&ssl=1 1.5x, https:\/\/i0.wp.com\/www.grieta.org.mx\/wp-content\/uploads\/2018\/03\/14524434_1106112876131411_958039263622046936_o.jpg?resize=700%2C400&ssl=1 2x"},"classes":[]},{"id":1175,"url":"https:\/\/www.grieta.org.mx\/index.php\/2015\/12\/17\/el-peligro-de-la-incineracion-en-hornos-cementeros\/","url_meta":{"origin":34644,"position":5},"title":"El peligro de la incineraci\u00f3n en hornos cementeros","author":"grieta","date":"17 diciembre, 2015","format":false,"excerpt":"En los \u00faltimos a\u00f1os la industria cementera ha comenzado a expandir su b\u00fasqueda de alternativas al combustible que utilizan para la producci\u00f3n del cemento. Esta b\u00fasqueda los ha llevado, no solo a incluir en su listado de residuos peligrosos, industriales, biol\u00f3gico-infecciosos, los Residuos S\u00f3lidos Urbanos (RSU), es decir la basura\u2026","rel":"","context":"En &quot;CINTILLO&quot;","block_context":{"text":"CINTILLO","link":"https:\/\/www.grieta.org.mx\/index.php\/category\/cintillo\/"},"img":{"alt_text":"","src":"https:\/\/i0.wp.com\/www.grieta.org.mx\/wp-content\/uploads\/2018\/03\/14524434_1106112876131411_958039263622046936_o.jpg?resize=350%2C200&ssl=1","width":350,"height":200,"srcset":"https:\/\/i0.wp.com\/www.grieta.org.mx\/wp-content\/uploads\/2018\/03\/14524434_1106112876131411_958039263622046936_o.jpg?resize=350%2C200&ssl=1 1x, https:\/\/i0.wp.com\/www.grieta.org.mx\/wp-content\/uploads\/2018\/03\/14524434_1106112876131411_958039263622046936_o.jpg?resize=525%2C300&ssl=1 1.5x, https:\/\/i0.wp.com\/www.grieta.org.mx\/wp-content\/uploads\/2018\/03\/14524434_1106112876131411_958039263622046936_o.jpg?resize=700%2C400&ssl=1 2x"},"classes":[]}],"_links":{"self":[{"href":"https:\/\/www.grieta.org.mx\/index.php\/wp-json\/wp\/v2\/posts\/34644","targetHints":{"allow":["GET"]}}],"collection":[{"href":"https:\/\/www.grieta.org.mx\/index.php\/wp-json\/wp\/v2\/posts"}],"about":[{"href":"https:\/\/www.grieta.org.mx\/index.php\/wp-json\/wp\/v2\/types\/post"}],"author":[{"embeddable":true,"href":"https:\/\/www.grieta.org.mx\/index.php\/wp-json\/wp\/v2\/users\/1"}],"replies":[{"embeddable":true,"href":"https:\/\/www.grieta.org.mx\/index.php\/wp-json\/wp\/v2\/comments?post=34644"}],"version-history":[{"count":1,"href":"https:\/\/www.grieta.org.mx\/index.php\/wp-json\/wp\/v2\/posts\/34644\/revisions"}],"predecessor-version":[{"id":34646,"href":"https:\/\/www.grieta.org.mx\/index.php\/wp-json\/wp\/v2\/posts\/34644\/revisions\/34646"}],"wp:featuredmedia":[{"embeddable":true,"href":"https:\/\/www.grieta.org.mx\/index.php\/wp-json\/wp\/v2\/media\/34645"}],"wp:attachment":[{"href":"https:\/\/www.grieta.org.mx\/index.php\/wp-json\/wp\/v2\/media?parent=34644"}],"wp:term":[{"taxonomy":"category","embeddable":true,"href":"https:\/\/www.grieta.org.mx\/index.php\/wp-json\/wp\/v2\/categories?post=34644"},{"taxonomy":"post_tag","embeddable":true,"href":"https:\/\/www.grieta.org.mx\/index.php\/wp-json\/wp\/v2\/tags?post=34644"}],"curies":[{"name":"wp","href":"https:\/\/api.w.org\/{rel}","templated":true}]}}