{"id":3463,"date":"2015-03-28T05:01:55","date_gmt":"2015-03-28T05:01:55","guid":{"rendered":"http:\/\/50.22.11.12\/~grietaor\/?p=3463"},"modified":"2016-03-15T05:05:00","modified_gmt":"2016-03-15T05:05:00","slug":"posicionamiento-del-cni-sobre-la-ola-represiva-en-contra-de-los-pueblos","status":"publish","type":"post","link":"https:\/\/www.grieta.org.mx\/index.php\/2015\/03\/28\/posicionamiento-del-cni-sobre-la-ola-represiva-en-contra-de-los-pueblos\/","title":{"rendered":"POSICIONAMIENTO DEL CNI SOBRE LA OLA REPRESIVA EN CONTRA DE LOS PUEBLOS"},"content":{"rendered":"<p>POSICIONAMIENTO DEL CNI SOBRE LA OLA REPRESIVA  EN CONTRA DE LOS PUEBLOS<\/p>\n<p>A los pueblos originarios de M\u00e9xico y el Mundo<\/p>\n<p>A la Sexta Nacional e Internacional<\/p>\n<p>Al Ej\u00e9rcito Zapatista de Liberaci\u00f3n Nacional<\/p>\n<p>A la memoria de Don F\u00e9lix Serd\u00e1n N\u00e1jera,<\/p>\n<p>Hermano principal.<\/p>\n<p>Reunidos en la comunidad de Amatl\u00e1n de Quetzalzoatl, municipio de Tepoztl\u00e1n, Morelos, los pueblos naciones y tribus que conformamos el Congreso Nacional Ind\u00edgena analizamos la ola represiva de los capitalistas narco gobernantes que pretenden apoderarse de nuestra patria.<\/p>\n<p>El embate en nuestra contra no tiene que ver con los colores de los partidos que arriba gobiernan, ni en la forma y modo como sean elegidos o impuestos,  pues todos y cada uno de ellos tienen como fin administrar el despojo que de m\u00e1s arriba imponen, no tiene que ver con la mentira electorera a la que llaman democracia y que no es m\u00e1s que un reflejo de la descomposici\u00f3n que entra\u00f1a el sangriento capitalismo neoliberal y que engendra eso que llaman \u201creformas estructurales\u201d, que son, por la supervivencia de los pueblos dolidos en el campo y la ciudad; impuestas a costa del dolor, de la libertad y la vida de nuestra gente.<\/p>\n<p>La represi\u00f3n que los malos gobiernos han ejercido en contra de nuestros pueblos es en respuesta a nuestra decisi\u00f3n de no parar nuestra resistencia para no dejar de existir por obra de la cruenta guerra de exterminio. No tiene que ver solo con una persecuci\u00f3n pol\u00edtica, sino que es una reacci\u00f3n de los que arriba dise\u00f1an el despojo para consolidar sus intereses asentados sobre la explotaci\u00f3n, el despojo, la represi\u00f3n y el desprecio que pueden tomar diferentes rostros y reflejos:<\/p>\n<p>Hoy nos siguen haciendo falta 46 compa\u00f1eros de la escuela Normal Rural Isidro Burgos de Ayotzinapa, asesinados y desaparecidos por los tres \u00f3rdenes de los malos gobiernos, por todos los partidos pol\u00edticos que hacen del terror un negocio y una forma de gobernar. Mientras el Estado criminal apuesta al olvido los pueblos apostamos a reconstruir, a no olvidar y a no perdonar, pues lo que est\u00e1 en juego es el futuro, que al igual que la historia, nos pertenecen.<br \/>\nLa comunidad Tzeltal de San Sebasti\u00e1n Bachaj\u00f3n, en el municipio de Chil\u00f3n Chiapas, ha enfrentado las fuerzas represivas del mal gobierno que pretenden despojarla de las cascadas de Agua Azul para ser entregadas los intereses capitalistas. Apenas el 21 de marzo del presente a\u00f1o m\u00e1s de 600 integrantes de las fuerzas de seguridad gubernamentales incendiaron la sede regional San Sebasti\u00e1n de nuestros hermanos y los medios libres que se han solidarizado con su lucha han sido agredidos por las fuerzas de seguridad p\u00fablica mientras la polic\u00eda estatal y el ej\u00e9rcito mexicano han escalado la ocupaci\u00f3n de su territorio en respaldo de los grupos paramilitares.<\/p>\n<p>La comunidad Nahua de Santa Mar\u00eda Ostula, en la costa de Michoac\u00e1n ha enfrentado desde el a\u00f1o 2009, el asecho de supuestos grupos  de la delincuencia organizada, coludidos con todos niveles del  mal gobierno ha costado la desaparici\u00f3n de 5 comuneros y el asesinato de 32 mas. El pasado 16 de marzo la Marina Armada intent\u00f3 desalojar y desarmar  a la polic\u00eda comunitaria que mantiene un reten sobre la carretera costera a la altura del poblado de Xayakalan, territorio recuperado en el a\u00f1o de 2009, acci\u00f3n a la que la comunidad respondi\u00f3 cerrando la carretera costera, pues permitir el desarme de los comunitarios significa quedar en manos de los narco paramilitares y de esa manera consolidar el despojo contra la comunidad para los megaproyectos de muerte como es el narcotr\u00e1fico, el turismo trasnacional y la explotaci\u00f3n minera. Todo protegido y auspiciado por los malos gobiernos.<\/p>\n<p>Siguen presos los compa\u00f1eros Mario Luna y Fernando Jim\u00e9nez, voceros de la tribu Yaqui, en Sonora, sobre la base de haberles fabricado delitos graves basados en el no reconocimiento de las formas ancestrales de organizaci\u00f3n de los pueblos y la jurisdicci\u00f3n del gobierno tradicional Yaqui. A la fecha persiste la orden de aprehensi\u00f3n contra el compa\u00f1ero Tom\u00e1s Rojo, pretendiendo usar la divisi\u00f3n y la traici\u00f3n como mecanismo de guerra. Asimismo las amenazas de muerte e intentos de homicidio en contra de Lauro Baumea a quien quemaron su veh\u00edculo afuera de su domicilio, adem\u00e1s de amenazar con atentar contra la vida de su familia. Todo esto para concretar el robo del agua del r\u00edo Yaqui.<br \/>\nSiguen presos los compa\u00f1eros loxichas en el estado de Oaxaca quienes llevan 18 a\u00f1os secuestrados por los malos gobiernos como parte de su pol\u00edtica contrainsurgente y terrorista en medio de grandes proyectos mineros trasnacionales, al igual que los hermanos Nahuas de San Pedro Tlanixco en el Estado de M\u00e9xico, quienes llevan 12 a\u00f1os presos por defender el agua en contra de que les fuera robada para campos agroindustriales.<\/p>\n<p>El despojo a comunidades y ejidos en los estados de Morelos, Puebla y Tlaxcala a trav\u00e9s del llamado Proyecto Integral Morelos est\u00e1 siendo acompa\u00f1ada de una persecuci\u00f3n contra los pueblos del volc\u00e1n Pocatepetl que se oponen a entregar su territorio, su seguridad y su agua a trasnacionales para la imposici\u00f3n de carreteras, acueductos, gaseoductos y termoel\u00e9ctricas custodiadas por todos los \u00f3rdenes represivos del mal gobierno. Actualmente existen numerosas \u00f3rdenes de aprehensi\u00f3n en contra de quienes han alzado la voz contra esta destrucci\u00f3n acompa\u00f1ada de polic\u00edas y militares que acompa\u00f1an la maquinaria, misma que en los \u00faltimos d\u00edas se ha expresado en los trabajos de entubamiento del r\u00edo Cuautla para favorecer a la Termoel\u00e9ctrica de Huexca en detrimento de los ejidos del municipio de Ayala.<\/p>\n<p>La comunidad de San Francisco Xochicuautla, en el Estado de M\u00e9xico, mantiene una lucha en contra del despojo de su territorio por la construcci\u00f3n de una autopista privada, e incluso los comuneros han perdido la libertad para platicar en sus asambleas comunales que han sido tomadas por decenas de granaderos que buscan consolidar el despojo agrario.<br \/>\nMientras resistimos al despojo en nuestras comunidades, miles de compa\u00f1eros deben migrar para buscar alternativas para su sustento, muchos de ellos llegan a campos de concentraci\u00f3n donde son explotados y esclavizados, como es el caso de San Quint\u00edn, en Baja California Sur, donde los malos gobiernos reprimen las movilizaciones que buscan mejores condiciones de trabajo para miles de jornaleros agr\u00edcolas. La mayor\u00eda de ellos de origen ind\u00edgena.<\/p>\n<p>Estamos convencidos que para parar esta guerra no bastan las consignas; tampoco ser\u00e1 volteando a ver los calendarios, geograf\u00edas y formas de los de arriba, sino que necesitamos hacer un nuevo pa\u00eds, un nuevo mundo.<\/p>\n<p>Lo saben tambi\u00e9n los poderosos que han agudizado el hostigamiento militar en los caracoles zapatistas de La Realidad y Oventik y agresiones paramilitares por grupos promovidos, financiados y entrenados por los malos gobiernos, como Pojcol, CIOAC Hist\u00f3rica y ORCAO, que  ejercen una violencia sistem\u00e1tica en contra las comunidades bases de apoyo zapatistas, quienes con su organizaci\u00f3n aut\u00f3noma hacen brillar el horizonte que es una esperanza civilizatoria y que tiene sus ra\u00edces antiguas en nuestras culturas como pueblos originarios.<\/p>\n<p>Por todo lo anterior declaramos:<\/p>\n<p>1 Que no pararemos en la lucha por reconstruir lo y reconstituirnos como pueblos originarios, pues nuestra lucha es por la vida y seguir existiendo.<br \/>\n2 Que intensificaremos la lucha por la libertad de los presos pol\u00edticos, la presentaci\u00f3n de los desaparecidos y la justicia para los asesinados.<br \/>\n3 Que la ola represiva es en respuesta a esa resistencia contra el despojo que no conoce fin pues su origen est\u00e1 en el origen mismo del mundo y por lo tanto no es negociable.<br \/>\n4 Que seguiremos tejiendo desde abajo y a la izquierda un nuevo mundo posible y necesario, pues solo as\u00ed podr\u00e1 brillar la paz para nuestros pueblos y el fin de la represi\u00f3n.<br \/>\n5 Saludamos la realizaci\u00f3n del homenaje a los compa\u00f1eros Luis Villoro Toranzo y al maestro zapatista Galeano que tendr\u00e1n lugar en el caracol de Oventik, Chiapas el 2 de mayo de 2015.<\/p>\n<p>Amatl\u00e1n de Quetzalcoatl, Tepoztl\u00e1n, Morelos<\/p>\n<p>A 22 de marzo de 2015<\/p>\n<p>Por la Reconstituci\u00f3n Integral de Nuestros Pueblos<\/p>\n<p>Nunca M\u00e1s un M\u00e9xico Sin Nosotros<\/p>\n<p>Congreso Nacional Ind\u00edgena.<\/p>\n<p><a href=\"http:\/\/enlacezapatista.ezln.org.mx\/2015\/03\/28\/posicionamiento-del-cni-sobre-la-ola-represiva-en-contra-de-los-pueblos\/\" target=\"_blank\">http:\/\/enlacezapatista.ezln.org.mx\/2015\/03\/28\/posicionamiento-del-cni-sobre-la-ola-represiva-en-contra-de-los-pueblos\/<\/a><\/p>\n","protected":false},"excerpt":{"rendered":"<p>POSICIONAMIENTO DEL CNI SOBRE LA OLA REPRESIVA EN CONTRA DE LOS PUEBLOS A los pueblos originarios de M\u00e9xico y el Mundo A la Sexta Nacional e Internacional Al Ej\u00e9rcito Zapatista &hellip; <a href=\"https:\/\/www.grieta.org.mx\/index.php\/2015\/03\/28\/posicionamiento-del-cni-sobre-la-ola-represiva-en-contra-de-los-pueblos\/\" class=\"more-link\">Leer m\u00e1s<\/a><\/p>\n","protected":false},"author":2,"featured_media":21928,"comment_status":"closed","ping_status":"open","sticky":false,"template":"","format":"standard","meta":{"ngg_post_thumbnail":0,"_jetpack_newsletter_access":"","_jetpack_dont_email_post_to_subs":false,"_jetpack_newsletter_tier_id":0,"_jetpack_memberships_contains_paywalled_content":false,"_jetpack_memberships_contains_paid_content":false,"footnotes":""},"categories":[79],"tags":[],"class_list":["post-3463","post","type-post","status-publish","format-standard","has-post-thumbnail","hentry","category-cni","entry"],"jetpack_featured_media_url":"https:\/\/www.grieta.org.mx\/wp-content\/uploads\/2018\/03\/14524434_1106112876131411_958039263622046936_o.jpg","jetpack_sharing_enabled":true,"jetpack_shortlink":"https:\/\/wp.me\/p7ZJR4-TR","jetpack_likes_enabled":false,"jetpack-related-posts":[{"id":31394,"url":"https:\/\/www.grieta.org.mx\/index.php\/2019\/03\/29\/comunicado-del-cni-cig-y-el-ezln-ante-nueva-situacion-de-consulta-para-imponer-mega-proyectos-en-el-istmo-de-tehuantepec\/","url_meta":{"origin":3463,"position":0},"title":"Comunicado del CNI-CIG y el EZLN ante nueva situaci\u00f3n de consulta para imponer mega proyectos en el Istmo de Tehuantepec","author":"grieta","date":"29 marzo, 2019","format":false,"excerpt":"COMUNICADO DEL CONGRESO NACIONAL IND\u00cdGENA Y EL CONCEJO IND\u00cdGENA DE GOBIERNO Y EL EJ\u00c9RCITO ZAPATISTA DE LIBERACI\u00d3N NACIONAL ANTE NUEVA SIMULACI\u00d3N DE CONSULTA PARA IMPONER MEGA PROYECTOS EN EL ISTMO DE TEHUANTEPEC Al pueblo de M\u00e9xico A los pueblos del mundo A las Redes de Apoyo al CIG A las\u2026","rel":"","context":"En &quot;CINTILLO&quot;","block_context":{"text":"CINTILLO","link":"https:\/\/www.grieta.org.mx\/index.php\/category\/cintillo\/"},"img":{"alt_text":"","src":"https:\/\/i0.wp.com\/www.grieta.org.mx\/wp-content\/uploads\/2018\/03\/14524434_1106112876131411_958039263622046936_o.jpg?resize=350%2C200&ssl=1","width":350,"height":200,"srcset":"https:\/\/i0.wp.com\/www.grieta.org.mx\/wp-content\/uploads\/2018\/03\/14524434_1106112876131411_958039263622046936_o.jpg?resize=350%2C200&ssl=1 1x, https:\/\/i0.wp.com\/www.grieta.org.mx\/wp-content\/uploads\/2018\/03\/14524434_1106112876131411_958039263622046936_o.jpg?resize=525%2C300&ssl=1 1.5x, https:\/\/i0.wp.com\/www.grieta.org.mx\/wp-content\/uploads\/2018\/03\/14524434_1106112876131411_958039263622046936_o.jpg?resize=700%2C400&ssl=1 2x"},"classes":[]},{"id":63388,"url":"https:\/\/www.grieta.org.mx\/index.php\/2022\/02\/16\/alto-a-la-represion-en-contra-de-los-pueblos-originarios-en-mexico\/","url_meta":{"origin":3463,"position":1},"title":"ALTO A LA REPRESI\u00d3N EN CONTRA DE LOS PUEBLOS ORIGINARIOS EN M\u00c9XICO","author":"grieta","date":"16 febrero, 2022","format":false,"excerpt":"ALTO A LA REPRESI\u00d3N EN CONTRA DE LOS PUEBLOS ORIGINARIOS EN M\u00c9XICO Al pueblo de M\u00e9xico, A los pueblos del mundo, A la Sexta Nacional e Internacional, A los medios de comunicaci\u00f3n Denunciamos que el d\u00eda 15 de febrero alrededor de las 1:20 horas, los cuerpos represivos del mal gobierno\u2026","rel":"","context":"En &quot;CINTILLO&quot;","block_context":{"text":"CINTILLO","link":"https:\/\/www.grieta.org.mx\/index.php\/category\/cintillo\/"},"img":{"alt_text":"","src":"https:\/\/i0.wp.com\/www.grieta.org.mx\/wp-content\/uploads\/2022\/02\/alto-represion.png?resize=350%2C200&ssl=1","width":350,"height":200,"srcset":"https:\/\/i0.wp.com\/www.grieta.org.mx\/wp-content\/uploads\/2022\/02\/alto-represion.png?resize=350%2C200&ssl=1 1x, https:\/\/i0.wp.com\/www.grieta.org.mx\/wp-content\/uploads\/2022\/02\/alto-represion.png?resize=525%2C300&ssl=1 1.5x, https:\/\/i0.wp.com\/www.grieta.org.mx\/wp-content\/uploads\/2022\/02\/alto-represion.png?resize=700%2C400&ssl=1 2x"},"classes":[]},{"id":25108,"url":"https:\/\/www.grieta.org.mx\/index.php\/2018\/07\/24\/pronunciamiento-del-congreso-nacional-indigena-y-el-concejo-indigena-de-gobierno-por-el-asesinato-del-companero-rolando-crispin-lopez-oaxaca\/","url_meta":{"origin":3463,"position":2},"title":"Pronunciamiento del Congreso Nacional Ind\u00edgena y el Concejo Ind\u00edgena de Gobierno por el asesinato del compa\u00f1ero Rolando Crisp\u00edn L\u00f3pez (Oaxaca)","author":"grieta","date":"24 julio, 2018","format":false,"excerpt":"Al pueblo binniz\u00e1 de la Colonia \u00c1lvaro Obreg\u00f3n, Oaxaca A los pueblos originarios del Istmo A las redes de apoyo al CIG A la Sexta Nacional e Internacional A los medios de comunicaci\u00f3n El Congreso Nacional Ind\u00edgena y el Concejo Ind\u00edgena de Gobierno condenamos el asesinato del compa\u00f1ero Rolando Crisp\u00edn\u2026","rel":"","context":"En &quot;CINTILLO&quot;","block_context":{"text":"CINTILLO","link":"https:\/\/www.grieta.org.mx\/index.php\/category\/cintillo\/"},"img":{"alt_text":"","src":"https:\/\/i0.wp.com\/www.grieta.org.mx\/wp-content\/uploads\/2018\/07\/logo-CNI-To.png?resize=350%2C200&ssl=1","width":350,"height":200,"srcset":"https:\/\/i0.wp.com\/www.grieta.org.mx\/wp-content\/uploads\/2018\/07\/logo-CNI-To.png?resize=350%2C200&ssl=1 1x, https:\/\/i0.wp.com\/www.grieta.org.mx\/wp-content\/uploads\/2018\/07\/logo-CNI-To.png?resize=525%2C300&ssl=1 1.5x"},"classes":[]},{"id":25928,"url":"https:\/\/www.grieta.org.mx\/index.php\/2018\/08\/24\/comunicado-del-cni-y-el-cig-por-la-presentacion-con-vida-de-sergio-rivera-hernandez\/","url_meta":{"origin":3463,"position":3},"title":"COMUNICADO DEL CNI Y EL CIG POR LA PRESENTACI\u00d3N CON VIDA DE SERGIO RIVERA HERN\u00c1NDEZ","author":"grieta","date":"24 agosto, 2018","format":false,"excerpt":"Al pueblo de M\u00e9xico A los medios de comunicaci\u00f3n A la Sexta Nacional e Internacional A las redes de apoyo al CIG Estando reunido el Concejo Ind\u00edgena de Gobierno, recibimos la noticia del secuestro y desaparici\u00f3n del compa\u00f1ero, Sergio Rivera Hern\u00e1ndez, quien forma parte del movimiento de comunidades en resistencia\u2026","rel":"","context":"En &quot;CIG&quot;","block_context":{"text":"CIG","link":"https:\/\/www.grieta.org.mx\/index.php\/category\/cig\/"},"img":{"alt_text":"","src":"https:\/\/i0.wp.com\/www.grieta.org.mx\/wp-content\/uploads\/2018\/07\/logo-CNI-To.png?resize=350%2C200&ssl=1","width":350,"height":200,"srcset":"https:\/\/i0.wp.com\/www.grieta.org.mx\/wp-content\/uploads\/2018\/07\/logo-CNI-To.png?resize=350%2C200&ssl=1 1x, https:\/\/i0.wp.com\/www.grieta.org.mx\/wp-content\/uploads\/2018\/07\/logo-CNI-To.png?resize=525%2C300&ssl=1 1.5x"},"classes":[]},{"id":26282,"url":"https:\/\/www.grieta.org.mx\/index.php\/2018\/09\/06\/convocatoria-a-la-segunda-asamblea-nacional-entre-el-concejo-indigena-de-gobierno-y-los-pueblos-que-integran-el-congreso-nacional-indigena\/","url_meta":{"origin":3463,"position":4},"title":"Convocatoria a la segunda asamblea nacional entre el Concejo Ind\u00edgena de Gobierno y los pueblos que integran el Congreso Nacional Ind\u00edgena","author":"grieta","date":"6 septiembre, 2018","format":false,"excerpt":"CONGRESO NACIONAL IND\u00cdGENA CONVOCATORIA Considerando que: PRIMERO.- La iniciativa para conformar el Concejo Ind\u00edgena de Gobierno (CIG) y proponer a su vocera, Marichuy, como candidata a la Presidencia de la Rep\u00fablica, lanzada por el Congreso Nacional Ind\u00edgena (CNI), cumpli\u00f3 una etapa m\u00e1s. La primera etapa consisti\u00f3 en la determinaci\u00f3n que\u2026","rel":"","context":"En &quot;CIG&quot;","block_context":{"text":"CIG","link":"https:\/\/www.grieta.org.mx\/index.php\/category\/cig\/"},"img":{"alt_text":"","src":"https:\/\/i0.wp.com\/www.grieta.org.mx\/wp-content\/uploads\/2018\/07\/logo-CNI-To.png?resize=350%2C200&ssl=1","width":350,"height":200,"srcset":"https:\/\/i0.wp.com\/www.grieta.org.mx\/wp-content\/uploads\/2018\/07\/logo-CNI-To.png?resize=350%2C200&ssl=1 1x, https:\/\/i0.wp.com\/www.grieta.org.mx\/wp-content\/uploads\/2018\/07\/logo-CNI-To.png?resize=525%2C300&ssl=1 1.5x"},"classes":[]},{"id":25044,"url":"https:\/\/www.grieta.org.mx\/index.php\/2018\/07\/18\/comunicado-del-cni-y-el-cig-por-el-asesinato-del-companero-abraham-hernandez-gonzalez-de-codedi-oaxaca\/","url_meta":{"origin":3463,"position":5},"title":"Comunicado del CNI y el CIG por el asesinato del compa\u00f1ero Abraham Hern\u00e1ndez Gonz\u00e1lez de CODEDI (Oaxaca)","author":"grieta","date":"18 julio, 2018","format":false,"excerpt":"Al Comit\u00e9 de Defensa de Derechos Ind\u00edgenas (Codedi) Al pueblo de M\u00e9xico A la Sexta nacional e internacional A los medios de comunicaci\u00f3n Aunque arriba los poderosos se sigan repartiendo nuestra patria, con cualquier rostro viejo o nuevo, abajo nuestra sangre y dolor sigue ba\u00f1ando el territorio. Tambi\u00e9n nuestra resistencia\u2026","rel":"","context":"En &quot;CINTILLO&quot;","block_context":{"text":"CINTILLO","link":"https:\/\/www.grieta.org.mx\/index.php\/category\/cintillo\/"},"img":{"alt_text":"","src":"https:\/\/i0.wp.com\/www.grieta.org.mx\/wp-content\/uploads\/2018\/07\/logo-CNI-T.png?resize=350%2C200&ssl=1","width":350,"height":200,"srcset":"https:\/\/i0.wp.com\/www.grieta.org.mx\/wp-content\/uploads\/2018\/07\/logo-CNI-T.png?resize=350%2C200&ssl=1 1x, https:\/\/i0.wp.com\/www.grieta.org.mx\/wp-content\/uploads\/2018\/07\/logo-CNI-T.png?resize=525%2C300&ssl=1 1.5x"},"classes":[]}],"_links":{"self":[{"href":"https:\/\/www.grieta.org.mx\/index.php\/wp-json\/wp\/v2\/posts\/3463","targetHints":{"allow":["GET"]}}],"collection":[{"href":"https:\/\/www.grieta.org.mx\/index.php\/wp-json\/wp\/v2\/posts"}],"about":[{"href":"https:\/\/www.grieta.org.mx\/index.php\/wp-json\/wp\/v2\/types\/post"}],"author":[{"embeddable":true,"href":"https:\/\/www.grieta.org.mx\/index.php\/wp-json\/wp\/v2\/users\/2"}],"replies":[{"embeddable":true,"href":"https:\/\/www.grieta.org.mx\/index.php\/wp-json\/wp\/v2\/comments?post=3463"}],"version-history":[{"count":1,"href":"https:\/\/www.grieta.org.mx\/index.php\/wp-json\/wp\/v2\/posts\/3463\/revisions"}],"predecessor-version":[{"id":3464,"href":"https:\/\/www.grieta.org.mx\/index.php\/wp-json\/wp\/v2\/posts\/3463\/revisions\/3464"}],"wp:featuredmedia":[{"embeddable":true,"href":"https:\/\/www.grieta.org.mx\/index.php\/wp-json\/wp\/v2\/media\/21928"}],"wp:attachment":[{"href":"https:\/\/www.grieta.org.mx\/index.php\/wp-json\/wp\/v2\/media?parent=3463"}],"wp:term":[{"taxonomy":"category","embeddable":true,"href":"https:\/\/www.grieta.org.mx\/index.php\/wp-json\/wp\/v2\/categories?post=3463"},{"taxonomy":"post_tag","embeddable":true,"href":"https:\/\/www.grieta.org.mx\/index.php\/wp-json\/wp\/v2\/tags?post=3463"}],"curies":[{"name":"wp","href":"https:\/\/api.w.org\/{rel}","templated":true}]}}