{"id":34566,"date":"2019-05-31T00:21:00","date_gmt":"2019-05-31T05:21:00","guid":{"rendered":"http:\/\/www.grieta.org.mx\/?p=34566"},"modified":"2019-06-11T00:26:42","modified_gmt":"2019-06-11T05:26:42","slug":"rechazan-tren-maya-y-guardia-nacional-en-veracruz-por-zapatistas","status":"publish","type":"post","link":"https:\/\/www.grieta.org.mx\/index.php\/2019\/05\/31\/rechazan-tren-maya-y-guardia-nacional-en-veracruz-por-zapatistas\/","title":{"rendered":"Rechazan Tren Maya y Guardia Nacional en Veracruz por Zapatistas"},"content":{"rendered":"<p><img loading=\"lazy\" decoding=\"async\" data-attachment-id=\"34567\" data-permalink=\"https:\/\/www.grieta.org.mx\/index.php\/2019\/05\/31\/rechazan-tren-maya-y-guardia-nacional-en-veracruz-por-zapatistas\/acusan-militarizacion-de-chiapas-isabel_0_0_1280_797\/\" data-orig-file=\"https:\/\/www.grieta.org.mx\/wp-content\/uploads\/2019\/06\/acusan-militarizacion-de-chiapas-isabel_0_0_1280_797.jpeg\" data-orig-size=\"958,596\" data-comments-opened=\"0\" data-image-meta=\"{&quot;aperture&quot;:&quot;0&quot;,&quot;credit&quot;:&quot;&quot;,&quot;camera&quot;:&quot;&quot;,&quot;caption&quot;:&quot;&quot;,&quot;created_timestamp&quot;:&quot;0&quot;,&quot;copyright&quot;:&quot;&quot;,&quot;focal_length&quot;:&quot;0&quot;,&quot;iso&quot;:&quot;0&quot;,&quot;shutter_speed&quot;:&quot;0&quot;,&quot;title&quot;:&quot;&quot;,&quot;orientation&quot;:&quot;0&quot;}\" data-image-title=\"acusan-militarizacion-de-chiapas-isabel_0_0_1280_797\" data-image-description=\"\" data-image-caption=\"\" data-medium-file=\"https:\/\/www.grieta.org.mx\/wp-content\/uploads\/2019\/06\/acusan-militarizacion-de-chiapas-isabel_0_0_1280_797-300x187.jpeg\" data-large-file=\"https:\/\/www.grieta.org.mx\/wp-content\/uploads\/2019\/06\/acusan-militarizacion-de-chiapas-isabel_0_0_1280_797.jpeg\" class=\"alignleft wp-image-34567\" src=\"http:\/\/www.grieta.org.mx\/wp-content\/uploads\/2019\/06\/acusan-militarizacion-de-chiapas-isabel_0_0_1280_797.jpeg\" alt=\"\" width=\"819\" height=\"510\" srcset=\"https:\/\/www.grieta.org.mx\/wp-content\/uploads\/2019\/06\/acusan-militarizacion-de-chiapas-isabel_0_0_1280_797.jpeg 958w, https:\/\/www.grieta.org.mx\/wp-content\/uploads\/2019\/06\/acusan-militarizacion-de-chiapas-isabel_0_0_1280_797-300x187.jpeg 300w, https:\/\/www.grieta.org.mx\/wp-content\/uploads\/2019\/06\/acusan-militarizacion-de-chiapas-isabel_0_0_1280_797-768x478.jpeg 768w, https:\/\/www.grieta.org.mx\/wp-content\/uploads\/2019\/06\/acusan-militarizacion-de-chiapas-isabel_0_0_1280_797-804x500.jpeg 804w\" sizes=\"auto, (max-width: 819px) 100vw, 819px\" \/><\/p>\n<p>Jerry Castillo \/ El Cambio<\/p>\n<p>Rechazan Tren Maya y Guardia Nacional en Veracruz por Zapatistas \u2013 Simpatizantes del Ej\u00e9rcito Zapatista de Liberaci\u00f3n Nacional se plantaron en el z\u00f3calo de la ciudad de Veracruz para manifestarse contra la construcci\u00f3n del Tren Maya y la implementaci\u00f3n de la Guardia Nacional en todo el pa\u00eds.<\/p>\n<p>Los manifestantes afirmaron tambi\u00e9n pertenecer al Consejo Ind\u00edgena de Gobierno.<\/p>\n<p>Consideraron que no se han detenido las pol\u00edticas de represi\u00f3n y militarizaci\u00f3n desde el gobierno de Felipe Calder\u00f3n.<\/p>\n<p>Uno de los organizadores de la protesta, que solamente se identific\u00f3 como David, afirm\u00f3 que Chiapas vive una militarizaci\u00f3n que deriva en la violencia contra los Derechos Humanos.<\/p>\n<blockquote><p>\nLa presencia militar ha ido incrementando a nivel de tierra, a nivel de sobrevuelos y esto para los zapatistas no es otra se\u00f1al m\u00e1s que hostigamiento\u201d, dijo el manifestante.<\/p><\/blockquote>\n<p>Tambi\u00e9n critic\u00f3 la construcci\u00f3n del Tren Maya, ya que lo consideraron un proyecto innecesario, pero sobre todo agresivo con el medio ambiente.<\/p>\n<blockquote><p>Son consultas que est\u00e1n ama\u00f1adas, se hacen en asambleas donde saben que hay una aprobaci\u00f3n de esto\u201d, agreg\u00f3.<\/p><\/blockquote>\n<p><a href=\"https:\/\/encambioquintanaroo.com\/nacional\/rechazan-tren-maya-y-guardia-nacional-en-veracruz-por-zapatistas\/\">https:\/\/encambioquintanaroo.com\/nacional\/rechazan-tren-maya-y-guardia-nacional-en-veracruz-por-zapatistas\/<\/a><\/p>\n","protected":false},"excerpt":{"rendered":"<p>Jerry Castillo \/ El Cambio Rechazan Tren Maya y Guardia Nacional en Veracruz por Zapatistas \u2013 Simpatizantes del Ej\u00e9rcito Zapatista de Liberaci\u00f3n Nacional se plantaron en el z\u00f3calo de la &hellip; <a href=\"https:\/\/www.grieta.org.mx\/index.php\/2019\/05\/31\/rechazan-tren-maya-y-guardia-nacional-en-veracruz-por-zapatistas\/\" class=\"more-link\">Leer m\u00e1s<\/a><\/p>\n","protected":false},"author":2,"featured_media":34567,"comment_status":"closed","ping_status":"closed","sticky":false,"template":"","format":"standard","meta":{"ngg_post_thumbnail":0,"_jetpack_newsletter_access":"","_jetpack_dont_email_post_to_subs":false,"_jetpack_newsletter_tier_id":0,"_jetpack_memberships_contains_paywalled_content":false,"_jetpack_memberships_contains_paid_content":false,"footnotes":""},"categories":[80,2,2623,35],"tags":[1878],"class_list":["post-34566","post","type-post","status-publish","format-standard","has-post-thumbnail","hentry","category-cintillo","category-noticias-nacionales","category-rechazo-al-tren-maya-en-veracruz","category-veracruz","tag-tren-maya","entry"],"jetpack_featured_media_url":"https:\/\/www.grieta.org.mx\/wp-content\/uploads\/2019\/06\/acusan-militarizacion-de-chiapas-isabel_0_0_1280_797.jpeg","jetpack_sharing_enabled":true,"jetpack_shortlink":"https:\/\/wp.me\/p7ZJR4-8Zw","jetpack_likes_enabled":false,"jetpack-related-posts":[{"id":67872,"url":"https:\/\/www.grieta.org.mx\/index.php\/2023\/10\/06\/tren-maya-sedena-incrementara-seguridad-en-quintana-roo-con-mas-de-3-mil-elementos\/","url_meta":{"origin":34566,"position":0},"title":"Tren Maya: Sedena incrementar\u00e1 seguridad en Quintana Roo con m\u00e1s de 3 mil elementos","author":"grieta","date":"6 octubre, 2023","format":false,"excerpt":"Con la inauguraci\u00f3n del Tren Maya que se dar\u00e1 durante diciembre, el Secretario de la Defensa Nacional de M\u00e9xico Luis Cresencio Sandoval inform\u00f3 que en Quintana Roo se incrementar\u00e1 la seguridad con la presencia de la Guardia Nacional, pues habr\u00e1 tres nuevas bases a\u00e9reas. De acuerdo con los datos del\u2026","rel":"","context":"En &quot;CINTILLO&quot;","block_context":{"text":"CINTILLO","link":"https:\/\/www.grieta.org.mx\/index.php\/category\/cintillo\/"},"img":{"alt_text":"","src":"https:\/\/i0.wp.com\/www.grieta.org.mx\/wp-content\/uploads\/2023\/10\/TrenMalla-e1696860496274.jpg?resize=350%2C200&ssl=1","width":350,"height":200,"srcset":"https:\/\/i0.wp.com\/www.grieta.org.mx\/wp-content\/uploads\/2023\/10\/TrenMalla-e1696860496274.jpg?resize=350%2C200&ssl=1 1x, https:\/\/i0.wp.com\/www.grieta.org.mx\/wp-content\/uploads\/2023\/10\/TrenMalla-e1696860496274.jpg?resize=525%2C300&ssl=1 1.5x, https:\/\/i0.wp.com\/www.grieta.org.mx\/wp-content\/uploads\/2023\/10\/TrenMalla-e1696860496274.jpg?resize=700%2C400&ssl=1 2x"},"classes":[]},{"id":53706,"url":"https:\/\/www.grieta.org.mx\/index.php\/2020\/09\/20\/protestan-indigenas-por-ataques-contra-zapatistas-y-pueblos-originarios-veracruz\/","url_meta":{"origin":34566,"position":1},"title":"Protestan ind\u00edgenas por ataques contra zapatistas y pueblos originarios (Veracruz)","author":"Admin","date":"20 septiembre, 2020","format":false,"excerpt":"Noreli Morlaes \/ Al Calor Pol\u00edtico - Tambi\u00e9n reclamaron por el despojo de tierras por empresas transnacionales - Megaproyectos del Estado afectan al territorio y a la vida humana: CNI - Gobiernos simulan mesas de paz, pero j\u00f3venes siguen siendo asesinados: Oscar Espino Integrantes del Congreso Nacional Ind\u00edgena se plantaron\u2026","rel":"","context":"En &quot;CINTILLO&quot;","block_context":{"text":"CINTILLO","link":"https:\/\/www.grieta.org.mx\/index.php\/category\/cintillo\/"},"img":{"alt_text":"","src":"https:\/\/i0.wp.com\/www.grieta.org.mx\/wp-content\/uploads\/2020\/09\/120159manifestacion_1_4.jpg?resize=350%2C200&ssl=1","width":350,"height":200,"srcset":"https:\/\/i0.wp.com\/www.grieta.org.mx\/wp-content\/uploads\/2020\/09\/120159manifestacion_1_4.jpg?resize=350%2C200&ssl=1 1x, https:\/\/i0.wp.com\/www.grieta.org.mx\/wp-content\/uploads\/2020\/09\/120159manifestacion_1_4.jpg?resize=525%2C300&ssl=1 1.5x"},"classes":[]},{"id":32095,"url":"https:\/\/www.grieta.org.mx\/index.php\/2019\/04\/10\/ven-entrega-de-funciones-a-guardia-nacional-para-imponer-tren-maya\/","url_meta":{"origin":34566,"position":2},"title":"Ven entrega de funciones a Guardia Nacional para imponer Tren Maya","author":"grieta","date":"10 abril, 2019","format":false,"excerpt":"Freddy Mart\u00ednez P\u00e9rez \/ El Universal La entrega de funciones a la Guardia Nacional ser\u00e1 para \u201cimponer\u201d el Tren Maya, proyecto que los pueblos mayas \u201cno dejaremos pasar\u201d, advirtieron integrantes del Congreso Nacional Ind\u00edgena (CNI) y Consejo Ind\u00edgena de Gobierno (CIG), al marchar por la calles de esta localidad, en\u2026","rel":"","context":"En &quot;CINTILLO&quot;","block_context":{"text":"CINTILLO","link":"https:\/\/www.grieta.org.mx\/index.php\/category\/cintillo\/"},"img":{"alt_text":"","src":"https:\/\/i0.wp.com\/www.grieta.org.mx\/wp-content\/uploads\/2019\/04\/cni.jpg?resize=350%2C200&ssl=1","width":350,"height":200,"srcset":"https:\/\/i0.wp.com\/www.grieta.org.mx\/wp-content\/uploads\/2019\/04\/cni.jpg?resize=350%2C200&ssl=1 1x, https:\/\/i0.wp.com\/www.grieta.org.mx\/wp-content\/uploads\/2019\/04\/cni.jpg?resize=525%2C300&ssl=1 1.5x"},"classes":[]},{"id":66097,"url":"https:\/\/www.grieta.org.mx\/index.php\/2023\/01\/17\/el-tren-maya-requerira-6-mil-500-guardias-militares\/","url_meta":{"origin":34566,"position":3},"title":"El Tren Maya requerir\u00e1 6 mil 500 guardias militares","author":"grieta","date":"17 enero, 2023","format":false,"excerpt":"Revista Proceso Ciudad de M\u00e9xico (AP) \u2014 Los costos ambientales y financieros del planeado Tren Maya en M\u00e9xico ya son colosales, pero las autoridades revelaron el martes 17 otro costo inesperado del proyecto impulsado por el presidente Andr\u00e9s Manuel L\u00f3pez Obrador. La Secretar\u00eda de la Defensa Nacional (Sedena) revel\u00f3 que\u2026","rel":"","context":"En &quot;Campeche&quot;","block_context":{"text":"Campeche","link":"https:\/\/www.grieta.org.mx\/index.php\/category\/noticias-nacionales\/campeche\/"},"img":{"alt_text":"","src":"https:\/\/i0.wp.com\/www.grieta.org.mx\/wp-content\/uploads\/2023\/01\/TrenMallaMilitarizacion-e1674339121228.jpg?resize=350%2C200&ssl=1","width":350,"height":200,"srcset":"https:\/\/i0.wp.com\/www.grieta.org.mx\/wp-content\/uploads\/2023\/01\/TrenMallaMilitarizacion-e1674339121228.jpg?resize=350%2C200&ssl=1 1x, https:\/\/i0.wp.com\/www.grieta.org.mx\/wp-content\/uploads\/2023\/01\/TrenMallaMilitarizacion-e1674339121228.jpg?resize=525%2C300&ssl=1 1.5x, https:\/\/i0.wp.com\/www.grieta.org.mx\/wp-content\/uploads\/2023\/01\/TrenMallaMilitarizacion-e1674339121228.jpg?resize=700%2C400&ssl=1 2x"},"classes":[]},{"id":41978,"url":"https:\/\/www.grieta.org.mx\/index.php\/2019\/12\/08\/rechazan-consulta-de-tren-maya\/","url_meta":{"origin":34566,"position":4},"title":"Rechazan consulta de Tren Maya","author":"grieta","date":"8 diciembre, 2019","format":false,"excerpt":"El Siglo de Torre\u00f3n Al considerar que incumple el Convenio 169 sobre Pueblos Ind\u00edgenas y Tribales Organizaciones ind\u00edgenas, civiles y acad\u00e9micos en la Pen\u00ednsula de Yucat\u00e1n, se pronunciaron en contra del megaproyecto del Tren Maya y expresaron su rechazo a la pretendida Consulta Ind\u00edgena organizada por el Gobierno mexicano, al\u2026","rel":"","context":"En &quot;16. Pueblo Maya&quot;","block_context":{"text":"16. Pueblo Maya","link":"https:\/\/www.grieta.org.mx\/index.php\/category\/espejos-de-la-resistencia\/16-pueblo-maya\/"},"img":{"alt_text":"","src":"https:\/\/i0.wp.com\/www.grieta.org.mx\/wp-content\/uploads\/2019\/12\/RechazanTrenMaya-e1575900335223.png?resize=350%2C200&ssl=1","width":350,"height":200,"srcset":"https:\/\/i0.wp.com\/www.grieta.org.mx\/wp-content\/uploads\/2019\/12\/RechazanTrenMaya-e1575900335223.png?resize=350%2C200&ssl=1 1x, https:\/\/i0.wp.com\/www.grieta.org.mx\/wp-content\/uploads\/2019\/12\/RechazanTrenMaya-e1575900335223.png?resize=525%2C300&ssl=1 1.5x, https:\/\/i0.wp.com\/www.grieta.org.mx\/wp-content\/uploads\/2019\/12\/RechazanTrenMaya-e1575900335223.png?resize=700%2C400&ssl=1 2x"},"classes":[]},{"id":67075,"url":"https:\/\/www.grieta.org.mx\/index.php\/2023\/06\/04\/enrejan-obras-del-tramo-5-del-tren-maya\/","url_meta":{"origin":34566,"position":5},"title":"Enrejan obras del Tramo 5 del Tren Maya","author":"grieta","date":"4 junio, 2023","format":false,"excerpt":"Arturo Miranda\/Quadrat\u00edn Quintana Roo CANC\u00daN, QRoo, 4 de junio de 2023.- Se prohibi\u00f3 en definitiva el acceso al Tramo Cinco sur del Tren Maya mediante la colocaci\u00f3n de una reja met\u00e1lica, la cual impide transitar hacia los puntos en los que se ha denunciado el relleno de cuevas como la\u2026","rel":"","context":"En &quot;CINTILLO&quot;","block_context":{"text":"CINTILLO","link":"https:\/\/www.grieta.org.mx\/index.php\/category\/cintillo\/"},"img":{"alt_text":"","src":"https:\/\/i0.wp.com\/www.grieta.org.mx\/wp-content\/uploads\/2023\/06\/tramo5-e1687546162147.jpg?resize=350%2C200&ssl=1","width":350,"height":200,"srcset":"https:\/\/i0.wp.com\/www.grieta.org.mx\/wp-content\/uploads\/2023\/06\/tramo5-e1687546162147.jpg?resize=350%2C200&ssl=1 1x, https:\/\/i0.wp.com\/www.grieta.org.mx\/wp-content\/uploads\/2023\/06\/tramo5-e1687546162147.jpg?resize=525%2C300&ssl=1 1.5x, https:\/\/i0.wp.com\/www.grieta.org.mx\/wp-content\/uploads\/2023\/06\/tramo5-e1687546162147.jpg?resize=700%2C400&ssl=1 2x"},"classes":[]}],"_links":{"self":[{"href":"https:\/\/www.grieta.org.mx\/index.php\/wp-json\/wp\/v2\/posts\/34566","targetHints":{"allow":["GET"]}}],"collection":[{"href":"https:\/\/www.grieta.org.mx\/index.php\/wp-json\/wp\/v2\/posts"}],"about":[{"href":"https:\/\/www.grieta.org.mx\/index.php\/wp-json\/wp\/v2\/types\/post"}],"author":[{"embeddable":true,"href":"https:\/\/www.grieta.org.mx\/index.php\/wp-json\/wp\/v2\/users\/2"}],"replies":[{"embeddable":true,"href":"https:\/\/www.grieta.org.mx\/index.php\/wp-json\/wp\/v2\/comments?post=34566"}],"version-history":[{"count":1,"href":"https:\/\/www.grieta.org.mx\/index.php\/wp-json\/wp\/v2\/posts\/34566\/revisions"}],"predecessor-version":[{"id":34568,"href":"https:\/\/www.grieta.org.mx\/index.php\/wp-json\/wp\/v2\/posts\/34566\/revisions\/34568"}],"wp:featuredmedia":[{"embeddable":true,"href":"https:\/\/www.grieta.org.mx\/index.php\/wp-json\/wp\/v2\/media\/34567"}],"wp:attachment":[{"href":"https:\/\/www.grieta.org.mx\/index.php\/wp-json\/wp\/v2\/media?parent=34566"}],"wp:term":[{"taxonomy":"category","embeddable":true,"href":"https:\/\/www.grieta.org.mx\/index.php\/wp-json\/wp\/v2\/categories?post=34566"},{"taxonomy":"post_tag","embeddable":true,"href":"https:\/\/www.grieta.org.mx\/index.php\/wp-json\/wp\/v2\/tags?post=34566"}],"curies":[{"name":"wp","href":"https:\/\/api.w.org\/{rel}","templated":true}]}}