{"id":34557,"date":"2019-06-09T00:04:28","date_gmt":"2019-06-09T05:04:28","guid":{"rendered":"http:\/\/www.grieta.org.mx\/?p=34557"},"modified":"2019-06-11T00:11:30","modified_gmt":"2019-06-11T05:11:30","slug":"migrantes-hacen-de-puentes-peatonales-sus-refugios-tabasco","status":"publish","type":"post","link":"https:\/\/www.grieta.org.mx\/index.php\/2019\/06\/09\/migrantes-hacen-de-puentes-peatonales-sus-refugios-tabasco\/","title":{"rendered":"Migrantes hacen de puentes peatonales sus refugios (Tabasco)"},"content":{"rendered":"<figure id=\"attachment_34558\" aria-describedby=\"caption-attachment-34558\" style=\"width: 768px\" class=\"wp-caption alignleft\"><img loading=\"lazy\" decoding=\"async\" data-attachment-id=\"34558\" data-permalink=\"https:\/\/www.grieta.org.mx\/index.php\/2019\/06\/09\/migrantes-hacen-de-puentes-peatonales-sus-refugios-tabasco\/indigentes-jch72\/\" data-orig-file=\"https:\/\/www.grieta.org.mx\/wp-content\/uploads\/2019\/06\/INDIGENTES-JCH72.jpg\" data-orig-size=\"768,479\" data-comments-opened=\"0\" data-image-meta=\"{&quot;aperture&quot;:&quot;0&quot;,&quot;credit&quot;:&quot;&quot;,&quot;camera&quot;:&quot;&quot;,&quot;caption&quot;:&quot;&quot;,&quot;created_timestamp&quot;:&quot;0&quot;,&quot;copyright&quot;:&quot;&quot;,&quot;focal_length&quot;:&quot;0&quot;,&quot;iso&quot;:&quot;0&quot;,&quot;shutter_speed&quot;:&quot;0&quot;,&quot;title&quot;:&quot;&quot;,&quot;orientation&quot;:&quot;0&quot;}\" data-image-title=\"INDIGENTES-JCH72\" data-image-description=\"\" data-image-caption=\"&lt;p&gt;Foto: Javier Ch\u00e1vez \/ El Heraldo de Tabasco&lt;\/p&gt;\n\" data-medium-file=\"https:\/\/www.grieta.org.mx\/wp-content\/uploads\/2019\/06\/INDIGENTES-JCH72-300x187.jpg\" data-large-file=\"https:\/\/www.grieta.org.mx\/wp-content\/uploads\/2019\/06\/INDIGENTES-JCH72.jpg\" src=\"http:\/\/www.grieta.org.mx\/wp-content\/uploads\/2019\/06\/INDIGENTES-JCH72.jpg\" alt=\"\" width=\"768\" height=\"479\" class=\"size-full wp-image-34558\" srcset=\"https:\/\/www.grieta.org.mx\/wp-content\/uploads\/2019\/06\/INDIGENTES-JCH72.jpg 768w, https:\/\/www.grieta.org.mx\/wp-content\/uploads\/2019\/06\/INDIGENTES-JCH72-300x187.jpg 300w\" sizes=\"auto, (max-width: 768px) 100vw, 768px\" \/><figcaption id=\"caption-attachment-34558\" class=\"wp-caption-text\">Foto: Javier Ch\u00e1vez \/ El Heraldo de Tabasco<\/figcaption><\/figure>\n<p>Raquel May Ol\u00e1n  \/ El Heraldo de Tabasco<\/p>\n<p>Manadas de migrantes e indigentes han tomado como refugio los edificios abandonados y puentes peatonales de la avenida \u2018Adolfo Ruiz Cortines\u2019, propiciando un panorama devastador a lo largo de dicha arteria, que es la m\u00e1s transitada de todo Villahermosa.<\/p>\n<p>Y es que ante la falta de un techo, los mencionados se instalan paulatinamente en diferentes puntos de esta avenida, principalmente en el tramo que comprende la colonia Atasta de Serra catalogado como la zona roja de la capital villahermosina.<\/p>\n<p>Personas discapacitadas, de la tercera edad, ni\u00f1os y adultos, son lo que pernoctan bajo los puentes a las orillas de las banquetas, mientras que otro grupo m\u00e1s se acomod\u00f3 en un edificio abandonado con localizaci\u00f3n en Ruiz Cortines casi esquina con Paseo Usumacinta.<\/p>\n<p>El lente de este medio de comunicaci\u00f3n pudo captar el momento en el que los indigentes y migrantes se conjuntan para preparar comida en un fog\u00f3n improvisado. En tanto, de acuerdo a los ciudadanos durante las ma\u00f1anas algunos se llegan a ba\u00f1ar en plena v\u00eda p\u00fablica.<\/p>\n<p><img loading=\"lazy\" decoding=\"async\" data-attachment-id=\"34559\" data-permalink=\"https:\/\/www.grieta.org.mx\/index.php\/2019\/06\/09\/migrantes-hacen-de-puentes-peatonales-sus-refugios-tabasco\/casa-de-indigentes-jch80\/\" data-orig-file=\"https:\/\/www.grieta.org.mx\/wp-content\/uploads\/2019\/06\/CASA-DE-INDIGENTES-JCH80.jpg\" data-orig-size=\"720,481\" data-comments-opened=\"0\" data-image-meta=\"{&quot;aperture&quot;:&quot;0&quot;,&quot;credit&quot;:&quot;&quot;,&quot;camera&quot;:&quot;&quot;,&quot;caption&quot;:&quot;&quot;,&quot;created_timestamp&quot;:&quot;0&quot;,&quot;copyright&quot;:&quot;&quot;,&quot;focal_length&quot;:&quot;0&quot;,&quot;iso&quot;:&quot;0&quot;,&quot;shutter_speed&quot;:&quot;0&quot;,&quot;title&quot;:&quot;&quot;,&quot;orientation&quot;:&quot;0&quot;}\" data-image-title=\"CASA-DE-INDIGENTES-JCH80\" data-image-description=\"\" data-image-caption=\"\" data-medium-file=\"https:\/\/www.grieta.org.mx\/wp-content\/uploads\/2019\/06\/CASA-DE-INDIGENTES-JCH80-300x200.jpg\" data-large-file=\"https:\/\/www.grieta.org.mx\/wp-content\/uploads\/2019\/06\/CASA-DE-INDIGENTES-JCH80.jpg\" src=\"http:\/\/www.grieta.org.mx\/wp-content\/uploads\/2019\/06\/CASA-DE-INDIGENTES-JCH80.jpg\" alt=\"\" width=\"720\" height=\"481\" class=\"alignleft size-full wp-image-34559\" srcset=\"https:\/\/www.grieta.org.mx\/wp-content\/uploads\/2019\/06\/CASA-DE-INDIGENTES-JCH80.jpg 720w, https:\/\/www.grieta.org.mx\/wp-content\/uploads\/2019\/06\/CASA-DE-INDIGENTES-JCH80-300x200.jpg 300w\" sizes=\"auto, (max-width: 720px) 100vw, 720px\" \/><\/p>\n<p>Todo lo anterior, genera preocupaci\u00f3n por parte de la ciudadan\u00eda, quienes expusieron que la presencia de estas personas incrementa el peligro en este punto de la capital, pues muchos de ellos se dedican a delinquir.<\/p>\n<p>\u201cDe por si aqu\u00ed siempre ha sido peligroso, pues con mayor raz\u00f3n ahora m\u00e1s, porque muchas de estas personas son las mismas que roban en los sem\u00e1foros, porque de algo tienen que vivir, y se ponen a robar, entonces esta parte de Ruiz Cortines de por si es peligrosa, y ahora m\u00e1s\u201d, indic\u00f3 la se\u00f1ora Carmita Gonz\u00e1lez Alcudia, residente de la colonia Atasta de Serra.<\/p>\n<p>Anex\u00f3 que por el d\u00eda se la pasan sentados refugi\u00e1ndose del sol y preparando algunos alimentos, mientras que por las tarde-noche piden monedas en los cruceros, al tiempo que ingieren bebidas embriagantes hasta altas horas de la noche.<\/p>\n<p>&#8220;En la ma\u00f1ana se quedan sentados, preparan comida y est\u00e1n ah\u00ed, pero en las tardes que ya baj\u00f3 el sol salen a pedir monedas y con lo que sacan compran alcohol, luego se quedan bebiendo ah\u00ed hasta la madrugada&#8221;<\/p>\n<p>Sin embargo, este estilo de vida es el \u00fanico al que pueden aspirar moment\u00e1neamente, indic\u00f3 Alberto \u2018N\u2019, quien de manera extraoficial coment\u00f3 a este matutino que sali\u00f3 de Honduras con su hermano hace seis meses, y aunque logr\u00f3 llegar hasta Tabasco, no ha podido avanzar hasta la frontera con los Estados Unidos, y debe vivir de las monedas que le dan en las calles.<\/p>\n<p>Finalmente, comparti\u00f3 que no le hacen da\u00f1o a nadie a como todo el mundo piensa, pues \u00fanicamente piden monedas y se refugian en los mencionados espacios, sin afectar a terceros.<\/p>\n<p><a href=\"https:\/\/www.elheraldodetabasco.com.mx\/local\/migrantes-hacen-de-puentes-peatonales-sus-refugios-3740351.html\">https:\/\/www.elheraldodetabasco.com.mx\/local\/migrantes-hacen-de-puentes-peatonales-sus-refugios-3740351.html<\/a><\/p>\n","protected":false},"excerpt":{"rendered":"<p>Raquel May Ol\u00e1n \/ El Heraldo de Tabasco Manadas de migrantes e indigentes han tomado como refugio los edificios abandonados y puentes peatonales de la avenida \u2018Adolfo Ruiz Cortines\u2019, propiciando &hellip; <a href=\"https:\/\/www.grieta.org.mx\/index.php\/2019\/06\/09\/migrantes-hacen-de-puentes-peatonales-sus-refugios-tabasco\/\" class=\"more-link\">Leer m\u00e1s<\/a><\/p>\n","protected":false},"author":2,"featured_media":34558,"comment_status":"closed","ping_status":"closed","sticky":false,"template":"","format":"standard","meta":{"ngg_post_thumbnail":0,"_jetpack_newsletter_access":"","_jetpack_dont_email_post_to_subs":false,"_jetpack_newsletter_tier_id":0,"_jetpack_memberships_contains_paywalled_content":false,"_jetpack_memberships_contains_paid_content":false,"footnotes":""},"categories":[80,86,2,2542,2622,32,83],"tags":[1194,1370],"class_list":["post-34557","post","type-post","status-publish","format-standard","has-post-thumbnail","hentry","category-cintillo","category-migrantes","category-noticias-nacionales","category-persecucion-y-criminalizacion-de-migrantes-en-tabasco","category-poblaciones-migrantes-en-tabasco","category-tabasco","category-temas-nacionales","tag-criminalizacion-de-migrantes","tag-ninos-migrantes","entry"],"jetpack_featured_media_url":"https:\/\/www.grieta.org.mx\/wp-content\/uploads\/2019\/06\/INDIGENTES-JCH72.jpg","jetpack_sharing_enabled":true,"jetpack_shortlink":"https:\/\/wp.me\/p7ZJR4-8Zn","jetpack_likes_enabled":false,"jetpack-related-posts":[{"id":53560,"url":"https:\/\/www.grieta.org.mx\/index.php\/2020\/08\/13\/denuncian-abusos-del-inm-contra-migrantes-en-tabasco\/","url_meta":{"origin":34557,"position":0},"title":"Denuncian abusos del INM contra migrantes en Tabasco","author":"grieta","date":"13 agosto, 2020","format":false,"excerpt":"Nora Bucio \/ MVS Esta organizaci\u00f3n manifest\u00f3 su repudio contra la violencia, la criminalizaci\u00f3n y atropello perpetrado por las autoridades contra las personas migrantes. El Equipo de la 72, hogar refugio para personas migrantes, denunci\u00f3 que el Instituto Nacional de Migraci\u00f3n (INM), ingres\u00f3 de manera violenta a un \u00e1rea de\u2026","rel":"","context":"En &quot;CINTILLO&quot;","block_context":{"text":"CINTILLO","link":"https:\/\/www.grieta.org.mx\/index.php\/category\/cintillo\/"},"img":{"alt_text":"","src":"https:\/\/i0.wp.com\/www.grieta.org.mx\/wp-content\/uploads\/2020\/09\/60d21f8a-inm.jpg?resize=350%2C200&ssl=1","width":350,"height":200},"classes":[]},{"id":50657,"url":"https:\/\/www.grieta.org.mx\/index.php\/2020\/05\/17\/centroamericanos-desprotegidos-ante-el-covid-19-en-villahermosa-tabasco\/","url_meta":{"origin":34557,"position":1},"title":"Centroamericanos desprotegidos ante el Covid-19 en Villahermosa, Tabasco","author":"grieta","date":"17 mayo, 2020","format":false,"excerpt":"Jes\u00fas Manuel Dom\u00ednguez \/ El Heraldo de Tabasco Migrantes de distintas nacionales, en su mayor\u00eda de Centroam\u00e9rica, siguen deambulando por los cruceros de Villahermosa pidiendo dinero a los automovilistas sin tomar las medidas preventivas para evitar el contagio de COVID-19. Se les puede ver en grupos o en familia en\u2026","rel":"","context":"En &quot;CINTILLO&quot;","block_context":{"text":"CINTILLO","link":"https:\/\/www.grieta.org.mx\/index.php\/category\/cintillo\/"},"img":{"alt_text":"","src":"https:\/\/i0.wp.com\/www.grieta.org.mx\/wp-content\/uploads\/2020\/06\/MIGRANTES-CARLOS-PEREZ-3.jpeg?resize=350%2C200&ssl=1","width":350,"height":200,"srcset":"https:\/\/i0.wp.com\/www.grieta.org.mx\/wp-content\/uploads\/2020\/06\/MIGRANTES-CARLOS-PEREZ-3.jpeg?resize=350%2C200&ssl=1 1x, https:\/\/i0.wp.com\/www.grieta.org.mx\/wp-content\/uploads\/2020\/06\/MIGRANTES-CARLOS-PEREZ-3.jpeg?resize=525%2C300&ssl=1 1.5x, https:\/\/i0.wp.com\/www.grieta.org.mx\/wp-content\/uploads\/2020\/06\/MIGRANTES-CARLOS-PEREZ-3.jpeg?resize=700%2C400&ssl=1 2x"},"classes":[]},{"id":56843,"url":"https:\/\/www.grieta.org.mx\/index.php\/2021\/02\/04\/ataque-a-migrantes-en-tabasco-deja-un-muerto-y-dos-heridos-inm-estaria-implicado\/","url_meta":{"origin":34557,"position":2},"title":"Ataque a migrantes en Tabasco deja un muerto y dos heridos; INM estar\u00eda implicado","author":"grieta","date":"4 febrero, 2021","format":false,"excerpt":"Las v\u00edctimas del ataque dijeron que los disparos en su contra provinieron de un veh\u00edculo con logos del Instituto Nacional de Migraci\u00f3n Redacci\u00f3n \/ Conexi\u00f3n Migrante Un muerto y dos heridos fue el saldo del ataque que presuntos elementos del Instituto Nacional de Migraci\u00f3n (INM) realizaron contra una camioneta en\u2026","rel":"","context":"En &quot;CINTILLO&quot;","block_context":{"text":"CINTILLO","link":"https:\/\/www.grieta.org.mx\/index.php\/category\/cintillo\/"},"img":{"alt_text":"","src":"https:\/\/i0.wp.com\/www.grieta.org.mx\/wp-content\/uploads\/2021\/02\/Ataque-a-migrantes-en-Tabasco-deja-un-muerto-y-dos-heridos-Movimiento-Migrante-Mesoamericano.jpg?resize=350%2C200&ssl=1","width":350,"height":200,"srcset":"https:\/\/i0.wp.com\/www.grieta.org.mx\/wp-content\/uploads\/2021\/02\/Ataque-a-migrantes-en-Tabasco-deja-un-muerto-y-dos-heridos-Movimiento-Migrante-Mesoamericano.jpg?resize=350%2C200&ssl=1 1x, https:\/\/i0.wp.com\/www.grieta.org.mx\/wp-content\/uploads\/2021\/02\/Ataque-a-migrantes-en-Tabasco-deja-un-muerto-y-dos-heridos-Movimiento-Migrante-Mesoamericano.jpg?resize=525%2C300&ssl=1 1.5x, https:\/\/i0.wp.com\/www.grieta.org.mx\/wp-content\/uploads\/2021\/02\/Ataque-a-migrantes-en-Tabasco-deja-un-muerto-y-dos-heridos-Movimiento-Migrante-Mesoamericano.jpg?resize=700%2C400&ssl=1 2x, https:\/\/i0.wp.com\/www.grieta.org.mx\/wp-content\/uploads\/2021\/02\/Ataque-a-migrantes-en-Tabasco-deja-un-muerto-y-dos-heridos-Movimiento-Migrante-Mesoamericano.jpg?resize=1050%2C600&ssl=1 3x"},"classes":[]},{"id":37163,"url":"https:\/\/www.grieta.org.mx\/index.php\/2019\/07\/29\/dos-salvadorenos-estan-desaparecidos-en-tabasco-mexico\/","url_meta":{"origin":34557,"position":3},"title":"Dos Salvadore\u00f1os est\u00e1n desaparecidos en Tabasco Mexico","author":"grieta","date":"29 julio, 2019","format":false,"excerpt":"Redacci\u00f3n DiariolibreSV Dos salvadore\u00f1os que viajaban hacia Estados Unidos han desaparecido. Los compatriotas desaparecieron de la vista de sus familiares una vez que entraron a M\u00e9xico en el municipio de Tenosique, Tabasco, as\u00ed lo alert\u00f3 un familiar a instituciones defensoras de migrantes. Los dos salvadore\u00f1os desaparecidos son: Carlos Antonio Morales\u2026","rel":"","context":"En &quot;CINTILLO&quot;","block_context":{"text":"CINTILLO","link":"https:\/\/www.grieta.org.mx\/index.php\/category\/cintillo\/"},"img":{"alt_text":"","src":"https:\/\/i0.wp.com\/www.grieta.org.mx\/wp-content\/uploads\/2019\/07\/migrantes-1.jpg?resize=350%2C200&ssl=1","width":350,"height":200,"srcset":"https:\/\/i0.wp.com\/www.grieta.org.mx\/wp-content\/uploads\/2019\/07\/migrantes-1.jpg?resize=350%2C200&ssl=1 1x, https:\/\/i0.wp.com\/www.grieta.org.mx\/wp-content\/uploads\/2019\/07\/migrantes-1.jpg?resize=525%2C300&ssl=1 1.5x"},"classes":[]},{"id":47272,"url":"https:\/\/www.grieta.org.mx\/index.php\/2020\/03\/30\/motin-de-migrantes-tabasco\/","url_meta":{"origin":34557,"position":4},"title":"Mot\u00edn de migrantes (Tabasco)","author":"Admin","date":"30 marzo, 2020","format":false,"excerpt":"H\u00e9ctor Andr\u00e9s Trinidad \/ El Heraldo de Tabasco En protesta por falta de alimentaci\u00f3n, m\u00e1s de 350 centroamericanos que el Instituto Nacional de Migraci\u00f3n (INM) mantiene hacinados y en condiciones pr\u00e1cticamente en el olvido, en sus instalaciones enclavadas en la zona Industrial de la colonia Indeco, estos determinaron amotinarse y\u2026","rel":"","context":"En &quot;Abuso de fuerzas represivas en Tabasco&quot;","block_context":{"text":"Abuso de fuerzas represivas en Tabasco","link":"https:\/\/www.grieta.org.mx\/index.php\/category\/noticias-nacionales\/tabasco\/abuso-de-fuerzas-represivas-en-tabasco\/"},"img":{"alt_text":"","src":"https:\/\/i0.wp.com\/www.grieta.org.mx\/wp-content\/uploads\/2020\/04\/Screenshot_2020-04-06-Mot%C3%ADn-de-migrantes.png?resize=350%2C200&ssl=1","width":350,"height":200,"srcset":"https:\/\/i0.wp.com\/www.grieta.org.mx\/wp-content\/uploads\/2020\/04\/Screenshot_2020-04-06-Mot%C3%ADn-de-migrantes.png?resize=350%2C200&ssl=1 1x, https:\/\/i0.wp.com\/www.grieta.org.mx\/wp-content\/uploads\/2020\/04\/Screenshot_2020-04-06-Mot%C3%ADn-de-migrantes.png?resize=525%2C300&ssl=1 1.5x, https:\/\/i0.wp.com\/www.grieta.org.mx\/wp-content\/uploads\/2020\/04\/Screenshot_2020-04-06-Mot%C3%ADn-de-migrantes.png?resize=700%2C400&ssl=1 2x"},"classes":[]},{"id":62148,"url":"https:\/\/www.grieta.org.mx\/index.php\/2021\/09\/25\/mas-31-mil-migrantes-fueron-detenidos-en-tabasco\/","url_meta":{"origin":34557,"position":5},"title":"M\u00e1s 31 mil migrantes fueron detenidos en Tabasco","author":"grieta","date":"25 septiembre, 2021","format":false,"excerpt":"Nicasio Arias | El Heraldo de Tabasco De acuerdo a los datos de la Unidad de Pol\u00edtica Migratoria de la Secretar\u00eda de Gobernaci\u00f3n, en Tabasco, durante 2019 y 2020, un total de 31 mil 335 migrantes fueron detenidos por la autoridad Del 2019 a julio del 2021, un total de\u2026","rel":"","context":"En &quot;CINTILLO&quot;","block_context":{"text":"CINTILLO","link":"https:\/\/www.grieta.org.mx\/index.php\/category\/cintillo\/"},"img":{"alt_text":"","src":"https:\/\/i0.wp.com\/www.grieta.org.mx\/wp-content\/uploads\/2021\/10\/migrantes.jpeg?resize=350%2C200&ssl=1","width":350,"height":200,"srcset":"https:\/\/i0.wp.com\/www.grieta.org.mx\/wp-content\/uploads\/2021\/10\/migrantes.jpeg?resize=350%2C200&ssl=1 1x, https:\/\/i0.wp.com\/www.grieta.org.mx\/wp-content\/uploads\/2021\/10\/migrantes.jpeg?resize=525%2C300&ssl=1 1.5x, https:\/\/i0.wp.com\/www.grieta.org.mx\/wp-content\/uploads\/2021\/10\/migrantes.jpeg?resize=700%2C400&ssl=1 2x"},"classes":[]}],"_links":{"self":[{"href":"https:\/\/www.grieta.org.mx\/index.php\/wp-json\/wp\/v2\/posts\/34557","targetHints":{"allow":["GET"]}}],"collection":[{"href":"https:\/\/www.grieta.org.mx\/index.php\/wp-json\/wp\/v2\/posts"}],"about":[{"href":"https:\/\/www.grieta.org.mx\/index.php\/wp-json\/wp\/v2\/types\/post"}],"author":[{"embeddable":true,"href":"https:\/\/www.grieta.org.mx\/index.php\/wp-json\/wp\/v2\/users\/2"}],"replies":[{"embeddable":true,"href":"https:\/\/www.grieta.org.mx\/index.php\/wp-json\/wp\/v2\/comments?post=34557"}],"version-history":[{"count":1,"href":"https:\/\/www.grieta.org.mx\/index.php\/wp-json\/wp\/v2\/posts\/34557\/revisions"}],"predecessor-version":[{"id":34561,"href":"https:\/\/www.grieta.org.mx\/index.php\/wp-json\/wp\/v2\/posts\/34557\/revisions\/34561"}],"wp:featuredmedia":[{"embeddable":true,"href":"https:\/\/www.grieta.org.mx\/index.php\/wp-json\/wp\/v2\/media\/34558"}],"wp:attachment":[{"href":"https:\/\/www.grieta.org.mx\/index.php\/wp-json\/wp\/v2\/media?parent=34557"}],"wp:term":[{"taxonomy":"category","embeddable":true,"href":"https:\/\/www.grieta.org.mx\/index.php\/wp-json\/wp\/v2\/categories?post=34557"},{"taxonomy":"post_tag","embeddable":true,"href":"https:\/\/www.grieta.org.mx\/index.php\/wp-json\/wp\/v2\/tags?post=34557"}],"curies":[{"name":"wp","href":"https:\/\/api.w.org\/{rel}","templated":true}]}}